{"id":40,"date":"2011-02-01T11:57:33","date_gmt":"2011-02-01T11:57:33","guid":{"rendered":"http:\/\/www.norn.is\/einar\/?p=40"},"modified":"2017-09-24T11:05:42","modified_gmt":"2017-09-24T11:05:42","slug":"burkur-skidamenn-og-skammdegi","status":"publish","type":"post","link":"https:\/\/www.norn.is\/einar\/2011\/02\/01\/burkur-skidamenn-og-skammdegi\/","title":{"rendered":"B\u00farkur, sk\u00ed\u00f0amenn og skammdegi"},"content":{"rendered":"<p>B\u00e6\u00f0i Ingibj\u00f6rg S\u00f4lr\u00fan G\u00edslad\u00f3ttir og \u00deorger\u00f0ur Katr\u00edn Gunnarsd\u00f3ttir vilja banna konum a\u00f0 kl\u00e6\u00f0ast b\u00farkum \u00e1 \u00cdslandi.\u00a0 \u00deorger\u00f0ur vir\u00f0ist telja a\u00f0 sl\u00edkt bann s\u00e9 \u00ed lagi af \u00fev\u00ed a\u00f0 b\u00farkur falli ekki a\u00f0 \u00edslenskri menningu, sj\u00e1\u00a0<a href=\"http:\/\/www.smugan.is\/frettir\/frettir\/2010\/11\/nr\/4535\">h\u00e9r<\/a>. Ingibj\u00f6rg er svol\u00edti\u00f0 almennari, og talar um bann vi\u00f0 a\u00f0 f\u00f3lk hylji andlit sitt, af \u00fev\u00ed a\u00f0 \u201evi\u00f0 \u00feurfum l\u00edka a\u00f0 sj\u00e1 framan \u00ed f\u00f3lk \u00e1 opinberum fundum en ekki b\u00faa vi\u00f0 \u00fea\u00f0 a\u00f0 hluti fundarmanna s\u00e9 me\u00f0 andlitsgr\u00edmur sbr. fund \u00ed I\u00f0n\u00f3\u201c eins og fram kemur\u00a0<a href=\"http:\/\/visir.is\/ingibjorg-solrun-vill-bann-vid-thvi-ad-hylja-andlitid-a-almannafaeri\/article\/2011114812184\">h\u00e9r<\/a>.<!--more--><\/p>\n<p>\u00dea\u00f0 er (vonandi) \u00fatiloka\u00f0 a\u00f0 setja l\u00f6g sem banna f\u00f3lki a\u00f0 kl\u00e6\u00f0ast tiltekinni tegund af f\u00f6tum, \u00fe\u00f3tt hins vegar v\u00e6ri h\u00e6gt a\u00f0 banna kl\u00e6\u00f0na\u00f0 sem hylur andlit f\u00f3lks, enda eru sl\u00edk \u00e1kv\u00e6\u00f0i \u00feegar \u00ed l\u00f6gum, nefnilega getur l\u00f6gregla banna\u00f0 sl\u00edkt \u201eef til \u00f3spekta horfir \u00e1 opinberum samkomum.\u201c<\/p>\n<p>Vandam\u00e1li\u00f0 vi\u00f0 l\u00f6g af \u00feessu tagi er a\u00f0 ef f\u00f3lki er banna\u00f0 a\u00f0 hylja andlit sitt \u00e1 opinberum st\u00f6\u00f0um \u00fe\u00e1 ver\u00f0ur sl\u00edkt bann a\u00f0 vera almennt, svo ekki s\u00e9 um a\u00f0 r\u00e6\u00f0a \u00f3e\u00f0lilega mismunun \u00e1 grundvelli sko\u00f0ana e\u00f0a tr\u00faarbrag\u00f0a.\u00a0 \u00dev\u00ed hlyti a\u00f0 vera banna\u00f0 a\u00f0 hylja andlit sitt eins og f\u00f3lk gerir gjarnan \u00e1 sk\u00ed\u00f0um e\u00f0a \u00ed annarri \u00fativist \u00ed k\u00f6ldu ve\u00f0ri.\u00a0 \u00dea\u00f0 \u00feyrfti \u00fe\u00e1 l\u00edka a\u00f0 banna f\u00f3lki a\u00f0 hylja andlit sitt a\u00f0 mestu leyti \u00e1 g\u00f6tum \u00fati eins og margir gera \u00feegar napurt er \u00ed \u00fev\u00ed skammdegismyrkri sem gerir enn erfi\u00f0ara a\u00f0 greina andlit f\u00f3lks.<\/p>\n<p>Engum dettur \u00ed hug a\u00f0 banna f\u00f3lki a\u00f0 hylja andlit sitt \u00e1 almannaf\u00e6ri til a\u00f0 verjast kulda.\u00a0 \u00deess vegna er ekki st\u00e6tt \u00e1 \u00fev\u00ed a\u00f0 banna b\u00farkunotkun, \u00fev\u00ed \u00fea\u00f0 samr\u00e6mist ekki hugmyndum um frelsi og mannr\u00e9ttindi a\u00f0 mismuna f\u00f3lki eftir tr\u00faarbr\u00f6g\u00f0um e\u00f0a \u00f6\u00f0rum sko\u00f0unum.<\/p>\n<p>\u00de\u00f3tt okkur finnist m\u00f6rgum b\u00farkur jafn \u00f3skemmtilegur kl\u00e6\u00f0na\u00f0ur og \u00feeim st\u00f6llum \u00deorger\u00f0i og Ingibj\u00f6rgu, ekki s\u00edst vegna \u00feeirra vi\u00f0horfa til kvenna sem \u00fe\u00e6r eru oftast tj\u00e1ning \u00e1, \u00fe\u00e1 eru sem betur fer miklu f\u00e6rri sem vilja l\u00f6gfesta \u00fe\u00e1 k\u00fagun sem\u00a0 \u00deorger\u00f0ur og Ingibj\u00f6rg tala fyrir.\u00a0 Sko\u00f0anir \u00deorger\u00f0ar \u00e1 \u00fev\u00ed hva\u00f0 s\u00e9 passandi fyrir \u00edslenska menningu og kvenfrelsishugmyndir eru ekki r\u00e9tth\u00e6rri hugmyndum annarra, og ef Ingibj\u00f6rgu finnst vont a\u00f0 vera \u00e1 fundum \u00fear sem sumir fundargestir kj\u00f3sa a\u00f0 hylja andlit sitt, \u00fe\u00e1 er til einf\u00f6ld lausn \u00e1 \u00fev\u00ed. H\u00fan getur seti\u00f0 heima.<\/p>\n","protected":false},"excerpt":{"rendered":"<p>B\u00e6\u00f0i Ingibj\u00f6rg S\u00f4lr\u00fan G\u00edslad\u00f3ttir og \u00deorger\u00f0ur Katr\u00edn Gunnarsd\u00f3ttir vilja banna konum a\u00f0 kl\u00e6\u00f0ast b\u00farkum \u00e1 \u00cdslandi.\u00a0 \u00deorger\u00f0ur vir\u00f0ist telja a\u00f0 sl\u00edkt bann s\u00e9 \u00ed lagi af \u00fev\u00ed a\u00f0 b\u00farkur falli ekki a\u00f0 \u00edslenskri menningu, sj\u00e1\u00a0h\u00e9r. Ingibj\u00f6rg er svol\u00edti\u00f0 almennari, og &hellip; <a href=\"https:\/\/www.norn.is\/einar\/2011\/02\/01\/burkur-skidamenn-og-skammdegi\/\">Halda \u00e1fram a\u00f0 lesa <span class=\"meta-nav\">&rarr;<\/span><\/a><\/p>\n","protected":false},"author":10,"featured_media":0,"comment_status":"open","ping_status":"open","sticky":false,"template":"","format":"standard","meta":{"footnotes":""},"categories":[1,26],"tags":[30,27,29,28],"class_list":["post-40","post","type-post","status-publish","format-standard","hentry","category-oflokkad","category-mannrettindi","tag-burkur","tag-ingibjorg-solrun-gisladottir","tag-klaedaburdur","tag-thorgerdur-katrin-gunnarsdottir"],"yoast_head":"<!-- This site is optimized with the Yoast SEO plugin v27.5 - https:\/\/yoast.com\/product\/yoast-seo-wordpress\/ -->\n<title>B\u00farkur, sk\u00ed\u00f0amenn og skammdegi - Einar<\/title>\n<meta name=\"robots\" content=\"index, follow, max-snippet:-1, max-image-preview:large, max-video-preview:-1\" \/>\n<link rel=\"canonical\" href=\"https:\/\/www.norn.is\/einar\/2011\/02\/01\/burkur-skidamenn-og-skammdegi\/\" \/>\n<meta property=\"og:locale\" content=\"is_IS\" \/>\n<meta property=\"og:type\" content=\"article\" \/>\n<meta property=\"og:title\" content=\"B\u00farkur, sk\u00ed\u00f0amenn og skammdegi - Einar\" \/>\n<meta property=\"og:description\" content=\"B\u00e6\u00f0i Ingibj\u00f6rg S\u00f4lr\u00fan G\u00edslad\u00f3ttir og \u00deorger\u00f0ur Katr\u00edn Gunnarsd\u00f3ttir vilja banna konum a\u00f0 kl\u00e6\u00f0ast b\u00farkum \u00e1 \u00cdslandi.\u00a0 \u00deorger\u00f0ur vir\u00f0ist telja a\u00f0 sl\u00edkt bann s\u00e9 \u00ed lagi af \u00fev\u00ed a\u00f0 b\u00farkur falli ekki a\u00f0 \u00edslenskri menningu, sj\u00e1\u00a0h\u00e9r. Ingibj\u00f6rg er svol\u00edti\u00f0 almennari, og &hellip; Halda \u00e1fram a\u00f0 lesa &rarr;\" \/>\n<meta property=\"og:url\" content=\"https:\/\/www.norn.is\/einar\/2011\/02\/01\/burkur-skidamenn-og-skammdegi\/\" \/>\n<meta property=\"og:site_name\" content=\"Einar\" \/>\n<meta property=\"article:published_time\" content=\"2011-02-01T11:57:33+00:00\" \/>\n<meta property=\"article:modified_time\" content=\"2017-09-24T11:05:42+00:00\" \/>\n<meta name=\"author\" content=\"einar\" \/>\n<meta name=\"twitter:card\" content=\"summary_large_image\" \/>\n<meta name=\"twitter:label1\" content=\"Written by\" \/>\n\t<meta name=\"twitter:data1\" content=\"\" \/>\n\t<meta name=\"twitter:label2\" content=\"Est. reading time\" \/>\n\t<meta name=\"twitter:data2\" content=\"2 minutes\" \/>\n<script type=\"application\/ld+json\" class=\"yoast-schema-graph\">{\"@context\":\"https:\\\/\\\/schema.org\",\"@graph\":[{\"@type\":\"Article\",\"@id\":\"https:\\\/\\\/www.norn.is\\\/einar\\\/2011\\\/02\\\/01\\\/burkur-skidamenn-og-skammdegi\\\/#article\",\"isPartOf\":{\"@id\":\"https:\\\/\\\/www.norn.is\\\/einar\\\/2011\\\/02\\\/01\\\/burkur-skidamenn-og-skammdegi\\\/\"},\"author\":{\"name\":\"einar\",\"@id\":\"https:\\\/\\\/www.norn.is\\\/einar\\\/#\\\/schema\\\/person\\\/19affadb841a22f7bfd4bdcd72a862d0\"},\"headline\":\"B\u00farkur, sk\u00ed\u00f0amenn og skammdegi\",\"datePublished\":\"2011-02-01T11:57:33+00:00\",\"dateModified\":\"2017-09-24T11:05:42+00:00\",\"mainEntityOfPage\":{\"@id\":\"https:\\\/\\\/www.norn.is\\\/einar\\\/2011\\\/02\\\/01\\\/burkur-skidamenn-og-skammdegi\\\/\"},\"wordCount\":438,\"commentCount\":0,\"keywords\":[\"B\u00farkur\",\"Ingibj\u00f6rg S\u00f4lr\u00fan G\u00edslad\u00f3ttir\",\"Kl\u00e6\u00f0abur\u00f0ur\",\"\u00deorger\u00f0ur Katr\u00edn Gunnarsd\u00f3ttir\"],\"articleSection\":[\"Allt efni\",\"Mannr\u00e9ttindi\"],\"inLanguage\":\"is\",\"potentialAction\":[{\"@type\":\"CommentAction\",\"name\":\"Comment\",\"target\":[\"https:\\\/\\\/www.norn.is\\\/einar\\\/2011\\\/02\\\/01\\\/burkur-skidamenn-og-skammdegi\\\/#respond\"]}]},{\"@type\":\"WebPage\",\"@id\":\"https:\\\/\\\/www.norn.is\\\/einar\\\/2011\\\/02\\\/01\\\/burkur-skidamenn-og-skammdegi\\\/\",\"url\":\"https:\\\/\\\/www.norn.is\\\/einar\\\/2011\\\/02\\\/01\\\/burkur-skidamenn-og-skammdegi\\\/\",\"name\":\"B\u00farkur, sk\u00ed\u00f0amenn og skammdegi - Einar\",\"isPartOf\":{\"@id\":\"https:\\\/\\\/www.norn.is\\\/einar\\\/#website\"},\"datePublished\":\"2011-02-01T11:57:33+00:00\",\"dateModified\":\"2017-09-24T11:05:42+00:00\",\"author\":{\"@id\":\"https:\\\/\\\/www.norn.is\\\/einar\\\/#\\\/schema\\\/person\\\/19affadb841a22f7bfd4bdcd72a862d0\"},\"breadcrumb\":{\"@id\":\"https:\\\/\\\/www.norn.is\\\/einar\\\/2011\\\/02\\\/01\\\/burkur-skidamenn-og-skammdegi\\\/#breadcrumb\"},\"inLanguage\":\"is\",\"potentialAction\":[{\"@type\":\"ReadAction\",\"target\":[\"https:\\\/\\\/www.norn.is\\\/einar\\\/2011\\\/02\\\/01\\\/burkur-skidamenn-og-skammdegi\\\/\"]}]},{\"@type\":\"BreadcrumbList\",\"@id\":\"https:\\\/\\\/www.norn.is\\\/einar\\\/2011\\\/02\\\/01\\\/burkur-skidamenn-og-skammdegi\\\/#breadcrumb\",\"itemListElement\":[{\"@type\":\"ListItem\",\"position\":1,\"name\":\"Home\",\"item\":\"https:\\\/\\\/www.norn.is\\\/einar\\\/\"},{\"@type\":\"ListItem\",\"position\":2,\"name\":\"B\u00farkur, sk\u00ed\u00f0amenn og skammdegi\"}]},{\"@type\":\"WebSite\",\"@id\":\"https:\\\/\\\/www.norn.is\\\/einar\\\/#website\",\"url\":\"https:\\\/\\\/www.norn.is\\\/einar\\\/\",\"name\":\"Einar\",\"description\":\"Pistlar Einars Steingr\u00edmssonar\",\"potentialAction\":[{\"@type\":\"SearchAction\",\"target\":{\"@type\":\"EntryPoint\",\"urlTemplate\":\"https:\\\/\\\/www.norn.is\\\/einar\\\/?s={search_term_string}\"},\"query-input\":{\"@type\":\"PropertyValueSpecification\",\"valueRequired\":true,\"valueName\":\"search_term_string\"}}],\"inLanguage\":\"is\"},{\"@type\":\"Person\",\"@id\":\"https:\\\/\\\/www.norn.is\\\/einar\\\/#\\\/schema\\\/person\\\/19affadb841a22f7bfd4bdcd72a862d0\",\"name\":\"einar\",\"image\":{\"@type\":\"ImageObject\",\"inLanguage\":\"is\",\"@id\":\"https:\\\/\\\/secure.gravatar.com\\\/avatar\\\/6f5f5592f3cc45e338376db24f1672c636582d9c27d855e8f077f13ef13b17fd?s=96&d=mm&r=g\",\"url\":\"https:\\\/\\\/secure.gravatar.com\\\/avatar\\\/6f5f5592f3cc45e338376db24f1672c636582d9c27d855e8f077f13ef13b17fd?s=96&d=mm&r=g\",\"contentUrl\":\"https:\\\/\\\/secure.gravatar.com\\\/avatar\\\/6f5f5592f3cc45e338376db24f1672c636582d9c27d855e8f077f13ef13b17fd?s=96&d=mm&r=g\",\"caption\":\"einar\"},\"url\":\"https:\\\/\\\/www.norn.is\\\/einar\\\/author\\\/einarsteingrimsson\\\/\"}]}<\/script>\n<!-- \/ Yoast SEO plugin. -->","yoast_head_json":{"title":"B\u00farkur, sk\u00ed\u00f0amenn og skammdegi - Einar","robots":{"index":"index","follow":"follow","max-snippet":"max-snippet:-1","max-image-preview":"max-image-preview:large","max-video-preview":"max-video-preview:-1"},"canonical":"https:\/\/www.norn.is\/einar\/2011\/02\/01\/burkur-skidamenn-og-skammdegi\/","og_locale":"is_IS","og_type":"article","og_title":"B\u00farkur, sk\u00ed\u00f0amenn og skammdegi - Einar","og_description":"B\u00e6\u00f0i Ingibj\u00f6rg S\u00f4lr\u00fan G\u00edslad\u00f3ttir og \u00deorger\u00f0ur Katr\u00edn Gunnarsd\u00f3ttir vilja banna konum a\u00f0 kl\u00e6\u00f0ast b\u00farkum \u00e1 \u00cdslandi.\u00a0 \u00deorger\u00f0ur vir\u00f0ist telja a\u00f0 sl\u00edkt bann s\u00e9 \u00ed lagi af \u00fev\u00ed a\u00f0 b\u00farkur falli ekki a\u00f0 \u00edslenskri menningu, sj\u00e1\u00a0h\u00e9r. Ingibj\u00f6rg er svol\u00edti\u00f0 almennari, og &hellip; Halda \u00e1fram a\u00f0 lesa &rarr;","og_url":"https:\/\/www.norn.is\/einar\/2011\/02\/01\/burkur-skidamenn-og-skammdegi\/","og_site_name":"Einar","article_published_time":"2011-02-01T11:57:33+00:00","article_modified_time":"2017-09-24T11:05:42+00:00","author":"einar","twitter_card":"summary_large_image","twitter_misc":{"Written by":false,"Est. reading time":"2 minutes"},"schema":{"@context":"https:\/\/schema.org","@graph":[{"@type":"Article","@id":"https:\/\/www.norn.is\/einar\/2011\/02\/01\/burkur-skidamenn-og-skammdegi\/#article","isPartOf":{"@id":"https:\/\/www.norn.is\/einar\/2011\/02\/01\/burkur-skidamenn-og-skammdegi\/"},"author":{"name":"einar","@id":"https:\/\/www.norn.is\/einar\/#\/schema\/person\/19affadb841a22f7bfd4bdcd72a862d0"},"headline":"B\u00farkur, sk\u00ed\u00f0amenn og skammdegi","datePublished":"2011-02-01T11:57:33+00:00","dateModified":"2017-09-24T11:05:42+00:00","mainEntityOfPage":{"@id":"https:\/\/www.norn.is\/einar\/2011\/02\/01\/burkur-skidamenn-og-skammdegi\/"},"wordCount":438,"commentCount":0,"keywords":["B\u00farkur","Ingibj\u00f6rg S\u00f4lr\u00fan G\u00edslad\u00f3ttir","Kl\u00e6\u00f0abur\u00f0ur","\u00deorger\u00f0ur Katr\u00edn Gunnarsd\u00f3ttir"],"articleSection":["Allt efni","Mannr\u00e9ttindi"],"inLanguage":"is","potentialAction":[{"@type":"CommentAction","name":"Comment","target":["https:\/\/www.norn.is\/einar\/2011\/02\/01\/burkur-skidamenn-og-skammdegi\/#respond"]}]},{"@type":"WebPage","@id":"https:\/\/www.norn.is\/einar\/2011\/02\/01\/burkur-skidamenn-og-skammdegi\/","url":"https:\/\/www.norn.is\/einar\/2011\/02\/01\/burkur-skidamenn-og-skammdegi\/","name":"B\u00farkur, sk\u00ed\u00f0amenn og skammdegi - Einar","isPartOf":{"@id":"https:\/\/www.norn.is\/einar\/#website"},"datePublished":"2011-02-01T11:57:33+00:00","dateModified":"2017-09-24T11:05:42+00:00","author":{"@id":"https:\/\/www.norn.is\/einar\/#\/schema\/person\/19affadb841a22f7bfd4bdcd72a862d0"},"breadcrumb":{"@id":"https:\/\/www.norn.is\/einar\/2011\/02\/01\/burkur-skidamenn-og-skammdegi\/#breadcrumb"},"inLanguage":"is","potentialAction":[{"@type":"ReadAction","target":["https:\/\/www.norn.is\/einar\/2011\/02\/01\/burkur-skidamenn-og-skammdegi\/"]}]},{"@type":"BreadcrumbList","@id":"https:\/\/www.norn.is\/einar\/2011\/02\/01\/burkur-skidamenn-og-skammdegi\/#breadcrumb","itemListElement":[{"@type":"ListItem","position":1,"name":"Home","item":"https:\/\/www.norn.is\/einar\/"},{"@type":"ListItem","position":2,"name":"B\u00farkur, sk\u00ed\u00f0amenn og skammdegi"}]},{"@type":"WebSite","@id":"https:\/\/www.norn.is\/einar\/#website","url":"https:\/\/www.norn.is\/einar\/","name":"Einar","description":"Pistlar Einars Steingr\u00edmssonar","potentialAction":[{"@type":"SearchAction","target":{"@type":"EntryPoint","urlTemplate":"https:\/\/www.norn.is\/einar\/?s={search_term_string}"},"query-input":{"@type":"PropertyValueSpecification","valueRequired":true,"valueName":"search_term_string"}}],"inLanguage":"is"},{"@type":"Person","@id":"https:\/\/www.norn.is\/einar\/#\/schema\/person\/19affadb841a22f7bfd4bdcd72a862d0","name":"einar","image":{"@type":"ImageObject","inLanguage":"is","@id":"https:\/\/secure.gravatar.com\/avatar\/6f5f5592f3cc45e338376db24f1672c636582d9c27d855e8f077f13ef13b17fd?s=96&d=mm&r=g","url":"https:\/\/secure.gravatar.com\/avatar\/6f5f5592f3cc45e338376db24f1672c636582d9c27d855e8f077f13ef13b17fd?s=96&d=mm&r=g","contentUrl":"https:\/\/secure.gravatar.com\/avatar\/6f5f5592f3cc45e338376db24f1672c636582d9c27d855e8f077f13ef13b17fd?s=96&d=mm&r=g","caption":"einar"},"url":"https:\/\/www.norn.is\/einar\/author\/einarsteingrimsson\/"}]}},"_links":{"self":[{"href":"https:\/\/www.norn.is\/einar\/wp-json\/wp\/v2\/posts\/40","targetHints":{"allow":["GET"]}}],"collection":[{"href":"https:\/\/www.norn.is\/einar\/wp-json\/wp\/v2\/posts"}],"about":[{"href":"https:\/\/www.norn.is\/einar\/wp-json\/wp\/v2\/types\/post"}],"author":[{"embeddable":true,"href":"https:\/\/www.norn.is\/einar\/wp-json\/wp\/v2\/users\/10"}],"replies":[{"embeddable":true,"href":"https:\/\/www.norn.is\/einar\/wp-json\/wp\/v2\/comments?post=40"}],"version-history":[{"count":1,"href":"https:\/\/www.norn.is\/einar\/wp-json\/wp\/v2\/posts\/40\/revisions"}],"predecessor-version":[{"id":41,"href":"https:\/\/www.norn.is\/einar\/wp-json\/wp\/v2\/posts\/40\/revisions\/41"}],"wp:attachment":[{"href":"https:\/\/www.norn.is\/einar\/wp-json\/wp\/v2\/media?parent=40"}],"wp:term":[{"taxonomy":"category","embeddable":true,"href":"https:\/\/www.norn.is\/einar\/wp-json\/wp\/v2\/categories?post=40"},{"taxonomy":"post_tag","embeddable":true,"href":"https:\/\/www.norn.is\/einar\/wp-json\/wp\/v2\/tags?post=40"}],"curies":[{"name":"wp","href":"https:\/\/api.w.org\/{rel}","templated":true}]}}