{"id":392,"date":"2013-03-13T08:05:18","date_gmt":"2013-03-13T08:05:18","guid":{"rendered":"http:\/\/www.norn.is\/einar\/?p=392"},"modified":"2017-09-24T11:03:27","modified_gmt":"2017-09-24T11:03:27","slug":"osmekkleg-orvaenting-arna-pals","status":"publish","type":"post","link":"https:\/\/www.norn.is\/einar\/2013\/03\/13\/osmekkleg-orvaenting-arna-pals\/","title":{"rendered":"\u00d3smekkleg \u00f6rv\u00e6nting \u00c1rna P\u00e1ls"},"content":{"rendered":"<p>\u00cd g\u00e6rkv\u00f6ldi birti \u00c1rni P\u00e1ll \u00c1rnason, forma\u00f0ur Samfylkingarinnar, eftirfarandi \u00e1\u00a0<a href=\"https:\/\/www.facebook.com\/ArniPallxs\/posts\/341895179245760\">Facebook-s\u00ed\u00f0u sinni<\/a>:<\/p>\n<blockquote><p>Stj\u00f3rnarskr\u00e1rm\u00e1li\u00f0 s\u00fdnir eitt afar sk\u00fdrt: Samfylkingin er alv\u00f6ru jafna\u00f0armannaflokkur.<!--more--><\/p>\n<p>Vi\u00f0 st\u00f6ndum fyrir skynsamlegar og f\u00e6rar lei\u00f0ir \u00ed \u00feessu m\u00e1li r\u00e9tt eins og \u00f6llum \u00f6\u00f0rum. Og eins \u00e1 \u00f6llum t\u00edmum er vi\u00f0 a\u00f0 eiga sameina\u00f0 afturhald: \u00de\u00e1 sem engu vilja breyta og \u00faltramennina sem berjast af h\u00f6rku gegn \u00e1fangasigrum til a\u00f0 geta upplifa\u00f0 fr\u00f3un yfir eigin hetjudau\u00f0a \u00feegar m\u00e1li\u00f0 siglir \u00ed strand en k\u00e6ra sig koll\u00f3tta yfir \u00fev\u00ed hvort yfir h\u00f6fu\u00f0 muni ver\u00f0a m\u00f6gulegt a\u00f0 vinna m\u00e1lefninu fylgi \u00e1 s\u00ed\u00f0ari stigum.<\/p>\n<p>&nbsp;<\/p>\n<p>\u00deetta er saga jafna\u00f0armanna \u00e1 \u00f6llum t\u00edmum \u2013 og svikabrigslin eru eins og l\u00f3ukvak \u00e1 vori: Sta\u00f0festa a\u00f0 vi\u00f0 erum \u00e1 r\u00e9ttri lei\u00f0!<\/p><\/blockquote>\n<div>\n<p>\u00dea\u00f0 er eiginlega \u00f3\u00fearfi a\u00f0 hafa m\u00f6rg or\u00f0 um \u00feetta; \u00c1rni segir h\u00e9r allt sem segja \u00fearf um lei\u00f0togah\u00e6fileika s\u00edna og afst\u00f6\u00f0u s\u00edna til \u00feeirra sem vilja (eins og meirihluti almennings) f\u00e1 n\u00fdja stj\u00f3rnarskr\u00e1 sam\u00feykkta \u00e1 \u00feessu \u00feingi, \u00fear \u00e1 me\u00f0al afst\u00f6\u00f0u s\u00edna til sumra \u00feeirra sem tilheyra \u00feingflokki Samfylkingarinnar.<\/p>\n<p>\u00dea\u00f0 er athyglisvert a\u00f0 sj\u00e1 umm\u00e6lin vi\u00f0 \u00feessa yfirl\u00fdsingu \u00c1rna \u00e1\u00a0<a href=\"https:\/\/www.facebook.com\/ArniPallxs\/posts\/341895179245760\">Facebook-s\u00ed\u00f0u hans<\/a>; \u00feau eru n\u00e1nast \u00f6ll \u00e1 eina lund, og b\u00e6\u00f0i mj\u00f6g gagnr\u00fdnin og yfirleitt m\u00e1lefnaleg. \u00a0Hvorki \u00c1rni n\u00e9 stu\u00f0ninsmenn hans reyna a\u00f0 svara gagnr\u00fdninni. \u00a0Hitt er ekki s\u00ed\u00f0ur sl\u00e1andi, a\u00f0 \u00c1rni P\u00e1ll hefur ekki, frekar en a\u00f0rir \u00e1 sama m\u00e1li, \u00fatsk\u00fdrt hvernig hann s\u00e9r fyrir s\u00e9r a\u00f0 fari\u00f0 ver\u00f0i a\u00f0 \u00fev\u00ed a\u00f0 \u201evinna m\u00e1lefninu fylgi \u00e1 s\u00ed\u00f0ari stigum\u201c.<\/p>\n<p>Af hverju hefur \u00c1rni P\u00e1ll aldrei \u00feurft a\u00f0 \u00fatsk\u00fdra af hverju hann haldi a\u00f0 fjandmenn n\u00fdrrar stj\u00f3rnarskr\u00e1r ver\u00f0i me\u00f0f\u00e6rilegri \u00e1 n\u00e6sta \u00feingi en \u00feessu? \u00a0Er ekki auglj\u00f3st a\u00f0 Sj\u00e1lfst\u00e6\u00f0is- og Frams\u00f3knarmenn ver\u00f0a varla \u00ed veikari st\u00f6\u00f0u \u00e1 n\u00e6sta \u00feingi en \u00feeir eru n\u00fana, og a\u00f0 engri hugsandi (og hei\u00f0arlegri) manneskju dettur \u00ed hug a\u00f0 \u00feeir muni \u00fe\u00e1 h\u00e6tta a\u00f0 hatast vi\u00f0 \u00fe\u00e6r breytingar sem frumvarpi\u00f0 gerir r\u00e1\u00f0 fyrir?<\/p>\n<p>\u00c1rni P\u00e1ll vir\u00f0ist sta\u00f0r\u00e1\u00f0inn \u00ed a\u00f0 l\u00e1ta \u00fea\u00f0 ver\u00f0a sitt fyrsta verk sem formanns Samfylkingarinnar a\u00f0 drepa stj\u00f3rnarskr\u00e1rm\u00e1li\u00f0. \u00a0Ekki n\u00f3g me\u00f0 \u00fea\u00f0; hann reynir a\u00f0 kenna \u00f6\u00f0rum um, f\u00f3lki sem hann fer um ni\u00f0randi or\u00f0um, sem auglj\u00f3slega eiga einnig vi\u00f0 f\u00f3lk \u00ed hans eigin \u00feingflokki sem hefur barist einar\u00f0lega fyrir \u00fev\u00ed a\u00f0 r\u00f3a m\u00e1linu \u00ed h\u00f6fn. \u00a0Spurningin er hvort formennska \u00c1rna P\u00e1ls \u00ed Samfylkingunni, og Samfylkingin sem anna\u00f0 en sm\u00e1flokkur, muni lifa \u00fea\u00f0 str\u00ed\u00f0 af.<\/p>\n<\/div>\n","protected":false},"excerpt":{"rendered":"<p>\u00cd g\u00e6rkv\u00f6ldi birti \u00c1rni P\u00e1ll \u00c1rnason, forma\u00f0ur Samfylkingarinnar, eftirfarandi \u00e1\u00a0Facebook-s\u00ed\u00f0u sinni: Stj\u00f3rnarskr\u00e1rm\u00e1li\u00f0 s\u00fdnir eitt afar sk\u00fdrt: Samfylkingin er alv\u00f6ru jafna\u00f0armannaflokkur.<\/p>\n","protected":false},"author":10,"featured_media":0,"comment_status":"open","ping_status":"open","sticky":false,"template":"","format":"standard","meta":{"footnotes":""},"categories":[1,43],"tags":[293,270],"class_list":["post-392","post","type-post","status-publish","format-standard","hentry","category-oflokkad","category-lydraedismal-og-stjornarskra","tag-arni-pall-arnason","tag-stjornarskra"],"yoast_head":"<!-- This site is optimized with the Yoast SEO plugin v27.5 - https:\/\/yoast.com\/product\/yoast-seo-wordpress\/ -->\n<title>\u00d3smekkleg \u00f6rv\u00e6nting \u00c1rna P\u00e1ls - Einar<\/title>\n<meta name=\"robots\" content=\"index, follow, max-snippet:-1, max-image-preview:large, max-video-preview:-1\" \/>\n<link rel=\"canonical\" href=\"https:\/\/www.norn.is\/einar\/2013\/03\/13\/osmekkleg-orvaenting-arna-pals\/\" \/>\n<meta property=\"og:locale\" content=\"is_IS\" \/>\n<meta property=\"og:type\" content=\"article\" \/>\n<meta property=\"og:title\" content=\"\u00d3smekkleg \u00f6rv\u00e6nting \u00c1rna P\u00e1ls - Einar\" \/>\n<meta property=\"og:description\" content=\"\u00cd g\u00e6rkv\u00f6ldi birti \u00c1rni P\u00e1ll \u00c1rnason, forma\u00f0ur Samfylkingarinnar, eftirfarandi \u00e1\u00a0Facebook-s\u00ed\u00f0u sinni: Stj\u00f3rnarskr\u00e1rm\u00e1li\u00f0 s\u00fdnir eitt afar sk\u00fdrt: Samfylkingin er alv\u00f6ru jafna\u00f0armannaflokkur.\" \/>\n<meta property=\"og:url\" content=\"https:\/\/www.norn.is\/einar\/2013\/03\/13\/osmekkleg-orvaenting-arna-pals\/\" \/>\n<meta property=\"og:site_name\" content=\"Einar\" \/>\n<meta property=\"article:published_time\" content=\"2013-03-13T08:05:18+00:00\" \/>\n<meta property=\"article:modified_time\" content=\"2017-09-24T11:03:27+00:00\" \/>\n<meta name=\"author\" content=\"einar\" \/>\n<meta name=\"twitter:card\" content=\"summary_large_image\" \/>\n<meta name=\"twitter:label1\" content=\"Written by\" \/>\n\t<meta name=\"twitter:data1\" content=\"\" \/>\n\t<meta name=\"twitter:label2\" content=\"Est. reading time\" \/>\n\t<meta name=\"twitter:data2\" content=\"2 minutes\" \/>\n<script type=\"application\/ld+json\" class=\"yoast-schema-graph\">{\"@context\":\"https:\\\/\\\/schema.org\",\"@graph\":[{\"@type\":\"Article\",\"@id\":\"https:\\\/\\\/www.norn.is\\\/einar\\\/2013\\\/03\\\/13\\\/osmekkleg-orvaenting-arna-pals\\\/#article\",\"isPartOf\":{\"@id\":\"https:\\\/\\\/www.norn.is\\\/einar\\\/2013\\\/03\\\/13\\\/osmekkleg-orvaenting-arna-pals\\\/\"},\"author\":{\"name\":\"einar\",\"@id\":\"https:\\\/\\\/www.norn.is\\\/einar\\\/#\\\/schema\\\/person\\\/19affadb841a22f7bfd4bdcd72a862d0\"},\"headline\":\"\u00d3smekkleg \u00f6rv\u00e6nting \u00c1rna P\u00e1ls\",\"datePublished\":\"2013-03-13T08:05:18+00:00\",\"dateModified\":\"2017-09-24T11:03:27+00:00\",\"mainEntityOfPage\":{\"@id\":\"https:\\\/\\\/www.norn.is\\\/einar\\\/2013\\\/03\\\/13\\\/osmekkleg-orvaenting-arna-pals\\\/\"},\"wordCount\":467,\"commentCount\":0,\"keywords\":[\"\u00c1rni P\u00e1ll \u00c1rnason\",\"Stj\u00f3rnarskr\u00e1\"],\"articleSection\":[\"Allt efni\",\"L\u00fd\u00f0r\u00e6\u00f0ism\u00e1l og stj\u00f3rnarskr\u00e1\"],\"inLanguage\":\"is\",\"potentialAction\":[{\"@type\":\"CommentAction\",\"name\":\"Comment\",\"target\":[\"https:\\\/\\\/www.norn.is\\\/einar\\\/2013\\\/03\\\/13\\\/osmekkleg-orvaenting-arna-pals\\\/#respond\"]}]},{\"@type\":\"WebPage\",\"@id\":\"https:\\\/\\\/www.norn.is\\\/einar\\\/2013\\\/03\\\/13\\\/osmekkleg-orvaenting-arna-pals\\\/\",\"url\":\"https:\\\/\\\/www.norn.is\\\/einar\\\/2013\\\/03\\\/13\\\/osmekkleg-orvaenting-arna-pals\\\/\",\"name\":\"\u00d3smekkleg \u00f6rv\u00e6nting \u00c1rna P\u00e1ls - Einar\",\"isPartOf\":{\"@id\":\"https:\\\/\\\/www.norn.is\\\/einar\\\/#website\"},\"datePublished\":\"2013-03-13T08:05:18+00:00\",\"dateModified\":\"2017-09-24T11:03:27+00:00\",\"author\":{\"@id\":\"https:\\\/\\\/www.norn.is\\\/einar\\\/#\\\/schema\\\/person\\\/19affadb841a22f7bfd4bdcd72a862d0\"},\"breadcrumb\":{\"@id\":\"https:\\\/\\\/www.norn.is\\\/einar\\\/2013\\\/03\\\/13\\\/osmekkleg-orvaenting-arna-pals\\\/#breadcrumb\"},\"inLanguage\":\"is\",\"potentialAction\":[{\"@type\":\"ReadAction\",\"target\":[\"https:\\\/\\\/www.norn.is\\\/einar\\\/2013\\\/03\\\/13\\\/osmekkleg-orvaenting-arna-pals\\\/\"]}]},{\"@type\":\"BreadcrumbList\",\"@id\":\"https:\\\/\\\/www.norn.is\\\/einar\\\/2013\\\/03\\\/13\\\/osmekkleg-orvaenting-arna-pals\\\/#breadcrumb\",\"itemListElement\":[{\"@type\":\"ListItem\",\"position\":1,\"name\":\"Home\",\"item\":\"https:\\\/\\\/www.norn.is\\\/einar\\\/\"},{\"@type\":\"ListItem\",\"position\":2,\"name\":\"\u00d3smekkleg \u00f6rv\u00e6nting \u00c1rna P\u00e1ls\"}]},{\"@type\":\"WebSite\",\"@id\":\"https:\\\/\\\/www.norn.is\\\/einar\\\/#website\",\"url\":\"https:\\\/\\\/www.norn.is\\\/einar\\\/\",\"name\":\"Einar\",\"description\":\"Pistlar Einars Steingr\u00edmssonar\",\"potentialAction\":[{\"@type\":\"SearchAction\",\"target\":{\"@type\":\"EntryPoint\",\"urlTemplate\":\"https:\\\/\\\/www.norn.is\\\/einar\\\/?s={search_term_string}\"},\"query-input\":{\"@type\":\"PropertyValueSpecification\",\"valueRequired\":true,\"valueName\":\"search_term_string\"}}],\"inLanguage\":\"is\"},{\"@type\":\"Person\",\"@id\":\"https:\\\/\\\/www.norn.is\\\/einar\\\/#\\\/schema\\\/person\\\/19affadb841a22f7bfd4bdcd72a862d0\",\"name\":\"einar\",\"image\":{\"@type\":\"ImageObject\",\"inLanguage\":\"is\",\"@id\":\"https:\\\/\\\/secure.gravatar.com\\\/avatar\\\/6f5f5592f3cc45e338376db24f1672c636582d9c27d855e8f077f13ef13b17fd?s=96&d=mm&r=g\",\"url\":\"https:\\\/\\\/secure.gravatar.com\\\/avatar\\\/6f5f5592f3cc45e338376db24f1672c636582d9c27d855e8f077f13ef13b17fd?s=96&d=mm&r=g\",\"contentUrl\":\"https:\\\/\\\/secure.gravatar.com\\\/avatar\\\/6f5f5592f3cc45e338376db24f1672c636582d9c27d855e8f077f13ef13b17fd?s=96&d=mm&r=g\",\"caption\":\"einar\"},\"url\":\"https:\\\/\\\/www.norn.is\\\/einar\\\/author\\\/einarsteingrimsson\\\/\"}]}<\/script>\n<!-- \/ Yoast SEO plugin. -->","yoast_head_json":{"title":"\u00d3smekkleg \u00f6rv\u00e6nting \u00c1rna P\u00e1ls - Einar","robots":{"index":"index","follow":"follow","max-snippet":"max-snippet:-1","max-image-preview":"max-image-preview:large","max-video-preview":"max-video-preview:-1"},"canonical":"https:\/\/www.norn.is\/einar\/2013\/03\/13\/osmekkleg-orvaenting-arna-pals\/","og_locale":"is_IS","og_type":"article","og_title":"\u00d3smekkleg \u00f6rv\u00e6nting \u00c1rna P\u00e1ls - Einar","og_description":"\u00cd g\u00e6rkv\u00f6ldi birti \u00c1rni P\u00e1ll \u00c1rnason, forma\u00f0ur Samfylkingarinnar, eftirfarandi \u00e1\u00a0Facebook-s\u00ed\u00f0u sinni: Stj\u00f3rnarskr\u00e1rm\u00e1li\u00f0 s\u00fdnir eitt afar sk\u00fdrt: Samfylkingin er alv\u00f6ru jafna\u00f0armannaflokkur.","og_url":"https:\/\/www.norn.is\/einar\/2013\/03\/13\/osmekkleg-orvaenting-arna-pals\/","og_site_name":"Einar","article_published_time":"2013-03-13T08:05:18+00:00","article_modified_time":"2017-09-24T11:03:27+00:00","author":"einar","twitter_card":"summary_large_image","twitter_misc":{"Written by":false,"Est. reading time":"2 minutes"},"schema":{"@context":"https:\/\/schema.org","@graph":[{"@type":"Article","@id":"https:\/\/www.norn.is\/einar\/2013\/03\/13\/osmekkleg-orvaenting-arna-pals\/#article","isPartOf":{"@id":"https:\/\/www.norn.is\/einar\/2013\/03\/13\/osmekkleg-orvaenting-arna-pals\/"},"author":{"name":"einar","@id":"https:\/\/www.norn.is\/einar\/#\/schema\/person\/19affadb841a22f7bfd4bdcd72a862d0"},"headline":"\u00d3smekkleg \u00f6rv\u00e6nting \u00c1rna P\u00e1ls","datePublished":"2013-03-13T08:05:18+00:00","dateModified":"2017-09-24T11:03:27+00:00","mainEntityOfPage":{"@id":"https:\/\/www.norn.is\/einar\/2013\/03\/13\/osmekkleg-orvaenting-arna-pals\/"},"wordCount":467,"commentCount":0,"keywords":["\u00c1rni P\u00e1ll \u00c1rnason","Stj\u00f3rnarskr\u00e1"],"articleSection":["Allt efni","L\u00fd\u00f0r\u00e6\u00f0ism\u00e1l og stj\u00f3rnarskr\u00e1"],"inLanguage":"is","potentialAction":[{"@type":"CommentAction","name":"Comment","target":["https:\/\/www.norn.is\/einar\/2013\/03\/13\/osmekkleg-orvaenting-arna-pals\/#respond"]}]},{"@type":"WebPage","@id":"https:\/\/www.norn.is\/einar\/2013\/03\/13\/osmekkleg-orvaenting-arna-pals\/","url":"https:\/\/www.norn.is\/einar\/2013\/03\/13\/osmekkleg-orvaenting-arna-pals\/","name":"\u00d3smekkleg \u00f6rv\u00e6nting \u00c1rna P\u00e1ls - Einar","isPartOf":{"@id":"https:\/\/www.norn.is\/einar\/#website"},"datePublished":"2013-03-13T08:05:18+00:00","dateModified":"2017-09-24T11:03:27+00:00","author":{"@id":"https:\/\/www.norn.is\/einar\/#\/schema\/person\/19affadb841a22f7bfd4bdcd72a862d0"},"breadcrumb":{"@id":"https:\/\/www.norn.is\/einar\/2013\/03\/13\/osmekkleg-orvaenting-arna-pals\/#breadcrumb"},"inLanguage":"is","potentialAction":[{"@type":"ReadAction","target":["https:\/\/www.norn.is\/einar\/2013\/03\/13\/osmekkleg-orvaenting-arna-pals\/"]}]},{"@type":"BreadcrumbList","@id":"https:\/\/www.norn.is\/einar\/2013\/03\/13\/osmekkleg-orvaenting-arna-pals\/#breadcrumb","itemListElement":[{"@type":"ListItem","position":1,"name":"Home","item":"https:\/\/www.norn.is\/einar\/"},{"@type":"ListItem","position":2,"name":"\u00d3smekkleg \u00f6rv\u00e6nting \u00c1rna P\u00e1ls"}]},{"@type":"WebSite","@id":"https:\/\/www.norn.is\/einar\/#website","url":"https:\/\/www.norn.is\/einar\/","name":"Einar","description":"Pistlar Einars Steingr\u00edmssonar","potentialAction":[{"@type":"SearchAction","target":{"@type":"EntryPoint","urlTemplate":"https:\/\/www.norn.is\/einar\/?s={search_term_string}"},"query-input":{"@type":"PropertyValueSpecification","valueRequired":true,"valueName":"search_term_string"}}],"inLanguage":"is"},{"@type":"Person","@id":"https:\/\/www.norn.is\/einar\/#\/schema\/person\/19affadb841a22f7bfd4bdcd72a862d0","name":"einar","image":{"@type":"ImageObject","inLanguage":"is","@id":"https:\/\/secure.gravatar.com\/avatar\/6f5f5592f3cc45e338376db24f1672c636582d9c27d855e8f077f13ef13b17fd?s=96&d=mm&r=g","url":"https:\/\/secure.gravatar.com\/avatar\/6f5f5592f3cc45e338376db24f1672c636582d9c27d855e8f077f13ef13b17fd?s=96&d=mm&r=g","contentUrl":"https:\/\/secure.gravatar.com\/avatar\/6f5f5592f3cc45e338376db24f1672c636582d9c27d855e8f077f13ef13b17fd?s=96&d=mm&r=g","caption":"einar"},"url":"https:\/\/www.norn.is\/einar\/author\/einarsteingrimsson\/"}]}},"_links":{"self":[{"href":"https:\/\/www.norn.is\/einar\/wp-json\/wp\/v2\/posts\/392","targetHints":{"allow":["GET"]}}],"collection":[{"href":"https:\/\/www.norn.is\/einar\/wp-json\/wp\/v2\/posts"}],"about":[{"href":"https:\/\/www.norn.is\/einar\/wp-json\/wp\/v2\/types\/post"}],"author":[{"embeddable":true,"href":"https:\/\/www.norn.is\/einar\/wp-json\/wp\/v2\/users\/10"}],"replies":[{"embeddable":true,"href":"https:\/\/www.norn.is\/einar\/wp-json\/wp\/v2\/comments?post=392"}],"version-history":[{"count":1,"href":"https:\/\/www.norn.is\/einar\/wp-json\/wp\/v2\/posts\/392\/revisions"}],"predecessor-version":[{"id":393,"href":"https:\/\/www.norn.is\/einar\/wp-json\/wp\/v2\/posts\/392\/revisions\/393"}],"wp:attachment":[{"href":"https:\/\/www.norn.is\/einar\/wp-json\/wp\/v2\/media?parent=392"}],"wp:term":[{"taxonomy":"category","embeddable":true,"href":"https:\/\/www.norn.is\/einar\/wp-json\/wp\/v2\/categories?post=392"},{"taxonomy":"post_tag","embeddable":true,"href":"https:\/\/www.norn.is\/einar\/wp-json\/wp\/v2\/tags?post=392"}],"curies":[{"name":"wp","href":"https:\/\/api.w.org\/{rel}","templated":true}]}}