{"id":388,"date":"2013-03-15T07:59:53","date_gmt":"2013-03-15T07:59:53","guid":{"rendered":"http:\/\/www.norn.is\/einar\/?p=388"},"modified":"2017-09-24T11:03:27","modified_gmt":"2017-09-24T11:03:27","slug":"magnus-orri-spinnur-thvaeluvefinn","status":"publish","type":"post","link":"https:\/\/www.norn.is\/einar\/2013\/03\/15\/magnus-orri-spinnur-thvaeluvefinn\/","title":{"rendered":"Magn\u00fas Orri spinnur \u00fev\u00e6luvefinn"},"content":{"rendered":"<div>Magn\u00fas Orri Schram, \u00feingma\u00f0ur Samfylkingarinnar, er \u00e1\u00a0<a href=\"http:\/\/20.oktober.is\/\">lista yfir \u00fe\u00e1 \u00feingmenn sem segjast vilja sam\u00feykkja<\/a>\u00a0stj\u00f3rnarskr\u00e1rfrumvarpi\u00f0 \u00ed heild sinni. \u00a0(\u00c9g skrifa\u00f0i honum \u00ed g\u00e6r og spur\u00f0i hvort einhver misskilningur byggi a\u00f0 baki skr\u00e1ningunni \u00e1 \u00feessari s\u00ed\u00f0u, en hef ekki fengi\u00f0 svar vi\u00f0 \u00fev\u00ed.)<\/div>\n<p><!--more--><\/p>\n<div><\/div>\n<div>Samt er Magn\u00fas \u00ed algeru uppn\u00e1mi vegna breytingatill\u00f6gu Margr\u00e9tar Tryggvad\u00f3ttur, sem lei\u00f0ir af s\u00e9r a\u00f0 \u00feingi\u00f0 ver\u00f0ur \u00ed raun a\u00f0 grei\u00f0a atkv\u00e6\u00f0i um heildarfrumvarpi\u00f0 \u00e1\u00f0ur en h\u00e6gt er a\u00f0 grei\u00f0a atkv\u00e6\u00f0i um \u00fe\u00e1 m\u00e1lami\u00f0lun sem formenn stj\u00f3rnarflokkanna, \u00c1rni P\u00e1ll \u00c1rnason og Katr\u00edn Jakobsd\u00f3ttir, vir\u00f0ast hafa gert vi\u00f0 \u00feingmenn Bjartrar Framt\u00ed\u00f0ar. \u00a0Af einhverjum \u00e1st\u00e6\u00f0um finnst Magn\u00fasi vont a\u00f0 \u00feurfa a\u00f0 tj\u00e1 hug sinn \u00ed m\u00e1linu \u00e1 opinsk\u00e1an h\u00e1tt, kannski vegna \u00feess a\u00f0 me\u00f0 \u00fev\u00ed er hann og f\u00e9lagar hans a\u00f0 sv\u00edkja \u00fea\u00f0 sem flestir h\u00e9ldu a\u00f0 v\u00e6ri lofor\u00f0 stj\u00f3rnarflokkanna, um a\u00f0 vinna a\u00f0 \u00fev\u00ed a\u00f0 n\u00fd stj\u00f3rnarskr\u00e1 yr\u00f0i sam\u00feykkt \u00e1 \u00feessu \u00feingi.<\/div>\n<div><\/div>\n<div>Magn\u00fas hefur \u00e1\u00f0ur gripi\u00f0 til \u00feess \u00f6r\u00ferifar\u00e1\u00f0s a\u00f0\u00a0<a href=\"http:\/\/blog.pressan.is\/einar\/2013\/03\/06\/thingmadur-lygur\/\">segja beinl\u00ednis \u00f3satt<\/a>\u00a0um \u00feetta m\u00e1l. \u00a0\u00cd dag er hann vi\u00f0 sama heygar\u00f0shorni\u00f0, \u00fear sem eftirfarandi er\u00a0<a href=\"http:\/\/visir.is\/fullkomin-leid-til-ad-drepa-malinu-a-dreif-\/article\/2013130319371\">haft eftir honum<\/a>:<\/div>\n<div><\/div>\n<blockquote>\n<div>Samkomulag haf\u00f0i tekist \u00e1 milli stj\u00f3rnarflokkanna og Bjartrar framt\u00ed\u00f0ar um frumvarp og \u00feings\u00e1lyktunartill\u00f6gu \u00feess efnis a\u00f0 stj\u00f3rnarskr\u00e1rfrumvarpi\u00f0 yr\u00f0i ekki afgreitt \u00ed heild heldur yr\u00f0i h\u00e6gt a\u00f0 lj\u00faka heildarendursko\u00f0un \u00e1 n\u00e6sta kj\u00f6rt\u00edmabili og n\u00fdtt \u00feing g\u00e6ti sam\u00feykkt \u00fea\u00f0.<\/div>\n<div><\/div>\n<\/blockquote>\n<div>\u00a0Magn\u00fas veit m\u00e6ta vel a\u00f0 forysta \u00feessara \u00feriggja flokka r\u00e6\u00f0ur n\u00e1kv\u00e6mlega engu um \u00fea\u00f0 hva\u00f0 n\u00e6sta \u00feing gerir vi\u00f0 stj\u00f3rnarskr\u00e1na. \u00a0H\u00e9r er hann \u00fev\u00ed \u00ed besta falli a\u00f0 reyna a\u00f0 blekkja. \u00a0\u00dea\u00f0 sem verra er, Magn\u00fas segir l\u00edka \u00feetta samkv\u00e6mt ofangreindri fr\u00e9tt:<\/div>\n<div><\/div>\n<blockquote>\n<div>\u201eBreytingatillaga Margr\u00e9tar setur s\u00e1ttaferli\u00f0 \u00ed uppn\u00e1m vegna \u00feess a\u00f0 n\u00fa hafa andst\u00e6\u00f0ingar stj\u00f3rnarskr\u00e1rferilsins fullkomna \u00e1st\u00e6\u00f0u til a\u00f0 drepa m\u00e1li\u00f0 \u00ed m\u00e1l\u00fe\u00f3fi. N\u00fa er ekki bara veri\u00f0 a\u00f0 fjalla um s\u00e1ttartill\u00f6guna heldur mun umr\u00e6\u00f0an litast af heildarplagginu og st\u00f6\u00f0u \u00feess,\u201c<\/div>\n<div><\/div>\n<\/blockquote>\n<div>\u00deetta er sama \u00fev\u00e6lan og Magn\u00fas hefur \u00e1\u00f0ur bori\u00f0 \u00e1 bor\u00f0. \u00a0Ef \u00fea\u00f0 er meirihluti fyrir \u00fev\u00ed a\u00f0 sam\u00feykkja hina \u00fatv\u00f6tnu\u00f0u till\u00f6gu sem Magn\u00fas Orri sty\u00f0ur, \u00fe\u00e1 er einfalt m\u00e1l fyrir \u00feann meirihluta a\u00f0 fella breytingatill\u00f6gu Margr\u00e9tar og sam\u00feykkja svo hina. \u00a0A\u00f0 gefa \u00ed skyn a\u00f0 Sj\u00e1lfst\u00e6\u00f0isflokkur og Frams\u00f3kn muni halda uppi m\u00e1l\u00fe\u00f3fi til a\u00f0 koma \u00ed veg fyrir a\u00f0 Magn\u00fas Orri og f\u00e9lagar geti fellt breytingatill\u00f6gu Margr\u00e9tar (og \u00fear me\u00f0 l\u00fdst yfir andst\u00f6\u00f0u vi\u00f0 stj\u00f3rnarskr\u00e1rfrumvarpi\u00f0 \u00ed heild sinni, sem ofangreindir flokkar hatast vi\u00f0), hlj\u00f3mar eins og \u00a0samhengislaus \u00fev\u00e6la manns sem vir\u00f0ist vera \u00e1 barmi \u00f6rv\u00e6ntingar yfir \u00feeirri hryllilegu st\u00f6\u00f0u a\u00f0 \u00feurfa a\u00f0 segja kj\u00f3sendum hreinskilnislega hva\u00f0 hann vill, og s\u00fdna \u00fear me\u00f0 hva\u00f0a hagsmunum hann \u00fej\u00f3nar. \u00a0E\u00f0a hafa Magn\u00fas og f\u00e9lagar hans sami\u00f0 \u00e1 bak vi\u00f0 tj\u00f6ldin vi\u00f0 Frams\u00f3knar- og Sj\u00e1lfst\u00e6\u00f0is\u00feingmenn um hluti sem \u00feeir vilja ekki segja okkur fr\u00e1?<\/div>\n<div><\/div>\n<div>Vonandi munu \u00feeir \u00feingmenn Samfylkingarinnar sem eru fylgjandi \u00fev\u00ed a\u00f0 stj\u00f3rnarskr\u00e1rfrumvarpi\u00f0 ver\u00f0i sam\u00feykkt \u00ed heild sinni koma vitinu fyrir hina \u00f6rv\u00e6ntingarfullu f\u00e9laga s\u00edna sem mega ekki til \u00feess hugsa a\u00f0 styggja afturhalds\u00f6flin \u00ed landinu me\u00f0 nokkrum h\u00e6tti. \u00a0Vonandi tekst \u00feeim a\u00f0 sannf\u00e6ra \u00feessa f\u00e9laga s\u00edna um a\u00f0 r\u00e9ttara s\u00e9 a\u00f0 n\u00e1 s\u00e1tt vi\u00f0 \u00feann yfirgn\u00e6fandi meirihluta almennings \u00a0sem vill n\u00fdja stj\u00f3rnararskr\u00e1 af \u00fev\u00ed tagi sem felst \u00ed heildarfrumvarpinu, fremur en a\u00f0 standa \u00ed hrossakaupum vi\u00f0 \u00feau afturhalds\u00f6fl sem vilja allar breytingar \u00e1 stj\u00f3rnarskr\u00e1 feigar. \u00a0A\u00f0 \u00f6\u00f0rum kosti er bara a\u00f0 vona a\u00f0 Samfylkingin og Vinstri Gr\u00e6n f\u00e1i makleg m\u00e1lagj\u00f6ld \u00ed komandi kosningum.<\/div>\n","protected":false},"excerpt":{"rendered":"<p>Magn\u00fas Orri Schram, \u00feingma\u00f0ur Samfylkingarinnar, er \u00e1\u00a0lista yfir \u00fe\u00e1 \u00feingmenn sem segjast vilja sam\u00feykkja\u00a0stj\u00f3rnarskr\u00e1rfrumvarpi\u00f0 \u00ed heild sinni. \u00a0(\u00c9g skrifa\u00f0i honum \u00ed g\u00e6r og spur\u00f0i hvort einhver misskilningur byggi a\u00f0 baki skr\u00e1ningunni \u00e1 \u00feessari s\u00ed\u00f0u, en hef ekki fengi\u00f0 svar vi\u00f0 &hellip; <a href=\"https:\/\/www.norn.is\/einar\/2013\/03\/15\/magnus-orri-spinnur-thvaeluvefinn\/\">Halda \u00e1fram a\u00f0 lesa <span class=\"meta-nav\">&rarr;<\/span><\/a><\/p>\n","protected":false},"author":10,"featured_media":0,"comment_status":"open","ping_status":"open","sticky":false,"template":"","format":"standard","meta":{"footnotes":""},"categories":[1,43],"tags":[15,299,270],"class_list":["post-388","post","type-post","status-publish","format-standard","hentry","category-oflokkad","category-lydraedismal-og-stjornarskra","tag-magnus-orri-schram","tag-margret-tryggvadottir","tag-stjornarskra"],"yoast_head":"<!-- This site is optimized with the Yoast SEO plugin v27.5 - https:\/\/yoast.com\/product\/yoast-seo-wordpress\/ -->\n<title>Magn\u00fas Orri spinnur \u00fev\u00e6luvefinn - Einar<\/title>\n<meta name=\"robots\" content=\"index, follow, max-snippet:-1, max-image-preview:large, max-video-preview:-1\" \/>\n<link rel=\"canonical\" href=\"https:\/\/www.norn.is\/einar\/2013\/03\/15\/magnus-orri-spinnur-thvaeluvefinn\/\" \/>\n<meta property=\"og:locale\" content=\"is_IS\" \/>\n<meta property=\"og:type\" content=\"article\" \/>\n<meta property=\"og:title\" content=\"Magn\u00fas Orri spinnur \u00fev\u00e6luvefinn - Einar\" \/>\n<meta property=\"og:description\" content=\"Magn\u00fas Orri Schram, \u00feingma\u00f0ur Samfylkingarinnar, er \u00e1\u00a0lista yfir \u00fe\u00e1 \u00feingmenn sem segjast vilja sam\u00feykkja\u00a0stj\u00f3rnarskr\u00e1rfrumvarpi\u00f0 \u00ed heild sinni. \u00a0(\u00c9g skrifa\u00f0i honum \u00ed g\u00e6r og spur\u00f0i hvort einhver misskilningur byggi a\u00f0 baki skr\u00e1ningunni \u00e1 \u00feessari s\u00ed\u00f0u, en hef ekki fengi\u00f0 svar vi\u00f0 &hellip; Halda \u00e1fram a\u00f0 lesa &rarr;\" \/>\n<meta property=\"og:url\" content=\"https:\/\/www.norn.is\/einar\/2013\/03\/15\/magnus-orri-spinnur-thvaeluvefinn\/\" \/>\n<meta property=\"og:site_name\" content=\"Einar\" \/>\n<meta property=\"article:published_time\" content=\"2013-03-15T07:59:53+00:00\" \/>\n<meta property=\"article:modified_time\" content=\"2017-09-24T11:03:27+00:00\" \/>\n<meta name=\"author\" content=\"einar\" \/>\n<meta name=\"twitter:card\" content=\"summary_large_image\" \/>\n<meta name=\"twitter:label1\" content=\"Written by\" \/>\n\t<meta name=\"twitter:data1\" content=\"\" \/>\n\t<meta name=\"twitter:label2\" content=\"Est. reading time\" \/>\n\t<meta name=\"twitter:data2\" content=\"3 minutes\" \/>\n<script type=\"application\/ld+json\" class=\"yoast-schema-graph\">{\"@context\":\"https:\\\/\\\/schema.org\",\"@graph\":[{\"@type\":\"Article\",\"@id\":\"https:\\\/\\\/www.norn.is\\\/einar\\\/2013\\\/03\\\/15\\\/magnus-orri-spinnur-thvaeluvefinn\\\/#article\",\"isPartOf\":{\"@id\":\"https:\\\/\\\/www.norn.is\\\/einar\\\/2013\\\/03\\\/15\\\/magnus-orri-spinnur-thvaeluvefinn\\\/\"},\"author\":{\"name\":\"einar\",\"@id\":\"https:\\\/\\\/www.norn.is\\\/einar\\\/#\\\/schema\\\/person\\\/19affadb841a22f7bfd4bdcd72a862d0\"},\"headline\":\"Magn\u00fas Orri spinnur \u00fev\u00e6luvefinn\",\"datePublished\":\"2013-03-15T07:59:53+00:00\",\"dateModified\":\"2017-09-24T11:03:27+00:00\",\"mainEntityOfPage\":{\"@id\":\"https:\\\/\\\/www.norn.is\\\/einar\\\/2013\\\/03\\\/15\\\/magnus-orri-spinnur-thvaeluvefinn\\\/\"},\"wordCount\":668,\"commentCount\":0,\"keywords\":[\"Magn\u00fas Orri Schram\",\"Margr\u00e9t Tryggvad\u00f3ttir\",\"Stj\u00f3rnarskr\u00e1\"],\"articleSection\":[\"Allt efni\",\"L\u00fd\u00f0r\u00e6\u00f0ism\u00e1l og stj\u00f3rnarskr\u00e1\"],\"inLanguage\":\"is\",\"potentialAction\":[{\"@type\":\"CommentAction\",\"name\":\"Comment\",\"target\":[\"https:\\\/\\\/www.norn.is\\\/einar\\\/2013\\\/03\\\/15\\\/magnus-orri-spinnur-thvaeluvefinn\\\/#respond\"]}]},{\"@type\":\"WebPage\",\"@id\":\"https:\\\/\\\/www.norn.is\\\/einar\\\/2013\\\/03\\\/15\\\/magnus-orri-spinnur-thvaeluvefinn\\\/\",\"url\":\"https:\\\/\\\/www.norn.is\\\/einar\\\/2013\\\/03\\\/15\\\/magnus-orri-spinnur-thvaeluvefinn\\\/\",\"name\":\"Magn\u00fas Orri spinnur \u00fev\u00e6luvefinn - Einar\",\"isPartOf\":{\"@id\":\"https:\\\/\\\/www.norn.is\\\/einar\\\/#website\"},\"datePublished\":\"2013-03-15T07:59:53+00:00\",\"dateModified\":\"2017-09-24T11:03:27+00:00\",\"author\":{\"@id\":\"https:\\\/\\\/www.norn.is\\\/einar\\\/#\\\/schema\\\/person\\\/19affadb841a22f7bfd4bdcd72a862d0\"},\"breadcrumb\":{\"@id\":\"https:\\\/\\\/www.norn.is\\\/einar\\\/2013\\\/03\\\/15\\\/magnus-orri-spinnur-thvaeluvefinn\\\/#breadcrumb\"},\"inLanguage\":\"is\",\"potentialAction\":[{\"@type\":\"ReadAction\",\"target\":[\"https:\\\/\\\/www.norn.is\\\/einar\\\/2013\\\/03\\\/15\\\/magnus-orri-spinnur-thvaeluvefinn\\\/\"]}]},{\"@type\":\"BreadcrumbList\",\"@id\":\"https:\\\/\\\/www.norn.is\\\/einar\\\/2013\\\/03\\\/15\\\/magnus-orri-spinnur-thvaeluvefinn\\\/#breadcrumb\",\"itemListElement\":[{\"@type\":\"ListItem\",\"position\":1,\"name\":\"Home\",\"item\":\"https:\\\/\\\/www.norn.is\\\/einar\\\/\"},{\"@type\":\"ListItem\",\"position\":2,\"name\":\"Magn\u00fas Orri spinnur \u00fev\u00e6luvefinn\"}]},{\"@type\":\"WebSite\",\"@id\":\"https:\\\/\\\/www.norn.is\\\/einar\\\/#website\",\"url\":\"https:\\\/\\\/www.norn.is\\\/einar\\\/\",\"name\":\"Einar\",\"description\":\"Pistlar Einars Steingr\u00edmssonar\",\"potentialAction\":[{\"@type\":\"SearchAction\",\"target\":{\"@type\":\"EntryPoint\",\"urlTemplate\":\"https:\\\/\\\/www.norn.is\\\/einar\\\/?s={search_term_string}\"},\"query-input\":{\"@type\":\"PropertyValueSpecification\",\"valueRequired\":true,\"valueName\":\"search_term_string\"}}],\"inLanguage\":\"is\"},{\"@type\":\"Person\",\"@id\":\"https:\\\/\\\/www.norn.is\\\/einar\\\/#\\\/schema\\\/person\\\/19affadb841a22f7bfd4bdcd72a862d0\",\"name\":\"einar\",\"image\":{\"@type\":\"ImageObject\",\"inLanguage\":\"is\",\"@id\":\"https:\\\/\\\/secure.gravatar.com\\\/avatar\\\/6f5f5592f3cc45e338376db24f1672c636582d9c27d855e8f077f13ef13b17fd?s=96&d=mm&r=g\",\"url\":\"https:\\\/\\\/secure.gravatar.com\\\/avatar\\\/6f5f5592f3cc45e338376db24f1672c636582d9c27d855e8f077f13ef13b17fd?s=96&d=mm&r=g\",\"contentUrl\":\"https:\\\/\\\/secure.gravatar.com\\\/avatar\\\/6f5f5592f3cc45e338376db24f1672c636582d9c27d855e8f077f13ef13b17fd?s=96&d=mm&r=g\",\"caption\":\"einar\"},\"url\":\"https:\\\/\\\/www.norn.is\\\/einar\\\/author\\\/einarsteingrimsson\\\/\"}]}<\/script>\n<!-- \/ Yoast SEO plugin. -->","yoast_head_json":{"title":"Magn\u00fas Orri spinnur \u00fev\u00e6luvefinn - Einar","robots":{"index":"index","follow":"follow","max-snippet":"max-snippet:-1","max-image-preview":"max-image-preview:large","max-video-preview":"max-video-preview:-1"},"canonical":"https:\/\/www.norn.is\/einar\/2013\/03\/15\/magnus-orri-spinnur-thvaeluvefinn\/","og_locale":"is_IS","og_type":"article","og_title":"Magn\u00fas Orri spinnur \u00fev\u00e6luvefinn - Einar","og_description":"Magn\u00fas Orri Schram, \u00feingma\u00f0ur Samfylkingarinnar, er \u00e1\u00a0lista yfir \u00fe\u00e1 \u00feingmenn sem segjast vilja sam\u00feykkja\u00a0stj\u00f3rnarskr\u00e1rfrumvarpi\u00f0 \u00ed heild sinni. \u00a0(\u00c9g skrifa\u00f0i honum \u00ed g\u00e6r og spur\u00f0i hvort einhver misskilningur byggi a\u00f0 baki skr\u00e1ningunni \u00e1 \u00feessari s\u00ed\u00f0u, en hef ekki fengi\u00f0 svar vi\u00f0 &hellip; Halda \u00e1fram a\u00f0 lesa &rarr;","og_url":"https:\/\/www.norn.is\/einar\/2013\/03\/15\/magnus-orri-spinnur-thvaeluvefinn\/","og_site_name":"Einar","article_published_time":"2013-03-15T07:59:53+00:00","article_modified_time":"2017-09-24T11:03:27+00:00","author":"einar","twitter_card":"summary_large_image","twitter_misc":{"Written by":false,"Est. reading time":"3 minutes"},"schema":{"@context":"https:\/\/schema.org","@graph":[{"@type":"Article","@id":"https:\/\/www.norn.is\/einar\/2013\/03\/15\/magnus-orri-spinnur-thvaeluvefinn\/#article","isPartOf":{"@id":"https:\/\/www.norn.is\/einar\/2013\/03\/15\/magnus-orri-spinnur-thvaeluvefinn\/"},"author":{"name":"einar","@id":"https:\/\/www.norn.is\/einar\/#\/schema\/person\/19affadb841a22f7bfd4bdcd72a862d0"},"headline":"Magn\u00fas Orri spinnur \u00fev\u00e6luvefinn","datePublished":"2013-03-15T07:59:53+00:00","dateModified":"2017-09-24T11:03:27+00:00","mainEntityOfPage":{"@id":"https:\/\/www.norn.is\/einar\/2013\/03\/15\/magnus-orri-spinnur-thvaeluvefinn\/"},"wordCount":668,"commentCount":0,"keywords":["Magn\u00fas Orri Schram","Margr\u00e9t Tryggvad\u00f3ttir","Stj\u00f3rnarskr\u00e1"],"articleSection":["Allt efni","L\u00fd\u00f0r\u00e6\u00f0ism\u00e1l og stj\u00f3rnarskr\u00e1"],"inLanguage":"is","potentialAction":[{"@type":"CommentAction","name":"Comment","target":["https:\/\/www.norn.is\/einar\/2013\/03\/15\/magnus-orri-spinnur-thvaeluvefinn\/#respond"]}]},{"@type":"WebPage","@id":"https:\/\/www.norn.is\/einar\/2013\/03\/15\/magnus-orri-spinnur-thvaeluvefinn\/","url":"https:\/\/www.norn.is\/einar\/2013\/03\/15\/magnus-orri-spinnur-thvaeluvefinn\/","name":"Magn\u00fas Orri spinnur \u00fev\u00e6luvefinn - Einar","isPartOf":{"@id":"https:\/\/www.norn.is\/einar\/#website"},"datePublished":"2013-03-15T07:59:53+00:00","dateModified":"2017-09-24T11:03:27+00:00","author":{"@id":"https:\/\/www.norn.is\/einar\/#\/schema\/person\/19affadb841a22f7bfd4bdcd72a862d0"},"breadcrumb":{"@id":"https:\/\/www.norn.is\/einar\/2013\/03\/15\/magnus-orri-spinnur-thvaeluvefinn\/#breadcrumb"},"inLanguage":"is","potentialAction":[{"@type":"ReadAction","target":["https:\/\/www.norn.is\/einar\/2013\/03\/15\/magnus-orri-spinnur-thvaeluvefinn\/"]}]},{"@type":"BreadcrumbList","@id":"https:\/\/www.norn.is\/einar\/2013\/03\/15\/magnus-orri-spinnur-thvaeluvefinn\/#breadcrumb","itemListElement":[{"@type":"ListItem","position":1,"name":"Home","item":"https:\/\/www.norn.is\/einar\/"},{"@type":"ListItem","position":2,"name":"Magn\u00fas Orri spinnur \u00fev\u00e6luvefinn"}]},{"@type":"WebSite","@id":"https:\/\/www.norn.is\/einar\/#website","url":"https:\/\/www.norn.is\/einar\/","name":"Einar","description":"Pistlar Einars Steingr\u00edmssonar","potentialAction":[{"@type":"SearchAction","target":{"@type":"EntryPoint","urlTemplate":"https:\/\/www.norn.is\/einar\/?s={search_term_string}"},"query-input":{"@type":"PropertyValueSpecification","valueRequired":true,"valueName":"search_term_string"}}],"inLanguage":"is"},{"@type":"Person","@id":"https:\/\/www.norn.is\/einar\/#\/schema\/person\/19affadb841a22f7bfd4bdcd72a862d0","name":"einar","image":{"@type":"ImageObject","inLanguage":"is","@id":"https:\/\/secure.gravatar.com\/avatar\/6f5f5592f3cc45e338376db24f1672c636582d9c27d855e8f077f13ef13b17fd?s=96&d=mm&r=g","url":"https:\/\/secure.gravatar.com\/avatar\/6f5f5592f3cc45e338376db24f1672c636582d9c27d855e8f077f13ef13b17fd?s=96&d=mm&r=g","contentUrl":"https:\/\/secure.gravatar.com\/avatar\/6f5f5592f3cc45e338376db24f1672c636582d9c27d855e8f077f13ef13b17fd?s=96&d=mm&r=g","caption":"einar"},"url":"https:\/\/www.norn.is\/einar\/author\/einarsteingrimsson\/"}]}},"_links":{"self":[{"href":"https:\/\/www.norn.is\/einar\/wp-json\/wp\/v2\/posts\/388","targetHints":{"allow":["GET"]}}],"collection":[{"href":"https:\/\/www.norn.is\/einar\/wp-json\/wp\/v2\/posts"}],"about":[{"href":"https:\/\/www.norn.is\/einar\/wp-json\/wp\/v2\/types\/post"}],"author":[{"embeddable":true,"href":"https:\/\/www.norn.is\/einar\/wp-json\/wp\/v2\/users\/10"}],"replies":[{"embeddable":true,"href":"https:\/\/www.norn.is\/einar\/wp-json\/wp\/v2\/comments?post=388"}],"version-history":[{"count":1,"href":"https:\/\/www.norn.is\/einar\/wp-json\/wp\/v2\/posts\/388\/revisions"}],"predecessor-version":[{"id":389,"href":"https:\/\/www.norn.is\/einar\/wp-json\/wp\/v2\/posts\/388\/revisions\/389"}],"wp:attachment":[{"href":"https:\/\/www.norn.is\/einar\/wp-json\/wp\/v2\/media?parent=388"}],"wp:term":[{"taxonomy":"category","embeddable":true,"href":"https:\/\/www.norn.is\/einar\/wp-json\/wp\/v2\/categories?post=388"},{"taxonomy":"post_tag","embeddable":true,"href":"https:\/\/www.norn.is\/einar\/wp-json\/wp\/v2\/tags?post=388"}],"curies":[{"name":"wp","href":"https:\/\/api.w.org\/{rel}","templated":true}]}}