{"id":379,"date":"2013-03-07T07:51:26","date_gmt":"2013-03-07T07:51:26","guid":{"rendered":"http:\/\/www.norn.is\/einar\/?p=379"},"modified":"2017-09-24T11:03:27","modified_gmt":"2017-09-24T11:03:27","slug":"arni-og-asta-ein-eftir-i-daudasveitinni","status":"publish","type":"post","link":"https:\/\/www.norn.is\/einar\/2013\/03\/07\/arni-og-asta-ein-eftir-i-daudasveitinni\/","title":{"rendered":"\u00c1rni og \u00c1sta ein eftir \u00ed dau\u00f0asveitinni"},"content":{"rendered":"<p>Samkv\u00e6mt\u00a0<a href=\"http:\/\/20.oktober.is\/\">\u00feessari s\u00ed\u00f0u<\/a>\u00a0hafa n\u00fa 30 \u00feingmenn l\u00fdst yfir a\u00f0 \u00feeir sty\u00f0ji stj\u00f3rnarskr\u00e1rfrumvarpi\u00f0. \u00a0\u00dea\u00f0 \u00fe\u00fd\u00f0ir a\u00f0 einungis \u00fearf tvo \u00ed vi\u00f0b\u00f3t til a\u00f0 frumvarpi\u00f0 ver\u00f0i sam\u00feykkt, \u00fe\u00f3tt allir a\u00f0rir grei\u00f0i atkv\u00e6\u00f0i gegn \u00fev\u00ed. \u00a0\u00c1 j\u00e1-listann vantar b\u00e6\u00f0i \u00c1rna P\u00e1l \u00c1rnason formann Samfylkingarinnar og \u00c1stu Ragnhei\u00f0i J\u00f3hannesd\u00f3ttur \u00feingforseta. \u00a0\u00deegar \u00c1rni talar um a\u00f0 ekki s\u00e9 h\u00e6gt a\u00f0 koma frumvarpinu \u00ed gegnum \u00feingi\u00f0, og \u00feegar \u00c1sta neitar a\u00f0 setja \u00fea\u00f0 \u00e1 dagskr\u00e1, \u00fe\u00e1 eru \u00feau \u00fev\u00ed einungis a\u00f0 segja a\u00f0 \u00feau myndu sj\u00e1lf grei\u00f0a atkv\u00e6\u00f0i gegn \u00fev\u00ed, v\u00e6ntanlega af \u00fev\u00ed a\u00f0 \u00feau vilja drepa \u00fea\u00f0.<\/p>\n<p>Vonandi tekst samflokksf\u00f3lki \u00c1rna og \u00c1stu a\u00f0 koma vitinu fyrir \u00feau.<\/p>\n","protected":false},"excerpt":{"rendered":"<p>Samkv\u00e6mt\u00a0\u00feessari s\u00ed\u00f0u\u00a0hafa n\u00fa 30 \u00feingmenn l\u00fdst yfir a\u00f0 \u00feeir sty\u00f0ji stj\u00f3rnarskr\u00e1rfrumvarpi\u00f0. \u00a0\u00dea\u00f0 \u00fe\u00fd\u00f0ir a\u00f0 einungis \u00fearf tvo \u00ed vi\u00f0b\u00f3t til a\u00f0 frumvarpi\u00f0 ver\u00f0i sam\u00feykkt, \u00fe\u00f3tt allir a\u00f0rir grei\u00f0i atkv\u00e6\u00f0i gegn \u00fev\u00ed. \u00a0\u00c1 j\u00e1-listann vantar b\u00e6\u00f0i \u00c1rna P\u00e1l \u00c1rnason formann Samfylkingarinnar &hellip; <a href=\"https:\/\/www.norn.is\/einar\/2013\/03\/07\/arni-og-asta-ein-eftir-i-daudasveitinni\/\">Halda \u00e1fram a\u00f0 lesa <span class=\"meta-nav\">&rarr;<\/span><\/a><\/p>\n","protected":false},"author":10,"featured_media":0,"comment_status":"open","ping_status":"open","sticky":false,"template":"","format":"standard","meta":{"footnotes":""},"categories":[1,43],"tags":[293,295,270],"class_list":["post-379","post","type-post","status-publish","format-standard","hentry","category-oflokkad","category-lydraedismal-og-stjornarskra","tag-arni-pall-arnason","tag-asta-ragnheidur-johannesdottir","tag-stjornarskra"],"yoast_head":"<!-- This site is optimized with the Yoast SEO plugin v27.5 - https:\/\/yoast.com\/product\/yoast-seo-wordpress\/ -->\n<title>\u00c1rni og \u00c1sta ein eftir \u00ed dau\u00f0asveitinni - Einar<\/title>\n<meta name=\"robots\" content=\"index, follow, max-snippet:-1, max-image-preview:large, max-video-preview:-1\" \/>\n<link rel=\"canonical\" href=\"https:\/\/www.norn.is\/einar\/2013\/03\/07\/arni-og-asta-ein-eftir-i-daudasveitinni\/\" \/>\n<meta property=\"og:locale\" content=\"is_IS\" \/>\n<meta property=\"og:type\" content=\"article\" \/>\n<meta property=\"og:title\" content=\"\u00c1rni og \u00c1sta ein eftir \u00ed dau\u00f0asveitinni - Einar\" \/>\n<meta property=\"og:description\" content=\"Samkv\u00e6mt\u00a0\u00feessari s\u00ed\u00f0u\u00a0hafa n\u00fa 30 \u00feingmenn l\u00fdst yfir a\u00f0 \u00feeir sty\u00f0ji stj\u00f3rnarskr\u00e1rfrumvarpi\u00f0. \u00a0\u00dea\u00f0 \u00fe\u00fd\u00f0ir a\u00f0 einungis \u00fearf tvo \u00ed vi\u00f0b\u00f3t til a\u00f0 frumvarpi\u00f0 ver\u00f0i sam\u00feykkt, \u00fe\u00f3tt allir a\u00f0rir grei\u00f0i atkv\u00e6\u00f0i gegn \u00fev\u00ed. \u00a0\u00c1 j\u00e1-listann vantar b\u00e6\u00f0i \u00c1rna P\u00e1l \u00c1rnason formann Samfylkingarinnar &hellip; Halda \u00e1fram a\u00f0 lesa &rarr;\" \/>\n<meta property=\"og:url\" content=\"https:\/\/www.norn.is\/einar\/2013\/03\/07\/arni-og-asta-ein-eftir-i-daudasveitinni\/\" \/>\n<meta property=\"og:site_name\" content=\"Einar\" \/>\n<meta property=\"article:published_time\" content=\"2013-03-07T07:51:26+00:00\" \/>\n<meta property=\"article:modified_time\" content=\"2017-09-24T11:03:27+00:00\" \/>\n<meta name=\"author\" content=\"einar\" \/>\n<meta name=\"twitter:card\" content=\"summary_large_image\" \/>\n<meta name=\"twitter:label1\" content=\"Written by\" \/>\n\t<meta name=\"twitter:data1\" content=\"\" \/>\n\t<meta name=\"twitter:label2\" content=\"Est. reading time\" \/>\n\t<meta name=\"twitter:data2\" content=\"1 minute\" \/>\n<script type=\"application\/ld+json\" class=\"yoast-schema-graph\">{\"@context\":\"https:\\\/\\\/schema.org\",\"@graph\":[{\"@type\":\"Article\",\"@id\":\"https:\\\/\\\/www.norn.is\\\/einar\\\/2013\\\/03\\\/07\\\/arni-og-asta-ein-eftir-i-daudasveitinni\\\/#article\",\"isPartOf\":{\"@id\":\"https:\\\/\\\/www.norn.is\\\/einar\\\/2013\\\/03\\\/07\\\/arni-og-asta-ein-eftir-i-daudasveitinni\\\/\"},\"author\":{\"name\":\"einar\",\"@id\":\"https:\\\/\\\/www.norn.is\\\/einar\\\/#\\\/schema\\\/person\\\/19affadb841a22f7bfd4bdcd72a862d0\"},\"headline\":\"\u00c1rni og \u00c1sta ein eftir \u00ed dau\u00f0asveitinni\",\"datePublished\":\"2013-03-07T07:51:26+00:00\",\"dateModified\":\"2017-09-24T11:03:27+00:00\",\"mainEntityOfPage\":{\"@id\":\"https:\\\/\\\/www.norn.is\\\/einar\\\/2013\\\/03\\\/07\\\/arni-og-asta-ein-eftir-i-daudasveitinni\\\/\"},\"wordCount\":130,\"commentCount\":0,\"keywords\":[\"\u00c1rni P\u00e1ll \u00c1rnason\",\"\u00c1sta Ragnhei\u00f0ur J\u00f3hannesd\u00f3ttir\",\"Stj\u00f3rnarskr\u00e1\"],\"articleSection\":[\"Allt efni\",\"L\u00fd\u00f0r\u00e6\u00f0ism\u00e1l og stj\u00f3rnarskr\u00e1\"],\"inLanguage\":\"is\",\"potentialAction\":[{\"@type\":\"CommentAction\",\"name\":\"Comment\",\"target\":[\"https:\\\/\\\/www.norn.is\\\/einar\\\/2013\\\/03\\\/07\\\/arni-og-asta-ein-eftir-i-daudasveitinni\\\/#respond\"]}]},{\"@type\":\"WebPage\",\"@id\":\"https:\\\/\\\/www.norn.is\\\/einar\\\/2013\\\/03\\\/07\\\/arni-og-asta-ein-eftir-i-daudasveitinni\\\/\",\"url\":\"https:\\\/\\\/www.norn.is\\\/einar\\\/2013\\\/03\\\/07\\\/arni-og-asta-ein-eftir-i-daudasveitinni\\\/\",\"name\":\"\u00c1rni og \u00c1sta ein eftir \u00ed dau\u00f0asveitinni - Einar\",\"isPartOf\":{\"@id\":\"https:\\\/\\\/www.norn.is\\\/einar\\\/#website\"},\"datePublished\":\"2013-03-07T07:51:26+00:00\",\"dateModified\":\"2017-09-24T11:03:27+00:00\",\"author\":{\"@id\":\"https:\\\/\\\/www.norn.is\\\/einar\\\/#\\\/schema\\\/person\\\/19affadb841a22f7bfd4bdcd72a862d0\"},\"breadcrumb\":{\"@id\":\"https:\\\/\\\/www.norn.is\\\/einar\\\/2013\\\/03\\\/07\\\/arni-og-asta-ein-eftir-i-daudasveitinni\\\/#breadcrumb\"},\"inLanguage\":\"is\",\"potentialAction\":[{\"@type\":\"ReadAction\",\"target\":[\"https:\\\/\\\/www.norn.is\\\/einar\\\/2013\\\/03\\\/07\\\/arni-og-asta-ein-eftir-i-daudasveitinni\\\/\"]}]},{\"@type\":\"BreadcrumbList\",\"@id\":\"https:\\\/\\\/www.norn.is\\\/einar\\\/2013\\\/03\\\/07\\\/arni-og-asta-ein-eftir-i-daudasveitinni\\\/#breadcrumb\",\"itemListElement\":[{\"@type\":\"ListItem\",\"position\":1,\"name\":\"Home\",\"item\":\"https:\\\/\\\/www.norn.is\\\/einar\\\/\"},{\"@type\":\"ListItem\",\"position\":2,\"name\":\"\u00c1rni og \u00c1sta ein eftir \u00ed dau\u00f0asveitinni\"}]},{\"@type\":\"WebSite\",\"@id\":\"https:\\\/\\\/www.norn.is\\\/einar\\\/#website\",\"url\":\"https:\\\/\\\/www.norn.is\\\/einar\\\/\",\"name\":\"Einar\",\"description\":\"Pistlar Einars Steingr\u00edmssonar\",\"potentialAction\":[{\"@type\":\"SearchAction\",\"target\":{\"@type\":\"EntryPoint\",\"urlTemplate\":\"https:\\\/\\\/www.norn.is\\\/einar\\\/?s={search_term_string}\"},\"query-input\":{\"@type\":\"PropertyValueSpecification\",\"valueRequired\":true,\"valueName\":\"search_term_string\"}}],\"inLanguage\":\"is\"},{\"@type\":\"Person\",\"@id\":\"https:\\\/\\\/www.norn.is\\\/einar\\\/#\\\/schema\\\/person\\\/19affadb841a22f7bfd4bdcd72a862d0\",\"name\":\"einar\",\"image\":{\"@type\":\"ImageObject\",\"inLanguage\":\"is\",\"@id\":\"https:\\\/\\\/secure.gravatar.com\\\/avatar\\\/6f5f5592f3cc45e338376db24f1672c636582d9c27d855e8f077f13ef13b17fd?s=96&d=mm&r=g\",\"url\":\"https:\\\/\\\/secure.gravatar.com\\\/avatar\\\/6f5f5592f3cc45e338376db24f1672c636582d9c27d855e8f077f13ef13b17fd?s=96&d=mm&r=g\",\"contentUrl\":\"https:\\\/\\\/secure.gravatar.com\\\/avatar\\\/6f5f5592f3cc45e338376db24f1672c636582d9c27d855e8f077f13ef13b17fd?s=96&d=mm&r=g\",\"caption\":\"einar\"},\"url\":\"https:\\\/\\\/www.norn.is\\\/einar\\\/author\\\/einarsteingrimsson\\\/\"}]}<\/script>\n<!-- \/ Yoast SEO plugin. -->","yoast_head_json":{"title":"\u00c1rni og \u00c1sta ein eftir \u00ed dau\u00f0asveitinni - Einar","robots":{"index":"index","follow":"follow","max-snippet":"max-snippet:-1","max-image-preview":"max-image-preview:large","max-video-preview":"max-video-preview:-1"},"canonical":"https:\/\/www.norn.is\/einar\/2013\/03\/07\/arni-og-asta-ein-eftir-i-daudasveitinni\/","og_locale":"is_IS","og_type":"article","og_title":"\u00c1rni og \u00c1sta ein eftir \u00ed dau\u00f0asveitinni - Einar","og_description":"Samkv\u00e6mt\u00a0\u00feessari s\u00ed\u00f0u\u00a0hafa n\u00fa 30 \u00feingmenn l\u00fdst yfir a\u00f0 \u00feeir sty\u00f0ji stj\u00f3rnarskr\u00e1rfrumvarpi\u00f0. \u00a0\u00dea\u00f0 \u00fe\u00fd\u00f0ir a\u00f0 einungis \u00fearf tvo \u00ed vi\u00f0b\u00f3t til a\u00f0 frumvarpi\u00f0 ver\u00f0i sam\u00feykkt, \u00fe\u00f3tt allir a\u00f0rir grei\u00f0i atkv\u00e6\u00f0i gegn \u00fev\u00ed. \u00a0\u00c1 j\u00e1-listann vantar b\u00e6\u00f0i \u00c1rna P\u00e1l \u00c1rnason formann Samfylkingarinnar &hellip; Halda \u00e1fram a\u00f0 lesa &rarr;","og_url":"https:\/\/www.norn.is\/einar\/2013\/03\/07\/arni-og-asta-ein-eftir-i-daudasveitinni\/","og_site_name":"Einar","article_published_time":"2013-03-07T07:51:26+00:00","article_modified_time":"2017-09-24T11:03:27+00:00","author":"einar","twitter_card":"summary_large_image","twitter_misc":{"Written by":false,"Est. reading time":"1 minute"},"schema":{"@context":"https:\/\/schema.org","@graph":[{"@type":"Article","@id":"https:\/\/www.norn.is\/einar\/2013\/03\/07\/arni-og-asta-ein-eftir-i-daudasveitinni\/#article","isPartOf":{"@id":"https:\/\/www.norn.is\/einar\/2013\/03\/07\/arni-og-asta-ein-eftir-i-daudasveitinni\/"},"author":{"name":"einar","@id":"https:\/\/www.norn.is\/einar\/#\/schema\/person\/19affadb841a22f7bfd4bdcd72a862d0"},"headline":"\u00c1rni og \u00c1sta ein eftir \u00ed dau\u00f0asveitinni","datePublished":"2013-03-07T07:51:26+00:00","dateModified":"2017-09-24T11:03:27+00:00","mainEntityOfPage":{"@id":"https:\/\/www.norn.is\/einar\/2013\/03\/07\/arni-og-asta-ein-eftir-i-daudasveitinni\/"},"wordCount":130,"commentCount":0,"keywords":["\u00c1rni P\u00e1ll \u00c1rnason","\u00c1sta Ragnhei\u00f0ur J\u00f3hannesd\u00f3ttir","Stj\u00f3rnarskr\u00e1"],"articleSection":["Allt efni","L\u00fd\u00f0r\u00e6\u00f0ism\u00e1l og stj\u00f3rnarskr\u00e1"],"inLanguage":"is","potentialAction":[{"@type":"CommentAction","name":"Comment","target":["https:\/\/www.norn.is\/einar\/2013\/03\/07\/arni-og-asta-ein-eftir-i-daudasveitinni\/#respond"]}]},{"@type":"WebPage","@id":"https:\/\/www.norn.is\/einar\/2013\/03\/07\/arni-og-asta-ein-eftir-i-daudasveitinni\/","url":"https:\/\/www.norn.is\/einar\/2013\/03\/07\/arni-og-asta-ein-eftir-i-daudasveitinni\/","name":"\u00c1rni og \u00c1sta ein eftir \u00ed dau\u00f0asveitinni - Einar","isPartOf":{"@id":"https:\/\/www.norn.is\/einar\/#website"},"datePublished":"2013-03-07T07:51:26+00:00","dateModified":"2017-09-24T11:03:27+00:00","author":{"@id":"https:\/\/www.norn.is\/einar\/#\/schema\/person\/19affadb841a22f7bfd4bdcd72a862d0"},"breadcrumb":{"@id":"https:\/\/www.norn.is\/einar\/2013\/03\/07\/arni-og-asta-ein-eftir-i-daudasveitinni\/#breadcrumb"},"inLanguage":"is","potentialAction":[{"@type":"ReadAction","target":["https:\/\/www.norn.is\/einar\/2013\/03\/07\/arni-og-asta-ein-eftir-i-daudasveitinni\/"]}]},{"@type":"BreadcrumbList","@id":"https:\/\/www.norn.is\/einar\/2013\/03\/07\/arni-og-asta-ein-eftir-i-daudasveitinni\/#breadcrumb","itemListElement":[{"@type":"ListItem","position":1,"name":"Home","item":"https:\/\/www.norn.is\/einar\/"},{"@type":"ListItem","position":2,"name":"\u00c1rni og \u00c1sta ein eftir \u00ed dau\u00f0asveitinni"}]},{"@type":"WebSite","@id":"https:\/\/www.norn.is\/einar\/#website","url":"https:\/\/www.norn.is\/einar\/","name":"Einar","description":"Pistlar Einars Steingr\u00edmssonar","potentialAction":[{"@type":"SearchAction","target":{"@type":"EntryPoint","urlTemplate":"https:\/\/www.norn.is\/einar\/?s={search_term_string}"},"query-input":{"@type":"PropertyValueSpecification","valueRequired":true,"valueName":"search_term_string"}}],"inLanguage":"is"},{"@type":"Person","@id":"https:\/\/www.norn.is\/einar\/#\/schema\/person\/19affadb841a22f7bfd4bdcd72a862d0","name":"einar","image":{"@type":"ImageObject","inLanguage":"is","@id":"https:\/\/secure.gravatar.com\/avatar\/6f5f5592f3cc45e338376db24f1672c636582d9c27d855e8f077f13ef13b17fd?s=96&d=mm&r=g","url":"https:\/\/secure.gravatar.com\/avatar\/6f5f5592f3cc45e338376db24f1672c636582d9c27d855e8f077f13ef13b17fd?s=96&d=mm&r=g","contentUrl":"https:\/\/secure.gravatar.com\/avatar\/6f5f5592f3cc45e338376db24f1672c636582d9c27d855e8f077f13ef13b17fd?s=96&d=mm&r=g","caption":"einar"},"url":"https:\/\/www.norn.is\/einar\/author\/einarsteingrimsson\/"}]}},"_links":{"self":[{"href":"https:\/\/www.norn.is\/einar\/wp-json\/wp\/v2\/posts\/379","targetHints":{"allow":["GET"]}}],"collection":[{"href":"https:\/\/www.norn.is\/einar\/wp-json\/wp\/v2\/posts"}],"about":[{"href":"https:\/\/www.norn.is\/einar\/wp-json\/wp\/v2\/types\/post"}],"author":[{"embeddable":true,"href":"https:\/\/www.norn.is\/einar\/wp-json\/wp\/v2\/users\/10"}],"replies":[{"embeddable":true,"href":"https:\/\/www.norn.is\/einar\/wp-json\/wp\/v2\/comments?post=379"}],"version-history":[{"count":1,"href":"https:\/\/www.norn.is\/einar\/wp-json\/wp\/v2\/posts\/379\/revisions"}],"predecessor-version":[{"id":380,"href":"https:\/\/www.norn.is\/einar\/wp-json\/wp\/v2\/posts\/379\/revisions\/380"}],"wp:attachment":[{"href":"https:\/\/www.norn.is\/einar\/wp-json\/wp\/v2\/media?parent=379"}],"wp:term":[{"taxonomy":"category","embeddable":true,"href":"https:\/\/www.norn.is\/einar\/wp-json\/wp\/v2\/categories?post=379"},{"taxonomy":"post_tag","embeddable":true,"href":"https:\/\/www.norn.is\/einar\/wp-json\/wp\/v2\/tags?post=379"}],"curies":[{"name":"wp","href":"https:\/\/api.w.org\/{rel}","templated":true}]}}