{"id":377,"date":"2013-03-06T07:49:39","date_gmt":"2013-03-06T07:49:39","guid":{"rendered":"http:\/\/www.norn.is\/einar\/?p=377"},"modified":"2017-09-24T11:03:27","modified_gmt":"2017-09-24T11:03:27","slug":"opid-bref-til-katrinar-jakobsdottur","status":"publish","type":"post","link":"https:\/\/www.norn.is\/einar\/2013\/03\/06\/opid-bref-til-katrinar-jakobsdottur\/","title":{"rendered":"Opi\u00f0 br\u00e9f til Katr\u00ednar Jakobsd\u00f3ttur"},"content":{"rendered":"<div>Eftirfarandi p\u00f3st sendi \u00e9g Katr\u00ednu Jakobsd\u00f3ttur, r\u00e1\u00f0herra og formanni VG, fyrr \u00ed dag.<\/div>\n<div><\/div>\n<div>_______________________________________________<\/div>\n<div><\/div>\n<div>S\u00e6l Katr\u00edn<\/div>\n<div><\/div>\n<div>S\u00e9 \u00fea\u00f0 r\u00e9tt, sem sagt er \u00ed \u00feessari fr\u00e9tt,\u00a0<a href=\"http:\/\/eyjan.pressan.is\/frettir\/2013\/03\/06\/stjornarflokkarnir-reyna-ad-skera-a-hnutinn-i-stjornarskrarmali-ny-tillaga-logd-fram-i-dag\/\" target=\"_blank\" rel=\"noopener\">http:\/\/eyjan.pressan.is\/frettir\/2013\/03\/06\/stjornarflokkarnir-reyna-ad-skera-a-hnutinn-i-stjornarskrarmali-ny-tillaga-logd-fram-i-dag\/<\/a>, \u00fe\u00e1 er \u00fea\u00f0 lj\u00f3tt a\u00f0 heyra:<\/div>\n<p><!--more--><\/p>\n<div><\/div>\n<blockquote><p>Forma\u00f0ur Samfylkingarinnar leggur fram \u00e1 Al\u00feingi \u00ed dag \u00e1samt Katr\u00ednu Jakobsd\u00f3ttur formanni VG og Gu\u00f0mundi Steingr\u00edmssyni formanni Bjartrar framt\u00ed\u00f0ar frumvarp til breytingar \u00e1 stj\u00f3rnarskr\u00e1 sem heimilar stj\u00f3rnarskr\u00e1rbreytingar \u00e1 n\u00e6sta kj\u00f6rt\u00edmabili og till\u00f6gu til \u00feings\u00e1lyktunar um a\u00f0 heildarendursko\u00f0un stj\u00f3rnarskr\u00e1rinnar \u00e1 grundvelli tillagna stj\u00f3rnlagar\u00e1\u00f0s ver\u00f0i loki\u00f0 \u00e1 70 \u00e1ra afm\u00e6li l\u00fd\u00f0veldisins \u00e1ri\u00f0 2014.<\/p><\/blockquote>\n<div><\/div>\n<div>\u00de\u00fa veist, eins og a\u00f0rir \u00e1 \u00feingi, a\u00f0 n\u00faverandi \u00feingmenn geta me\u00f0 engum h\u00e6tti bundi\u00f0 n\u00e6sta \u00feing til a\u00f0 gera nokkurn skapa\u00f0an hlut. \u00a0Auk \u00feess viti\u00f0 \u00fei\u00f0 vel a\u00f0 \u00fea\u00f0 eru talsver\u00f0ar l\u00edkur \u00e1 a\u00f0 Sj\u00e1lfst\u00e6\u00f0isflokki og Frams\u00f3kn ver\u00f0i \u00ed l\u00f3fa lagi\u00f0 a\u00f0 koma \u00ed veg fyrir allar \u00a0breytingar \u00e1 stj\u00f3rnarskr\u00e1 \u00e1 n\u00e6sta \u00feingi. \u00a0Me\u00f0 \u00feessari till\u00f6gu eru\u00f0 \u00fei\u00f0 \u00fev\u00ed bara a\u00f0 senda b\u00e6naskjal til afturhaldsaflanna um a\u00f0 vera n\u00fa svo hugguleg a\u00f0 gefa okkur n\u00fdja og fallega stj\u00f3rnarskr\u00e1, \u00ed l\u00edtilmannlegri tilraun til a\u00f0 brei\u00f0a yfir eigin svik.<\/div>\n<div><\/div>\n<div>\u00deetta eru ekki bara svik vi\u00f0 vilja yfirgn\u00e6fandi meirihluta kj\u00f3senda, og \u00fe\u00e1 s\u00e9rstaklega \u00feeirra sem hafa sett traust sitt \u00e1 ykkur \u00ed stj\u00f3rnarflokkunum. \u00a0\u00deetta er l\u00edka einhver versta \u00fej\u00f3nkun sem lengi hefur s\u00e9st vi\u00f0 \u00fe\u00e6r valdakl\u00edkur sem r\u00e1\u00f0a l\u00f6gum og lofum \u00ed landinu, \u00fev\u00ed allir vita a\u00f0 \u00fea\u00f0 eru \u00fe\u00e6r sem berjast me\u00f0 kjafti og kl\u00f3m gegn \u00fev\u00ed a\u00f0 n\u00fd stj\u00f3rnarskr\u00e1 ver\u00f0i sam\u00feykkt, og af skiljanlegum \u00e1st\u00e6\u00f0um.<\/div>\n<div><\/div>\n<div>Margir hafa bundi\u00f0 vonir vi\u00f0 \u00feig sem stj\u00f3rnm\u00e1lalei\u00f0toga, af \u00fev\u00ed a\u00f0 \u00feeir h\u00e9ldu a\u00f0 \u00fe\u00fa v\u00e6rir hreinskiptin og hei\u00f0arleg og settir almannahag ofar hagsmunum au\u00f0s og valds. \u00a0Vonbrig\u00f0i \u00feeirra eru v\u00e6ntanlega mikil \u00feegar \u00fe\u00fa l\u00e6tur \u00fea\u00f0 ver\u00f0a eitt \u00feitt fyrsta verk sem formanns VG a\u00f0 taka \u00fe\u00e1tt \u00ed a\u00f0 murka l\u00edfi\u00f0 \u00far \u00feeirri stj\u00f3rnarskr\u00e1 sem almenningur hefur s\u00fdnt svo \u00f3tv\u00edr\u00e6tt a\u00f0 hann vill a\u00f0 ver\u00f0i sam\u00feykkt. \u00a0Ekki b\u00e6tir \u00far sk\u00e1k a\u00f0 \u00fei\u00f0 \u00e6tli\u00f0 svo a\u00f0 skila hr\u00e6inu til afturhaldsaflanna til dysjunar og reyna \u00feannig a\u00f0 \u00fevo hendur ykkar af \u00f3d\u00e6\u00f0inu.<\/div>\n<div><\/div>\n<div>\u00c9g vona a\u00f0 \u00fe\u00fa sj\u00e1ir a\u00f0 \u00fe\u00e9r, og beitir \u00fe\u00e9r einar\u00f0lega fyrir \u00fev\u00ed a\u00f0 stj\u00f3rnarskr\u00e1rfrumvarpi\u00f0 ver\u00f0i sam\u00feykkt \u00ed heild sinni.<\/div>\n<div><\/div>\n<div>Kve\u00f0jur,<\/div>\n<div><\/div>\n<div>Einar Steingr\u00edmsson<\/div>\n","protected":false},"excerpt":{"rendered":"<p>Eftirfarandi p\u00f3st sendi \u00e9g Katr\u00ednu Jakobsd\u00f3ttur, r\u00e1\u00f0herra og formanni VG, fyrr \u00ed dag. _______________________________________________ S\u00e6l Katr\u00edn S\u00e9 \u00fea\u00f0 r\u00e9tt, sem sagt er \u00ed \u00feessari fr\u00e9tt,\u00a0http:\/\/eyjan.pressan.is\/frettir\/2013\/03\/06\/stjornarflokkarnir-reyna-ad-skera-a-hnutinn-i-stjornarskrarmali-ny-tillaga-logd-fram-i-dag\/, \u00fe\u00e1 er \u00fea\u00f0 lj\u00f3tt a\u00f0 heyra:<\/p>\n","protected":false},"author":10,"featured_media":0,"comment_status":"open","ping_status":"open","sticky":false,"template":"","format":"standard","meta":{"footnotes":""},"categories":[1,43],"tags":[72,477,270,294],"class_list":["post-377","post","type-post","status-publish","format-standard","hentry","category-oflokkad","category-lydraedismal-og-stjornarskra","tag-katrin-jakobsdottir","tag-opid-bref","tag-stjornarskra","tag-vinstri-graen"],"yoast_head":"<!-- This site is optimized with the Yoast SEO plugin v27.5 - https:\/\/yoast.com\/product\/yoast-seo-wordpress\/ -->\n<title>Opi\u00f0 br\u00e9f til Katr\u00ednar Jakobsd\u00f3ttur - Einar<\/title>\n<meta name=\"robots\" content=\"index, follow, max-snippet:-1, max-image-preview:large, max-video-preview:-1\" \/>\n<link rel=\"canonical\" href=\"https:\/\/www.norn.is\/einar\/2013\/03\/06\/opid-bref-til-katrinar-jakobsdottur\/\" \/>\n<meta property=\"og:locale\" content=\"is_IS\" \/>\n<meta property=\"og:type\" content=\"article\" \/>\n<meta property=\"og:title\" content=\"Opi\u00f0 br\u00e9f til Katr\u00ednar Jakobsd\u00f3ttur - Einar\" \/>\n<meta property=\"og:description\" content=\"Eftirfarandi p\u00f3st sendi \u00e9g Katr\u00ednu Jakobsd\u00f3ttur, r\u00e1\u00f0herra og formanni VG, fyrr \u00ed dag. _______________________________________________ S\u00e6l Katr\u00edn S\u00e9 \u00fea\u00f0 r\u00e9tt, sem sagt er \u00ed \u00feessari fr\u00e9tt,\u00a0http:\/\/eyjan.pressan.is\/frettir\/2013\/03\/06\/stjornarflokkarnir-reyna-ad-skera-a-hnutinn-i-stjornarskrarmali-ny-tillaga-logd-fram-i-dag\/, \u00fe\u00e1 er \u00fea\u00f0 lj\u00f3tt a\u00f0 heyra:\" \/>\n<meta property=\"og:url\" content=\"https:\/\/www.norn.is\/einar\/2013\/03\/06\/opid-bref-til-katrinar-jakobsdottur\/\" \/>\n<meta property=\"og:site_name\" content=\"Einar\" \/>\n<meta property=\"article:published_time\" content=\"2013-03-06T07:49:39+00:00\" \/>\n<meta property=\"article:modified_time\" content=\"2017-09-24T11:03:27+00:00\" \/>\n<meta name=\"author\" content=\"einar\" \/>\n<meta name=\"twitter:card\" content=\"summary_large_image\" \/>\n<meta name=\"twitter:label1\" content=\"Written by\" \/>\n\t<meta name=\"twitter:data1\" content=\"\" \/>\n\t<meta name=\"twitter:label2\" content=\"Est. reading time\" \/>\n\t<meta name=\"twitter:data2\" content=\"2 minutes\" \/>\n<script type=\"application\/ld+json\" class=\"yoast-schema-graph\">{\"@context\":\"https:\\\/\\\/schema.org\",\"@graph\":[{\"@type\":\"Article\",\"@id\":\"https:\\\/\\\/www.norn.is\\\/einar\\\/2013\\\/03\\\/06\\\/opid-bref-til-katrinar-jakobsdottur\\\/#article\",\"isPartOf\":{\"@id\":\"https:\\\/\\\/www.norn.is\\\/einar\\\/2013\\\/03\\\/06\\\/opid-bref-til-katrinar-jakobsdottur\\\/\"},\"author\":{\"name\":\"einar\",\"@id\":\"https:\\\/\\\/www.norn.is\\\/einar\\\/#\\\/schema\\\/person\\\/19affadb841a22f7bfd4bdcd72a862d0\"},\"headline\":\"Opi\u00f0 br\u00e9f til Katr\u00ednar Jakobsd\u00f3ttur\",\"datePublished\":\"2013-03-06T07:49:39+00:00\",\"dateModified\":\"2017-09-24T11:03:27+00:00\",\"mainEntityOfPage\":{\"@id\":\"https:\\\/\\\/www.norn.is\\\/einar\\\/2013\\\/03\\\/06\\\/opid-bref-til-katrinar-jakobsdottur\\\/\"},\"wordCount\":432,\"commentCount\":0,\"keywords\":[\"Katr\u00edn Jakobsd\u00f3ttir\",\"Opi\u00f0 br\u00e9f\",\"Stj\u00f3rnarskr\u00e1\",\"Vinstri Gr\u00e6n\"],\"articleSection\":[\"Allt efni\",\"L\u00fd\u00f0r\u00e6\u00f0ism\u00e1l og stj\u00f3rnarskr\u00e1\"],\"inLanguage\":\"is\",\"potentialAction\":[{\"@type\":\"CommentAction\",\"name\":\"Comment\",\"target\":[\"https:\\\/\\\/www.norn.is\\\/einar\\\/2013\\\/03\\\/06\\\/opid-bref-til-katrinar-jakobsdottur\\\/#respond\"]}]},{\"@type\":\"WebPage\",\"@id\":\"https:\\\/\\\/www.norn.is\\\/einar\\\/2013\\\/03\\\/06\\\/opid-bref-til-katrinar-jakobsdottur\\\/\",\"url\":\"https:\\\/\\\/www.norn.is\\\/einar\\\/2013\\\/03\\\/06\\\/opid-bref-til-katrinar-jakobsdottur\\\/\",\"name\":\"Opi\u00f0 br\u00e9f til Katr\u00ednar Jakobsd\u00f3ttur - Einar\",\"isPartOf\":{\"@id\":\"https:\\\/\\\/www.norn.is\\\/einar\\\/#website\"},\"datePublished\":\"2013-03-06T07:49:39+00:00\",\"dateModified\":\"2017-09-24T11:03:27+00:00\",\"author\":{\"@id\":\"https:\\\/\\\/www.norn.is\\\/einar\\\/#\\\/schema\\\/person\\\/19affadb841a22f7bfd4bdcd72a862d0\"},\"breadcrumb\":{\"@id\":\"https:\\\/\\\/www.norn.is\\\/einar\\\/2013\\\/03\\\/06\\\/opid-bref-til-katrinar-jakobsdottur\\\/#breadcrumb\"},\"inLanguage\":\"is\",\"potentialAction\":[{\"@type\":\"ReadAction\",\"target\":[\"https:\\\/\\\/www.norn.is\\\/einar\\\/2013\\\/03\\\/06\\\/opid-bref-til-katrinar-jakobsdottur\\\/\"]}]},{\"@type\":\"BreadcrumbList\",\"@id\":\"https:\\\/\\\/www.norn.is\\\/einar\\\/2013\\\/03\\\/06\\\/opid-bref-til-katrinar-jakobsdottur\\\/#breadcrumb\",\"itemListElement\":[{\"@type\":\"ListItem\",\"position\":1,\"name\":\"Home\",\"item\":\"https:\\\/\\\/www.norn.is\\\/einar\\\/\"},{\"@type\":\"ListItem\",\"position\":2,\"name\":\"Opi\u00f0 br\u00e9f til Katr\u00ednar Jakobsd\u00f3ttur\"}]},{\"@type\":\"WebSite\",\"@id\":\"https:\\\/\\\/www.norn.is\\\/einar\\\/#website\",\"url\":\"https:\\\/\\\/www.norn.is\\\/einar\\\/\",\"name\":\"Einar\",\"description\":\"Pistlar Einars Steingr\u00edmssonar\",\"potentialAction\":[{\"@type\":\"SearchAction\",\"target\":{\"@type\":\"EntryPoint\",\"urlTemplate\":\"https:\\\/\\\/www.norn.is\\\/einar\\\/?s={search_term_string}\"},\"query-input\":{\"@type\":\"PropertyValueSpecification\",\"valueRequired\":true,\"valueName\":\"search_term_string\"}}],\"inLanguage\":\"is\"},{\"@type\":\"Person\",\"@id\":\"https:\\\/\\\/www.norn.is\\\/einar\\\/#\\\/schema\\\/person\\\/19affadb841a22f7bfd4bdcd72a862d0\",\"name\":\"einar\",\"image\":{\"@type\":\"ImageObject\",\"inLanguage\":\"is\",\"@id\":\"https:\\\/\\\/secure.gravatar.com\\\/avatar\\\/6f5f5592f3cc45e338376db24f1672c636582d9c27d855e8f077f13ef13b17fd?s=96&d=mm&r=g\",\"url\":\"https:\\\/\\\/secure.gravatar.com\\\/avatar\\\/6f5f5592f3cc45e338376db24f1672c636582d9c27d855e8f077f13ef13b17fd?s=96&d=mm&r=g\",\"contentUrl\":\"https:\\\/\\\/secure.gravatar.com\\\/avatar\\\/6f5f5592f3cc45e338376db24f1672c636582d9c27d855e8f077f13ef13b17fd?s=96&d=mm&r=g\",\"caption\":\"einar\"},\"url\":\"https:\\\/\\\/www.norn.is\\\/einar\\\/author\\\/einarsteingrimsson\\\/\"}]}<\/script>\n<!-- \/ Yoast SEO plugin. -->","yoast_head_json":{"title":"Opi\u00f0 br\u00e9f til Katr\u00ednar Jakobsd\u00f3ttur - Einar","robots":{"index":"index","follow":"follow","max-snippet":"max-snippet:-1","max-image-preview":"max-image-preview:large","max-video-preview":"max-video-preview:-1"},"canonical":"https:\/\/www.norn.is\/einar\/2013\/03\/06\/opid-bref-til-katrinar-jakobsdottur\/","og_locale":"is_IS","og_type":"article","og_title":"Opi\u00f0 br\u00e9f til Katr\u00ednar Jakobsd\u00f3ttur - Einar","og_description":"Eftirfarandi p\u00f3st sendi \u00e9g Katr\u00ednu Jakobsd\u00f3ttur, r\u00e1\u00f0herra og formanni VG, fyrr \u00ed dag. _______________________________________________ S\u00e6l Katr\u00edn S\u00e9 \u00fea\u00f0 r\u00e9tt, sem sagt er \u00ed \u00feessari fr\u00e9tt,\u00a0http:\/\/eyjan.pressan.is\/frettir\/2013\/03\/06\/stjornarflokkarnir-reyna-ad-skera-a-hnutinn-i-stjornarskrarmali-ny-tillaga-logd-fram-i-dag\/, \u00fe\u00e1 er \u00fea\u00f0 lj\u00f3tt a\u00f0 heyra:","og_url":"https:\/\/www.norn.is\/einar\/2013\/03\/06\/opid-bref-til-katrinar-jakobsdottur\/","og_site_name":"Einar","article_published_time":"2013-03-06T07:49:39+00:00","article_modified_time":"2017-09-24T11:03:27+00:00","author":"einar","twitter_card":"summary_large_image","twitter_misc":{"Written by":false,"Est. reading time":"2 minutes"},"schema":{"@context":"https:\/\/schema.org","@graph":[{"@type":"Article","@id":"https:\/\/www.norn.is\/einar\/2013\/03\/06\/opid-bref-til-katrinar-jakobsdottur\/#article","isPartOf":{"@id":"https:\/\/www.norn.is\/einar\/2013\/03\/06\/opid-bref-til-katrinar-jakobsdottur\/"},"author":{"name":"einar","@id":"https:\/\/www.norn.is\/einar\/#\/schema\/person\/19affadb841a22f7bfd4bdcd72a862d0"},"headline":"Opi\u00f0 br\u00e9f til Katr\u00ednar Jakobsd\u00f3ttur","datePublished":"2013-03-06T07:49:39+00:00","dateModified":"2017-09-24T11:03:27+00:00","mainEntityOfPage":{"@id":"https:\/\/www.norn.is\/einar\/2013\/03\/06\/opid-bref-til-katrinar-jakobsdottur\/"},"wordCount":432,"commentCount":0,"keywords":["Katr\u00edn Jakobsd\u00f3ttir","Opi\u00f0 br\u00e9f","Stj\u00f3rnarskr\u00e1","Vinstri Gr\u00e6n"],"articleSection":["Allt efni","L\u00fd\u00f0r\u00e6\u00f0ism\u00e1l og stj\u00f3rnarskr\u00e1"],"inLanguage":"is","potentialAction":[{"@type":"CommentAction","name":"Comment","target":["https:\/\/www.norn.is\/einar\/2013\/03\/06\/opid-bref-til-katrinar-jakobsdottur\/#respond"]}]},{"@type":"WebPage","@id":"https:\/\/www.norn.is\/einar\/2013\/03\/06\/opid-bref-til-katrinar-jakobsdottur\/","url":"https:\/\/www.norn.is\/einar\/2013\/03\/06\/opid-bref-til-katrinar-jakobsdottur\/","name":"Opi\u00f0 br\u00e9f til Katr\u00ednar Jakobsd\u00f3ttur - Einar","isPartOf":{"@id":"https:\/\/www.norn.is\/einar\/#website"},"datePublished":"2013-03-06T07:49:39+00:00","dateModified":"2017-09-24T11:03:27+00:00","author":{"@id":"https:\/\/www.norn.is\/einar\/#\/schema\/person\/19affadb841a22f7bfd4bdcd72a862d0"},"breadcrumb":{"@id":"https:\/\/www.norn.is\/einar\/2013\/03\/06\/opid-bref-til-katrinar-jakobsdottur\/#breadcrumb"},"inLanguage":"is","potentialAction":[{"@type":"ReadAction","target":["https:\/\/www.norn.is\/einar\/2013\/03\/06\/opid-bref-til-katrinar-jakobsdottur\/"]}]},{"@type":"BreadcrumbList","@id":"https:\/\/www.norn.is\/einar\/2013\/03\/06\/opid-bref-til-katrinar-jakobsdottur\/#breadcrumb","itemListElement":[{"@type":"ListItem","position":1,"name":"Home","item":"https:\/\/www.norn.is\/einar\/"},{"@type":"ListItem","position":2,"name":"Opi\u00f0 br\u00e9f til Katr\u00ednar Jakobsd\u00f3ttur"}]},{"@type":"WebSite","@id":"https:\/\/www.norn.is\/einar\/#website","url":"https:\/\/www.norn.is\/einar\/","name":"Einar","description":"Pistlar Einars Steingr\u00edmssonar","potentialAction":[{"@type":"SearchAction","target":{"@type":"EntryPoint","urlTemplate":"https:\/\/www.norn.is\/einar\/?s={search_term_string}"},"query-input":{"@type":"PropertyValueSpecification","valueRequired":true,"valueName":"search_term_string"}}],"inLanguage":"is"},{"@type":"Person","@id":"https:\/\/www.norn.is\/einar\/#\/schema\/person\/19affadb841a22f7bfd4bdcd72a862d0","name":"einar","image":{"@type":"ImageObject","inLanguage":"is","@id":"https:\/\/secure.gravatar.com\/avatar\/6f5f5592f3cc45e338376db24f1672c636582d9c27d855e8f077f13ef13b17fd?s=96&d=mm&r=g","url":"https:\/\/secure.gravatar.com\/avatar\/6f5f5592f3cc45e338376db24f1672c636582d9c27d855e8f077f13ef13b17fd?s=96&d=mm&r=g","contentUrl":"https:\/\/secure.gravatar.com\/avatar\/6f5f5592f3cc45e338376db24f1672c636582d9c27d855e8f077f13ef13b17fd?s=96&d=mm&r=g","caption":"einar"},"url":"https:\/\/www.norn.is\/einar\/author\/einarsteingrimsson\/"}]}},"_links":{"self":[{"href":"https:\/\/www.norn.is\/einar\/wp-json\/wp\/v2\/posts\/377","targetHints":{"allow":["GET"]}}],"collection":[{"href":"https:\/\/www.norn.is\/einar\/wp-json\/wp\/v2\/posts"}],"about":[{"href":"https:\/\/www.norn.is\/einar\/wp-json\/wp\/v2\/types\/post"}],"author":[{"embeddable":true,"href":"https:\/\/www.norn.is\/einar\/wp-json\/wp\/v2\/users\/10"}],"replies":[{"embeddable":true,"href":"https:\/\/www.norn.is\/einar\/wp-json\/wp\/v2\/comments?post=377"}],"version-history":[{"count":1,"href":"https:\/\/www.norn.is\/einar\/wp-json\/wp\/v2\/posts\/377\/revisions"}],"predecessor-version":[{"id":378,"href":"https:\/\/www.norn.is\/einar\/wp-json\/wp\/v2\/posts\/377\/revisions\/378"}],"wp:attachment":[{"href":"https:\/\/www.norn.is\/einar\/wp-json\/wp\/v2\/media?parent=377"}],"wp:term":[{"taxonomy":"category","embeddable":true,"href":"https:\/\/www.norn.is\/einar\/wp-json\/wp\/v2\/categories?post=377"},{"taxonomy":"post_tag","embeddable":true,"href":"https:\/\/www.norn.is\/einar\/wp-json\/wp\/v2\/tags?post=377"}],"curies":[{"name":"wp","href":"https:\/\/api.w.org\/{rel}","templated":true}]}}