{"id":375,"date":"2013-03-06T07:48:06","date_gmt":"2013-03-06T07:48:06","guid":{"rendered":"http:\/\/www.norn.is\/einar\/?p=375"},"modified":"2017-09-24T11:03:27","modified_gmt":"2017-09-24T11:03:27","slug":"thingmadur-lygur","status":"publish","type":"post","link":"https:\/\/www.norn.is\/einar\/2013\/03\/06\/thingmadur-lygur\/","title":{"rendered":"\u00deingma\u00f0ur l\u00fdgur"},"content":{"rendered":"<div>Allir \u00feingmenn vita a\u00f0 hendur n\u00e6sta Al\u00feingis ver\u00f0a ekki bundnar \u00e1 nokkurn h\u00e1tt (umfram \u00fea\u00f0 sem gildandi stj\u00f3rnarskr\u00e1 gerir hverju sinni). \u00a0\u00deess vegna er varla h\u00e6gt a\u00f0 l\u00edta \u00e1 \u00fea\u00f0 sem anna\u00f0 en einsk\u00e6ra lygi \u00feegar Magn\u00fas Orri Schram heldur fram a\u00f0 h\u00e6gt s\u00e9 a\u00f0 \u201ekve\u00f0a \u00e1 um\u201c anna\u00f0 eins og hann\u00a0<a href=\"http:\/\/blog.pressan.is\/magnusorri\/2013\/03\/06\/hvad-nu-2\/\">gerir h\u00e9r:<\/a><\/div>\n<p><!--more--><\/p>\n<div><\/div>\n<blockquote>\n<div>M\u00e1lami\u00f0lun formanns Samfylkingar byggir \u00e1 rauns\u00e6ju mati \u00e1 st\u00f6\u00f0u stj\u00f3rnarskr\u00e1rinnar. Me\u00f0 henni ver\u00f0ur kve\u00f0i\u00f0 \u00e1 um eignarhald \u00fej\u00f3\u00f0arinnar \u00e1 au\u00f0lindum s\u00ednum, auki\u00f0 v\u00e6gi beins l\u00fd\u00f0r\u00e6\u00f0is \u00ed gegnum \u00fej\u00f3\u00f0aratkv\u00e6\u00f0agrei\u00f0slur, \u00a0og a\u00f0 verkefninu um endursko\u00f0un stj\u00f3rnarskr\u00e1r ver\u00f0i tryggt framhaldsl\u00edf \u00e1 n\u00e6sta kj\u00f6rt\u00edmabili.<\/div>\n<\/blockquote>\n<div><\/div>\n<div>Auk \u00feess a\u00f0 ekki er h\u00e6gt a\u00f0 binda hendur Al\u00feingis \u00e1 n\u00e6sta kj\u00f6rt\u00edmabili er au\u00f0vita\u00f0 ekki heldur \u00e1 hreinu hva\u00f0a f\u00f3lk mun sitja \u00e1 \u00fev\u00ed \u00feingi, og t\u00f3mt m\u00e1l a\u00f0 tala um a\u00f0 n\u00faverandi \u00feingmenn geti bundi\u00f0 hendur \u00feeirra sem \u00e1 eftir koma.<\/div>\n<div><\/div>\n<div>Magn\u00fas er ekki einn um \u00feetta; fleiri stj\u00f3rnarli\u00f0ar, me\u00f0 formann Samfylkingar \u00ed fararbroddi, hafa tala\u00f0 um \u201em\u00e1lami\u00f0lun\u201c sem gangi \u00fat \u00e1 \u00feetta.<\/div>\n<div><\/div>\n<div>\u00dea\u00f0 er l\u00e1gt lagst \u00feegar \u00feingmenn eru beinl\u00ednis farnir a\u00f0 lj\u00faga til a\u00f0 reyna a\u00f0 l\u00e6gja \u00fe\u00e1 r\u00e9ttm\u00e6tu rei\u00f0i sem blossa\u00f0 hefur upp vegna yfirl\u00fdsinga margra stj\u00f3rnarli\u00f0a sem benda til a\u00f0 \u00feeir \u00e6tli a\u00f0 sv\u00edkja almenning um \u00fe\u00e6r stj\u00f3rnarskr\u00e1rbreytingar sem g\u00edfurleg vinna hefur veri\u00f0 l\u00f6g\u00f0 \u00ed s\u00ed\u00f0ustu \u00e1rin.<\/div>\n<div><\/div>\n<div>Stj\u00f3rnarli\u00f0ar \u00e1 \u00feingi \u00feurfa n\u00fa a\u00f0 velja \u00e1 milli \u00f3tv\u00edr\u00e6\u00f0ra \u00f3ska yfirgn\u00e6fandi meirihluta kj\u00f3senda um n\u00fdja stj\u00f3rnarskr\u00e1 og \u00feeirrar kr\u00f6fu afturhaldssamra en voldugra s\u00e9rhagsmuna, sem Sj\u00e1lfst\u00e6\u00f0isflokkurinn er helsti m\u00e1lsvari fyrir, a\u00f0 bar\u00f0ar ver\u00f0i ni\u00f0ur tilraunir almennings til a\u00f0 setja leikreglur \u00feeim stj\u00f3rnv\u00f6ldum sem \u00e6ttu me\u00f0 r\u00e9ttu a\u00f0 \u00fej\u00f3na almannahagsmunum og engu \u00f6\u00f0ru.<\/div>\n<div><\/div>\n<div>\u00deetta vir\u00f0ist \u00fev\u00ed mi\u00f0ur vera erfitt val, jafnvel fyrir f\u00f3lk \u00ed flokkum sem kenna sig vi\u00f0 vinstristefnu. \u00a0Svo erfitt a\u00f0 sumir \u00feingmenn \u00feeirra \u00a0skirrast ekki vi\u00f0 a\u00f0 lj\u00faga bl\u00e1kalt. \u00a0\u00c6tla allir stj\u00f3rnarli\u00f0ar \u00e1 \u00feingi a\u00f0 \u00a0sitja undir \u00feessu?<\/div>\n","protected":false},"excerpt":{"rendered":"<p>Allir \u00feingmenn vita a\u00f0 hendur n\u00e6sta Al\u00feingis ver\u00f0a ekki bundnar \u00e1 nokkurn h\u00e1tt (umfram \u00fea\u00f0 sem gildandi stj\u00f3rnarskr\u00e1 gerir hverju sinni). \u00a0\u00deess vegna er varla h\u00e6gt a\u00f0 l\u00edta \u00e1 \u00fea\u00f0 sem anna\u00f0 en einsk\u00e6ra lygi \u00feegar Magn\u00fas Orri Schram heldur &hellip; <a href=\"https:\/\/www.norn.is\/einar\/2013\/03\/06\/thingmadur-lygur\/\">Halda \u00e1fram a\u00f0 lesa <span class=\"meta-nav\">&rarr;<\/span><\/a><\/p>\n","protected":false},"author":10,"featured_media":0,"comment_status":"open","ping_status":"open","sticky":false,"template":"","format":"standard","meta":{"footnotes":""},"categories":[1,43],"tags":[15,270],"class_list":["post-375","post","type-post","status-publish","format-standard","hentry","category-oflokkad","category-lydraedismal-og-stjornarskra","tag-magnus-orri-schram","tag-stjornarskra"],"yoast_head":"<!-- This site is optimized with the Yoast SEO plugin v27.5 - https:\/\/yoast.com\/product\/yoast-seo-wordpress\/ -->\n<title>\u00deingma\u00f0ur l\u00fdgur - Einar<\/title>\n<meta name=\"robots\" content=\"index, follow, max-snippet:-1, max-image-preview:large, max-video-preview:-1\" \/>\n<link rel=\"canonical\" href=\"https:\/\/www.norn.is\/einar\/2013\/03\/06\/thingmadur-lygur\/\" \/>\n<meta property=\"og:locale\" content=\"is_IS\" \/>\n<meta property=\"og:type\" content=\"article\" \/>\n<meta property=\"og:title\" content=\"\u00deingma\u00f0ur l\u00fdgur - Einar\" \/>\n<meta property=\"og:description\" content=\"Allir \u00feingmenn vita a\u00f0 hendur n\u00e6sta Al\u00feingis ver\u00f0a ekki bundnar \u00e1 nokkurn h\u00e1tt (umfram \u00fea\u00f0 sem gildandi stj\u00f3rnarskr\u00e1 gerir hverju sinni). \u00a0\u00deess vegna er varla h\u00e6gt a\u00f0 l\u00edta \u00e1 \u00fea\u00f0 sem anna\u00f0 en einsk\u00e6ra lygi \u00feegar Magn\u00fas Orri Schram heldur &hellip; Halda \u00e1fram a\u00f0 lesa &rarr;\" \/>\n<meta property=\"og:url\" content=\"https:\/\/www.norn.is\/einar\/2013\/03\/06\/thingmadur-lygur\/\" \/>\n<meta property=\"og:site_name\" content=\"Einar\" \/>\n<meta property=\"article:published_time\" content=\"2013-03-06T07:48:06+00:00\" \/>\n<meta property=\"article:modified_time\" content=\"2017-09-24T11:03:27+00:00\" \/>\n<meta name=\"author\" content=\"einar\" \/>\n<meta name=\"twitter:card\" content=\"summary_large_image\" \/>\n<meta name=\"twitter:label1\" content=\"Written by\" \/>\n\t<meta name=\"twitter:data1\" content=\"\" \/>\n\t<meta name=\"twitter:label2\" content=\"Est. reading time\" \/>\n\t<meta name=\"twitter:data2\" content=\"2 minutes\" \/>\n<script type=\"application\/ld+json\" class=\"yoast-schema-graph\">{\"@context\":\"https:\\\/\\\/schema.org\",\"@graph\":[{\"@type\":\"Article\",\"@id\":\"https:\\\/\\\/www.norn.is\\\/einar\\\/2013\\\/03\\\/06\\\/thingmadur-lygur\\\/#article\",\"isPartOf\":{\"@id\":\"https:\\\/\\\/www.norn.is\\\/einar\\\/2013\\\/03\\\/06\\\/thingmadur-lygur\\\/\"},\"author\":{\"name\":\"einar\",\"@id\":\"https:\\\/\\\/www.norn.is\\\/einar\\\/#\\\/schema\\\/person\\\/19affadb841a22f7bfd4bdcd72a862d0\"},\"headline\":\"\u00deingma\u00f0ur l\u00fdgur\",\"datePublished\":\"2013-03-06T07:48:06+00:00\",\"dateModified\":\"2017-09-24T11:03:27+00:00\",\"mainEntityOfPage\":{\"@id\":\"https:\\\/\\\/www.norn.is\\\/einar\\\/2013\\\/03\\\/06\\\/thingmadur-lygur\\\/\"},\"wordCount\":376,\"commentCount\":0,\"keywords\":[\"Magn\u00fas Orri Schram\",\"Stj\u00f3rnarskr\u00e1\"],\"articleSection\":[\"Allt efni\",\"L\u00fd\u00f0r\u00e6\u00f0ism\u00e1l og stj\u00f3rnarskr\u00e1\"],\"inLanguage\":\"is\",\"potentialAction\":[{\"@type\":\"CommentAction\",\"name\":\"Comment\",\"target\":[\"https:\\\/\\\/www.norn.is\\\/einar\\\/2013\\\/03\\\/06\\\/thingmadur-lygur\\\/#respond\"]}]},{\"@type\":\"WebPage\",\"@id\":\"https:\\\/\\\/www.norn.is\\\/einar\\\/2013\\\/03\\\/06\\\/thingmadur-lygur\\\/\",\"url\":\"https:\\\/\\\/www.norn.is\\\/einar\\\/2013\\\/03\\\/06\\\/thingmadur-lygur\\\/\",\"name\":\"\u00deingma\u00f0ur l\u00fdgur - Einar\",\"isPartOf\":{\"@id\":\"https:\\\/\\\/www.norn.is\\\/einar\\\/#website\"},\"datePublished\":\"2013-03-06T07:48:06+00:00\",\"dateModified\":\"2017-09-24T11:03:27+00:00\",\"author\":{\"@id\":\"https:\\\/\\\/www.norn.is\\\/einar\\\/#\\\/schema\\\/person\\\/19affadb841a22f7bfd4bdcd72a862d0\"},\"breadcrumb\":{\"@id\":\"https:\\\/\\\/www.norn.is\\\/einar\\\/2013\\\/03\\\/06\\\/thingmadur-lygur\\\/#breadcrumb\"},\"inLanguage\":\"is\",\"potentialAction\":[{\"@type\":\"ReadAction\",\"target\":[\"https:\\\/\\\/www.norn.is\\\/einar\\\/2013\\\/03\\\/06\\\/thingmadur-lygur\\\/\"]}]},{\"@type\":\"BreadcrumbList\",\"@id\":\"https:\\\/\\\/www.norn.is\\\/einar\\\/2013\\\/03\\\/06\\\/thingmadur-lygur\\\/#breadcrumb\",\"itemListElement\":[{\"@type\":\"ListItem\",\"position\":1,\"name\":\"Home\",\"item\":\"https:\\\/\\\/www.norn.is\\\/einar\\\/\"},{\"@type\":\"ListItem\",\"position\":2,\"name\":\"\u00deingma\u00f0ur l\u00fdgur\"}]},{\"@type\":\"WebSite\",\"@id\":\"https:\\\/\\\/www.norn.is\\\/einar\\\/#website\",\"url\":\"https:\\\/\\\/www.norn.is\\\/einar\\\/\",\"name\":\"Einar\",\"description\":\"Pistlar Einars Steingr\u00edmssonar\",\"potentialAction\":[{\"@type\":\"SearchAction\",\"target\":{\"@type\":\"EntryPoint\",\"urlTemplate\":\"https:\\\/\\\/www.norn.is\\\/einar\\\/?s={search_term_string}\"},\"query-input\":{\"@type\":\"PropertyValueSpecification\",\"valueRequired\":true,\"valueName\":\"search_term_string\"}}],\"inLanguage\":\"is\"},{\"@type\":\"Person\",\"@id\":\"https:\\\/\\\/www.norn.is\\\/einar\\\/#\\\/schema\\\/person\\\/19affadb841a22f7bfd4bdcd72a862d0\",\"name\":\"einar\",\"image\":{\"@type\":\"ImageObject\",\"inLanguage\":\"is\",\"@id\":\"https:\\\/\\\/secure.gravatar.com\\\/avatar\\\/6f5f5592f3cc45e338376db24f1672c636582d9c27d855e8f077f13ef13b17fd?s=96&d=mm&r=g\",\"url\":\"https:\\\/\\\/secure.gravatar.com\\\/avatar\\\/6f5f5592f3cc45e338376db24f1672c636582d9c27d855e8f077f13ef13b17fd?s=96&d=mm&r=g\",\"contentUrl\":\"https:\\\/\\\/secure.gravatar.com\\\/avatar\\\/6f5f5592f3cc45e338376db24f1672c636582d9c27d855e8f077f13ef13b17fd?s=96&d=mm&r=g\",\"caption\":\"einar\"},\"url\":\"https:\\\/\\\/www.norn.is\\\/einar\\\/author\\\/einarsteingrimsson\\\/\"}]}<\/script>\n<!-- \/ Yoast SEO plugin. -->","yoast_head_json":{"title":"\u00deingma\u00f0ur l\u00fdgur - Einar","robots":{"index":"index","follow":"follow","max-snippet":"max-snippet:-1","max-image-preview":"max-image-preview:large","max-video-preview":"max-video-preview:-1"},"canonical":"https:\/\/www.norn.is\/einar\/2013\/03\/06\/thingmadur-lygur\/","og_locale":"is_IS","og_type":"article","og_title":"\u00deingma\u00f0ur l\u00fdgur - Einar","og_description":"Allir \u00feingmenn vita a\u00f0 hendur n\u00e6sta Al\u00feingis ver\u00f0a ekki bundnar \u00e1 nokkurn h\u00e1tt (umfram \u00fea\u00f0 sem gildandi stj\u00f3rnarskr\u00e1 gerir hverju sinni). \u00a0\u00deess vegna er varla h\u00e6gt a\u00f0 l\u00edta \u00e1 \u00fea\u00f0 sem anna\u00f0 en einsk\u00e6ra lygi \u00feegar Magn\u00fas Orri Schram heldur &hellip; Halda \u00e1fram a\u00f0 lesa &rarr;","og_url":"https:\/\/www.norn.is\/einar\/2013\/03\/06\/thingmadur-lygur\/","og_site_name":"Einar","article_published_time":"2013-03-06T07:48:06+00:00","article_modified_time":"2017-09-24T11:03:27+00:00","author":"einar","twitter_card":"summary_large_image","twitter_misc":{"Written by":false,"Est. reading time":"2 minutes"},"schema":{"@context":"https:\/\/schema.org","@graph":[{"@type":"Article","@id":"https:\/\/www.norn.is\/einar\/2013\/03\/06\/thingmadur-lygur\/#article","isPartOf":{"@id":"https:\/\/www.norn.is\/einar\/2013\/03\/06\/thingmadur-lygur\/"},"author":{"name":"einar","@id":"https:\/\/www.norn.is\/einar\/#\/schema\/person\/19affadb841a22f7bfd4bdcd72a862d0"},"headline":"\u00deingma\u00f0ur l\u00fdgur","datePublished":"2013-03-06T07:48:06+00:00","dateModified":"2017-09-24T11:03:27+00:00","mainEntityOfPage":{"@id":"https:\/\/www.norn.is\/einar\/2013\/03\/06\/thingmadur-lygur\/"},"wordCount":376,"commentCount":0,"keywords":["Magn\u00fas Orri Schram","Stj\u00f3rnarskr\u00e1"],"articleSection":["Allt efni","L\u00fd\u00f0r\u00e6\u00f0ism\u00e1l og stj\u00f3rnarskr\u00e1"],"inLanguage":"is","potentialAction":[{"@type":"CommentAction","name":"Comment","target":["https:\/\/www.norn.is\/einar\/2013\/03\/06\/thingmadur-lygur\/#respond"]}]},{"@type":"WebPage","@id":"https:\/\/www.norn.is\/einar\/2013\/03\/06\/thingmadur-lygur\/","url":"https:\/\/www.norn.is\/einar\/2013\/03\/06\/thingmadur-lygur\/","name":"\u00deingma\u00f0ur l\u00fdgur - Einar","isPartOf":{"@id":"https:\/\/www.norn.is\/einar\/#website"},"datePublished":"2013-03-06T07:48:06+00:00","dateModified":"2017-09-24T11:03:27+00:00","author":{"@id":"https:\/\/www.norn.is\/einar\/#\/schema\/person\/19affadb841a22f7bfd4bdcd72a862d0"},"breadcrumb":{"@id":"https:\/\/www.norn.is\/einar\/2013\/03\/06\/thingmadur-lygur\/#breadcrumb"},"inLanguage":"is","potentialAction":[{"@type":"ReadAction","target":["https:\/\/www.norn.is\/einar\/2013\/03\/06\/thingmadur-lygur\/"]}]},{"@type":"BreadcrumbList","@id":"https:\/\/www.norn.is\/einar\/2013\/03\/06\/thingmadur-lygur\/#breadcrumb","itemListElement":[{"@type":"ListItem","position":1,"name":"Home","item":"https:\/\/www.norn.is\/einar\/"},{"@type":"ListItem","position":2,"name":"\u00deingma\u00f0ur l\u00fdgur"}]},{"@type":"WebSite","@id":"https:\/\/www.norn.is\/einar\/#website","url":"https:\/\/www.norn.is\/einar\/","name":"Einar","description":"Pistlar Einars Steingr\u00edmssonar","potentialAction":[{"@type":"SearchAction","target":{"@type":"EntryPoint","urlTemplate":"https:\/\/www.norn.is\/einar\/?s={search_term_string}"},"query-input":{"@type":"PropertyValueSpecification","valueRequired":true,"valueName":"search_term_string"}}],"inLanguage":"is"},{"@type":"Person","@id":"https:\/\/www.norn.is\/einar\/#\/schema\/person\/19affadb841a22f7bfd4bdcd72a862d0","name":"einar","image":{"@type":"ImageObject","inLanguage":"is","@id":"https:\/\/secure.gravatar.com\/avatar\/6f5f5592f3cc45e338376db24f1672c636582d9c27d855e8f077f13ef13b17fd?s=96&d=mm&r=g","url":"https:\/\/secure.gravatar.com\/avatar\/6f5f5592f3cc45e338376db24f1672c636582d9c27d855e8f077f13ef13b17fd?s=96&d=mm&r=g","contentUrl":"https:\/\/secure.gravatar.com\/avatar\/6f5f5592f3cc45e338376db24f1672c636582d9c27d855e8f077f13ef13b17fd?s=96&d=mm&r=g","caption":"einar"},"url":"https:\/\/www.norn.is\/einar\/author\/einarsteingrimsson\/"}]}},"_links":{"self":[{"href":"https:\/\/www.norn.is\/einar\/wp-json\/wp\/v2\/posts\/375","targetHints":{"allow":["GET"]}}],"collection":[{"href":"https:\/\/www.norn.is\/einar\/wp-json\/wp\/v2\/posts"}],"about":[{"href":"https:\/\/www.norn.is\/einar\/wp-json\/wp\/v2\/types\/post"}],"author":[{"embeddable":true,"href":"https:\/\/www.norn.is\/einar\/wp-json\/wp\/v2\/users\/10"}],"replies":[{"embeddable":true,"href":"https:\/\/www.norn.is\/einar\/wp-json\/wp\/v2\/comments?post=375"}],"version-history":[{"count":1,"href":"https:\/\/www.norn.is\/einar\/wp-json\/wp\/v2\/posts\/375\/revisions"}],"predecessor-version":[{"id":376,"href":"https:\/\/www.norn.is\/einar\/wp-json\/wp\/v2\/posts\/375\/revisions\/376"}],"wp:attachment":[{"href":"https:\/\/www.norn.is\/einar\/wp-json\/wp\/v2\/media?parent=375"}],"wp:term":[{"taxonomy":"category","embeddable":true,"href":"https:\/\/www.norn.is\/einar\/wp-json\/wp\/v2\/categories?post=375"},{"taxonomy":"post_tag","embeddable":true,"href":"https:\/\/www.norn.is\/einar\/wp-json\/wp\/v2\/tags?post=375"}],"curies":[{"name":"wp","href":"https:\/\/api.w.org\/{rel}","templated":true}]}}