{"id":373,"date":"2013-03-05T07:45:34","date_gmt":"2013-03-05T07:45:34","guid":{"rendered":"http:\/\/www.norn.is\/einar\/?p=373"},"modified":"2017-09-24T11:03:27","modified_gmt":"2017-09-24T11:03:27","slug":"thad-sem-arni-pall-myndi-gera-vildi-hann-afla-ser-virdingar","status":"publish","type":"post","link":"https:\/\/www.norn.is\/einar\/2013\/03\/05\/thad-sem-arni-pall-myndi-gera-vildi-hann-afla-ser-virdingar\/","title":{"rendered":"\u00dea\u00f0 sem \u00c1rni P\u00e1ll myndi gera, vildi hann afla s\u00e9r vir\u00f0ingar"},"content":{"rendered":"<div>\u00dev\u00ed hefur veri\u00f0 haldi\u00f0 fram a\u00f0 ekki s\u00e9 \u201eh\u00e6gt\u201c a\u00f0 koma stj\u00f3rnarskr\u00e1rfrumvarpinu gegnum \u00feingi\u00f0. \u00a0\u00deetta er rangt; \u00fea\u00f0 sn\u00fdst um vilja. \u00a0\u00deeir \u00feingmenn sem helst eru nefndir sem l\u00edklegir til a\u00f0 standa \u00ed vegi fyrir m\u00e1linu innan Samfylkingarinnar eru \u00c1sta Ragnhei\u00f0ur \u00feingforseti, \u00d6ssur og Kristj\u00e1n M\u00f6ller. \u00a0Svo vel vill til a\u00f0 s\u00e1 s\u00ed\u00f0astnefndi mun ver\u00f0a fjarverandi til \u00feingloka, og varama\u00f0ur kominn \u00ed hans sta\u00f0.<\/div>\n<p><!--more--><\/p>\n<div><\/div>\n<div>Ef forma\u00f0ur Samfylkingarinnar l\u00fdsti yfir a\u00f0 hann leg\u00f0i allt \u00ed s\u00f6lurnar til a\u00f0 koma frumvarpinu \u00ed gegn, og fengi me\u00f0 s\u00e9r \u00ed \u00fea\u00f0 flestalla \u00feingmenn flokksins, er lj\u00f3st a\u00f0 \u00c1sta Ragnhei\u00f0ur \u00feyr\u00f0i ekki a\u00f0 standa n\u00e1nast ein \u00e1 bersv\u00e6\u00f0i me\u00f0 bl\u00f3\u00f0i drifnar hendur sem banama\u00f0ur m\u00e1lsins, og sama gildir um \u00d6ssur.<\/div>\n<div><\/div>\n<div>\u00deegar \u00feannig v\u00e6ri b\u00fai\u00f0 a\u00f0 tryggja stu\u00f0ning allra \u00feingmanna Samfylkingarinnar \u00fe\u00e1 er \u00fatiloka\u00f0 a\u00f0 Vinstri Gr\u00e6n l\u00e9tu \u00fea\u00f0 ver\u00f0a sitt s\u00ed\u00f0asta verk \u00e1 \u00feessu kj\u00f6rt\u00edmabili a\u00f0 drepa n\u00fdja stj\u00f3rnarskr\u00e1.<\/div>\n<div><\/div>\n<div>Fl\u00f3knara er \u00feetta ekki. \u00a0Allt sem Samfylkingin \u00fearf a\u00f0 gera er a\u00f0 l\u00fdsa yfir a\u00f0 \u00feetta m\u00e1l s\u00e9 sett \u00e1 oddinn og a\u00f0 \u00fea\u00f0 ver\u00f0i keyrt \u00ed gegnum \u00feingi\u00f0. \u00a0\u00dea\u00f0 \u00fearf ekki einu sinni kjark \u00ed sl\u00edkt \u00feegar yfirgn\u00e6fandi meirihluti kj\u00f3senda vill f\u00e1 \u00feessa n\u00fdju stj\u00f3rnarskr\u00e1 sam\u00feykkta. \u00a0\u00dea\u00f0 \u00fearf hins vegar a\u00f0 yfirgefa \u00fe\u00e1 l\u00edfssko\u00f0un, a.m.k. \u00ed nokkra daga, a\u00f0 alltaf beri a\u00f0 l\u00fata k\u00fagunarvaldi Sj\u00e1lfst\u00e6\u00f0isflokksins. \u00a0Er \u00fea\u00f0 of st\u00f3r biti a\u00f0 kyngja fyrir \u00feingmenn Samfylkingar og VG?<\/div>\n","protected":false},"excerpt":{"rendered":"<p>\u00dev\u00ed hefur veri\u00f0 haldi\u00f0 fram a\u00f0 ekki s\u00e9 \u201eh\u00e6gt\u201c a\u00f0 koma stj\u00f3rnarskr\u00e1rfrumvarpinu gegnum \u00feingi\u00f0. \u00a0\u00deetta er rangt; \u00fea\u00f0 sn\u00fdst um vilja. \u00a0\u00deeir \u00feingmenn sem helst eru nefndir sem l\u00edklegir til a\u00f0 standa \u00ed vegi fyrir m\u00e1linu innan Samfylkingarinnar eru \u00c1sta &hellip; <a href=\"https:\/\/www.norn.is\/einar\/2013\/03\/05\/thad-sem-arni-pall-myndi-gera-vildi-hann-afla-ser-virdingar\/\">Halda \u00e1fram a\u00f0 lesa <span class=\"meta-nav\">&rarr;<\/span><\/a><\/p>\n","protected":false},"author":10,"featured_media":0,"comment_status":"open","ping_status":"open","sticky":false,"template":"","format":"standard","meta":{"footnotes":""},"categories":[1,43],"tags":[293,14,270],"class_list":["post-373","post","type-post","status-publish","format-standard","hentry","category-oflokkad","category-lydraedismal-og-stjornarskra","tag-arni-pall-arnason","tag-samfylkingin","tag-stjornarskra"],"yoast_head":"<!-- This site is optimized with the Yoast SEO plugin v27.5 - https:\/\/yoast.com\/product\/yoast-seo-wordpress\/ -->\n<title>\u00dea\u00f0 sem \u00c1rni P\u00e1ll myndi gera, vildi hann afla s\u00e9r vir\u00f0ingar - Einar<\/title>\n<meta name=\"robots\" content=\"index, follow, max-snippet:-1, max-image-preview:large, max-video-preview:-1\" \/>\n<link rel=\"canonical\" href=\"https:\/\/www.norn.is\/einar\/2013\/03\/05\/thad-sem-arni-pall-myndi-gera-vildi-hann-afla-ser-virdingar\/\" \/>\n<meta property=\"og:locale\" content=\"is_IS\" \/>\n<meta property=\"og:type\" content=\"article\" \/>\n<meta property=\"og:title\" content=\"\u00dea\u00f0 sem \u00c1rni P\u00e1ll myndi gera, vildi hann afla s\u00e9r vir\u00f0ingar - Einar\" \/>\n<meta property=\"og:description\" content=\"\u00dev\u00ed hefur veri\u00f0 haldi\u00f0 fram a\u00f0 ekki s\u00e9 \u201eh\u00e6gt\u201c a\u00f0 koma stj\u00f3rnarskr\u00e1rfrumvarpinu gegnum \u00feingi\u00f0. \u00a0\u00deetta er rangt; \u00fea\u00f0 sn\u00fdst um vilja. \u00a0\u00deeir \u00feingmenn sem helst eru nefndir sem l\u00edklegir til a\u00f0 standa \u00ed vegi fyrir m\u00e1linu innan Samfylkingarinnar eru \u00c1sta &hellip; Halda \u00e1fram a\u00f0 lesa &rarr;\" \/>\n<meta property=\"og:url\" content=\"https:\/\/www.norn.is\/einar\/2013\/03\/05\/thad-sem-arni-pall-myndi-gera-vildi-hann-afla-ser-virdingar\/\" \/>\n<meta property=\"og:site_name\" content=\"Einar\" \/>\n<meta property=\"article:published_time\" content=\"2013-03-05T07:45:34+00:00\" \/>\n<meta property=\"article:modified_time\" content=\"2017-09-24T11:03:27+00:00\" \/>\n<meta name=\"author\" content=\"einar\" \/>\n<meta name=\"twitter:card\" content=\"summary_large_image\" \/>\n<meta name=\"twitter:label1\" content=\"Written by\" \/>\n\t<meta name=\"twitter:data1\" content=\"\" \/>\n\t<meta name=\"twitter:label2\" content=\"Est. reading time\" \/>\n\t<meta name=\"twitter:data2\" content=\"1 minute\" \/>\n<script type=\"application\/ld+json\" class=\"yoast-schema-graph\">{\"@context\":\"https:\\\/\\\/schema.org\",\"@graph\":[{\"@type\":\"Article\",\"@id\":\"https:\\\/\\\/www.norn.is\\\/einar\\\/2013\\\/03\\\/05\\\/thad-sem-arni-pall-myndi-gera-vildi-hann-afla-ser-virdingar\\\/#article\",\"isPartOf\":{\"@id\":\"https:\\\/\\\/www.norn.is\\\/einar\\\/2013\\\/03\\\/05\\\/thad-sem-arni-pall-myndi-gera-vildi-hann-afla-ser-virdingar\\\/\"},\"author\":{\"name\":\"einar\",\"@id\":\"https:\\\/\\\/www.norn.is\\\/einar\\\/#\\\/schema\\\/person\\\/19affadb841a22f7bfd4bdcd72a862d0\"},\"headline\":\"\u00dea\u00f0 sem \u00c1rni P\u00e1ll myndi gera, vildi hann afla s\u00e9r vir\u00f0ingar\",\"datePublished\":\"2013-03-05T07:45:34+00:00\",\"dateModified\":\"2017-09-24T11:03:27+00:00\",\"mainEntityOfPage\":{\"@id\":\"https:\\\/\\\/www.norn.is\\\/einar\\\/2013\\\/03\\\/05\\\/thad-sem-arni-pall-myndi-gera-vildi-hann-afla-ser-virdingar\\\/\"},\"wordCount\":278,\"commentCount\":0,\"keywords\":[\"\u00c1rni P\u00e1ll \u00c1rnason\",\"Samfylkingin\",\"Stj\u00f3rnarskr\u00e1\"],\"articleSection\":[\"Allt efni\",\"L\u00fd\u00f0r\u00e6\u00f0ism\u00e1l og stj\u00f3rnarskr\u00e1\"],\"inLanguage\":\"is\",\"potentialAction\":[{\"@type\":\"CommentAction\",\"name\":\"Comment\",\"target\":[\"https:\\\/\\\/www.norn.is\\\/einar\\\/2013\\\/03\\\/05\\\/thad-sem-arni-pall-myndi-gera-vildi-hann-afla-ser-virdingar\\\/#respond\"]}]},{\"@type\":\"WebPage\",\"@id\":\"https:\\\/\\\/www.norn.is\\\/einar\\\/2013\\\/03\\\/05\\\/thad-sem-arni-pall-myndi-gera-vildi-hann-afla-ser-virdingar\\\/\",\"url\":\"https:\\\/\\\/www.norn.is\\\/einar\\\/2013\\\/03\\\/05\\\/thad-sem-arni-pall-myndi-gera-vildi-hann-afla-ser-virdingar\\\/\",\"name\":\"\u00dea\u00f0 sem \u00c1rni P\u00e1ll myndi gera, vildi hann afla s\u00e9r vir\u00f0ingar - Einar\",\"isPartOf\":{\"@id\":\"https:\\\/\\\/www.norn.is\\\/einar\\\/#website\"},\"datePublished\":\"2013-03-05T07:45:34+00:00\",\"dateModified\":\"2017-09-24T11:03:27+00:00\",\"author\":{\"@id\":\"https:\\\/\\\/www.norn.is\\\/einar\\\/#\\\/schema\\\/person\\\/19affadb841a22f7bfd4bdcd72a862d0\"},\"breadcrumb\":{\"@id\":\"https:\\\/\\\/www.norn.is\\\/einar\\\/2013\\\/03\\\/05\\\/thad-sem-arni-pall-myndi-gera-vildi-hann-afla-ser-virdingar\\\/#breadcrumb\"},\"inLanguage\":\"is\",\"potentialAction\":[{\"@type\":\"ReadAction\",\"target\":[\"https:\\\/\\\/www.norn.is\\\/einar\\\/2013\\\/03\\\/05\\\/thad-sem-arni-pall-myndi-gera-vildi-hann-afla-ser-virdingar\\\/\"]}]},{\"@type\":\"BreadcrumbList\",\"@id\":\"https:\\\/\\\/www.norn.is\\\/einar\\\/2013\\\/03\\\/05\\\/thad-sem-arni-pall-myndi-gera-vildi-hann-afla-ser-virdingar\\\/#breadcrumb\",\"itemListElement\":[{\"@type\":\"ListItem\",\"position\":1,\"name\":\"Home\",\"item\":\"https:\\\/\\\/www.norn.is\\\/einar\\\/\"},{\"@type\":\"ListItem\",\"position\":2,\"name\":\"\u00dea\u00f0 sem \u00c1rni P\u00e1ll myndi gera, vildi hann afla s\u00e9r vir\u00f0ingar\"}]},{\"@type\":\"WebSite\",\"@id\":\"https:\\\/\\\/www.norn.is\\\/einar\\\/#website\",\"url\":\"https:\\\/\\\/www.norn.is\\\/einar\\\/\",\"name\":\"Einar\",\"description\":\"Pistlar Einars Steingr\u00edmssonar\",\"potentialAction\":[{\"@type\":\"SearchAction\",\"target\":{\"@type\":\"EntryPoint\",\"urlTemplate\":\"https:\\\/\\\/www.norn.is\\\/einar\\\/?s={search_term_string}\"},\"query-input\":{\"@type\":\"PropertyValueSpecification\",\"valueRequired\":true,\"valueName\":\"search_term_string\"}}],\"inLanguage\":\"is\"},{\"@type\":\"Person\",\"@id\":\"https:\\\/\\\/www.norn.is\\\/einar\\\/#\\\/schema\\\/person\\\/19affadb841a22f7bfd4bdcd72a862d0\",\"name\":\"einar\",\"image\":{\"@type\":\"ImageObject\",\"inLanguage\":\"is\",\"@id\":\"https:\\\/\\\/secure.gravatar.com\\\/avatar\\\/6f5f5592f3cc45e338376db24f1672c636582d9c27d855e8f077f13ef13b17fd?s=96&d=mm&r=g\",\"url\":\"https:\\\/\\\/secure.gravatar.com\\\/avatar\\\/6f5f5592f3cc45e338376db24f1672c636582d9c27d855e8f077f13ef13b17fd?s=96&d=mm&r=g\",\"contentUrl\":\"https:\\\/\\\/secure.gravatar.com\\\/avatar\\\/6f5f5592f3cc45e338376db24f1672c636582d9c27d855e8f077f13ef13b17fd?s=96&d=mm&r=g\",\"caption\":\"einar\"},\"url\":\"https:\\\/\\\/www.norn.is\\\/einar\\\/author\\\/einarsteingrimsson\\\/\"}]}<\/script>\n<!-- \/ Yoast SEO plugin. -->","yoast_head_json":{"title":"\u00dea\u00f0 sem \u00c1rni P\u00e1ll myndi gera, vildi hann afla s\u00e9r vir\u00f0ingar - Einar","robots":{"index":"index","follow":"follow","max-snippet":"max-snippet:-1","max-image-preview":"max-image-preview:large","max-video-preview":"max-video-preview:-1"},"canonical":"https:\/\/www.norn.is\/einar\/2013\/03\/05\/thad-sem-arni-pall-myndi-gera-vildi-hann-afla-ser-virdingar\/","og_locale":"is_IS","og_type":"article","og_title":"\u00dea\u00f0 sem \u00c1rni P\u00e1ll myndi gera, vildi hann afla s\u00e9r vir\u00f0ingar - Einar","og_description":"\u00dev\u00ed hefur veri\u00f0 haldi\u00f0 fram a\u00f0 ekki s\u00e9 \u201eh\u00e6gt\u201c a\u00f0 koma stj\u00f3rnarskr\u00e1rfrumvarpinu gegnum \u00feingi\u00f0. \u00a0\u00deetta er rangt; \u00fea\u00f0 sn\u00fdst um vilja. \u00a0\u00deeir \u00feingmenn sem helst eru nefndir sem l\u00edklegir til a\u00f0 standa \u00ed vegi fyrir m\u00e1linu innan Samfylkingarinnar eru \u00c1sta &hellip; Halda \u00e1fram a\u00f0 lesa &rarr;","og_url":"https:\/\/www.norn.is\/einar\/2013\/03\/05\/thad-sem-arni-pall-myndi-gera-vildi-hann-afla-ser-virdingar\/","og_site_name":"Einar","article_published_time":"2013-03-05T07:45:34+00:00","article_modified_time":"2017-09-24T11:03:27+00:00","author":"einar","twitter_card":"summary_large_image","twitter_misc":{"Written by":false,"Est. reading time":"1 minute"},"schema":{"@context":"https:\/\/schema.org","@graph":[{"@type":"Article","@id":"https:\/\/www.norn.is\/einar\/2013\/03\/05\/thad-sem-arni-pall-myndi-gera-vildi-hann-afla-ser-virdingar\/#article","isPartOf":{"@id":"https:\/\/www.norn.is\/einar\/2013\/03\/05\/thad-sem-arni-pall-myndi-gera-vildi-hann-afla-ser-virdingar\/"},"author":{"name":"einar","@id":"https:\/\/www.norn.is\/einar\/#\/schema\/person\/19affadb841a22f7bfd4bdcd72a862d0"},"headline":"\u00dea\u00f0 sem \u00c1rni P\u00e1ll myndi gera, vildi hann afla s\u00e9r vir\u00f0ingar","datePublished":"2013-03-05T07:45:34+00:00","dateModified":"2017-09-24T11:03:27+00:00","mainEntityOfPage":{"@id":"https:\/\/www.norn.is\/einar\/2013\/03\/05\/thad-sem-arni-pall-myndi-gera-vildi-hann-afla-ser-virdingar\/"},"wordCount":278,"commentCount":0,"keywords":["\u00c1rni P\u00e1ll \u00c1rnason","Samfylkingin","Stj\u00f3rnarskr\u00e1"],"articleSection":["Allt efni","L\u00fd\u00f0r\u00e6\u00f0ism\u00e1l og stj\u00f3rnarskr\u00e1"],"inLanguage":"is","potentialAction":[{"@type":"CommentAction","name":"Comment","target":["https:\/\/www.norn.is\/einar\/2013\/03\/05\/thad-sem-arni-pall-myndi-gera-vildi-hann-afla-ser-virdingar\/#respond"]}]},{"@type":"WebPage","@id":"https:\/\/www.norn.is\/einar\/2013\/03\/05\/thad-sem-arni-pall-myndi-gera-vildi-hann-afla-ser-virdingar\/","url":"https:\/\/www.norn.is\/einar\/2013\/03\/05\/thad-sem-arni-pall-myndi-gera-vildi-hann-afla-ser-virdingar\/","name":"\u00dea\u00f0 sem \u00c1rni P\u00e1ll myndi gera, vildi hann afla s\u00e9r vir\u00f0ingar - Einar","isPartOf":{"@id":"https:\/\/www.norn.is\/einar\/#website"},"datePublished":"2013-03-05T07:45:34+00:00","dateModified":"2017-09-24T11:03:27+00:00","author":{"@id":"https:\/\/www.norn.is\/einar\/#\/schema\/person\/19affadb841a22f7bfd4bdcd72a862d0"},"breadcrumb":{"@id":"https:\/\/www.norn.is\/einar\/2013\/03\/05\/thad-sem-arni-pall-myndi-gera-vildi-hann-afla-ser-virdingar\/#breadcrumb"},"inLanguage":"is","potentialAction":[{"@type":"ReadAction","target":["https:\/\/www.norn.is\/einar\/2013\/03\/05\/thad-sem-arni-pall-myndi-gera-vildi-hann-afla-ser-virdingar\/"]}]},{"@type":"BreadcrumbList","@id":"https:\/\/www.norn.is\/einar\/2013\/03\/05\/thad-sem-arni-pall-myndi-gera-vildi-hann-afla-ser-virdingar\/#breadcrumb","itemListElement":[{"@type":"ListItem","position":1,"name":"Home","item":"https:\/\/www.norn.is\/einar\/"},{"@type":"ListItem","position":2,"name":"\u00dea\u00f0 sem \u00c1rni P\u00e1ll myndi gera, vildi hann afla s\u00e9r vir\u00f0ingar"}]},{"@type":"WebSite","@id":"https:\/\/www.norn.is\/einar\/#website","url":"https:\/\/www.norn.is\/einar\/","name":"Einar","description":"Pistlar Einars Steingr\u00edmssonar","potentialAction":[{"@type":"SearchAction","target":{"@type":"EntryPoint","urlTemplate":"https:\/\/www.norn.is\/einar\/?s={search_term_string}"},"query-input":{"@type":"PropertyValueSpecification","valueRequired":true,"valueName":"search_term_string"}}],"inLanguage":"is"},{"@type":"Person","@id":"https:\/\/www.norn.is\/einar\/#\/schema\/person\/19affadb841a22f7bfd4bdcd72a862d0","name":"einar","image":{"@type":"ImageObject","inLanguage":"is","@id":"https:\/\/secure.gravatar.com\/avatar\/6f5f5592f3cc45e338376db24f1672c636582d9c27d855e8f077f13ef13b17fd?s=96&d=mm&r=g","url":"https:\/\/secure.gravatar.com\/avatar\/6f5f5592f3cc45e338376db24f1672c636582d9c27d855e8f077f13ef13b17fd?s=96&d=mm&r=g","contentUrl":"https:\/\/secure.gravatar.com\/avatar\/6f5f5592f3cc45e338376db24f1672c636582d9c27d855e8f077f13ef13b17fd?s=96&d=mm&r=g","caption":"einar"},"url":"https:\/\/www.norn.is\/einar\/author\/einarsteingrimsson\/"}]}},"_links":{"self":[{"href":"https:\/\/www.norn.is\/einar\/wp-json\/wp\/v2\/posts\/373","targetHints":{"allow":["GET"]}}],"collection":[{"href":"https:\/\/www.norn.is\/einar\/wp-json\/wp\/v2\/posts"}],"about":[{"href":"https:\/\/www.norn.is\/einar\/wp-json\/wp\/v2\/types\/post"}],"author":[{"embeddable":true,"href":"https:\/\/www.norn.is\/einar\/wp-json\/wp\/v2\/users\/10"}],"replies":[{"embeddable":true,"href":"https:\/\/www.norn.is\/einar\/wp-json\/wp\/v2\/comments?post=373"}],"version-history":[{"count":1,"href":"https:\/\/www.norn.is\/einar\/wp-json\/wp\/v2\/posts\/373\/revisions"}],"predecessor-version":[{"id":374,"href":"https:\/\/www.norn.is\/einar\/wp-json\/wp\/v2\/posts\/373\/revisions\/374"}],"wp:attachment":[{"href":"https:\/\/www.norn.is\/einar\/wp-json\/wp\/v2\/media?parent=373"}],"wp:term":[{"taxonomy":"category","embeddable":true,"href":"https:\/\/www.norn.is\/einar\/wp-json\/wp\/v2\/categories?post=373"},{"taxonomy":"post_tag","embeddable":true,"href":"https:\/\/www.norn.is\/einar\/wp-json\/wp\/v2\/tags?post=373"}],"curies":[{"name":"wp","href":"https:\/\/api.w.org\/{rel}","templated":true}]}}