{"id":357,"date":"2013-01-17T07:15:15","date_gmt":"2013-01-17T07:15:15","guid":{"rendered":"http:\/\/www.norn.is\/einar\/?p=357"},"modified":"2017-09-24T11:03:55","modified_gmt":"2017-09-24T11:03:55","slug":"birgi-thor-runolfssyni-svarad","status":"publish","type":"post","link":"https:\/\/www.norn.is\/einar\/2013\/01\/17\/birgi-thor-runolfssyni-svarad\/","title":{"rendered":"Birgi \u00de\u00f3r Run\u00f3lfssyni svara\u00f0"},"content":{"rendered":"<div>Vegna pistils sem \u00e9g skrifa\u00f0i um\u00a0<a href=\"http:\/\/blog.pressan.is\/einar\/2013\/01\/16\/oheidarlegur-hagfraedidosent\/\">\u00f3hei\u00f0arlegan m\u00e1lflutnin<\/a>g Birgis \u00de\u00f3rs Run\u00f3lfssonar\u00ed g\u00e6r\u00a0<a href=\"http:\/\/blog.pressan.is\/birgirthru\/2013\/01\/17\/skattar-og-tekjur-einari-steingrimssyni-svarad\/\">svara\u00f0i hann m\u00e9r \u00ed dag,<\/a>\u00a0vegna st\u00f3ryrtra \u00e1r\u00e1sa minna. \u00a0\u00dea\u00f0 er alveg r\u00e9tt hj\u00e1 Birgi a\u00f0 \u00e9g var st\u00f3ror\u00f0ur og a\u00f0 \u00feetta var \u00e1r\u00e1s. \u00a0Hvort tveggja finnst\u00a0m\u00e9r ekki bara sj\u00e1lfsagt heldur l\u00edka nau\u00f0synlegt \u00feegar f\u00f3lk sem kynnir sig sem fr\u00e6\u00f0af\u00f3lk vi\u00f0 h\u00e1sk\u00f3la hefur \u00ed frammi jafn \u00f3hei\u00f0arlegan m\u00e1lflutning og Birgir gerir \u00ed bloggi s\u00ednu. \u00dear sem Birgir leyfir ekki umm\u00e6li vi\u00f0 blogg sitt ver\u00f0 \u00e9g a\u00f0\u00a0svara honum h\u00e9r, en svar hans er \u00ed svipu\u00f0um st\u00edl og skrif hans \u00f6ll: \u00fat\u00farsn\u00faningur og afvegalei\u00f0ing.<\/div>\n<p><!--more--><\/p>\n<div><\/div>\n<div>\u00cd upphafi gerir Birgir sig sekan um enn eina r\u00f6kvilluna, \u00feegar hann segir<\/div>\n<div><\/div>\n<blockquote>\n<div>\u201e\u2026 \u00e1 bak vi\u00f0 \u00fe\u00e1 tilg\u00e1tu, a\u00f0 orsakasamband s\u00e9 \u00e1 milli atvinnufrelsis og g\u00f3\u00f0ra l\u00edfskjara, stendur hvort tveggja, \u00f6flug kenning hagfr\u00e6\u00f0innar allt fr\u00e1 d\u00f6gum Adams Smiths, sem hefur s\u00edfellt veri\u00f0 aukin og endurb\u00e6tt, og reynsla \u00fej\u00f3\u00f0a heims af\u00a0kap\u00edtalisma og s\u00f3s\u00edalisma, sem hefur a\u00f0eins leitt til einnar ni\u00f0urst\u00f6\u00f0u: L\u00edfskj\u00f6r eru miklu betri vi\u00f0 kap\u00edtalisma en s\u00f3s\u00edalisma.\u201c.<\/div>\n<\/blockquote>\n<div><\/div>\n<div>\u00cd fyrsta lagi getur engin kenning stutt sta\u00f0h\u00e6fingu um orsakasamband, \u00fea\u00f0 er a\u00f0eins h\u00e6gt a\u00f0 gera me\u00f0 r\u00f6kum og g\u00f6gnum, sem Birgir hefur ekki lagt fram. \u00a0Hitt er l\u00edka lj\u00f3st \u00f6llum sem vita hi\u00f0 minnsta um hagfr\u00e6\u00f0i, \u00fe\u00f3tt ekki s\u00e9 nema af\u00a0lestri \u00edslenskra fj\u00f6lmi\u00f0la, a\u00f0 \u201ekenning hagfr\u00e6\u00f0innar\u201c er ekki ein, \u00fe\u00e6r eru margar, og \u00e1 m\u00f6rgum svi\u00f0um, ekki s\u00edst \u00feeim sem Birgir hefur fjalla\u00f0 um, algerlega andst\u00e6\u00f0ar. \u00a0Auk \u00feessa hefur Birgir ekki einu sinni \u00fatsk\u00fdrt hva\u00f0a l\u00f6nd hann telur\u00a0kap\u00edtal\u00edsk og hver s\u00f3s\u00edal\u00edsk, n\u00e9 heldur hefur hann \u00fatsk\u00fdrt hvernig hann m\u00e6li l\u00edfskj\u00f6r. \u00a0(Eru l\u00edfskj\u00f6r g\u00f3\u00f0 \u00ed Bandar\u00edkjunum? \u00a0Fyrir hverja?)<\/div>\n<div><\/div>\n<div>\u00dea\u00f0 er l\u00edka athyglisvert a\u00f0 lesa hva\u00f0 Birgir segir um samanbur\u00f0 sinn \u00e1 tekjudreifingu \u00e1 \u00cdslandi r\u00e9tt fyrir hrun og \u00ferem \u00e1rum eftir \u00fea\u00f0, sem hann notar sem r\u00f6k fyrir \u00fev\u00ed a\u00f0 \u00feeir f\u00e1t\u00e6ku hagnist ekki \u00e1 \u00fev\u00ed a\u00f0 hinir r\u00edku l\u00e6kki \u00ed tekjum: \u201e\u00dea\u00f0\u00a0kemur \u00feessu m\u00e1li \u00ed sj\u00e1lfu s\u00e9r ekkert vi\u00f0, a\u00f0 h\u00e9r \u00e1 \u00cdslandi var\u00f0 bankahrun \u00e1ri\u00f0 2008.\u201c \u00a0Ef \u00fea\u00f0 kemur m\u00e1linu ekkert vi\u00f0 a\u00f0 tekjubreytingarnar sem koma fram \u00ed \u00feessu l\u00ednuriti eru auglj\u00f3slega aflei\u00f0ing hrunsins, hver er \u00fe\u00e1 tilgangurinn me\u00f0 a\u00f0\u00a0birta \u00fea\u00f0? \u00a0\u00deegar Birgir segir a\u00f0 hann hef\u00f0i \u00ed sta\u00f0inn geta\u00f0 teki\u00f0 \u201ed\u00e6mi af tveimur l\u00f6ndum \u00e1 sama t\u00edma me\u00f0 tvenns konar tekjudreifingu\u201c gerir hann sig enn sekan um r\u00f6kvillu: Sl\u00edk fylgni getur aldrei sagt neitt, ein s\u00e9r, um orsakasamband,\u00a0auk \u00feess sem enginn hagfr\u00e6\u00f0ingur me\u00f0 s\u00f3matilfinningu myndi l\u00e1ta s\u00e9r detta \u00ed hug a\u00f0 eitt sl\u00edkt d\u00e6mi sanna\u00f0i eitt e\u00f0a neitt.<\/div>\n<div><\/div>\n<div>\u00deegar \u00e9g benti \u00e1 a\u00f0 heimildir Birgis v\u00e6ru oftar en ekki rit p\u00f3lit\u00edskra \u00e1r\u00f3\u00f0urssamtaka \u00e1tti \u00e9g ekki vi\u00f0 \u00fe\u00e6r tv\u00e6r f\u00e6rslur sem \u00e9g tilgreindi s\u00e9rstaklega \u00ed bloggi m\u00ednu, eins og auglj\u00f3st er \u00feeim sem les \u00fea\u00f0. \u00a0\u00dea\u00f0 m\u00e1 hins vegar skilja \u00fea\u00f0 sem\u00a0\u00e9g sag\u00f0i \u00fear sem svo a\u00f0 ekkert af \u00feeim g\u00f6gnum sem Birgir v\u00edsar \u00ed s\u00e9 markt\u00e6kt og \u00fear var \u00e9g of \u00f3n\u00e1kv\u00e6mur; s\u00fa sta\u00f0h\u00e6fing \u00e1 a\u00f0eins vi\u00f0 heimildir fr\u00e1 umr\u00e6ddum \u00e1r\u00f3\u00f0urssamt\u00f6kum. \u00a0\u00deetta breytir hins vegar \u00ed engu gagnr\u00fdni minni \u00e1 \u00fe\u00e6r \u00e1lyktanir\u00a0sem Birgir gefur \u00ed skyn a\u00f0 megi draga, jafnvel af \u00feeim g\u00f6gnum hans sem ekki eru \u00e1r\u00f3\u00f0urs\u00fev\u00e6la.<\/div>\n<div><\/div>\n<div>Var\u00f0andi Lafferbogann sem Birgir talar miki\u00f0 um er r\u00e9ttast a\u00f0 segja a\u00f0 hann er ekki til. \u00a0Hann er ekkert anna\u00f0 en gr\u00ed\u00f0arlega einf\u00f6ldu\u00f0 \u00fatlistun \u00e1 \u00feeirri auglj\u00f3su sta\u00f0reynd a\u00f0 skatttekjur h\u00e6kka ekki st\u00f6\u00f0ugt me\u00f0 h\u00e6kku\u00f0u skatthlutfalli. \u00a0\u00c9g\u00a0hef hins vegar aldrei s\u00e9\u00f0 sannf\u00e6randi \u00fatg\u00e1fu af honum fyrir nokkurt land, og \u00fea\u00f0 er ekkert sem segir a\u00f0 \u00e1 ferlinum sem \u00feessi bogi \u00e1 a\u00f0 l\u00fdsa s\u00e9u ekki fleiri en eitt h\u00e1mark, auk \u00feess sem \u00fea\u00f0 er ekki einu sinni lj\u00f3st a\u00f0 um s\u00e9 a\u00f0 r\u00e6\u00f0a feril\u00a0falls, \u00ed \u00feeim st\u00e6r\u00f0fr\u00e6\u00f0ilega skilningi sem hann er kynntur. \u00a0Myndin sem Birgir endurtekur \u00ed \u00feessu svarbloggi s\u00ednu er \u00fear a\u00f0 auki hreint og kl\u00e1rt hugarf\u00f3stur hans; \u00fea\u00f0 m\u00e1 draga \u00f3endanlega marga ferla gegnum \u00fe\u00e1 \u00ferj\u00e1 punkta sem Birgir notar.<\/div>\n<div><\/div>\n<div>A\u00f0 s\u00ed\u00f0ustu er athyglisvert a\u00f0 Birgir vitnar \u00ed Adam Smith, sem frj\u00e1lshyggjumenn kynna gjarnan sem hugmyndafr\u00e6\u00f0ing sinn. \u00a0Adam \u00feessi var nefnilega andsn\u00fainn \u00fev\u00ed a\u00f0 eigendur hlutaf\u00e9laga t\u00f6pu\u00f0u engu nema hlutaf\u00e9 s\u00ednu, en g\u00e6tu haldi\u00f0 \u00f6\u00f0rum\u00a0eignum, \u00e1 me\u00f0an kr\u00f6fuhafar eiga \u00fea\u00f0 \u00e1 h\u00e6ttu a\u00f0 b\u00ed\u00f0a gr\u00ed\u00f0arlegt tj\u00f3n vegna misgj\u00f6r\u00f0a annarra. \u00a0Um \u00feetta eru \u00f3tal d\u00e6mi \u00far \u00edslenska hruninu, eins og allir vita. \u00a0<a href=\"http:\/\/www.dv.is\/frettir\/2011\/6\/2\/hjon-skulda-436-milljonir-i-spkef\/\">H\u00e9r er eitt sl\u00edkt d\u00e6m<\/a>i, og svo kaldh\u00e6\u00f0nislega vill til a\u00f0 \u00fear er Birgir\u00a0sj\u00e1lfur \u00ed a\u00f0alhlutverki. \u00a0Vegna \u00feess a\u00f0 hann er varama\u00f0ur \u00ed stj\u00f3rn Se\u00f0labankans skora \u00e9g \u00e1 hann, s\u00f3ma hans vegna, a\u00f0 sk\u00fdra almenningi fr\u00e1 \u00fev\u00ed hver sta\u00f0a \u00feeirra m\u00e1la er sem fjalla\u00f0 er um \u00ed ofangreindri fr\u00e9tt.<\/div>\n","protected":false},"excerpt":{"rendered":"<p>Vegna pistils sem \u00e9g skrifa\u00f0i um\u00a0\u00f3hei\u00f0arlegan m\u00e1lflutning Birgis \u00de\u00f3rs Run\u00f3lfssonar\u00ed g\u00e6r\u00a0svara\u00f0i hann m\u00e9r \u00ed dag,\u00a0vegna st\u00f3ryrtra \u00e1r\u00e1sa minna. \u00a0\u00dea\u00f0 er alveg r\u00e9tt hj\u00e1 Birgi a\u00f0 \u00e9g var st\u00f3ror\u00f0ur og a\u00f0 \u00feetta var \u00e1r\u00e1s. \u00a0Hvort tveggja finnst\u00a0m\u00e9r ekki bara sj\u00e1lfsagt heldur &hellip; <a href=\"https:\/\/www.norn.is\/einar\/2013\/01\/17\/birgi-thor-runolfssyni-svarad\/\">Halda \u00e1fram a\u00f0 lesa <span class=\"meta-nav\">&rarr;<\/span><\/a><\/p>\n","protected":false},"author":10,"featured_media":0,"comment_status":"open","ping_status":"open","sticky":false,"template":"","format":"standard","meta":{"footnotes":""},"categories":[1,138],"tags":[284,55,285,165],"class_list":["post-357","post","type-post","status-publish","format-standard","hentry","category-oflokkad","category-fjarmalakerfid-og-kapitalismi","tag-birgir-thor-runolfsson","tag-hagfraedingar","tag-rokvillur","tag-vafasom-visindi"],"yoast_head":"<!-- This site is optimized with the Yoast SEO plugin v27.5 - https:\/\/yoast.com\/product\/yoast-seo-wordpress\/ -->\n<title>Birgi \u00de\u00f3r Run\u00f3lfssyni svara\u00f0 - Einar<\/title>\n<meta name=\"description\" content=\"Birgir \u00de\u00f3r Run\u00f3lfsson og \u00f3hei\u00f0arlegur m\u00e1lflutningur hans sem fr\u00e6\u00f0imanns um tekjudreifingu \u00e1 \u00cdslandi o.fl.\" \/>\n<meta name=\"robots\" content=\"index, follow, max-snippet:-1, max-image-preview:large, max-video-preview:-1\" \/>\n<link rel=\"canonical\" href=\"https:\/\/www.norn.is\/einar\/2013\/01\/17\/birgi-thor-runolfssyni-svarad\/\" \/>\n<meta property=\"og:locale\" content=\"is_IS\" \/>\n<meta property=\"og:type\" content=\"article\" \/>\n<meta property=\"og:title\" content=\"Birgi \u00de\u00f3r Run\u00f3lfssyni svara\u00f0 - Einar\" \/>\n<meta property=\"og:description\" content=\"Birgir \u00de\u00f3r Run\u00f3lfsson og \u00f3hei\u00f0arlegur m\u00e1lflutningur hans sem fr\u00e6\u00f0imanns um tekjudreifingu \u00e1 \u00cdslandi o.fl.\" \/>\n<meta property=\"og:url\" content=\"https:\/\/www.norn.is\/einar\/2013\/01\/17\/birgi-thor-runolfssyni-svarad\/\" \/>\n<meta property=\"og:site_name\" content=\"Einar\" \/>\n<meta property=\"article:published_time\" content=\"2013-01-17T07:15:15+00:00\" \/>\n<meta property=\"article:modified_time\" content=\"2017-09-24T11:03:55+00:00\" \/>\n<meta name=\"author\" content=\"einar\" \/>\n<meta name=\"twitter:card\" content=\"summary_large_image\" \/>\n<meta name=\"twitter:label1\" content=\"Written by\" \/>\n\t<meta name=\"twitter:data1\" content=\"\" \/>\n\t<meta name=\"twitter:label2\" content=\"Est. reading time\" \/>\n\t<meta name=\"twitter:data2\" content=\"5 minutes\" \/>\n<script type=\"application\/ld+json\" class=\"yoast-schema-graph\">{\"@context\":\"https:\\\/\\\/schema.org\",\"@graph\":[{\"@type\":\"Article\",\"@id\":\"https:\\\/\\\/www.norn.is\\\/einar\\\/2013\\\/01\\\/17\\\/birgi-thor-runolfssyni-svarad\\\/#article\",\"isPartOf\":{\"@id\":\"https:\\\/\\\/www.norn.is\\\/einar\\\/2013\\\/01\\\/17\\\/birgi-thor-runolfssyni-svarad\\\/\"},\"author\":{\"name\":\"einar\",\"@id\":\"https:\\\/\\\/www.norn.is\\\/einar\\\/#\\\/schema\\\/person\\\/19affadb841a22f7bfd4bdcd72a862d0\"},\"headline\":\"Birgi \u00de\u00f3r Run\u00f3lfssyni svara\u00f0\",\"datePublished\":\"2013-01-17T07:15:15+00:00\",\"dateModified\":\"2017-09-24T11:03:55+00:00\",\"mainEntityOfPage\":{\"@id\":\"https:\\\/\\\/www.norn.is\\\/einar\\\/2013\\\/01\\\/17\\\/birgi-thor-runolfssyni-svarad\\\/\"},\"wordCount\":905,\"commentCount\":0,\"keywords\":[\"Birgir \u00de\u00f3r Run\u00f3lfsson\",\"Hagfr\u00e6\u00f0ingar\",\"R\u00f6kvillur\",\"Vafas\u00f6m v\u00edsindi\"],\"articleSection\":[\"Allt efni\",\"Fj\u00e1rm\u00e1lakerfi\u00f0 og kap\u00edtalismi\"],\"inLanguage\":\"is\",\"potentialAction\":[{\"@type\":\"CommentAction\",\"name\":\"Comment\",\"target\":[\"https:\\\/\\\/www.norn.is\\\/einar\\\/2013\\\/01\\\/17\\\/birgi-thor-runolfssyni-svarad\\\/#respond\"]}]},{\"@type\":\"WebPage\",\"@id\":\"https:\\\/\\\/www.norn.is\\\/einar\\\/2013\\\/01\\\/17\\\/birgi-thor-runolfssyni-svarad\\\/\",\"url\":\"https:\\\/\\\/www.norn.is\\\/einar\\\/2013\\\/01\\\/17\\\/birgi-thor-runolfssyni-svarad\\\/\",\"name\":\"Birgi \u00de\u00f3r Run\u00f3lfssyni svara\u00f0 - Einar\",\"isPartOf\":{\"@id\":\"https:\\\/\\\/www.norn.is\\\/einar\\\/#website\"},\"datePublished\":\"2013-01-17T07:15:15+00:00\",\"dateModified\":\"2017-09-24T11:03:55+00:00\",\"author\":{\"@id\":\"https:\\\/\\\/www.norn.is\\\/einar\\\/#\\\/schema\\\/person\\\/19affadb841a22f7bfd4bdcd72a862d0\"},\"description\":\"Birgir \u00de\u00f3r Run\u00f3lfsson og \u00f3hei\u00f0arlegur m\u00e1lflutningur hans sem fr\u00e6\u00f0imanns um tekjudreifingu \u00e1 \u00cdslandi o.fl.\",\"breadcrumb\":{\"@id\":\"https:\\\/\\\/www.norn.is\\\/einar\\\/2013\\\/01\\\/17\\\/birgi-thor-runolfssyni-svarad\\\/#breadcrumb\"},\"inLanguage\":\"is\",\"potentialAction\":[{\"@type\":\"ReadAction\",\"target\":[\"https:\\\/\\\/www.norn.is\\\/einar\\\/2013\\\/01\\\/17\\\/birgi-thor-runolfssyni-svarad\\\/\"]}]},{\"@type\":\"BreadcrumbList\",\"@id\":\"https:\\\/\\\/www.norn.is\\\/einar\\\/2013\\\/01\\\/17\\\/birgi-thor-runolfssyni-svarad\\\/#breadcrumb\",\"itemListElement\":[{\"@type\":\"ListItem\",\"position\":1,\"name\":\"Home\",\"item\":\"https:\\\/\\\/www.norn.is\\\/einar\\\/\"},{\"@type\":\"ListItem\",\"position\":2,\"name\":\"Birgi \u00de\u00f3r Run\u00f3lfssyni svara\u00f0\"}]},{\"@type\":\"WebSite\",\"@id\":\"https:\\\/\\\/www.norn.is\\\/einar\\\/#website\",\"url\":\"https:\\\/\\\/www.norn.is\\\/einar\\\/\",\"name\":\"Einar\",\"description\":\"Pistlar Einars Steingr\u00edmssonar\",\"potentialAction\":[{\"@type\":\"SearchAction\",\"target\":{\"@type\":\"EntryPoint\",\"urlTemplate\":\"https:\\\/\\\/www.norn.is\\\/einar\\\/?s={search_term_string}\"},\"query-input\":{\"@type\":\"PropertyValueSpecification\",\"valueRequired\":true,\"valueName\":\"search_term_string\"}}],\"inLanguage\":\"is\"},{\"@type\":\"Person\",\"@id\":\"https:\\\/\\\/www.norn.is\\\/einar\\\/#\\\/schema\\\/person\\\/19affadb841a22f7bfd4bdcd72a862d0\",\"name\":\"einar\",\"image\":{\"@type\":\"ImageObject\",\"inLanguage\":\"is\",\"@id\":\"https:\\\/\\\/secure.gravatar.com\\\/avatar\\\/6f5f5592f3cc45e338376db24f1672c636582d9c27d855e8f077f13ef13b17fd?s=96&d=mm&r=g\",\"url\":\"https:\\\/\\\/secure.gravatar.com\\\/avatar\\\/6f5f5592f3cc45e338376db24f1672c636582d9c27d855e8f077f13ef13b17fd?s=96&d=mm&r=g\",\"contentUrl\":\"https:\\\/\\\/secure.gravatar.com\\\/avatar\\\/6f5f5592f3cc45e338376db24f1672c636582d9c27d855e8f077f13ef13b17fd?s=96&d=mm&r=g\",\"caption\":\"einar\"},\"url\":\"https:\\\/\\\/www.norn.is\\\/einar\\\/author\\\/einarsteingrimsson\\\/\"}]}<\/script>\n<!-- \/ Yoast SEO plugin. -->","yoast_head_json":{"title":"Birgi \u00de\u00f3r Run\u00f3lfssyni svara\u00f0 - Einar","description":"Birgir \u00de\u00f3r Run\u00f3lfsson og \u00f3hei\u00f0arlegur m\u00e1lflutningur hans sem fr\u00e6\u00f0imanns um tekjudreifingu \u00e1 \u00cdslandi o.fl.","robots":{"index":"index","follow":"follow","max-snippet":"max-snippet:-1","max-image-preview":"max-image-preview:large","max-video-preview":"max-video-preview:-1"},"canonical":"https:\/\/www.norn.is\/einar\/2013\/01\/17\/birgi-thor-runolfssyni-svarad\/","og_locale":"is_IS","og_type":"article","og_title":"Birgi \u00de\u00f3r Run\u00f3lfssyni svara\u00f0 - Einar","og_description":"Birgir \u00de\u00f3r Run\u00f3lfsson og \u00f3hei\u00f0arlegur m\u00e1lflutningur hans sem fr\u00e6\u00f0imanns um tekjudreifingu \u00e1 \u00cdslandi o.fl.","og_url":"https:\/\/www.norn.is\/einar\/2013\/01\/17\/birgi-thor-runolfssyni-svarad\/","og_site_name":"Einar","article_published_time":"2013-01-17T07:15:15+00:00","article_modified_time":"2017-09-24T11:03:55+00:00","author":"einar","twitter_card":"summary_large_image","twitter_misc":{"Written by":false,"Est. reading time":"5 minutes"},"schema":{"@context":"https:\/\/schema.org","@graph":[{"@type":"Article","@id":"https:\/\/www.norn.is\/einar\/2013\/01\/17\/birgi-thor-runolfssyni-svarad\/#article","isPartOf":{"@id":"https:\/\/www.norn.is\/einar\/2013\/01\/17\/birgi-thor-runolfssyni-svarad\/"},"author":{"name":"einar","@id":"https:\/\/www.norn.is\/einar\/#\/schema\/person\/19affadb841a22f7bfd4bdcd72a862d0"},"headline":"Birgi \u00de\u00f3r Run\u00f3lfssyni svara\u00f0","datePublished":"2013-01-17T07:15:15+00:00","dateModified":"2017-09-24T11:03:55+00:00","mainEntityOfPage":{"@id":"https:\/\/www.norn.is\/einar\/2013\/01\/17\/birgi-thor-runolfssyni-svarad\/"},"wordCount":905,"commentCount":0,"keywords":["Birgir \u00de\u00f3r Run\u00f3lfsson","Hagfr\u00e6\u00f0ingar","R\u00f6kvillur","Vafas\u00f6m v\u00edsindi"],"articleSection":["Allt efni","Fj\u00e1rm\u00e1lakerfi\u00f0 og kap\u00edtalismi"],"inLanguage":"is","potentialAction":[{"@type":"CommentAction","name":"Comment","target":["https:\/\/www.norn.is\/einar\/2013\/01\/17\/birgi-thor-runolfssyni-svarad\/#respond"]}]},{"@type":"WebPage","@id":"https:\/\/www.norn.is\/einar\/2013\/01\/17\/birgi-thor-runolfssyni-svarad\/","url":"https:\/\/www.norn.is\/einar\/2013\/01\/17\/birgi-thor-runolfssyni-svarad\/","name":"Birgi \u00de\u00f3r Run\u00f3lfssyni svara\u00f0 - Einar","isPartOf":{"@id":"https:\/\/www.norn.is\/einar\/#website"},"datePublished":"2013-01-17T07:15:15+00:00","dateModified":"2017-09-24T11:03:55+00:00","author":{"@id":"https:\/\/www.norn.is\/einar\/#\/schema\/person\/19affadb841a22f7bfd4bdcd72a862d0"},"description":"Birgir \u00de\u00f3r Run\u00f3lfsson og \u00f3hei\u00f0arlegur m\u00e1lflutningur hans sem fr\u00e6\u00f0imanns um tekjudreifingu \u00e1 \u00cdslandi o.fl.","breadcrumb":{"@id":"https:\/\/www.norn.is\/einar\/2013\/01\/17\/birgi-thor-runolfssyni-svarad\/#breadcrumb"},"inLanguage":"is","potentialAction":[{"@type":"ReadAction","target":["https:\/\/www.norn.is\/einar\/2013\/01\/17\/birgi-thor-runolfssyni-svarad\/"]}]},{"@type":"BreadcrumbList","@id":"https:\/\/www.norn.is\/einar\/2013\/01\/17\/birgi-thor-runolfssyni-svarad\/#breadcrumb","itemListElement":[{"@type":"ListItem","position":1,"name":"Home","item":"https:\/\/www.norn.is\/einar\/"},{"@type":"ListItem","position":2,"name":"Birgi \u00de\u00f3r Run\u00f3lfssyni svara\u00f0"}]},{"@type":"WebSite","@id":"https:\/\/www.norn.is\/einar\/#website","url":"https:\/\/www.norn.is\/einar\/","name":"Einar","description":"Pistlar Einars Steingr\u00edmssonar","potentialAction":[{"@type":"SearchAction","target":{"@type":"EntryPoint","urlTemplate":"https:\/\/www.norn.is\/einar\/?s={search_term_string}"},"query-input":{"@type":"PropertyValueSpecification","valueRequired":true,"valueName":"search_term_string"}}],"inLanguage":"is"},{"@type":"Person","@id":"https:\/\/www.norn.is\/einar\/#\/schema\/person\/19affadb841a22f7bfd4bdcd72a862d0","name":"einar","image":{"@type":"ImageObject","inLanguage":"is","@id":"https:\/\/secure.gravatar.com\/avatar\/6f5f5592f3cc45e338376db24f1672c636582d9c27d855e8f077f13ef13b17fd?s=96&d=mm&r=g","url":"https:\/\/secure.gravatar.com\/avatar\/6f5f5592f3cc45e338376db24f1672c636582d9c27d855e8f077f13ef13b17fd?s=96&d=mm&r=g","contentUrl":"https:\/\/secure.gravatar.com\/avatar\/6f5f5592f3cc45e338376db24f1672c636582d9c27d855e8f077f13ef13b17fd?s=96&d=mm&r=g","caption":"einar"},"url":"https:\/\/www.norn.is\/einar\/author\/einarsteingrimsson\/"}]}},"_links":{"self":[{"href":"https:\/\/www.norn.is\/einar\/wp-json\/wp\/v2\/posts\/357","targetHints":{"allow":["GET"]}}],"collection":[{"href":"https:\/\/www.norn.is\/einar\/wp-json\/wp\/v2\/posts"}],"about":[{"href":"https:\/\/www.norn.is\/einar\/wp-json\/wp\/v2\/types\/post"}],"author":[{"embeddable":true,"href":"https:\/\/www.norn.is\/einar\/wp-json\/wp\/v2\/users\/10"}],"replies":[{"embeddable":true,"href":"https:\/\/www.norn.is\/einar\/wp-json\/wp\/v2\/comments?post=357"}],"version-history":[{"count":1,"href":"https:\/\/www.norn.is\/einar\/wp-json\/wp\/v2\/posts\/357\/revisions"}],"predecessor-version":[{"id":358,"href":"https:\/\/www.norn.is\/einar\/wp-json\/wp\/v2\/posts\/357\/revisions\/358"}],"wp:attachment":[{"href":"https:\/\/www.norn.is\/einar\/wp-json\/wp\/v2\/media?parent=357"}],"wp:term":[{"taxonomy":"category","embeddable":true,"href":"https:\/\/www.norn.is\/einar\/wp-json\/wp\/v2\/categories?post=357"},{"taxonomy":"post_tag","embeddable":true,"href":"https:\/\/www.norn.is\/einar\/wp-json\/wp\/v2\/tags?post=357"}],"curies":[{"name":"wp","href":"https:\/\/api.w.org\/{rel}","templated":true}]}}