{"id":346,"date":"2012-12-13T13:47:02","date_gmt":"2012-12-13T13:47:02","guid":{"rendered":"http:\/\/www.norn.is\/einar\/?p=346"},"modified":"2017-09-24T11:03:55","modified_gmt":"2017-09-24T11:03:55","slug":"islenskir-haskolar-alveg-einstakir","status":"publish","type":"post","link":"https:\/\/www.norn.is\/einar\/2012\/12\/13\/islenskir-haskolar-alveg-einstakir\/","title":{"rendered":"\u00cdslenskir h\u00e1sk\u00f3lar \u2014 alveg einstakir"},"content":{"rendered":"<div>Af einhverjum \u00e1st\u00e6\u00f0um var\u00f0 \u00e9g \u00f3skaplega dapur yfir miklu af umr\u00e6\u00f0unni um\u00a0<a href=\"http:\/\/blog.pressan.is\/evahauks\/2012\/12\/11\/fanaberar-favisinnar\/\">\u00feennan pistil<\/a>\u00a0Evu Hauksd\u00f3ttur (<a href=\"http:\/\/blog.pressan.is\/evahauks\/2012\/12\/10\/vill-einhver-leka-i-mig-leyniskjolum-ur-kynjafraedinni\/\">og \u00feennan<\/a>), sem fjallar um h\u00f6fundarr\u00e9tt og hvort h\u00e1sk\u00f3lar eigi a\u00f0 starfa fyrir opnum tj\u00f6ldum e\u00f0a vera einhvers konar fr\u00edm\u00fararareglur.<\/div>\n<p><!--more--><\/p>\n<div><\/div>\n<div>Umr\u00e6\u00f0an hefur ekki s\u00edst sn\u00faist um eftirfarandi spurningar (sem annars vegar var beinl\u00ednis spurt \u00ed ofannefndum pistlum, og sem hins vegar hafa veri\u00f0 r\u00e6ddar \u00ed \u00fdmsum tj\u00e1sukerfum, b\u00e6\u00f0i vi\u00f0 pistlana og \u00e1 Facebook):<\/div>\n<div><\/div>\n<div>\n<ul>\n<li>Er e\u00f0lilegt a\u00f0 h\u00e1sk\u00f3lakennarar sem dreifa tilteknu n\u00e1msefni (t.d. fyrirlestragl\u00e6rum) til allra nemenda \u00ed tilteknu n\u00e1mskei\u00f0i vilji alls ekki a\u00f0 efni\u00f0 ver\u00f0i gert a\u00f0gengilegt almenningi?<\/li>\n<li>Gerir h\u00f6fundarr\u00e9ttur kennara \u00e1 kennsluefni a\u00f0 verkum a\u00f0 h\u00e1sk\u00f3li megi alls ekki krefjast \u00feess a\u00f0 allt efni sem birt er nemendum n\u00e1mskei\u00f0s (sem \u00ed geta veri\u00f0 tugir e\u00f0a hundru\u00f0 nemenda) s\u00e9 birt \u00e1 opnum vef, \u00feannig a\u00f0 \u00fea\u00f0 ver\u00f0i a\u00f0gengilegt almenningi?<\/li>\n<li>K\u00e6mi umr\u00e6ddur h\u00f6fundarr\u00e9ttur (sem margir vir\u00f0ast rugla saman vi\u00f0 r\u00e9ttinn til dreifingar) \u00ed veg fyrir a\u00f0 h\u00e1sk\u00f3li g\u00e6ti krafist \u00feess a\u00f0 allir nemendur sk\u00f3lans hef\u00f0u a\u00f0gang a\u00f0 kennsluefni s\u00e9rhvers n\u00e1mskei\u00f0s \u00ed sk\u00f3lanum, til d\u00e6mis til a\u00f0 nemendur geti betur vali\u00f0 s\u00e9r n\u00e1mskei\u00f0 vi\u00f0 h\u00e6fi?<\/li>\n<li>Er h\u00f6fundarr\u00e9ttur h\u00e1sk\u00f3lakennara, \u00e1 kennsluefni sem \u00feeir dreifa til nemendanna sem \u00feeir kenna, fr\u00e1brug\u00f0inn h\u00f6fundarr\u00e9tti fr\u00e9ttaf\u00f3lks \u00e1 fj\u00f6lmi\u00f0lum (og \u00feeirra sem senda inn greinar \u00ed bl\u00f6\u00f0), sem ekki hefur neitt a\u00f0 segja um dreifingu fr\u00e9ttanna sem \u00fea\u00f0 skrifar?<\/li>\n<li>Er \u00fea\u00f0 virkilega r\u00e9tt \u00e1lykta\u00f0 hj\u00e1 einum h\u00e1sk\u00f3lakennara sem tj\u00e1\u00f0i sig um m\u00e1li\u00f0 a\u00f0 ef H\u00cd \u00e1kv\u00e6\u00f0i einfaldlega a\u00f0 hafa engan loka\u00f0an vef fyrir kennsluefni, bara opinn, \u00fe\u00e1 myndu margir kennarar sk\u00f3lans hverfa aftur til fort\u00ed\u00f0ar og h\u00e6tta a\u00f0 nota neti\u00f0 til a\u00f0 birta efni?<\/li>\n<\/ul>\n<\/div>\n<div>\u00dea\u00f0 sem m\u00e9r hefur fundist sorglegast vi\u00f0 umr\u00e6\u00f0una er hversu margir hafa teki\u00f0 undir \u00fe\u00e1 afst\u00f6\u00f0u a\u00f0 \u00fea\u00f0 s\u00e9 vont, \u00f3m\u00f6gulegt, og l\u00edklega l\u00f6gbrot, a\u00f0 \u00e6tlast til a\u00f0 almenningur geti fengi\u00f0 a\u00f0gang a\u00f0 kennsluefni sem birt er \u00e1 innrivef H\u00cd.<\/div>\n<div><\/div>\n<div>Au\u00f0vita\u00f0 gera s\u00e9r allir grein fyrir \u00fev\u00ed a\u00f0 um lei\u00f0 og tugir nemenda hafa a\u00f0gang a\u00f0 kennsluefni \u00e1 vef sk\u00f3lans getur hver sem er komist yfir \u00fea\u00f0 sem hann hefur s\u00e9rstakan \u00e1huga \u00e1, \u00fev\u00ed \u00cdsland er n\u00f3gu l\u00edti\u00f0 til a\u00f0 allir \u00feekkja einhvern sem \u00feekkir einhvern sem \u00feekkir einhvern sem er skr\u00e1\u00f0ur \u00ed vi\u00f0komandi n\u00e1mskei\u00f0. \u00a0\u00dea\u00f0 er \u00fev\u00ed auglj\u00f3st a\u00f0 efni sem birt er \u00e1 innrivef H\u00cd er ekki lengur \u201eleynilegt\u201c.<\/div>\n<div><\/div>\n<div>\u00dea\u00f0 er l\u00edka s\u00e9rkennilegt a\u00f0 almenningur, sem borgar alla starfsemi H\u00cd, \u00fear me\u00f0 talin laun kennaranna fyrir a\u00f0 setja saman kennsluefni, megi ekki f\u00e1 a\u00f0gang a\u00f0 \u00fev\u00ed kennsluefni sem dreift er til nemenda sk\u00f3lans.<\/div>\n<div><\/div>\n<div>\u00dea\u00f0 sem er \u00fe\u00f3 verst vi\u00f0 \u00feetta, finnst m\u00e9r, er leyndarhyggjan sem birtist \u00ed m\u00f3tb\u00e1runum sem svo margir fl\u00fdta s\u00e9r a\u00f0 leita a\u00f0. \u00a0\u00d6rf\u00e1ir \u00feeirra sem hafa tj\u00e1\u00f0 sig teljandi um m\u00e1li\u00f0 tala um a\u00f0 \u00fea\u00f0 v\u00e6ri au\u00f0vita\u00f0 gott a\u00f0 gera sem mest kennsluefni a\u00f0gengilegt almenningi. \u00a0Flestir tala hins vegar um \u00fea\u00f0 eins og sj\u00e1lfsag\u00f0an hlut a\u00f0 halda verndarhendi yfir \u00feessari leynd, og leita a\u00f0 alls konar r\u00f6kum og lagab\u00f3kst\u00f6fum til a\u00f0 \u00fatsk\u00fdra mikilv\u00e6gi \u00feess a\u00f0 sem minnst lj\u00f3s f\u00e1i a\u00f0 sk\u00edna inn \u00ed \u00feennan ry\u00f0hjall sem reynir svo oft a\u00f0 vera f\u00edlabeinsturn.<\/div>\n<div><\/div>\n<div>N\u00e1nast engum vir\u00f0ist detta \u00ed hug a\u00f0 \u00fea\u00f0 v\u00e6ri ef til vill eftirs\u00f3knarvert a\u00f0 starf H\u00cd v\u00e6ri opi\u00f0 almenningi a\u00f0 \u00fev\u00ed leyti sem au\u00f0velt er a\u00f0 opna \u00fea\u00f0. \u00a0\u00dea\u00f0 \u00fearf til d\u00e6mis bara a\u00f0 \u201e\u00fdta \u00e1 einn takka\u201c til a\u00f0 gera kennsluefni\u00f0 a\u00f0gengilegt umheiminum \u00ed sta\u00f0 \u00feess a\u00f0 loka \u00fea\u00f0 inni \u00ed afm\u00f6rku\u00f0um h\u00f3pi innan sk\u00f3lans.<\/div>\n<div><\/div>\n<div>F\u00e1um vir\u00f0ist heldur detta \u00ed hug a\u00f0 \u00fea\u00f0 g\u00e6ti veri\u00f0 eftirs\u00f3knarvert a\u00f0 feta \u00ed f\u00f3tspor \u00feeirra sk\u00f3la erlendis (t.d.\u00a0<a href=\"http:\/\/en.wikipedia.org\/wiki\/OpenCourseWare\">T\u00fcbingen, Michigan, TU Delft, MIT, Yale \u2026<\/a>) sem vilja veita almenningi a\u00f0gang a\u00f0 \u00fev\u00ed sem \u00feeir hafa fram a\u00f0 f\u00e6ra. \u00a0Nei, \u00fea\u00f0 v\u00e6ri hr\u00e6\u00f0ilegt \u201ebrot \u00e1 h\u00f6fundarr\u00e9tti\u201c a\u00f0 veita almenningi a\u00f0gang a\u00f0 \u00feeim leyndard\u00f3mum sem fjalla\u00f0 er um \u00ed hinum s\u00e9rstaka H\u00e1sk\u00f3la \u00cdslands.<\/div>\n<div><\/div>\n<div>\u00c9g veit svo sem af hverju margir kennarar vi\u00f0 H\u00cd \u00f3ttast inns\u00fdn almennings \u00ed kennslu s\u00edna. \u00a0\u00de\u00f3tt \u00ed H\u00cd s\u00e9 talsvert af mj\u00f6g \u00f6flugu v\u00edsindaf\u00f3lki er mikill fj\u00f6ldi kennara sk\u00f3lans, s\u00e9rstaklega \u00e1 Menntav\u00edsinda- og F\u00e9lagsv\u00edsindasvi\u00f0i, \u00a0alls engir \u00fe\u00e1tttakendur \u00e1 \u00feeim vettvangi sem sk\u00f3linn segist, opinberlega, \u00e6tla a\u00f0 gera sig gildandi \u00e1, \u00fe.e.a.s. \u00e1 \u00feeim al\u00fej\u00f3\u00f0avettvangi sem v\u00edsindastarf er. \u00a0\u00de\u00f3tt s\u00e9rhver kennari vi\u00f0 \u00edslensku r\u00edkish\u00e1sk\u00f3lana f\u00e1i 40% launa sinna greidd fyrir a\u00f0 stunda ranns\u00f3knir er \u00fea\u00f0 opinbert leyndarm\u00e1l a\u00f0 st\u00f3r hluti \u00feeirra hefur aldrei stunda\u00f0 ranns\u00f3knir, og annar st\u00f3r hluti stundar ranns\u00f3knir sem\u00a0<a href=\"http:\/\/blog.pressan.is\/einar\/2011\/10\/27\/hi-andverdleikasamfelag-og-halfsannindi\/\">n\u00e1 engu m\u00e1li \u00ed \u00fev\u00ed al\u00fej\u00f3\u00f0asamf\u00e9lagi sem sk\u00f3linn hefur sem yfirl\u00fdsta stefnu a\u00f0 tilheyra.<\/a><\/div>\n<div><\/div>\n<div>(\u00dea\u00f0 er svo efni \u00ed annan pistil a\u00f0 \u00fe\u00f3tt ofangreind tv\u00f6 svi\u00f0 innan H\u00cd s\u00e9u samanlagt umtalsvert fj\u00f6lmennari en b\u00e6\u00f0i Verkfr\u00e6\u00f0i- og n\u00e1tt\u00faruv\u00edsindasvi\u00f0 og Heilbrig\u00f0isv\u00edsindasvi\u00f0, \u00fe\u00e1 er framlag \u00feeirra fyrrnefndu til al\u00fej\u00f3\u00f0asamf\u00e9lags v\u00edsindanna innan vi\u00f0 einn t\u00edundi af framlagi hvors hinna svi\u00f0anna, eins og sj\u00e1 m\u00e1 \u00ed\u00a0<a href=\"http:\/\/blog.pressan.is\/einar\/wp-content\/uploads\/sites\/148\/2012\/12\/GreinabirtingarIsland-fraedasvid.pdf\">\u00feessari samantekt<\/a>\u00a0\u00far gagnagrunninum\u00a0<em>Web of Science,\u00a0<\/em>yfir fj\u00f6lda birtra greina \u00e1 ritr\u00fdndum al\u00fej\u00f3\u00f0legum vettvangi. R\u00e9tt er a\u00f0 hafa \u00ed huga h\u00e9r a\u00f0 \u00feetta yfirlit, sem \u00e9g mun fjalla betur um s\u00ed\u00f0ar, er yfir allar birtingar \u00edslenskra stofnana. \u00a0\u00dea\u00f0 \u00fe\u00fd\u00f0ir me\u00f0al annars a\u00f0 \u00a0st\u00f3r hluti birtinga \u00ed heilbrig\u00f0isv\u00edsindum er fr\u00e1 Erf\u00f0agreiningu og Hjartavernd.)<\/div>\n<div><\/div>\n<div>\u00dea\u00f0 er \u00fe\u00f3 ekki \u00feetta sem gerir mig dapran, \u00fev\u00ed \u00fea\u00f0 hef \u00e9g vita\u00f0 lengi. \u00a0Heldur hitt, hversu f\u00e1tt af \u00fev\u00ed framb\u00e6rilega v\u00edsindaf\u00f3lki sem H\u00cd \u00fe\u00f3 \u00e1 skuli vera tilb\u00fai\u00f0 a\u00f0 standa upp og \u00fatsk\u00fdra fyrir almenningi og stj\u00f3rnv\u00f6ldum \u00fe\u00e1 lygi sem svo st\u00f3r hluti af starfi H\u00cd byggir \u00e1, og sem er ein \u00e1st\u00e6\u00f0a \u00feeirrar leyndarhyggju sem h\u00e9r hefur veri\u00f0 fjalla\u00f0 um. \u00a0Lygi undirm\u00e1lsli\u00f0sins, sem hefur t\u00f6gl og hagldir \u00ed \u00e6\u00f0sta valdakerfi sk\u00f3lans, um a\u00f0 \u00fea\u00f0 s\u00e9 alv\u00f6ru v\u00edsindaf\u00f3lk, en ekki d\u00e6miger\u00f0ir \u00edslenskir f\u00faskarar sem \u00fej\u00e1st samt\u00edmis af (skiljanlegri) minnim\u00e1ttarkennd og (\u00f3skiljanlegu) mikilmennskubrj\u00e1l\u00e6\u00f0i.<\/div>\n<div><\/div>\n<div>\u00cdsland er svo \u00f3skaplega s\u00e9rstakt. \u00a0Um \u00fea\u00f0 gilda allt a\u00f0rar reglur og l\u00f6gm\u00e1l en \u00feessa aula sem b\u00faa \u00ed \u00f6\u00f0rum og van\u00fer\u00f3a\u00f0ri l\u00f6ndum. \u00a0\u00dea\u00f0 er af \u00fev\u00ed a\u00f0 \u00cdslendingar eru afbur\u00f0af\u00f3lk, sem hafa ekkert til annarra a\u00f0 s\u00e6kja \u2026<\/div>\n","protected":false},"excerpt":{"rendered":"<p>Af einhverjum \u00e1st\u00e6\u00f0um var\u00f0 \u00e9g \u00f3skaplega dapur yfir miklu af umr\u00e6\u00f0unni um\u00a0\u00feennan pistil\u00a0Evu Hauksd\u00f3ttur (og \u00feennan), sem fjallar um h\u00f6fundarr\u00e9tt og hvort h\u00e1sk\u00f3lar eigi a\u00f0 starfa fyrir opnum tj\u00f6ldum e\u00f0a vera einhvers konar fr\u00edm\u00fararareglur.<\/p>\n","protected":false},"author":10,"featured_media":0,"comment_status":"open","ping_status":"open","sticky":false,"template":"","format":"standard","meta":{"footnotes":""},"categories":[1,79],"tags":[164,113,84],"class_list":["post-346","post","type-post","status-publish","format-standard","hentry","category-oflokkad","category-haskolamal","tag-andverdleikasamfelag","tag-gagnsaei-og-leyndarhyggja","tag-haskoli-islands"],"yoast_head":"<!-- This site is optimized with the Yoast SEO plugin v27.5 - https:\/\/yoast.com\/product\/yoast-seo-wordpress\/ -->\n<title>\u00cdslenskir h\u00e1sk\u00f3lar \u2014 alveg einstakir - Einar<\/title>\n<meta name=\"robots\" content=\"index, follow, max-snippet:-1, max-image-preview:large, max-video-preview:-1\" \/>\n<link rel=\"canonical\" href=\"https:\/\/www.norn.is\/einar\/2012\/12\/13\/islenskir-haskolar-alveg-einstakir\/\" \/>\n<meta property=\"og:locale\" content=\"is_IS\" \/>\n<meta property=\"og:type\" content=\"article\" \/>\n<meta property=\"og:title\" content=\"\u00cdslenskir h\u00e1sk\u00f3lar \u2014 alveg einstakir - Einar\" \/>\n<meta property=\"og:description\" content=\"Af einhverjum \u00e1st\u00e6\u00f0um var\u00f0 \u00e9g \u00f3skaplega dapur yfir miklu af umr\u00e6\u00f0unni um\u00a0\u00feennan pistil\u00a0Evu Hauksd\u00f3ttur (og \u00feennan), sem fjallar um h\u00f6fundarr\u00e9tt og hvort h\u00e1sk\u00f3lar eigi a\u00f0 starfa fyrir opnum tj\u00f6ldum e\u00f0a vera einhvers konar fr\u00edm\u00fararareglur.\" \/>\n<meta property=\"og:url\" content=\"https:\/\/www.norn.is\/einar\/2012\/12\/13\/islenskir-haskolar-alveg-einstakir\/\" \/>\n<meta property=\"og:site_name\" content=\"Einar\" \/>\n<meta property=\"article:published_time\" content=\"2012-12-13T13:47:02+00:00\" \/>\n<meta property=\"article:modified_time\" content=\"2017-09-24T11:03:55+00:00\" \/>\n<meta name=\"author\" content=\"einar\" \/>\n<meta name=\"twitter:card\" content=\"summary_large_image\" \/>\n<meta name=\"twitter:label1\" content=\"Written by\" \/>\n\t<meta name=\"twitter:data1\" content=\"\" \/>\n\t<meta name=\"twitter:label2\" content=\"Est. reading time\" \/>\n\t<meta name=\"twitter:data2\" content=\"6 minutes\" \/>\n<script type=\"application\/ld+json\" class=\"yoast-schema-graph\">{\"@context\":\"https:\\\/\\\/schema.org\",\"@graph\":[{\"@type\":\"Article\",\"@id\":\"https:\\\/\\\/www.norn.is\\\/einar\\\/2012\\\/12\\\/13\\\/islenskir-haskolar-alveg-einstakir\\\/#article\",\"isPartOf\":{\"@id\":\"https:\\\/\\\/www.norn.is\\\/einar\\\/2012\\\/12\\\/13\\\/islenskir-haskolar-alveg-einstakir\\\/\"},\"author\":{\"name\":\"einar\",\"@id\":\"https:\\\/\\\/www.norn.is\\\/einar\\\/#\\\/schema\\\/person\\\/19affadb841a22f7bfd4bdcd72a862d0\"},\"headline\":\"\u00cdslenskir h\u00e1sk\u00f3lar \u2014 alveg einstakir\",\"datePublished\":\"2012-12-13T13:47:02+00:00\",\"dateModified\":\"2017-09-24T11:03:55+00:00\",\"mainEntityOfPage\":{\"@id\":\"https:\\\/\\\/www.norn.is\\\/einar\\\/2012\\\/12\\\/13\\\/islenskir-haskolar-alveg-einstakir\\\/\"},\"wordCount\":1165,\"commentCount\":0,\"keywords\":[\"Andver\u00f0leikasamf\u00e9lag\",\"Gagns\u00e6i og leyndarhyggja\",\"H\u00e1sk\u00f3li \u00cdslands\"],\"articleSection\":[\"Allt efni\",\"H\u00e1sk\u00f3lam\u00e1l\"],\"inLanguage\":\"is\",\"potentialAction\":[{\"@type\":\"CommentAction\",\"name\":\"Comment\",\"target\":[\"https:\\\/\\\/www.norn.is\\\/einar\\\/2012\\\/12\\\/13\\\/islenskir-haskolar-alveg-einstakir\\\/#respond\"]}]},{\"@type\":\"WebPage\",\"@id\":\"https:\\\/\\\/www.norn.is\\\/einar\\\/2012\\\/12\\\/13\\\/islenskir-haskolar-alveg-einstakir\\\/\",\"url\":\"https:\\\/\\\/www.norn.is\\\/einar\\\/2012\\\/12\\\/13\\\/islenskir-haskolar-alveg-einstakir\\\/\",\"name\":\"\u00cdslenskir h\u00e1sk\u00f3lar \u2014 alveg einstakir - Einar\",\"isPartOf\":{\"@id\":\"https:\\\/\\\/www.norn.is\\\/einar\\\/#website\"},\"datePublished\":\"2012-12-13T13:47:02+00:00\",\"dateModified\":\"2017-09-24T11:03:55+00:00\",\"author\":{\"@id\":\"https:\\\/\\\/www.norn.is\\\/einar\\\/#\\\/schema\\\/person\\\/19affadb841a22f7bfd4bdcd72a862d0\"},\"breadcrumb\":{\"@id\":\"https:\\\/\\\/www.norn.is\\\/einar\\\/2012\\\/12\\\/13\\\/islenskir-haskolar-alveg-einstakir\\\/#breadcrumb\"},\"inLanguage\":\"is\",\"potentialAction\":[{\"@type\":\"ReadAction\",\"target\":[\"https:\\\/\\\/www.norn.is\\\/einar\\\/2012\\\/12\\\/13\\\/islenskir-haskolar-alveg-einstakir\\\/\"]}]},{\"@type\":\"BreadcrumbList\",\"@id\":\"https:\\\/\\\/www.norn.is\\\/einar\\\/2012\\\/12\\\/13\\\/islenskir-haskolar-alveg-einstakir\\\/#breadcrumb\",\"itemListElement\":[{\"@type\":\"ListItem\",\"position\":1,\"name\":\"Home\",\"item\":\"https:\\\/\\\/www.norn.is\\\/einar\\\/\"},{\"@type\":\"ListItem\",\"position\":2,\"name\":\"\u00cdslenskir h\u00e1sk\u00f3lar \u2014 alveg einstakir\"}]},{\"@type\":\"WebSite\",\"@id\":\"https:\\\/\\\/www.norn.is\\\/einar\\\/#website\",\"url\":\"https:\\\/\\\/www.norn.is\\\/einar\\\/\",\"name\":\"Einar\",\"description\":\"Pistlar Einars Steingr\u00edmssonar\",\"potentialAction\":[{\"@type\":\"SearchAction\",\"target\":{\"@type\":\"EntryPoint\",\"urlTemplate\":\"https:\\\/\\\/www.norn.is\\\/einar\\\/?s={search_term_string}\"},\"query-input\":{\"@type\":\"PropertyValueSpecification\",\"valueRequired\":true,\"valueName\":\"search_term_string\"}}],\"inLanguage\":\"is\"},{\"@type\":\"Person\",\"@id\":\"https:\\\/\\\/www.norn.is\\\/einar\\\/#\\\/schema\\\/person\\\/19affadb841a22f7bfd4bdcd72a862d0\",\"name\":\"einar\",\"image\":{\"@type\":\"ImageObject\",\"inLanguage\":\"is\",\"@id\":\"https:\\\/\\\/secure.gravatar.com\\\/avatar\\\/6f5f5592f3cc45e338376db24f1672c636582d9c27d855e8f077f13ef13b17fd?s=96&d=mm&r=g\",\"url\":\"https:\\\/\\\/secure.gravatar.com\\\/avatar\\\/6f5f5592f3cc45e338376db24f1672c636582d9c27d855e8f077f13ef13b17fd?s=96&d=mm&r=g\",\"contentUrl\":\"https:\\\/\\\/secure.gravatar.com\\\/avatar\\\/6f5f5592f3cc45e338376db24f1672c636582d9c27d855e8f077f13ef13b17fd?s=96&d=mm&r=g\",\"caption\":\"einar\"},\"url\":\"https:\\\/\\\/www.norn.is\\\/einar\\\/author\\\/einarsteingrimsson\\\/\"}]}<\/script>\n<!-- \/ Yoast SEO plugin. -->","yoast_head_json":{"title":"\u00cdslenskir h\u00e1sk\u00f3lar \u2014 alveg einstakir - Einar","robots":{"index":"index","follow":"follow","max-snippet":"max-snippet:-1","max-image-preview":"max-image-preview:large","max-video-preview":"max-video-preview:-1"},"canonical":"https:\/\/www.norn.is\/einar\/2012\/12\/13\/islenskir-haskolar-alveg-einstakir\/","og_locale":"is_IS","og_type":"article","og_title":"\u00cdslenskir h\u00e1sk\u00f3lar \u2014 alveg einstakir - Einar","og_description":"Af einhverjum \u00e1st\u00e6\u00f0um var\u00f0 \u00e9g \u00f3skaplega dapur yfir miklu af umr\u00e6\u00f0unni um\u00a0\u00feennan pistil\u00a0Evu Hauksd\u00f3ttur (og \u00feennan), sem fjallar um h\u00f6fundarr\u00e9tt og hvort h\u00e1sk\u00f3lar eigi a\u00f0 starfa fyrir opnum tj\u00f6ldum e\u00f0a vera einhvers konar fr\u00edm\u00fararareglur.","og_url":"https:\/\/www.norn.is\/einar\/2012\/12\/13\/islenskir-haskolar-alveg-einstakir\/","og_site_name":"Einar","article_published_time":"2012-12-13T13:47:02+00:00","article_modified_time":"2017-09-24T11:03:55+00:00","author":"einar","twitter_card":"summary_large_image","twitter_misc":{"Written by":false,"Est. reading time":"6 minutes"},"schema":{"@context":"https:\/\/schema.org","@graph":[{"@type":"Article","@id":"https:\/\/www.norn.is\/einar\/2012\/12\/13\/islenskir-haskolar-alveg-einstakir\/#article","isPartOf":{"@id":"https:\/\/www.norn.is\/einar\/2012\/12\/13\/islenskir-haskolar-alveg-einstakir\/"},"author":{"name":"einar","@id":"https:\/\/www.norn.is\/einar\/#\/schema\/person\/19affadb841a22f7bfd4bdcd72a862d0"},"headline":"\u00cdslenskir h\u00e1sk\u00f3lar \u2014 alveg einstakir","datePublished":"2012-12-13T13:47:02+00:00","dateModified":"2017-09-24T11:03:55+00:00","mainEntityOfPage":{"@id":"https:\/\/www.norn.is\/einar\/2012\/12\/13\/islenskir-haskolar-alveg-einstakir\/"},"wordCount":1165,"commentCount":0,"keywords":["Andver\u00f0leikasamf\u00e9lag","Gagns\u00e6i og leyndarhyggja","H\u00e1sk\u00f3li \u00cdslands"],"articleSection":["Allt efni","H\u00e1sk\u00f3lam\u00e1l"],"inLanguage":"is","potentialAction":[{"@type":"CommentAction","name":"Comment","target":["https:\/\/www.norn.is\/einar\/2012\/12\/13\/islenskir-haskolar-alveg-einstakir\/#respond"]}]},{"@type":"WebPage","@id":"https:\/\/www.norn.is\/einar\/2012\/12\/13\/islenskir-haskolar-alveg-einstakir\/","url":"https:\/\/www.norn.is\/einar\/2012\/12\/13\/islenskir-haskolar-alveg-einstakir\/","name":"\u00cdslenskir h\u00e1sk\u00f3lar \u2014 alveg einstakir - Einar","isPartOf":{"@id":"https:\/\/www.norn.is\/einar\/#website"},"datePublished":"2012-12-13T13:47:02+00:00","dateModified":"2017-09-24T11:03:55+00:00","author":{"@id":"https:\/\/www.norn.is\/einar\/#\/schema\/person\/19affadb841a22f7bfd4bdcd72a862d0"},"breadcrumb":{"@id":"https:\/\/www.norn.is\/einar\/2012\/12\/13\/islenskir-haskolar-alveg-einstakir\/#breadcrumb"},"inLanguage":"is","potentialAction":[{"@type":"ReadAction","target":["https:\/\/www.norn.is\/einar\/2012\/12\/13\/islenskir-haskolar-alveg-einstakir\/"]}]},{"@type":"BreadcrumbList","@id":"https:\/\/www.norn.is\/einar\/2012\/12\/13\/islenskir-haskolar-alveg-einstakir\/#breadcrumb","itemListElement":[{"@type":"ListItem","position":1,"name":"Home","item":"https:\/\/www.norn.is\/einar\/"},{"@type":"ListItem","position":2,"name":"\u00cdslenskir h\u00e1sk\u00f3lar \u2014 alveg einstakir"}]},{"@type":"WebSite","@id":"https:\/\/www.norn.is\/einar\/#website","url":"https:\/\/www.norn.is\/einar\/","name":"Einar","description":"Pistlar Einars Steingr\u00edmssonar","potentialAction":[{"@type":"SearchAction","target":{"@type":"EntryPoint","urlTemplate":"https:\/\/www.norn.is\/einar\/?s={search_term_string}"},"query-input":{"@type":"PropertyValueSpecification","valueRequired":true,"valueName":"search_term_string"}}],"inLanguage":"is"},{"@type":"Person","@id":"https:\/\/www.norn.is\/einar\/#\/schema\/person\/19affadb841a22f7bfd4bdcd72a862d0","name":"einar","image":{"@type":"ImageObject","inLanguage":"is","@id":"https:\/\/secure.gravatar.com\/avatar\/6f5f5592f3cc45e338376db24f1672c636582d9c27d855e8f077f13ef13b17fd?s=96&d=mm&r=g","url":"https:\/\/secure.gravatar.com\/avatar\/6f5f5592f3cc45e338376db24f1672c636582d9c27d855e8f077f13ef13b17fd?s=96&d=mm&r=g","contentUrl":"https:\/\/secure.gravatar.com\/avatar\/6f5f5592f3cc45e338376db24f1672c636582d9c27d855e8f077f13ef13b17fd?s=96&d=mm&r=g","caption":"einar"},"url":"https:\/\/www.norn.is\/einar\/author\/einarsteingrimsson\/"}]}},"_links":{"self":[{"href":"https:\/\/www.norn.is\/einar\/wp-json\/wp\/v2\/posts\/346","targetHints":{"allow":["GET"]}}],"collection":[{"href":"https:\/\/www.norn.is\/einar\/wp-json\/wp\/v2\/posts"}],"about":[{"href":"https:\/\/www.norn.is\/einar\/wp-json\/wp\/v2\/types\/post"}],"author":[{"embeddable":true,"href":"https:\/\/www.norn.is\/einar\/wp-json\/wp\/v2\/users\/10"}],"replies":[{"embeddable":true,"href":"https:\/\/www.norn.is\/einar\/wp-json\/wp\/v2\/comments?post=346"}],"version-history":[{"count":1,"href":"https:\/\/www.norn.is\/einar\/wp-json\/wp\/v2\/posts\/346\/revisions"}],"predecessor-version":[{"id":347,"href":"https:\/\/www.norn.is\/einar\/wp-json\/wp\/v2\/posts\/346\/revisions\/347"}],"wp:attachment":[{"href":"https:\/\/www.norn.is\/einar\/wp-json\/wp\/v2\/media?parent=346"}],"wp:term":[{"taxonomy":"category","embeddable":true,"href":"https:\/\/www.norn.is\/einar\/wp-json\/wp\/v2\/categories?post=346"},{"taxonomy":"post_tag","embeddable":true,"href":"https:\/\/www.norn.is\/einar\/wp-json\/wp\/v2\/tags?post=346"}],"curies":[{"name":"wp","href":"https:\/\/api.w.org\/{rel}","templated":true}]}}