{"id":330,"date":"2012-10-28T13:24:12","date_gmt":"2012-10-28T13:24:12","guid":{"rendered":"http:\/\/www.norn.is\/einar\/?p=330"},"modified":"2017-09-24T11:03:55","modified_gmt":"2017-09-24T11:03:55","slug":"maria-vann-en-hvad-um-alla-hina","status":"publish","type":"post","link":"https:\/\/www.norn.is\/einar\/2012\/10\/28\/maria-vann-en-hvad-um-alla-hina\/","title":{"rendered":"Mar\u00eda vann, en hva\u00f0 um alla hina?"},"content":{"rendered":"<div>\u00cd s\u00ed\u00f0ustu viku f\u00e9ll d\u00f3mur \u00ed m\u00e1li Mar\u00edu J\u00f3nsd\u00f3ttur gegn Landsbankanum (og um \u00fea\u00f0 var fjalla\u00f0 \u00ed\u00a0<a href=\"http:\/\/www.ruv.is\/sarpurinn\/silfur-egils\/28102012-1\">Silfri Egils<\/a> \u00ed dag). \u00a0\u00cd stuttu m\u00e1li haf\u00f0i bankinn ekki sta\u00f0i\u00f0 vi\u00f0 \u00fea\u00f0 sem hann haf\u00f0i lofa\u00f0 \u00feegar Mar\u00eda seldi fasteign og keypti a\u00f0ra. \u00a0<a href=\"http:\/\/www.domstolar.is\/domaleit\/nanar\/?ID=E201102878&amp;Domur=2&amp;type=1&amp;Serial=1\">D\u00f3murinn<\/a>\u00a0er langur og \u00edtarlegur, en \u00fear stendur me\u00f0al annars \u00feetta:<\/div>\n<p><!--more--><\/p>\n<div><\/div>\n<blockquote>\n<div>\u201e\u00dea\u00f0 er mat d\u00f3msins a\u00f0 vinnubr\u00f6g\u00f0 Landsbanka \u00cdslands hafi ekki veri\u00f0 fagleg og a\u00f0 \u00e1kvar\u00f0anir hans \u00ed sumum tilvikum hafi ekki teki\u00f0 e\u00f0lilegt tillit til fj\u00e1rhaglegra hagsmuna stefnanda.\u201c<\/div>\n<\/blockquote>\n<div><\/div>\n<div>\u00deessi \u00e1t\u00f6k Mar\u00edu vi\u00f0 bankann st\u00f3\u00f0u \u00ed fimm \u00e1r, og \u00e1 \u00feeim t\u00edma h\u00e9lt bankinn f\u00e9 sem h\u00fan \u00e1tti me\u00f0 r\u00e9ttu, samkv\u00e6mt d\u00f3mnum. \u00a0Hef\u00f0i bankinn haft sitt fram hef\u00f0i \u00fea\u00f0 leitt til gr\u00ed\u00f0arlegs tj\u00f3ns fyrir Mar\u00edu.<\/div>\n<div><\/div>\n<div>\u00dea\u00f0 vir\u00f0ist tr\u00falegt a\u00f0 m\u00e1l Mar\u00edu s\u00e9 langt fr\u00e1 \u00fev\u00ed a\u00f0 vera einsd\u00e6mi hva\u00f0 var\u00f0ar framfer\u00f0i bankanna, vegna \u00feeirra hamfara sem hruni\u00f0 leiddi yfir landsmenn. \u00a0En hversu margir leggja \u00ed \u00e1ralang \u00e1t\u00f6k vi\u00f0 jafn voldugar stofnanir og bankarnir eru?<\/div>\n<div><\/div>\n<div>\u00cd krafti st\u00e6r\u00f0ar sinnar og r\u00edkid\u00e6mis geta bankarnir gert \u00fea\u00f0 sem \u00feeim s\u00fdnist gagnvart \u00f3breyttum borgurum, enda eru \u00fea\u00f0 \u00feeim sm\u00e1peningar sem \u00feeir eiga \u00e1 h\u00e6ttu a\u00f0 tapa ef allt fer \u00feeim \u00ed \u00f3hag, og f\u00f3lki\u00f0 sem ber \u00e1byrg\u00f0 \u00e1 sl\u00edku innan \u00feeirra \u00e1 ekki \u00e1 h\u00e6ttu a\u00f0 ver\u00f0a fyrir pers\u00f3nulegu tj\u00f3ni. \u00a0\u00d3breytti borgarinn \u00fearf hins vegar a\u00f0 ey\u00f0a gr\u00ed\u00f0arlegum t\u00edma, \u00feola hr\u00e6\u00f0ilegt andlegt \u00e1lag, og \u00e1 \u00fea\u00f0 \u00e1 h\u00e6ttu a\u00f0 tapa enn meira f\u00e9 ef illa fer fyrir d\u00f3mst\u00f3lum, og \u00fear \u00fearf ekki anna\u00f0 til en \u201et\u00e6knileg mist\u00f6k\u201c, hva\u00f0 sem \u00f6llu r\u00e9ttl\u00e6ti l\u00ed\u00f0ur.<\/div>\n<div><\/div>\n<div>R\u00edkisvaldi\u00f0 verndar bankana me\u00f0 \u00fev\u00ed a\u00f0 veita \u00feeim \u00e1byrg\u00f0ir og leyfa \u00feeim a\u00f0 prenta peninga, \u00ed \u00feeim skilningi a\u00f0 \u00feeir f\u00e1 a\u00f0 gr\u00e6\u00f0a \u00e1 a\u00f0 l\u00e1na margfalt meira f\u00e9 en \u00feeir r\u00e1\u00f0a yfir. \u00a0Hinn \u00f3breytti borgari n\u00fdtur hins vegar ekki neinnar verndar, umfram \u00fea\u00f0 a\u00f0 geta leita\u00f0 til d\u00f3mst\u00f3la, sem er oft tv\u00eds\u00fdnt og getur kosta\u00f0 gr\u00ed\u00f0arlega fj\u00e1rmuni, vinnu og andlegar hremmingar.<\/div>\n<div><\/div>\n<div>Vi\u00f0 getum veri\u00f0 Mar\u00edu \u00feakkl\u00e1t fyrir \u00fathaldi\u00f0 \u00ed \u00feessu r\u00e9ttl\u00e6tism\u00e1li. En, spurningin sem \u00feetta skilur eftir er \u00feessi:<\/div>\n<div><\/div>\n<div><em>Af hverju verndar r\u00edkisvaldi\u00f0 bankana svona dyggilega, en ekki \u00feann almenning sem \u00fea\u00f0 \u00e1 a\u00f0 \u00fej\u00f3na?<\/em><\/div>\n","protected":false},"excerpt":{"rendered":"<p>\u00cd s\u00ed\u00f0ustu viku f\u00e9ll d\u00f3mur \u00ed m\u00e1li Mar\u00edu J\u00f3nsd\u00f3ttur gegn Landsbankanum (og um \u00fea\u00f0 var fjalla\u00f0 \u00ed\u00a0Silfri Egils \u00ed dag). \u00a0\u00cd stuttu m\u00e1li haf\u00f0i bankinn ekki sta\u00f0i\u00f0 vi\u00f0 \u00fea\u00f0 sem hann haf\u00f0i lofa\u00f0 \u00feegar Mar\u00eda seldi fasteign og keypti a\u00f0ra. &hellip; <a href=\"https:\/\/www.norn.is\/einar\/2012\/10\/28\/maria-vann-en-hvad-um-alla-hina\/\">Halda \u00e1fram a\u00f0 lesa <span class=\"meta-nav\">&rarr;<\/span><\/a><\/p>\n","protected":false},"author":10,"featured_media":0,"comment_status":"open","ping_status":"open","sticky":false,"template":"","format":"standard","meta":{"footnotes":""},"categories":[1,138],"tags":[52,274,101],"class_list":["post-330","post","type-post","status-publish","format-standard","hentry","category-oflokkad","category-fjarmalakerfid-og-kapitalismi","tag-bankar","tag-maria-jonsdottir","tag-valdaklikur-og-spilling"],"yoast_head":"<!-- This site is optimized with the Yoast SEO plugin v27.5 - https:\/\/yoast.com\/product\/yoast-seo-wordpress\/ -->\n<title>Mar\u00eda vann, en hva\u00f0 um alla hina? - Einar<\/title>\n<meta name=\"robots\" content=\"index, follow, max-snippet:-1, max-image-preview:large, max-video-preview:-1\" \/>\n<link rel=\"canonical\" href=\"https:\/\/www.norn.is\/einar\/2012\/10\/28\/maria-vann-en-hvad-um-alla-hina\/\" \/>\n<meta property=\"og:locale\" content=\"is_IS\" \/>\n<meta property=\"og:type\" content=\"article\" \/>\n<meta property=\"og:title\" content=\"Mar\u00eda vann, en hva\u00f0 um alla hina? - Einar\" \/>\n<meta property=\"og:description\" content=\"\u00cd s\u00ed\u00f0ustu viku f\u00e9ll d\u00f3mur \u00ed m\u00e1li Mar\u00edu J\u00f3nsd\u00f3ttur gegn Landsbankanum (og um \u00fea\u00f0 var fjalla\u00f0 \u00ed\u00a0Silfri Egils \u00ed dag). \u00a0\u00cd stuttu m\u00e1li haf\u00f0i bankinn ekki sta\u00f0i\u00f0 vi\u00f0 \u00fea\u00f0 sem hann haf\u00f0i lofa\u00f0 \u00feegar Mar\u00eda seldi fasteign og keypti a\u00f0ra. &hellip; Halda \u00e1fram a\u00f0 lesa &rarr;\" \/>\n<meta property=\"og:url\" content=\"https:\/\/www.norn.is\/einar\/2012\/10\/28\/maria-vann-en-hvad-um-alla-hina\/\" \/>\n<meta property=\"og:site_name\" content=\"Einar\" \/>\n<meta property=\"article:published_time\" content=\"2012-10-28T13:24:12+00:00\" \/>\n<meta property=\"article:modified_time\" content=\"2017-09-24T11:03:55+00:00\" \/>\n<meta name=\"author\" content=\"einar\" \/>\n<meta name=\"twitter:card\" content=\"summary_large_image\" \/>\n<meta name=\"twitter:label1\" content=\"Written by\" \/>\n\t<meta name=\"twitter:data1\" content=\"\" \/>\n\t<meta name=\"twitter:label2\" content=\"Est. reading time\" \/>\n\t<meta name=\"twitter:data2\" content=\"2 minutes\" \/>\n<script type=\"application\/ld+json\" class=\"yoast-schema-graph\">{\"@context\":\"https:\\\/\\\/schema.org\",\"@graph\":[{\"@type\":\"Article\",\"@id\":\"https:\\\/\\\/www.norn.is\\\/einar\\\/2012\\\/10\\\/28\\\/maria-vann-en-hvad-um-alla-hina\\\/#article\",\"isPartOf\":{\"@id\":\"https:\\\/\\\/www.norn.is\\\/einar\\\/2012\\\/10\\\/28\\\/maria-vann-en-hvad-um-alla-hina\\\/\"},\"author\":{\"name\":\"einar\",\"@id\":\"https:\\\/\\\/www.norn.is\\\/einar\\\/#\\\/schema\\\/person\\\/19affadb841a22f7bfd4bdcd72a862d0\"},\"headline\":\"Mar\u00eda vann, en hva\u00f0 um alla hina?\",\"datePublished\":\"2012-10-28T13:24:12+00:00\",\"dateModified\":\"2017-09-24T11:03:55+00:00\",\"mainEntityOfPage\":{\"@id\":\"https:\\\/\\\/www.norn.is\\\/einar\\\/2012\\\/10\\\/28\\\/maria-vann-en-hvad-um-alla-hina\\\/\"},\"wordCount\":418,\"commentCount\":0,\"keywords\":[\"Bankar\",\"Mar\u00eda J\u00f3nsd\u00f3ttir\",\"Valdakl\u00edkur og spilling\"],\"articleSection\":[\"Allt efni\",\"Fj\u00e1rm\u00e1lakerfi\u00f0 og kap\u00edtalismi\"],\"inLanguage\":\"is\",\"potentialAction\":[{\"@type\":\"CommentAction\",\"name\":\"Comment\",\"target\":[\"https:\\\/\\\/www.norn.is\\\/einar\\\/2012\\\/10\\\/28\\\/maria-vann-en-hvad-um-alla-hina\\\/#respond\"]}]},{\"@type\":\"WebPage\",\"@id\":\"https:\\\/\\\/www.norn.is\\\/einar\\\/2012\\\/10\\\/28\\\/maria-vann-en-hvad-um-alla-hina\\\/\",\"url\":\"https:\\\/\\\/www.norn.is\\\/einar\\\/2012\\\/10\\\/28\\\/maria-vann-en-hvad-um-alla-hina\\\/\",\"name\":\"Mar\u00eda vann, en hva\u00f0 um alla hina? - Einar\",\"isPartOf\":{\"@id\":\"https:\\\/\\\/www.norn.is\\\/einar\\\/#website\"},\"datePublished\":\"2012-10-28T13:24:12+00:00\",\"dateModified\":\"2017-09-24T11:03:55+00:00\",\"author\":{\"@id\":\"https:\\\/\\\/www.norn.is\\\/einar\\\/#\\\/schema\\\/person\\\/19affadb841a22f7bfd4bdcd72a862d0\"},\"breadcrumb\":{\"@id\":\"https:\\\/\\\/www.norn.is\\\/einar\\\/2012\\\/10\\\/28\\\/maria-vann-en-hvad-um-alla-hina\\\/#breadcrumb\"},\"inLanguage\":\"is\",\"potentialAction\":[{\"@type\":\"ReadAction\",\"target\":[\"https:\\\/\\\/www.norn.is\\\/einar\\\/2012\\\/10\\\/28\\\/maria-vann-en-hvad-um-alla-hina\\\/\"]}]},{\"@type\":\"BreadcrumbList\",\"@id\":\"https:\\\/\\\/www.norn.is\\\/einar\\\/2012\\\/10\\\/28\\\/maria-vann-en-hvad-um-alla-hina\\\/#breadcrumb\",\"itemListElement\":[{\"@type\":\"ListItem\",\"position\":1,\"name\":\"Home\",\"item\":\"https:\\\/\\\/www.norn.is\\\/einar\\\/\"},{\"@type\":\"ListItem\",\"position\":2,\"name\":\"Mar\u00eda vann, en hva\u00f0 um alla hina?\"}]},{\"@type\":\"WebSite\",\"@id\":\"https:\\\/\\\/www.norn.is\\\/einar\\\/#website\",\"url\":\"https:\\\/\\\/www.norn.is\\\/einar\\\/\",\"name\":\"Einar\",\"description\":\"Pistlar Einars Steingr\u00edmssonar\",\"potentialAction\":[{\"@type\":\"SearchAction\",\"target\":{\"@type\":\"EntryPoint\",\"urlTemplate\":\"https:\\\/\\\/www.norn.is\\\/einar\\\/?s={search_term_string}\"},\"query-input\":{\"@type\":\"PropertyValueSpecification\",\"valueRequired\":true,\"valueName\":\"search_term_string\"}}],\"inLanguage\":\"is\"},{\"@type\":\"Person\",\"@id\":\"https:\\\/\\\/www.norn.is\\\/einar\\\/#\\\/schema\\\/person\\\/19affadb841a22f7bfd4bdcd72a862d0\",\"name\":\"einar\",\"image\":{\"@type\":\"ImageObject\",\"inLanguage\":\"is\",\"@id\":\"https:\\\/\\\/secure.gravatar.com\\\/avatar\\\/6f5f5592f3cc45e338376db24f1672c636582d9c27d855e8f077f13ef13b17fd?s=96&d=mm&r=g\",\"url\":\"https:\\\/\\\/secure.gravatar.com\\\/avatar\\\/6f5f5592f3cc45e338376db24f1672c636582d9c27d855e8f077f13ef13b17fd?s=96&d=mm&r=g\",\"contentUrl\":\"https:\\\/\\\/secure.gravatar.com\\\/avatar\\\/6f5f5592f3cc45e338376db24f1672c636582d9c27d855e8f077f13ef13b17fd?s=96&d=mm&r=g\",\"caption\":\"einar\"},\"url\":\"https:\\\/\\\/www.norn.is\\\/einar\\\/author\\\/einarsteingrimsson\\\/\"}]}<\/script>\n<!-- \/ Yoast SEO plugin. -->","yoast_head_json":{"title":"Mar\u00eda vann, en hva\u00f0 um alla hina? - Einar","robots":{"index":"index","follow":"follow","max-snippet":"max-snippet:-1","max-image-preview":"max-image-preview:large","max-video-preview":"max-video-preview:-1"},"canonical":"https:\/\/www.norn.is\/einar\/2012\/10\/28\/maria-vann-en-hvad-um-alla-hina\/","og_locale":"is_IS","og_type":"article","og_title":"Mar\u00eda vann, en hva\u00f0 um alla hina? - Einar","og_description":"\u00cd s\u00ed\u00f0ustu viku f\u00e9ll d\u00f3mur \u00ed m\u00e1li Mar\u00edu J\u00f3nsd\u00f3ttur gegn Landsbankanum (og um \u00fea\u00f0 var fjalla\u00f0 \u00ed\u00a0Silfri Egils \u00ed dag). \u00a0\u00cd stuttu m\u00e1li haf\u00f0i bankinn ekki sta\u00f0i\u00f0 vi\u00f0 \u00fea\u00f0 sem hann haf\u00f0i lofa\u00f0 \u00feegar Mar\u00eda seldi fasteign og keypti a\u00f0ra. &hellip; Halda \u00e1fram a\u00f0 lesa &rarr;","og_url":"https:\/\/www.norn.is\/einar\/2012\/10\/28\/maria-vann-en-hvad-um-alla-hina\/","og_site_name":"Einar","article_published_time":"2012-10-28T13:24:12+00:00","article_modified_time":"2017-09-24T11:03:55+00:00","author":"einar","twitter_card":"summary_large_image","twitter_misc":{"Written by":false,"Est. reading time":"2 minutes"},"schema":{"@context":"https:\/\/schema.org","@graph":[{"@type":"Article","@id":"https:\/\/www.norn.is\/einar\/2012\/10\/28\/maria-vann-en-hvad-um-alla-hina\/#article","isPartOf":{"@id":"https:\/\/www.norn.is\/einar\/2012\/10\/28\/maria-vann-en-hvad-um-alla-hina\/"},"author":{"name":"einar","@id":"https:\/\/www.norn.is\/einar\/#\/schema\/person\/19affadb841a22f7bfd4bdcd72a862d0"},"headline":"Mar\u00eda vann, en hva\u00f0 um alla hina?","datePublished":"2012-10-28T13:24:12+00:00","dateModified":"2017-09-24T11:03:55+00:00","mainEntityOfPage":{"@id":"https:\/\/www.norn.is\/einar\/2012\/10\/28\/maria-vann-en-hvad-um-alla-hina\/"},"wordCount":418,"commentCount":0,"keywords":["Bankar","Mar\u00eda J\u00f3nsd\u00f3ttir","Valdakl\u00edkur og spilling"],"articleSection":["Allt efni","Fj\u00e1rm\u00e1lakerfi\u00f0 og kap\u00edtalismi"],"inLanguage":"is","potentialAction":[{"@type":"CommentAction","name":"Comment","target":["https:\/\/www.norn.is\/einar\/2012\/10\/28\/maria-vann-en-hvad-um-alla-hina\/#respond"]}]},{"@type":"WebPage","@id":"https:\/\/www.norn.is\/einar\/2012\/10\/28\/maria-vann-en-hvad-um-alla-hina\/","url":"https:\/\/www.norn.is\/einar\/2012\/10\/28\/maria-vann-en-hvad-um-alla-hina\/","name":"Mar\u00eda vann, en hva\u00f0 um alla hina? - Einar","isPartOf":{"@id":"https:\/\/www.norn.is\/einar\/#website"},"datePublished":"2012-10-28T13:24:12+00:00","dateModified":"2017-09-24T11:03:55+00:00","author":{"@id":"https:\/\/www.norn.is\/einar\/#\/schema\/person\/19affadb841a22f7bfd4bdcd72a862d0"},"breadcrumb":{"@id":"https:\/\/www.norn.is\/einar\/2012\/10\/28\/maria-vann-en-hvad-um-alla-hina\/#breadcrumb"},"inLanguage":"is","potentialAction":[{"@type":"ReadAction","target":["https:\/\/www.norn.is\/einar\/2012\/10\/28\/maria-vann-en-hvad-um-alla-hina\/"]}]},{"@type":"BreadcrumbList","@id":"https:\/\/www.norn.is\/einar\/2012\/10\/28\/maria-vann-en-hvad-um-alla-hina\/#breadcrumb","itemListElement":[{"@type":"ListItem","position":1,"name":"Home","item":"https:\/\/www.norn.is\/einar\/"},{"@type":"ListItem","position":2,"name":"Mar\u00eda vann, en hva\u00f0 um alla hina?"}]},{"@type":"WebSite","@id":"https:\/\/www.norn.is\/einar\/#website","url":"https:\/\/www.norn.is\/einar\/","name":"Einar","description":"Pistlar Einars Steingr\u00edmssonar","potentialAction":[{"@type":"SearchAction","target":{"@type":"EntryPoint","urlTemplate":"https:\/\/www.norn.is\/einar\/?s={search_term_string}"},"query-input":{"@type":"PropertyValueSpecification","valueRequired":true,"valueName":"search_term_string"}}],"inLanguage":"is"},{"@type":"Person","@id":"https:\/\/www.norn.is\/einar\/#\/schema\/person\/19affadb841a22f7bfd4bdcd72a862d0","name":"einar","image":{"@type":"ImageObject","inLanguage":"is","@id":"https:\/\/secure.gravatar.com\/avatar\/6f5f5592f3cc45e338376db24f1672c636582d9c27d855e8f077f13ef13b17fd?s=96&d=mm&r=g","url":"https:\/\/secure.gravatar.com\/avatar\/6f5f5592f3cc45e338376db24f1672c636582d9c27d855e8f077f13ef13b17fd?s=96&d=mm&r=g","contentUrl":"https:\/\/secure.gravatar.com\/avatar\/6f5f5592f3cc45e338376db24f1672c636582d9c27d855e8f077f13ef13b17fd?s=96&d=mm&r=g","caption":"einar"},"url":"https:\/\/www.norn.is\/einar\/author\/einarsteingrimsson\/"}]}},"_links":{"self":[{"href":"https:\/\/www.norn.is\/einar\/wp-json\/wp\/v2\/posts\/330","targetHints":{"allow":["GET"]}}],"collection":[{"href":"https:\/\/www.norn.is\/einar\/wp-json\/wp\/v2\/posts"}],"about":[{"href":"https:\/\/www.norn.is\/einar\/wp-json\/wp\/v2\/types\/post"}],"author":[{"embeddable":true,"href":"https:\/\/www.norn.is\/einar\/wp-json\/wp\/v2\/users\/10"}],"replies":[{"embeddable":true,"href":"https:\/\/www.norn.is\/einar\/wp-json\/wp\/v2\/comments?post=330"}],"version-history":[{"count":2,"href":"https:\/\/www.norn.is\/einar\/wp-json\/wp\/v2\/posts\/330\/revisions"}],"predecessor-version":[{"id":332,"href":"https:\/\/www.norn.is\/einar\/wp-json\/wp\/v2\/posts\/330\/revisions\/332"}],"wp:attachment":[{"href":"https:\/\/www.norn.is\/einar\/wp-json\/wp\/v2\/media?parent=330"}],"wp:term":[{"taxonomy":"category","embeddable":true,"href":"https:\/\/www.norn.is\/einar\/wp-json\/wp\/v2\/categories?post=330"},{"taxonomy":"post_tag","embeddable":true,"href":"https:\/\/www.norn.is\/einar\/wp-json\/wp\/v2\/tags?post=330"}],"curies":[{"name":"wp","href":"https:\/\/api.w.org\/{rel}","templated":true}]}}