{"id":319,"date":"2012-10-16T12:59:02","date_gmt":"2012-10-16T12:59:02","guid":{"rendered":"http:\/\/www.norn.is\/einar\/?p=319"},"modified":"2017-09-24T11:03:55","modified_gmt":"2017-09-24T11:03:55","slug":"heift-gunnars-helga-gegn-personukjori","status":"publish","type":"post","link":"https:\/\/www.norn.is\/einar\/2012\/10\/16\/heift-gunnars-helga-gegn-personukjori\/","title":{"rendered":"Heift Gunnars Helga gegn pers\u00f3nukj\u00f6ri"},"content":{"rendered":"<p>\u00c1 \u00feri\u00f0judaginn \u00ed\u00a0s\u00ed\u00f0ustu\u00a0viku var Gunnar Helgi Kristinsson, pr\u00f3fessor \u00ed stj\u00f3rnm\u00e1lafr\u00e6\u00f0i vi\u00f0\u00a0H\u00cd, \u00ed\u00a0<a href=\"http:\/\/www.ruv.is\/sarpurinn\/spegillinn\/09102012\/personukjor\">vi\u00f0tali \u00ed Speglinum<\/a>\u00a0um till\u00f6gu\u00a0Stj\u00f3rnlagar\u00e1\u00f0s\u00a0a\u00f0 n\u00fdrri stj\u00f3rnarskr\u00e1. \u00a0\u00dear var hann me\u00f0al annars spur\u00f0ur um \u00e1kv\u00e6\u00f0i um pers\u00f3nukj\u00f6r \u00ed till\u00f6gunni, og svara\u00f0i svo:<br \/>\n<!--more--><\/p>\n<blockquote><p>\u201eNi\u00f0ursta\u00f0a allra \u00feroska\u00f0ra l\u00fd\u00f0r\u00e6\u00f0iskerfa er a\u00f0 flokkar gegni hlutverki \u00ed l\u00fd\u00f0r\u00e6\u00f0islegum stj\u00f3rnm\u00e1lum sem ekki s\u00e9 h\u00e6gt a\u00f0 komast fram hj\u00e1. \u00a0\u00deannig a\u00f0 ef vi\u00f0 \u00e6tlum a\u00f0 byggja upp pers\u00f3nukj\u00f6r \u00fe\u00e1 \u00e1 \u00fea\u00f0 a\u00f0 vera \u00ed stu\u00f0ningshlutverki vi\u00f0 hlutverk stj\u00f3rnm\u00e1laflokka, en \u00fea\u00f0 \u00e1 ekki a\u00f0 beinast a\u00f0 \u00fev\u00ed a\u00f0 t\u00e6ta \u00ed sundur starfsemi \u00feeirra.\u201c<\/p><\/blockquote>\n<p>Gunnar \u00fatsk\u00fdr\u00f0i ekkert hvernig \u00feessi \u201eni\u00f0ursta\u00f0a\u201c hef\u00f0i fengist (og ekki datt fr\u00e9ttamanninum \u00ed hug a\u00f0 spyrja), svo \u00e9g skrifa\u00f0i honum og spur\u00f0i. \u00a0P\u00f3stskipti okkar set \u00e9g \u00ed athugasemd strax \u00e1 eftir pistlinum. \u00a0R\u00e9tt er a\u00f0 geta \u00feess a\u00f0 seinni p\u00f3st minn sendi \u00e9g tvisvar, fyrst sama dag og \u00e9g f\u00e9kk svar hans vi\u00f0 \u00feeim fyrri, og svo aftur fj\u00f3rum d\u00f6gum s\u00ed\u00f0ar, \u00ed g\u00e6r. \u00a0\u00c9g f\u00e9kk ekkert svar vi\u00f0 \u00feessum s\u00ed\u00f0ari p\u00f3stum.<\/p>\n<p>Eins og sj\u00e1 m\u00e1 \u00ed svari Gunnars vi\u00f0 upphaflega p\u00f3stinum bendir hann m\u00e9r \u00e1 \u00fea\u00f0 sem hann kallar \u201e<em>\u00e1g\u00e6ta grein \u2026 sem l\u00fdsir \u2026 hva\u00f0a augum flokkar eru almennt litnir \u00ed \u00ferosku\u00f0um l\u00fd\u00f0r\u00e6\u00f0iskerfum\u201c<\/em>. \u00a0\u00dea\u00f0 hlj\u00f3mar au\u00f0vita\u00f0 ekki sannf\u00e6randi, hva\u00f0 \u00fe\u00e1 \u201efr\u00e6\u00f0ilega\u201c a\u00f0 tala um a\u00f0 eitthva\u00f0 s\u00e9 \u201ealmennt \u00e1liti\u00f0\u201c, en \u00e9g las samt\u00a0<a href=\"http:\/\/blog.pressan.is\/einar\/wp-content\/uploads\/sites\/148\/2012\/10\/van-Biezen-parties-as-publi-utilities.pdf\">alla greinina.<\/a>\u00a0\u00a0H\u00fan fjallar a\u00f0allega um fj\u00e1rm\u00f6gnun flokka og fj\u00e1rhagsleg tengsl \u00feeirra vi\u00f0 r\u00edki\u00f0, en l\u00edti\u00f0 um \u00fea\u00f0 sem \u00e9g spur\u00f0i um. \u00a0\u00de\u00f3 eru v\u00ed\u00f0a \u00ed henni sta\u00f0h\u00e6fingar \u00ed eftirfarandi st\u00edl:<\/p>\n<blockquote><p>\u201e\u2026 \u00fea\u00f0 er aflei\u00f0ing breyttrar afst\u00f6\u00f0u til flokka og l\u00fd\u00f0r\u00e6\u00f0is a\u00f0 stj\u00f3rnm\u00e1laflokkar eru \u00ed auknum m\u00e6li \u00e1litnir nau\u00f0synlegar og \u00e6skilegar stofnanir fyrir n\u00fat\u00edmal\u00fd\u00f0r\u00e6\u00f0i.&#8220;<\/p><\/blockquote>\n<p>(\u201e\u2026\u00a0<em>it\u00a0is\u00a0as\u00a0a\u00a0result\u00a0of\u00a0changing\u00a0conceptions\u00a0of\u00a0parties\u00a0and\u00a0democracy\u00a0that\u00a0political\u00a0parties\u00a0have\u00a0come\u00a0to<\/em><br \/>\n<em>be\u00a0perceived\u00a0increasingly\u00a0as\u00a0necessary\u00a0and\u00a0desirable\u00a0institutions\u00a0for\u00a0modern\u00a0democracy<\/em>.\u201c)<\/p>\n<p>Ekki eru f\u00e6r\u00f0 nokkur r\u00f6k fyrir \u00feessum\u00a0sta\u00f0h\u00e6fingum\u00a0neins sta\u00f0ar \u00ed greininni, n\u00e9 heldur \u00fatsk\u00fdrt hva\u00f0a f\u00f3lk \u00feetta er sem hefur \u00feessa afst\u00f6\u00f0u til flokka, og varla nokkurs sta\u00f0ar er einu sinni vitna\u00f0 \u00ed nein \u00f6nnur rit \u00feessum\u00a0sta\u00f0h\u00e6fingum\u00a0til stu\u00f0nings. \u00a0\u00deetta er sem sagt sett fram me\u00f0 \u00feeim h\u00e6tti a\u00f0 \u00f3gerlegt er a\u00f0 l\u00edta \u00e1 \u00fea\u00f0 sem ni\u00f0urst\u00f6\u00f0ur af nokkrum ranns\u00f3knum og \u00fev\u00ed liggur ekkert beinna vi\u00f0 en a\u00f0 \u00e1lykta a\u00f0 \u00feetta s\u00e9u einkasko\u00f0anir h\u00f6fundar. \u00a0Greinin sem Gunnar sendi m\u00e9r svara\u00f0i sem sagt alls ekki \u00fev\u00ed sem \u00e9g spur\u00f0i um, n\u00e9 heldur s\u00fdnir h\u00fan \u00fea\u00f0 sem hann heldur fram. \u00a0\u00dea\u00f0 er ekki g\u00f3\u00f0 fr\u00e6\u00f0imennska.<\/p>\n<p>\u00dea\u00f0 vir\u00f0ist lj\u00f3st a\u00f0 Gunnar Helgi f\u00f3r me\u00f0 t\u00f3mt fleipur \u00ed \u00feessari\u00a0heift\u00fa\u00f0ugu\u00a0\u00e1r\u00e1s sinni \u00e1 till\u00f6gu\u00a0Stj\u00f3rnlagar\u00e1\u00f0s. \u00a0Heift\u00fa\u00f0ugu\u00a0segi \u00e9g, \u00fev\u00ed hann talar um pers\u00f3nukj\u00f6r eins og \u00fea\u00f0 muni \u201et\u00e6ta \u00ed sundur starfsemi\u201c stj\u00f3rnm\u00e1laflokka, \u00e1n \u00feess hann f\u00e6ri nokkur r\u00f6k fyrir \u00fev\u00ed, auk \u00feess sem hann heldur fram a\u00f0 \u00feessi pers\u00f3nulega afsta\u00f0a hans s\u00e9 hvorki meira n\u00e9 minna en \u201eni\u00f0ursta\u00f0a allra \u00feroska\u00f0ra l\u00fd\u00f0r\u00e6\u00f0iskerfa\u201c. \u00a0Hann predikar einnig, \u00ed beinu framhaldi af \u00fev\u00ed sem hann segir um \u00feessa \u201eni\u00f0urst\u00f6\u00f0u allra \u00feroska\u00f0ra l\u00fd\u00f0r\u00e6\u00f0iskerfa\u201c, a\u00f0 ef vi\u00f0 \u00e6tlum a\u00f0 byggja upp pers\u00f3nukj\u00f6r \u00fe\u00e1\u00a0<em>eigi<\/em>\u00a0\u00fea\u00f0 a\u00f0 vera \u00ed stu\u00f0ningshlutverki vi\u00f0 hlutverk stj\u00f3rnm\u00e1laflokkanna, eins og hann s\u00e9 eitthvert yfirvald \u00ed \u00feeim efnum.<\/p>\n<p>\u00dea\u00f0 er s\u00e9rlega \u00f3hei\u00f0arlegt af h\u00e1sk\u00f3lamanneskju a\u00f0 koma fram me\u00f0 \u00feessum h\u00e6tti, kynnt sem s\u00e9rfr\u00e6\u00f0ingur \u00e1 umr\u00e6ddu svi\u00f0i. \u00a0Hva\u00f0 Gunnari gengur til me\u00f0 \u00feessari \u00e1r\u00e1s sinni er m\u00e9r hins vegar r\u00e1\u00f0g\u00e1ta.<\/p>\n","protected":false},"excerpt":{"rendered":"<p>\u00c1 \u00feri\u00f0judaginn \u00ed\u00a0s\u00ed\u00f0ustu\u00a0viku var Gunnar Helgi Kristinsson, pr\u00f3fessor \u00ed stj\u00f3rnm\u00e1lafr\u00e6\u00f0i vi\u00f0\u00a0H\u00cd, \u00ed\u00a0vi\u00f0tali \u00ed Speglinum\u00a0um till\u00f6gu\u00a0Stj\u00f3rnlagar\u00e1\u00f0s\u00a0a\u00f0 n\u00fdrri stj\u00f3rnarskr\u00e1. \u00a0\u00dear var hann me\u00f0al annars spur\u00f0ur um \u00e1kv\u00e6\u00f0i um pers\u00f3nukj\u00f6r \u00ed till\u00f6gunni, og svara\u00f0i svo:<\/p>\n","protected":false},"author":10,"featured_media":0,"comment_status":"open","ping_status":"open","sticky":false,"template":"","format":"standard","meta":{"footnotes":""},"categories":[1,43],"tags":[267,17,107,86,18],"class_list":["post-319","post","type-post","status-publish","format-standard","hentry","category-oflokkad","category-lydraedismal-og-stjornarskra","tag-flokkakerfid","tag-gunnar-helgi-kristinsson","tag-personukjor","tag-stjornlagarad","tag-stjornmalafraedingar"],"yoast_head":"<!-- This site is optimized with the Yoast SEO plugin v27.5 - https:\/\/yoast.com\/product\/yoast-seo-wordpress\/ -->\n<title>Heift Gunnars Helga gegn pers\u00f3nukj\u00f6ri - Einar<\/title>\n<meta name=\"robots\" content=\"index, follow, max-snippet:-1, max-image-preview:large, max-video-preview:-1\" \/>\n<link rel=\"canonical\" href=\"https:\/\/www.norn.is\/einar\/2012\/10\/16\/heift-gunnars-helga-gegn-personukjori\/\" \/>\n<meta property=\"og:locale\" content=\"is_IS\" \/>\n<meta property=\"og:type\" content=\"article\" \/>\n<meta property=\"og:title\" content=\"Heift Gunnars Helga gegn pers\u00f3nukj\u00f6ri - Einar\" \/>\n<meta property=\"og:description\" content=\"\u00c1 \u00feri\u00f0judaginn \u00ed\u00a0s\u00ed\u00f0ustu\u00a0viku var Gunnar Helgi Kristinsson, pr\u00f3fessor \u00ed stj\u00f3rnm\u00e1lafr\u00e6\u00f0i vi\u00f0\u00a0H\u00cd, \u00ed\u00a0vi\u00f0tali \u00ed Speglinum\u00a0um till\u00f6gu\u00a0Stj\u00f3rnlagar\u00e1\u00f0s\u00a0a\u00f0 n\u00fdrri stj\u00f3rnarskr\u00e1. \u00a0\u00dear var hann me\u00f0al annars spur\u00f0ur um \u00e1kv\u00e6\u00f0i um pers\u00f3nukj\u00f6r \u00ed till\u00f6gunni, og svara\u00f0i svo:\" \/>\n<meta property=\"og:url\" content=\"https:\/\/www.norn.is\/einar\/2012\/10\/16\/heift-gunnars-helga-gegn-personukjori\/\" \/>\n<meta property=\"og:site_name\" content=\"Einar\" \/>\n<meta property=\"article:published_time\" content=\"2012-10-16T12:59:02+00:00\" \/>\n<meta property=\"article:modified_time\" content=\"2017-09-24T11:03:55+00:00\" \/>\n<meta name=\"author\" content=\"einar\" \/>\n<meta name=\"twitter:card\" content=\"summary_large_image\" \/>\n<meta name=\"twitter:label1\" content=\"Written by\" \/>\n\t<meta name=\"twitter:data1\" content=\"\" \/>\n\t<meta name=\"twitter:label2\" content=\"Est. reading time\" \/>\n\t<meta name=\"twitter:data2\" content=\"3 minutes\" \/>\n<script type=\"application\/ld+json\" class=\"yoast-schema-graph\">{\"@context\":\"https:\\\/\\\/schema.org\",\"@graph\":[{\"@type\":\"Article\",\"@id\":\"https:\\\/\\\/www.norn.is\\\/einar\\\/2012\\\/10\\\/16\\\/heift-gunnars-helga-gegn-personukjori\\\/#article\",\"isPartOf\":{\"@id\":\"https:\\\/\\\/www.norn.is\\\/einar\\\/2012\\\/10\\\/16\\\/heift-gunnars-helga-gegn-personukjori\\\/\"},\"author\":{\"name\":\"einar\",\"@id\":\"https:\\\/\\\/www.norn.is\\\/einar\\\/#\\\/schema\\\/person\\\/19affadb841a22f7bfd4bdcd72a862d0\"},\"headline\":\"Heift Gunnars Helga gegn pers\u00f3nukj\u00f6ri\",\"datePublished\":\"2012-10-16T12:59:02+00:00\",\"dateModified\":\"2017-09-24T11:03:55+00:00\",\"mainEntityOfPage\":{\"@id\":\"https:\\\/\\\/www.norn.is\\\/einar\\\/2012\\\/10\\\/16\\\/heift-gunnars-helga-gegn-personukjori\\\/\"},\"wordCount\":676,\"commentCount\":0,\"keywords\":[\"Flokkakerfi\u00f0\",\"Gunnar Helgi Kristinsson\",\"Pers\u00f3nukj\u00f6r\",\"Stj\u00f3rnlagar\u00e1\u00f0\",\"stj\u00f3rnm\u00e1lafr\u00e6\u00f0ingar\"],\"articleSection\":[\"Allt efni\",\"L\u00fd\u00f0r\u00e6\u00f0ism\u00e1l og stj\u00f3rnarskr\u00e1\"],\"inLanguage\":\"is\",\"potentialAction\":[{\"@type\":\"CommentAction\",\"name\":\"Comment\",\"target\":[\"https:\\\/\\\/www.norn.is\\\/einar\\\/2012\\\/10\\\/16\\\/heift-gunnars-helga-gegn-personukjori\\\/#respond\"]}]},{\"@type\":\"WebPage\",\"@id\":\"https:\\\/\\\/www.norn.is\\\/einar\\\/2012\\\/10\\\/16\\\/heift-gunnars-helga-gegn-personukjori\\\/\",\"url\":\"https:\\\/\\\/www.norn.is\\\/einar\\\/2012\\\/10\\\/16\\\/heift-gunnars-helga-gegn-personukjori\\\/\",\"name\":\"Heift Gunnars Helga gegn pers\u00f3nukj\u00f6ri - Einar\",\"isPartOf\":{\"@id\":\"https:\\\/\\\/www.norn.is\\\/einar\\\/#website\"},\"datePublished\":\"2012-10-16T12:59:02+00:00\",\"dateModified\":\"2017-09-24T11:03:55+00:00\",\"author\":{\"@id\":\"https:\\\/\\\/www.norn.is\\\/einar\\\/#\\\/schema\\\/person\\\/19affadb841a22f7bfd4bdcd72a862d0\"},\"breadcrumb\":{\"@id\":\"https:\\\/\\\/www.norn.is\\\/einar\\\/2012\\\/10\\\/16\\\/heift-gunnars-helga-gegn-personukjori\\\/#breadcrumb\"},\"inLanguage\":\"is\",\"potentialAction\":[{\"@type\":\"ReadAction\",\"target\":[\"https:\\\/\\\/www.norn.is\\\/einar\\\/2012\\\/10\\\/16\\\/heift-gunnars-helga-gegn-personukjori\\\/\"]}]},{\"@type\":\"BreadcrumbList\",\"@id\":\"https:\\\/\\\/www.norn.is\\\/einar\\\/2012\\\/10\\\/16\\\/heift-gunnars-helga-gegn-personukjori\\\/#breadcrumb\",\"itemListElement\":[{\"@type\":\"ListItem\",\"position\":1,\"name\":\"Home\",\"item\":\"https:\\\/\\\/www.norn.is\\\/einar\\\/\"},{\"@type\":\"ListItem\",\"position\":2,\"name\":\"Heift Gunnars Helga gegn pers\u00f3nukj\u00f6ri\"}]},{\"@type\":\"WebSite\",\"@id\":\"https:\\\/\\\/www.norn.is\\\/einar\\\/#website\",\"url\":\"https:\\\/\\\/www.norn.is\\\/einar\\\/\",\"name\":\"Einar\",\"description\":\"Pistlar Einars Steingr\u00edmssonar\",\"potentialAction\":[{\"@type\":\"SearchAction\",\"target\":{\"@type\":\"EntryPoint\",\"urlTemplate\":\"https:\\\/\\\/www.norn.is\\\/einar\\\/?s={search_term_string}\"},\"query-input\":{\"@type\":\"PropertyValueSpecification\",\"valueRequired\":true,\"valueName\":\"search_term_string\"}}],\"inLanguage\":\"is\"},{\"@type\":\"Person\",\"@id\":\"https:\\\/\\\/www.norn.is\\\/einar\\\/#\\\/schema\\\/person\\\/19affadb841a22f7bfd4bdcd72a862d0\",\"name\":\"einar\",\"image\":{\"@type\":\"ImageObject\",\"inLanguage\":\"is\",\"@id\":\"https:\\\/\\\/secure.gravatar.com\\\/avatar\\\/6f5f5592f3cc45e338376db24f1672c636582d9c27d855e8f077f13ef13b17fd?s=96&d=mm&r=g\",\"url\":\"https:\\\/\\\/secure.gravatar.com\\\/avatar\\\/6f5f5592f3cc45e338376db24f1672c636582d9c27d855e8f077f13ef13b17fd?s=96&d=mm&r=g\",\"contentUrl\":\"https:\\\/\\\/secure.gravatar.com\\\/avatar\\\/6f5f5592f3cc45e338376db24f1672c636582d9c27d855e8f077f13ef13b17fd?s=96&d=mm&r=g\",\"caption\":\"einar\"},\"url\":\"https:\\\/\\\/www.norn.is\\\/einar\\\/author\\\/einarsteingrimsson\\\/\"}]}<\/script>\n<!-- \/ Yoast SEO plugin. -->","yoast_head_json":{"title":"Heift Gunnars Helga gegn pers\u00f3nukj\u00f6ri - Einar","robots":{"index":"index","follow":"follow","max-snippet":"max-snippet:-1","max-image-preview":"max-image-preview:large","max-video-preview":"max-video-preview:-1"},"canonical":"https:\/\/www.norn.is\/einar\/2012\/10\/16\/heift-gunnars-helga-gegn-personukjori\/","og_locale":"is_IS","og_type":"article","og_title":"Heift Gunnars Helga gegn pers\u00f3nukj\u00f6ri - Einar","og_description":"\u00c1 \u00feri\u00f0judaginn \u00ed\u00a0s\u00ed\u00f0ustu\u00a0viku var Gunnar Helgi Kristinsson, pr\u00f3fessor \u00ed stj\u00f3rnm\u00e1lafr\u00e6\u00f0i vi\u00f0\u00a0H\u00cd, \u00ed\u00a0vi\u00f0tali \u00ed Speglinum\u00a0um till\u00f6gu\u00a0Stj\u00f3rnlagar\u00e1\u00f0s\u00a0a\u00f0 n\u00fdrri stj\u00f3rnarskr\u00e1. \u00a0\u00dear var hann me\u00f0al annars spur\u00f0ur um \u00e1kv\u00e6\u00f0i um pers\u00f3nukj\u00f6r \u00ed till\u00f6gunni, og svara\u00f0i svo:","og_url":"https:\/\/www.norn.is\/einar\/2012\/10\/16\/heift-gunnars-helga-gegn-personukjori\/","og_site_name":"Einar","article_published_time":"2012-10-16T12:59:02+00:00","article_modified_time":"2017-09-24T11:03:55+00:00","author":"einar","twitter_card":"summary_large_image","twitter_misc":{"Written by":false,"Est. reading time":"3 minutes"},"schema":{"@context":"https:\/\/schema.org","@graph":[{"@type":"Article","@id":"https:\/\/www.norn.is\/einar\/2012\/10\/16\/heift-gunnars-helga-gegn-personukjori\/#article","isPartOf":{"@id":"https:\/\/www.norn.is\/einar\/2012\/10\/16\/heift-gunnars-helga-gegn-personukjori\/"},"author":{"name":"einar","@id":"https:\/\/www.norn.is\/einar\/#\/schema\/person\/19affadb841a22f7bfd4bdcd72a862d0"},"headline":"Heift Gunnars Helga gegn pers\u00f3nukj\u00f6ri","datePublished":"2012-10-16T12:59:02+00:00","dateModified":"2017-09-24T11:03:55+00:00","mainEntityOfPage":{"@id":"https:\/\/www.norn.is\/einar\/2012\/10\/16\/heift-gunnars-helga-gegn-personukjori\/"},"wordCount":676,"commentCount":0,"keywords":["Flokkakerfi\u00f0","Gunnar Helgi Kristinsson","Pers\u00f3nukj\u00f6r","Stj\u00f3rnlagar\u00e1\u00f0","stj\u00f3rnm\u00e1lafr\u00e6\u00f0ingar"],"articleSection":["Allt efni","L\u00fd\u00f0r\u00e6\u00f0ism\u00e1l og stj\u00f3rnarskr\u00e1"],"inLanguage":"is","potentialAction":[{"@type":"CommentAction","name":"Comment","target":["https:\/\/www.norn.is\/einar\/2012\/10\/16\/heift-gunnars-helga-gegn-personukjori\/#respond"]}]},{"@type":"WebPage","@id":"https:\/\/www.norn.is\/einar\/2012\/10\/16\/heift-gunnars-helga-gegn-personukjori\/","url":"https:\/\/www.norn.is\/einar\/2012\/10\/16\/heift-gunnars-helga-gegn-personukjori\/","name":"Heift Gunnars Helga gegn pers\u00f3nukj\u00f6ri - Einar","isPartOf":{"@id":"https:\/\/www.norn.is\/einar\/#website"},"datePublished":"2012-10-16T12:59:02+00:00","dateModified":"2017-09-24T11:03:55+00:00","author":{"@id":"https:\/\/www.norn.is\/einar\/#\/schema\/person\/19affadb841a22f7bfd4bdcd72a862d0"},"breadcrumb":{"@id":"https:\/\/www.norn.is\/einar\/2012\/10\/16\/heift-gunnars-helga-gegn-personukjori\/#breadcrumb"},"inLanguage":"is","potentialAction":[{"@type":"ReadAction","target":["https:\/\/www.norn.is\/einar\/2012\/10\/16\/heift-gunnars-helga-gegn-personukjori\/"]}]},{"@type":"BreadcrumbList","@id":"https:\/\/www.norn.is\/einar\/2012\/10\/16\/heift-gunnars-helga-gegn-personukjori\/#breadcrumb","itemListElement":[{"@type":"ListItem","position":1,"name":"Home","item":"https:\/\/www.norn.is\/einar\/"},{"@type":"ListItem","position":2,"name":"Heift Gunnars Helga gegn pers\u00f3nukj\u00f6ri"}]},{"@type":"WebSite","@id":"https:\/\/www.norn.is\/einar\/#website","url":"https:\/\/www.norn.is\/einar\/","name":"Einar","description":"Pistlar Einars Steingr\u00edmssonar","potentialAction":[{"@type":"SearchAction","target":{"@type":"EntryPoint","urlTemplate":"https:\/\/www.norn.is\/einar\/?s={search_term_string}"},"query-input":{"@type":"PropertyValueSpecification","valueRequired":true,"valueName":"search_term_string"}}],"inLanguage":"is"},{"@type":"Person","@id":"https:\/\/www.norn.is\/einar\/#\/schema\/person\/19affadb841a22f7bfd4bdcd72a862d0","name":"einar","image":{"@type":"ImageObject","inLanguage":"is","@id":"https:\/\/secure.gravatar.com\/avatar\/6f5f5592f3cc45e338376db24f1672c636582d9c27d855e8f077f13ef13b17fd?s=96&d=mm&r=g","url":"https:\/\/secure.gravatar.com\/avatar\/6f5f5592f3cc45e338376db24f1672c636582d9c27d855e8f077f13ef13b17fd?s=96&d=mm&r=g","contentUrl":"https:\/\/secure.gravatar.com\/avatar\/6f5f5592f3cc45e338376db24f1672c636582d9c27d855e8f077f13ef13b17fd?s=96&d=mm&r=g","caption":"einar"},"url":"https:\/\/www.norn.is\/einar\/author\/einarsteingrimsson\/"}]}},"_links":{"self":[{"href":"https:\/\/www.norn.is\/einar\/wp-json\/wp\/v2\/posts\/319","targetHints":{"allow":["GET"]}}],"collection":[{"href":"https:\/\/www.norn.is\/einar\/wp-json\/wp\/v2\/posts"}],"about":[{"href":"https:\/\/www.norn.is\/einar\/wp-json\/wp\/v2\/types\/post"}],"author":[{"embeddable":true,"href":"https:\/\/www.norn.is\/einar\/wp-json\/wp\/v2\/users\/10"}],"replies":[{"embeddable":true,"href":"https:\/\/www.norn.is\/einar\/wp-json\/wp\/v2\/comments?post=319"}],"version-history":[{"count":3,"href":"https:\/\/www.norn.is\/einar\/wp-json\/wp\/v2\/posts\/319\/revisions"}],"predecessor-version":[{"id":758,"href":"https:\/\/www.norn.is\/einar\/wp-json\/wp\/v2\/posts\/319\/revisions\/758"}],"wp:attachment":[{"href":"https:\/\/www.norn.is\/einar\/wp-json\/wp\/v2\/media?parent=319"}],"wp:term":[{"taxonomy":"category","embeddable":true,"href":"https:\/\/www.norn.is\/einar\/wp-json\/wp\/v2\/categories?post=319"},{"taxonomy":"post_tag","embeddable":true,"href":"https:\/\/www.norn.is\/einar\/wp-json\/wp\/v2\/tags?post=319"}],"curies":[{"name":"wp","href":"https:\/\/api.w.org\/{rel}","templated":true}]}}