{"id":313,"date":"2012-10-06T12:53:02","date_gmt":"2012-10-06T12:53:02","guid":{"rendered":"http:\/\/www.norn.is\/einar\/?p=313"},"modified":"2017-09-24T11:03:56","modified_gmt":"2017-09-24T11:03:56","slug":"jon-sera-jon-gnarr-jon-og-valdid-sem-spillir","status":"publish","type":"post","link":"https:\/\/www.norn.is\/einar\/2012\/10\/06\/jon-sera-jon-gnarr-jon-og-valdid-sem-spillir\/","title":{"rendered":"J\u00f3n, S\u00e9ra J\u00f3n, Gnarr-J\u00f3n og valdi\u00f0 sem spillir"},"content":{"rendered":"<div>F\u00e1um vir\u00f0ist finnast \u00fea\u00f0 tilt\u00f6kum\u00e1l sem \u00e9g ger\u00f0i a\u00f0 umr\u00e6\u00f0uefni \u00ed\u00a0<a href=\"http:\/\/blog.pressan.is\/einar\/2012\/10\/05\/georg-bjarnfredarson-og-or-skyrslan\/\">pistli \u00ed g\u00e6r<\/a>, hvernig f\u00f3lk \u00ed valdast\u00f6\u00f0um \u00e1 \u00cdslandi heldur leyndum uppl\u00fdsingum sem almenningur \u00e6tti a\u00f0 f\u00e1 a\u00f0gang a\u00f0 um lei\u00f0 og valdaf\u00f3lki\u00f0. \u00a0M\u00e9r finnst \u00feetta satt a\u00f0 segja ein versta blindan \u00feegar kemur a\u00f0 \u00feeim kr\u00f6fum sem f\u00f3lk leyfir s\u00e9r a\u00f0 hafa \u00ed frammi gagnvart yfirv\u00f6ldum. \u00a0Samt\u00edmis held \u00e9g a\u00f0 \u00fe\u00f3tt vika til e\u00f0a fr\u00e1 \u00ed umr\u00e6ddu m\u00e1li skipti ekki sk\u00f6pum, \u00fe\u00e1 s\u00e9 valdbeitingin h\u00e9r einmitt valdn\u00ed\u00f0sla af \u00fev\u00ed tagi sem gegns\u00fdrir hugsunarh\u00e1tt valdaf\u00f3lks \u00e1 \u00cdslandi, og sem almenningur s\u00e6ttir sig vi\u00f0 \u00ed allt of r\u00edkum m\u00e6li. \u00a0\u00dev\u00ed \u00e1kva\u00f0 \u00e9g a\u00f0 birta h\u00e9r, sem s\u00e9rstakan pistil, svar mitt til hei\u00f0ursmannsins J\u00f3ns Dan\u00edelssonar, vi\u00f0 athugasemd hans um ofangreindan pistil minn. \u00a0Athugasemd J\u00f3ns m\u00e1 sj\u00e1 \u00ed\u00a0<a href=\"http:\/\/blog.pressan.is\/einar\/2012\/10\/05\/georg-bjarnfredarson-og-or-skyrslan\/#comments\">tj\u00e1sukerfinu vi\u00f0 \u00feann pistil<\/a>.<\/div>\n<p><!--more--><\/p>\n<div><\/div>\n<div>\u2014\u2014\u2014\u2014\u2014\u2014\u2014\u2014\u2014\u2014\u2014\u2014\u2014\u2014\u2014\u2014\u2014\u2014\u2014\u2014\u2014\u2014\u2014<\/div>\n<div><\/div>\n<div><\/div>\n<div>J\u00f3n: \u00a0\u00c9g held ekki fram a\u00f0 n\u00e1kv\u00e6mlega hven\u00e6r sk\u00fdrslan ver\u00f0ur birt almenningi s\u00e9 st\u00f3rm\u00e1l. \u00a0Hins vegar finnst m\u00e9r \u00feetta l\u00fdsandi d\u00e6mi um \u00fea\u00f0 hryllilega vi\u00f0horf sem gegns\u00fdrir \u00edslenska stj\u00f3rns\u00fdslu: \u00a0F\u00f3lki\u00f0 sem hefur v\u00f6ldin innan hennar l\u00edtur alltaf \u00e1 eigin hagsmuni sem \u00e6\u00f0ri hagsmunum almennings. \u00a0\u00deetta \u00e6tti au\u00f0vita\u00f0 a\u00f0 vera \u00fever\u00f6fugt. \u00a0Engum dettur \u00ed hug a\u00f0 halda \u00f6\u00f0ru fram opinberlega en a\u00f0 hi\u00f0 \u00e6\u00f0sta vald komi fr\u00e1 almenningi. \u00a0\u00deannig \u00e6tti \u00fea\u00f0 einnig a\u00f0 vera \u00ed prax\u00eds, og \u00fev\u00ed \u00e6tti enginn nokkurn t\u00edma a\u00f0 f\u00e1 sk\u00fdrslu af \u00feessu tagi \u00ed hendur \u00e1 undan almenningi, \u00feegar henni er loki\u00f0, og h\u00fan er ekki lengur \u00ed vinnslu.<\/div>\n<div><\/div>\n<div>\u00dea\u00f0 gerir ekkert til \u00fe\u00f3tt kj\u00f6rnir fulltr\u00faar \u00feurfi a\u00f0 segja vi\u00f0 fr\u00e9ttamenn a\u00f0 \u00feeir hafi ekki kynnt s\u00e9r efni sk\u00fdrslunnar m\u00edn\u00fatu eftir a\u00f0 \u00feeir fengu hana \u00ed hendurnar. \u00a0\u00dea\u00f0 er heldur ekki e\u00f0lilegt a\u00f0 valdaf\u00f3lki\u00f0 f\u00e1i langan t\u00edma til a\u00f0 undirb\u00faa sig sem hugsanlegir gagnr\u00fdnendur \u00feess f\u00e1 ekki. \u00a0Valdaf\u00f3lki\u00f0 \u00e1 EKKI a\u00f0 verja eigin hagsmuni \u00ed \u00feessu m\u00e1li, e\u00f0a nokkru \u00f6\u00f0ru sem stj\u00f3rns\u00fdslan f\u00e6st vi\u00f0.<\/div>\n<div><\/div>\n<div>\u00deetta vi\u00f0horf sem \u00e9g er a\u00f0 berjast fyrir h\u00e9r hefur reyndar veri\u00f0 stj\u00f3rnarskr\u00e1rbundi\u00f0 \u00ed Sv\u00ed\u00fej\u00f3\u00f0 \u00ed \u00e1ratugi, og engan stj\u00f3rnm\u00e1lamann \u00fear \u00ed landi hef \u00e9g nokkurn t\u00edma heyrt halda \u00fev\u00ed fram a\u00f0 \u00fea\u00f0 v\u00e6ri \u00f3e\u00f0lilegt, hva\u00f0 \u00fe\u00e1 ska\u00f0legt. \u00a0\u00cd Sv\u00ed\u00fej\u00f3\u00f0 hef\u00f0i hver sem er, jafnvel \u00fe\u00fa, nafnlaust, geta\u00f0 fengi\u00f0 afrit af \u00feessari sk\u00fdrslu um lei\u00f0 og h\u00fan haf\u00f0i veri\u00f0 afhent borgarstj\u00f3ra.<\/div>\n<div><\/div>\n<div>\u00de\u00f3tt Sv\u00ed\u00fej\u00f3\u00f0 s\u00e9 ekki a\u00f0 \u00f6llu leyti draumaland, \u00fe\u00e1 \u013aiggur einf\u00f6ld hugmynd a\u00f0 baki hinum \u00edtarlegu og \u00f6flugu uppl\u00fdsinga\u00e1kv\u00e6\u00f0um s\u00e6nsku stj\u00f3rnarskr\u00e1rinnar: A\u00f0 stj\u00f3rnv\u00f6ld eigi a\u00f0 vinna fyrir hagsmuni almennings, og a\u00f0 engir a\u00f0rir hagsmunir megi hafa \u00e1hrif \u00e1 \u00fea\u00f0 starf.<\/div>\n<div><\/div>\n<div>\u00c9g veit a\u00f0 \u00fea\u00f0 er n\u00e1nast enginn skilningur \u00e1 \u00feessu sj\u00e1lfsag\u00f0a vi\u00f0horfi \u00e1 \u00cdslandi. \u00a0Og m\u00e9r finnst sl\u00e1andi a\u00f0 ma\u00f0ur eins og \u00fe\u00fa skulir taka undir \u00fe\u00e1 afst\u00f6\u00f0u sem \u00e9g tel \u00ed \u00feessu m\u00e1li vera \u00f6rgustu valdn\u00ed\u00f0slu. \u00a0Sl\u00e1andi, einmitt af \u00fev\u00ed a\u00f0 f\u00e1a menn \u00feekki \u00e9g sem eru eins v\u00ed\u00f0s\u00fdnir og r\u00e9tts\u00fdnir og \u00fe\u00fa ert (\u00fe\u00f3tt \u00e9g s\u00e9 stundum \u00f3samm\u00e1la \u00fe\u00e9r).<\/div>\n","protected":false},"excerpt":{"rendered":"<p>F\u00e1um vir\u00f0ist finnast \u00fea\u00f0 tilt\u00f6kum\u00e1l sem \u00e9g ger\u00f0i a\u00f0 umr\u00e6\u00f0uefni \u00ed\u00a0pistli \u00ed g\u00e6r, hvernig f\u00f3lk \u00ed valdast\u00f6\u00f0um \u00e1 \u00cdslandi heldur leyndum uppl\u00fdsingum sem almenningur \u00e6tti a\u00f0 f\u00e1 a\u00f0gang a\u00f0 um lei\u00f0 og valdaf\u00f3lki\u00f0. \u00a0M\u00e9r finnst \u00feetta satt a\u00f0 segja ein &hellip; <a href=\"https:\/\/www.norn.is\/einar\/2012\/10\/06\/jon-sera-jon-gnarr-jon-og-valdid-sem-spillir\/\">Halda \u00e1fram a\u00f0 lesa <span class=\"meta-nav\">&rarr;<\/span><\/a><\/p>\n","protected":false},"author":10,"featured_media":0,"comment_status":"open","ping_status":"open","sticky":false,"template":"","format":"standard","meta":{"footnotes":""},"categories":[1,43],"tags":[113,264,262,56,101],"class_list":["post-313","post","type-post","status-publish","format-standard","hentry","category-oflokkad","category-lydraedismal-og-stjornarskra","tag-gagnsaei-og-leyndarhyggja","tag-jon-danielsson","tag-jon-gnarr","tag-orkuveita-reykjavikur","tag-valdaklikur-og-spilling"],"yoast_head":"<!-- This site is optimized with the Yoast SEO plugin v27.5 - https:\/\/yoast.com\/product\/yoast-seo-wordpress\/ -->\n<title>J\u00f3n, S\u00e9ra J\u00f3n, Gnarr-J\u00f3n og valdi\u00f0 sem spillir - Einar<\/title>\n<meta name=\"robots\" content=\"index, follow, max-snippet:-1, max-image-preview:large, max-video-preview:-1\" \/>\n<link rel=\"canonical\" href=\"https:\/\/www.norn.is\/einar\/2012\/10\/06\/jon-sera-jon-gnarr-jon-og-valdid-sem-spillir\/\" \/>\n<meta property=\"og:locale\" content=\"is_IS\" \/>\n<meta property=\"og:type\" content=\"article\" \/>\n<meta property=\"og:title\" content=\"J\u00f3n, S\u00e9ra J\u00f3n, Gnarr-J\u00f3n og valdi\u00f0 sem spillir - Einar\" \/>\n<meta property=\"og:description\" content=\"F\u00e1um vir\u00f0ist finnast \u00fea\u00f0 tilt\u00f6kum\u00e1l sem \u00e9g ger\u00f0i a\u00f0 umr\u00e6\u00f0uefni \u00ed\u00a0pistli \u00ed g\u00e6r, hvernig f\u00f3lk \u00ed valdast\u00f6\u00f0um \u00e1 \u00cdslandi heldur leyndum uppl\u00fdsingum sem almenningur \u00e6tti a\u00f0 f\u00e1 a\u00f0gang a\u00f0 um lei\u00f0 og valdaf\u00f3lki\u00f0. \u00a0M\u00e9r finnst \u00feetta satt a\u00f0 segja ein &hellip; Halda \u00e1fram a\u00f0 lesa &rarr;\" \/>\n<meta property=\"og:url\" content=\"https:\/\/www.norn.is\/einar\/2012\/10\/06\/jon-sera-jon-gnarr-jon-og-valdid-sem-spillir\/\" \/>\n<meta property=\"og:site_name\" content=\"Einar\" \/>\n<meta property=\"article:published_time\" content=\"2012-10-06T12:53:02+00:00\" \/>\n<meta property=\"article:modified_time\" content=\"2017-09-24T11:03:56+00:00\" \/>\n<meta name=\"author\" content=\"einar\" \/>\n<meta name=\"twitter:card\" content=\"summary_large_image\" \/>\n<meta name=\"twitter:label1\" content=\"Written by\" \/>\n\t<meta name=\"twitter:data1\" content=\"\" \/>\n\t<meta name=\"twitter:label2\" content=\"Est. reading time\" \/>\n\t<meta name=\"twitter:data2\" content=\"3 minutes\" \/>\n<script type=\"application\/ld+json\" class=\"yoast-schema-graph\">{\"@context\":\"https:\\\/\\\/schema.org\",\"@graph\":[{\"@type\":\"Article\",\"@id\":\"https:\\\/\\\/www.norn.is\\\/einar\\\/2012\\\/10\\\/06\\\/jon-sera-jon-gnarr-jon-og-valdid-sem-spillir\\\/#article\",\"isPartOf\":{\"@id\":\"https:\\\/\\\/www.norn.is\\\/einar\\\/2012\\\/10\\\/06\\\/jon-sera-jon-gnarr-jon-og-valdid-sem-spillir\\\/\"},\"author\":{\"name\":\"einar\",\"@id\":\"https:\\\/\\\/www.norn.is\\\/einar\\\/#\\\/schema\\\/person\\\/19affadb841a22f7bfd4bdcd72a862d0\"},\"headline\":\"J\u00f3n, S\u00e9ra J\u00f3n, Gnarr-J\u00f3n og valdi\u00f0 sem spillir\",\"datePublished\":\"2012-10-06T12:53:02+00:00\",\"dateModified\":\"2017-09-24T11:03:56+00:00\",\"mainEntityOfPage\":{\"@id\":\"https:\\\/\\\/www.norn.is\\\/einar\\\/2012\\\/10\\\/06\\\/jon-sera-jon-gnarr-jon-og-valdid-sem-spillir\\\/\"},\"wordCount\":564,\"commentCount\":0,\"keywords\":[\"Gagns\u00e6i og leyndarhyggja\",\"J\u00f3n Dan\u00edelsson\",\"J\u00f3n Gnarr\",\"Orkuveita Reykjav\u00edkur\",\"Valdakl\u00edkur og spilling\"],\"articleSection\":[\"Allt efni\",\"L\u00fd\u00f0r\u00e6\u00f0ism\u00e1l og stj\u00f3rnarskr\u00e1\"],\"inLanguage\":\"is\",\"potentialAction\":[{\"@type\":\"CommentAction\",\"name\":\"Comment\",\"target\":[\"https:\\\/\\\/www.norn.is\\\/einar\\\/2012\\\/10\\\/06\\\/jon-sera-jon-gnarr-jon-og-valdid-sem-spillir\\\/#respond\"]}]},{\"@type\":\"WebPage\",\"@id\":\"https:\\\/\\\/www.norn.is\\\/einar\\\/2012\\\/10\\\/06\\\/jon-sera-jon-gnarr-jon-og-valdid-sem-spillir\\\/\",\"url\":\"https:\\\/\\\/www.norn.is\\\/einar\\\/2012\\\/10\\\/06\\\/jon-sera-jon-gnarr-jon-og-valdid-sem-spillir\\\/\",\"name\":\"J\u00f3n, S\u00e9ra J\u00f3n, Gnarr-J\u00f3n og valdi\u00f0 sem spillir - Einar\",\"isPartOf\":{\"@id\":\"https:\\\/\\\/www.norn.is\\\/einar\\\/#website\"},\"datePublished\":\"2012-10-06T12:53:02+00:00\",\"dateModified\":\"2017-09-24T11:03:56+00:00\",\"author\":{\"@id\":\"https:\\\/\\\/www.norn.is\\\/einar\\\/#\\\/schema\\\/person\\\/19affadb841a22f7bfd4bdcd72a862d0\"},\"breadcrumb\":{\"@id\":\"https:\\\/\\\/www.norn.is\\\/einar\\\/2012\\\/10\\\/06\\\/jon-sera-jon-gnarr-jon-og-valdid-sem-spillir\\\/#breadcrumb\"},\"inLanguage\":\"is\",\"potentialAction\":[{\"@type\":\"ReadAction\",\"target\":[\"https:\\\/\\\/www.norn.is\\\/einar\\\/2012\\\/10\\\/06\\\/jon-sera-jon-gnarr-jon-og-valdid-sem-spillir\\\/\"]}]},{\"@type\":\"BreadcrumbList\",\"@id\":\"https:\\\/\\\/www.norn.is\\\/einar\\\/2012\\\/10\\\/06\\\/jon-sera-jon-gnarr-jon-og-valdid-sem-spillir\\\/#breadcrumb\",\"itemListElement\":[{\"@type\":\"ListItem\",\"position\":1,\"name\":\"Home\",\"item\":\"https:\\\/\\\/www.norn.is\\\/einar\\\/\"},{\"@type\":\"ListItem\",\"position\":2,\"name\":\"J\u00f3n, S\u00e9ra J\u00f3n, Gnarr-J\u00f3n og valdi\u00f0 sem spillir\"}]},{\"@type\":\"WebSite\",\"@id\":\"https:\\\/\\\/www.norn.is\\\/einar\\\/#website\",\"url\":\"https:\\\/\\\/www.norn.is\\\/einar\\\/\",\"name\":\"Einar\",\"description\":\"Pistlar Einars Steingr\u00edmssonar\",\"potentialAction\":[{\"@type\":\"SearchAction\",\"target\":{\"@type\":\"EntryPoint\",\"urlTemplate\":\"https:\\\/\\\/www.norn.is\\\/einar\\\/?s={search_term_string}\"},\"query-input\":{\"@type\":\"PropertyValueSpecification\",\"valueRequired\":true,\"valueName\":\"search_term_string\"}}],\"inLanguage\":\"is\"},{\"@type\":\"Person\",\"@id\":\"https:\\\/\\\/www.norn.is\\\/einar\\\/#\\\/schema\\\/person\\\/19affadb841a22f7bfd4bdcd72a862d0\",\"name\":\"einar\",\"image\":{\"@type\":\"ImageObject\",\"inLanguage\":\"is\",\"@id\":\"https:\\\/\\\/secure.gravatar.com\\\/avatar\\\/6f5f5592f3cc45e338376db24f1672c636582d9c27d855e8f077f13ef13b17fd?s=96&d=mm&r=g\",\"url\":\"https:\\\/\\\/secure.gravatar.com\\\/avatar\\\/6f5f5592f3cc45e338376db24f1672c636582d9c27d855e8f077f13ef13b17fd?s=96&d=mm&r=g\",\"contentUrl\":\"https:\\\/\\\/secure.gravatar.com\\\/avatar\\\/6f5f5592f3cc45e338376db24f1672c636582d9c27d855e8f077f13ef13b17fd?s=96&d=mm&r=g\",\"caption\":\"einar\"},\"url\":\"https:\\\/\\\/www.norn.is\\\/einar\\\/author\\\/einarsteingrimsson\\\/\"}]}<\/script>\n<!-- \/ Yoast SEO plugin. -->","yoast_head_json":{"title":"J\u00f3n, S\u00e9ra J\u00f3n, Gnarr-J\u00f3n og valdi\u00f0 sem spillir - Einar","robots":{"index":"index","follow":"follow","max-snippet":"max-snippet:-1","max-image-preview":"max-image-preview:large","max-video-preview":"max-video-preview:-1"},"canonical":"https:\/\/www.norn.is\/einar\/2012\/10\/06\/jon-sera-jon-gnarr-jon-og-valdid-sem-spillir\/","og_locale":"is_IS","og_type":"article","og_title":"J\u00f3n, S\u00e9ra J\u00f3n, Gnarr-J\u00f3n og valdi\u00f0 sem spillir - Einar","og_description":"F\u00e1um vir\u00f0ist finnast \u00fea\u00f0 tilt\u00f6kum\u00e1l sem \u00e9g ger\u00f0i a\u00f0 umr\u00e6\u00f0uefni \u00ed\u00a0pistli \u00ed g\u00e6r, hvernig f\u00f3lk \u00ed valdast\u00f6\u00f0um \u00e1 \u00cdslandi heldur leyndum uppl\u00fdsingum sem almenningur \u00e6tti a\u00f0 f\u00e1 a\u00f0gang a\u00f0 um lei\u00f0 og valdaf\u00f3lki\u00f0. \u00a0M\u00e9r finnst \u00feetta satt a\u00f0 segja ein &hellip; Halda \u00e1fram a\u00f0 lesa &rarr;","og_url":"https:\/\/www.norn.is\/einar\/2012\/10\/06\/jon-sera-jon-gnarr-jon-og-valdid-sem-spillir\/","og_site_name":"Einar","article_published_time":"2012-10-06T12:53:02+00:00","article_modified_time":"2017-09-24T11:03:56+00:00","author":"einar","twitter_card":"summary_large_image","twitter_misc":{"Written by":false,"Est. reading time":"3 minutes"},"schema":{"@context":"https:\/\/schema.org","@graph":[{"@type":"Article","@id":"https:\/\/www.norn.is\/einar\/2012\/10\/06\/jon-sera-jon-gnarr-jon-og-valdid-sem-spillir\/#article","isPartOf":{"@id":"https:\/\/www.norn.is\/einar\/2012\/10\/06\/jon-sera-jon-gnarr-jon-og-valdid-sem-spillir\/"},"author":{"name":"einar","@id":"https:\/\/www.norn.is\/einar\/#\/schema\/person\/19affadb841a22f7bfd4bdcd72a862d0"},"headline":"J\u00f3n, S\u00e9ra J\u00f3n, Gnarr-J\u00f3n og valdi\u00f0 sem spillir","datePublished":"2012-10-06T12:53:02+00:00","dateModified":"2017-09-24T11:03:56+00:00","mainEntityOfPage":{"@id":"https:\/\/www.norn.is\/einar\/2012\/10\/06\/jon-sera-jon-gnarr-jon-og-valdid-sem-spillir\/"},"wordCount":564,"commentCount":0,"keywords":["Gagns\u00e6i og leyndarhyggja","J\u00f3n Dan\u00edelsson","J\u00f3n Gnarr","Orkuveita Reykjav\u00edkur","Valdakl\u00edkur og spilling"],"articleSection":["Allt efni","L\u00fd\u00f0r\u00e6\u00f0ism\u00e1l og stj\u00f3rnarskr\u00e1"],"inLanguage":"is","potentialAction":[{"@type":"CommentAction","name":"Comment","target":["https:\/\/www.norn.is\/einar\/2012\/10\/06\/jon-sera-jon-gnarr-jon-og-valdid-sem-spillir\/#respond"]}]},{"@type":"WebPage","@id":"https:\/\/www.norn.is\/einar\/2012\/10\/06\/jon-sera-jon-gnarr-jon-og-valdid-sem-spillir\/","url":"https:\/\/www.norn.is\/einar\/2012\/10\/06\/jon-sera-jon-gnarr-jon-og-valdid-sem-spillir\/","name":"J\u00f3n, S\u00e9ra J\u00f3n, Gnarr-J\u00f3n og valdi\u00f0 sem spillir - Einar","isPartOf":{"@id":"https:\/\/www.norn.is\/einar\/#website"},"datePublished":"2012-10-06T12:53:02+00:00","dateModified":"2017-09-24T11:03:56+00:00","author":{"@id":"https:\/\/www.norn.is\/einar\/#\/schema\/person\/19affadb841a22f7bfd4bdcd72a862d0"},"breadcrumb":{"@id":"https:\/\/www.norn.is\/einar\/2012\/10\/06\/jon-sera-jon-gnarr-jon-og-valdid-sem-spillir\/#breadcrumb"},"inLanguage":"is","potentialAction":[{"@type":"ReadAction","target":["https:\/\/www.norn.is\/einar\/2012\/10\/06\/jon-sera-jon-gnarr-jon-og-valdid-sem-spillir\/"]}]},{"@type":"BreadcrumbList","@id":"https:\/\/www.norn.is\/einar\/2012\/10\/06\/jon-sera-jon-gnarr-jon-og-valdid-sem-spillir\/#breadcrumb","itemListElement":[{"@type":"ListItem","position":1,"name":"Home","item":"https:\/\/www.norn.is\/einar\/"},{"@type":"ListItem","position":2,"name":"J\u00f3n, S\u00e9ra J\u00f3n, Gnarr-J\u00f3n og valdi\u00f0 sem spillir"}]},{"@type":"WebSite","@id":"https:\/\/www.norn.is\/einar\/#website","url":"https:\/\/www.norn.is\/einar\/","name":"Einar","description":"Pistlar Einars Steingr\u00edmssonar","potentialAction":[{"@type":"SearchAction","target":{"@type":"EntryPoint","urlTemplate":"https:\/\/www.norn.is\/einar\/?s={search_term_string}"},"query-input":{"@type":"PropertyValueSpecification","valueRequired":true,"valueName":"search_term_string"}}],"inLanguage":"is"},{"@type":"Person","@id":"https:\/\/www.norn.is\/einar\/#\/schema\/person\/19affadb841a22f7bfd4bdcd72a862d0","name":"einar","image":{"@type":"ImageObject","inLanguage":"is","@id":"https:\/\/secure.gravatar.com\/avatar\/6f5f5592f3cc45e338376db24f1672c636582d9c27d855e8f077f13ef13b17fd?s=96&d=mm&r=g","url":"https:\/\/secure.gravatar.com\/avatar\/6f5f5592f3cc45e338376db24f1672c636582d9c27d855e8f077f13ef13b17fd?s=96&d=mm&r=g","contentUrl":"https:\/\/secure.gravatar.com\/avatar\/6f5f5592f3cc45e338376db24f1672c636582d9c27d855e8f077f13ef13b17fd?s=96&d=mm&r=g","caption":"einar"},"url":"https:\/\/www.norn.is\/einar\/author\/einarsteingrimsson\/"}]}},"_links":{"self":[{"href":"https:\/\/www.norn.is\/einar\/wp-json\/wp\/v2\/posts\/313","targetHints":{"allow":["GET"]}}],"collection":[{"href":"https:\/\/www.norn.is\/einar\/wp-json\/wp\/v2\/posts"}],"about":[{"href":"https:\/\/www.norn.is\/einar\/wp-json\/wp\/v2\/types\/post"}],"author":[{"embeddable":true,"href":"https:\/\/www.norn.is\/einar\/wp-json\/wp\/v2\/users\/10"}],"replies":[{"embeddable":true,"href":"https:\/\/www.norn.is\/einar\/wp-json\/wp\/v2\/comments?post=313"}],"version-history":[{"count":1,"href":"https:\/\/www.norn.is\/einar\/wp-json\/wp\/v2\/posts\/313\/revisions"}],"predecessor-version":[{"id":314,"href":"https:\/\/www.norn.is\/einar\/wp-json\/wp\/v2\/posts\/313\/revisions\/314"}],"wp:attachment":[{"href":"https:\/\/www.norn.is\/einar\/wp-json\/wp\/v2\/media?parent=313"}],"wp:term":[{"taxonomy":"category","embeddable":true,"href":"https:\/\/www.norn.is\/einar\/wp-json\/wp\/v2\/categories?post=313"},{"taxonomy":"post_tag","embeddable":true,"href":"https:\/\/www.norn.is\/einar\/wp-json\/wp\/v2\/tags?post=313"}],"curies":[{"name":"wp","href":"https:\/\/api.w.org\/{rel}","templated":true}]}}