{"id":303,"date":"2012-09-25T09:31:36","date_gmt":"2012-09-25T09:31:36","guid":{"rendered":"http:\/\/www.norn.is\/einar\/?p=303"},"modified":"2017-09-24T11:03:56","modified_gmt":"2017-09-24T11:03:56","slug":"fyrirlitning-ogmundar-a-mannrettindum","status":"publish","type":"post","link":"https:\/\/www.norn.is\/einar\/2012\/09\/25\/fyrirlitning-ogmundar-a-mannrettindum\/","title":{"rendered":"Fyrirlitning \u00d6gmundar \u00e1 mannr\u00e9ttindum"},"content":{"rendered":"<div>\u00d6gmundur J\u00f3nasson innanr\u00edkisr\u00e1\u00f0herra\u00a0<a href=\"http:\/\/www.ruv.is\/frett\/ottast-ekki-um-lif-irakans\">sag\u00f0i \u00ed \u00fatvarpi \u00ed kv\u00f6ld<\/a>, var\u00f0andi endursendingu\u00a0\u00edrasks\u00a0h\u00e6lisleitanda til Noregs: \u201e\u00c9g hygg a\u00f0 norskir a\u00f0ilar sendi ekki menn \u00ed opinn dau\u00f0an e\u00f0a br\u00e1\u00f0a l\u00edfsh\u00e6ttu. \u00a0Vi\u00f0 ver\u00f0um a\u00f0 treysta \u00fev\u00ed alla vega a\u00f0 svo s\u00e9 og \u00fe\u00e1 v\u00e6ri \u00fea\u00f0 hreinlegra fyrir okkur a\u00f0 ganga \u00fat \u00far \u00feessu Dyflinnarsamkomulagi.\u201c<\/div>\n<p><!--more--><\/p>\n<div><\/div>\n<div>H\u00e9r fer \u00d6gmundur me\u00f0 rangt m\u00e1l, og s\u00fdnir fullkomna fyrirlitningu \u00feeim\u00a0mannr\u00e9ttindas\u00e1ttm\u00e1lum\u00a0sem \u00cdsland er a\u00f0 a\u00f0ili a\u00f0. \u00a0Eins og\u00a0<a href=\"http:\/\/stofnanir.hi.is\/mannrettindastofnun\/sites\/files\/mannrettindastofnun\/Mannrettindi%201%20hefti%202011%203%20pr.pdf\">vandlega hefur veri\u00f0 \u00fatsk\u00fdrt\u00a0<\/a>mega \u00edslensk stj\u00f3rnv\u00f6ld alls ekki taka svona \u00e1 m\u00e1lum af \u00feessu tagi, samkv\u00e6mt \u00farskur\u00f0i Mannr\u00e9ttindad\u00f3mst\u00f3ls Evr\u00f3pu:<\/div>\n<div><\/div>\n<blockquote>\n<div>Lj\u00f3st er a\u00f0 d\u00f3mur\u00a0Mannr\u00e9ttindad\u00f3mst\u00f3lsins\u00a0leggur \u00fe\u00e6r skyldur \u00e1 \u00edslensk stj\u00f3rnv\u00f6ld eins og stj\u00f3rnv\u00f6ld annarra Evr\u00f3pur\u00edkja a\u00f0 ganga ekki \u00fat fr\u00e1 \u00fev\u00ed sem v\u00edsu a\u00f0 anna\u00f0 a\u00f0ildarr\u00edki \u00ed samstarfinu, jafnvel \u00fe\u00f3tt b\u00e6\u00f0i s\u00e9u skuldbundin af Mannr\u00e9ttindas\u00e1ttm\u00e1la Evr\u00f3pu, geti tryggt\u00a0h\u00e6lisleitendum\u00a0vi\u00f0unandi a\u00f0b\u00fana\u00f0 sem samr\u00fdmist kr\u00f6fum 3.\u00a0gr. s\u00e1ttm\u00e1lans. S\u00fa sj\u00e1lfvirkni sem almennt er r\u00e1\u00f0ger\u00f0 \u00ed\u00a0Dyflinnarregluger\u00f0inni\u00a0um endursendingu h\u00e6lisleitanda til annars a\u00f0ildarr\u00edkis, \u00fear sem r\u00edki \u00e1kve\u00f0ur a\u00f0eins \u00ed undantekningartilvikum a\u00f0 taka ums\u00f3kn til efnislegrar me\u00f0fer\u00f0ar, er \u00fev\u00ed ekki \u00e1s\u00e6ttanleg.<\/div>\n<\/blockquote>\n<div><\/div>\n<div>\u00d6gmundur J\u00f3nasson hefur veri\u00f0\u00a0mannr\u00e9ttindar\u00e1\u00f0herra\u00a0\u00ed nokkur \u00e1r, og honum er vel kunnugt um \u00feetta allt, auk \u00feess sem a\u00f0sto\u00f0arma\u00f0ur hans, Halla Gunnarsd\u00f3ttir, hefur fari\u00f0 fyrir s\u00e9rst\u00f6kum starfsh\u00f3pi sem fjalla\u00f0 hefur um m\u00e1lefni fl\u00f3ttamanna \u00ed heilt \u00e1r (en vir\u00f0ist reyndar ekki hafa eytt miklum t\u00edma \u00ed a\u00f0 tala vi\u00f0 fl\u00f3ttamennina sem um er v\u00e9la\u00f0).<\/div>\n<div><\/div>\n<div>\u00deetta er heldur ekki eina tilfelli\u00f0 af \u00feessu tagi; \u00ed fyrra felldi \u00d6gmundur \u00farskur\u00f0 sem hef\u00f0i leitt til, ef vi\u00f0komandi hef\u00f0i ekki fari\u00f0 \u00ed felur, a\u00f0 fl\u00f3ttama\u00f0ur sem ali\u00f0 haf\u00f0i allan sinn aldur sem \u00fer\u00e6ll \u00ed M\u00e1ritan\u00edu hef\u00f0i veri\u00f0\u00a0<a href=\"http:\/\/blog.pressan.is\/einar\/2012\/02\/01\/daemisaga-um-grimmd\/\">sendur tilbaka til Noregs<\/a>. \u00a0Samt haf\u00f0i \u00datlendingastofnun undir h\u00f6ndum yfirl\u00fdsingu um a\u00f0 hann yr\u00f0i sendur \u00fea\u00f0an tilbaka til M\u00e1ritan\u00edu, sem hef\u00f0i veri\u00f0 sk\u00fdlaust brot \u00e1 Fl\u00f3ttamannasamningi Sameinu\u00f0u \u00dej\u00f3\u00f0anna og \u00edslenskum l\u00f6gum.<\/div>\n<div><\/div>\n<div>Tal \u00d6gmundar um\u00a0Dyflinarregluger\u00f0ina\u00a0er l\u00edka si\u00f0laust. \u00a0Dyflinarregluger\u00f0in\u00a0leggur engar skyldur \u00e1 her\u00f0ar \u00edslenskum stj\u00f3rnv\u00f6ldum um a\u00f0 senda fl\u00f3ttamenn tilbaka til annars lands. \u00a0A\u00f0 gefa \u00ed skyn a\u00f0 \u00cdsland ver\u00f0i a\u00f0 segja sig fr\u00e1 henni til a\u00f0 geta sta\u00f0i\u00f0 vi\u00f0 \u00farskur\u00f0i Mannr\u00e9ttindad\u00f3mst\u00f3ls Evr\u00f3pu eru\u00a0hrein\u00a0og kl\u00e1r \u00f3sannindi.<\/div>\n<div><\/div>\n<div>\u00d6gmundur J\u00f3nasson er ekki merkilegur papp\u00edr. \u00a0\u00dea\u00f0 v\u00e6ri svo sem \u00ed lagi ef ekki vildi svo til a\u00f0 \u00e1kvar\u00f0anir hans geta r\u00e1\u00f0i\u00f0 \u00farslitum um velfer\u00f0, e\u00f0a jafnvel l\u00edf, f\u00f3lks sem hann tekur \u00e1kvar\u00f0anir um. \u00a0\u00dea\u00f0 er \u00fej\u00f3\u00f0arsk\u00f6mm a\u00f0 \u00feessi ma\u00f0ur skuli bera \u00e1byrg\u00f0 \u00e1 mannr\u00e9ttindam\u00e1lum landsins.<\/div>\n","protected":false},"excerpt":{"rendered":"<p>\u00d6gmundur J\u00f3nasson innanr\u00edkisr\u00e1\u00f0herra\u00a0sag\u00f0i \u00ed \u00fatvarpi \u00ed kv\u00f6ld, var\u00f0andi endursendingu\u00a0\u00edrasks\u00a0h\u00e6lisleitanda til Noregs: \u201e\u00c9g hygg a\u00f0 norskir a\u00f0ilar sendi ekki menn \u00ed opinn dau\u00f0an e\u00f0a br\u00e1\u00f0a l\u00edfsh\u00e6ttu. \u00a0Vi\u00f0 ver\u00f0um a\u00f0 treysta \u00fev\u00ed alla vega a\u00f0 svo s\u00e9 og \u00fe\u00e1 v\u00e6ri \u00fea\u00f0 hreinlegra &hellip; <a href=\"https:\/\/www.norn.is\/einar\/2012\/09\/25\/fyrirlitning-ogmundar-a-mannrettindum\/\">Halda \u00e1fram a\u00f0 lesa <span class=\"meta-nav\">&rarr;<\/span><\/a><\/p>\n","protected":false},"author":10,"featured_media":0,"comment_status":"open","ping_status":"open","sticky":false,"template":"","format":"standard","meta":{"footnotes":""},"categories":[1,58],"tags":[198,63,62],"class_list":["post-303","post","type-post","status-publish","format-standard","hentry","category-oflokkad","category-innflytjendur-og-flottafolk","tag-dyflinnarreglugerdin","tag-mannrettindadomstoll-evropu","tag-ogmundur-jonasson"],"yoast_head":"<!-- This site is optimized with the Yoast SEO plugin v27.5 - https:\/\/yoast.com\/product\/yoast-seo-wordpress\/ -->\n<title>Fyrirlitning \u00d6gmundar \u00e1 mannr\u00e9ttindum - Einar<\/title>\n<meta name=\"robots\" content=\"index, follow, max-snippet:-1, max-image-preview:large, max-video-preview:-1\" \/>\n<link rel=\"canonical\" href=\"https:\/\/www.norn.is\/einar\/2012\/09\/25\/fyrirlitning-ogmundar-a-mannrettindum\/\" \/>\n<meta property=\"og:locale\" content=\"is_IS\" \/>\n<meta property=\"og:type\" content=\"article\" \/>\n<meta property=\"og:title\" content=\"Fyrirlitning \u00d6gmundar \u00e1 mannr\u00e9ttindum - Einar\" \/>\n<meta property=\"og:description\" content=\"\u00d6gmundur J\u00f3nasson innanr\u00edkisr\u00e1\u00f0herra\u00a0sag\u00f0i \u00ed \u00fatvarpi \u00ed kv\u00f6ld, var\u00f0andi endursendingu\u00a0\u00edrasks\u00a0h\u00e6lisleitanda til Noregs: \u201e\u00c9g hygg a\u00f0 norskir a\u00f0ilar sendi ekki menn \u00ed opinn dau\u00f0an e\u00f0a br\u00e1\u00f0a l\u00edfsh\u00e6ttu. \u00a0Vi\u00f0 ver\u00f0um a\u00f0 treysta \u00fev\u00ed alla vega a\u00f0 svo s\u00e9 og \u00fe\u00e1 v\u00e6ri \u00fea\u00f0 hreinlegra &hellip; Halda \u00e1fram a\u00f0 lesa &rarr;\" \/>\n<meta property=\"og:url\" content=\"https:\/\/www.norn.is\/einar\/2012\/09\/25\/fyrirlitning-ogmundar-a-mannrettindum\/\" \/>\n<meta property=\"og:site_name\" content=\"Einar\" \/>\n<meta property=\"article:published_time\" content=\"2012-09-25T09:31:36+00:00\" \/>\n<meta property=\"article:modified_time\" content=\"2017-09-24T11:03:56+00:00\" \/>\n<meta name=\"author\" content=\"einar\" \/>\n<meta name=\"twitter:card\" content=\"summary_large_image\" \/>\n<meta name=\"twitter:label1\" content=\"Written by\" \/>\n\t<meta name=\"twitter:data1\" content=\"\" \/>\n\t<meta name=\"twitter:label2\" content=\"Est. reading time\" \/>\n\t<meta name=\"twitter:data2\" content=\"3 minutes\" \/>\n<script type=\"application\/ld+json\" class=\"yoast-schema-graph\">{\"@context\":\"https:\\\/\\\/schema.org\",\"@graph\":[{\"@type\":\"Article\",\"@id\":\"https:\\\/\\\/www.norn.is\\\/einar\\\/2012\\\/09\\\/25\\\/fyrirlitning-ogmundar-a-mannrettindum\\\/#article\",\"isPartOf\":{\"@id\":\"https:\\\/\\\/www.norn.is\\\/einar\\\/2012\\\/09\\\/25\\\/fyrirlitning-ogmundar-a-mannrettindum\\\/\"},\"author\":{\"name\":\"einar\",\"@id\":\"https:\\\/\\\/www.norn.is\\\/einar\\\/#\\\/schema\\\/person\\\/19affadb841a22f7bfd4bdcd72a862d0\"},\"headline\":\"Fyrirlitning \u00d6gmundar \u00e1 mannr\u00e9ttindum\",\"datePublished\":\"2012-09-25T09:31:36+00:00\",\"dateModified\":\"2017-09-24T11:03:56+00:00\",\"mainEntityOfPage\":{\"@id\":\"https:\\\/\\\/www.norn.is\\\/einar\\\/2012\\\/09\\\/25\\\/fyrirlitning-ogmundar-a-mannrettindum\\\/\"},\"wordCount\":513,\"commentCount\":0,\"keywords\":[\"Dyflinnarregluger\u00f0in\",\"Mannr\u00e9ttindad\u00f3mst\u00f3ll Evr\u00f3pu\",\"\u00d6gmundur J\u00f3nasson\"],\"articleSection\":[\"Allt efni\",\"Innflytjendur og fl\u00f3ttaf\u00f3lk\"],\"inLanguage\":\"is\",\"potentialAction\":[{\"@type\":\"CommentAction\",\"name\":\"Comment\",\"target\":[\"https:\\\/\\\/www.norn.is\\\/einar\\\/2012\\\/09\\\/25\\\/fyrirlitning-ogmundar-a-mannrettindum\\\/#respond\"]}]},{\"@type\":\"WebPage\",\"@id\":\"https:\\\/\\\/www.norn.is\\\/einar\\\/2012\\\/09\\\/25\\\/fyrirlitning-ogmundar-a-mannrettindum\\\/\",\"url\":\"https:\\\/\\\/www.norn.is\\\/einar\\\/2012\\\/09\\\/25\\\/fyrirlitning-ogmundar-a-mannrettindum\\\/\",\"name\":\"Fyrirlitning \u00d6gmundar \u00e1 mannr\u00e9ttindum - Einar\",\"isPartOf\":{\"@id\":\"https:\\\/\\\/www.norn.is\\\/einar\\\/#website\"},\"datePublished\":\"2012-09-25T09:31:36+00:00\",\"dateModified\":\"2017-09-24T11:03:56+00:00\",\"author\":{\"@id\":\"https:\\\/\\\/www.norn.is\\\/einar\\\/#\\\/schema\\\/person\\\/19affadb841a22f7bfd4bdcd72a862d0\"},\"breadcrumb\":{\"@id\":\"https:\\\/\\\/www.norn.is\\\/einar\\\/2012\\\/09\\\/25\\\/fyrirlitning-ogmundar-a-mannrettindum\\\/#breadcrumb\"},\"inLanguage\":\"is\",\"potentialAction\":[{\"@type\":\"ReadAction\",\"target\":[\"https:\\\/\\\/www.norn.is\\\/einar\\\/2012\\\/09\\\/25\\\/fyrirlitning-ogmundar-a-mannrettindum\\\/\"]}]},{\"@type\":\"BreadcrumbList\",\"@id\":\"https:\\\/\\\/www.norn.is\\\/einar\\\/2012\\\/09\\\/25\\\/fyrirlitning-ogmundar-a-mannrettindum\\\/#breadcrumb\",\"itemListElement\":[{\"@type\":\"ListItem\",\"position\":1,\"name\":\"Home\",\"item\":\"https:\\\/\\\/www.norn.is\\\/einar\\\/\"},{\"@type\":\"ListItem\",\"position\":2,\"name\":\"Fyrirlitning \u00d6gmundar \u00e1 mannr\u00e9ttindum\"}]},{\"@type\":\"WebSite\",\"@id\":\"https:\\\/\\\/www.norn.is\\\/einar\\\/#website\",\"url\":\"https:\\\/\\\/www.norn.is\\\/einar\\\/\",\"name\":\"Einar\",\"description\":\"Pistlar Einars Steingr\u00edmssonar\",\"potentialAction\":[{\"@type\":\"SearchAction\",\"target\":{\"@type\":\"EntryPoint\",\"urlTemplate\":\"https:\\\/\\\/www.norn.is\\\/einar\\\/?s={search_term_string}\"},\"query-input\":{\"@type\":\"PropertyValueSpecification\",\"valueRequired\":true,\"valueName\":\"search_term_string\"}}],\"inLanguage\":\"is\"},{\"@type\":\"Person\",\"@id\":\"https:\\\/\\\/www.norn.is\\\/einar\\\/#\\\/schema\\\/person\\\/19affadb841a22f7bfd4bdcd72a862d0\",\"name\":\"einar\",\"image\":{\"@type\":\"ImageObject\",\"inLanguage\":\"is\",\"@id\":\"https:\\\/\\\/secure.gravatar.com\\\/avatar\\\/6f5f5592f3cc45e338376db24f1672c636582d9c27d855e8f077f13ef13b17fd?s=96&d=mm&r=g\",\"url\":\"https:\\\/\\\/secure.gravatar.com\\\/avatar\\\/6f5f5592f3cc45e338376db24f1672c636582d9c27d855e8f077f13ef13b17fd?s=96&d=mm&r=g\",\"contentUrl\":\"https:\\\/\\\/secure.gravatar.com\\\/avatar\\\/6f5f5592f3cc45e338376db24f1672c636582d9c27d855e8f077f13ef13b17fd?s=96&d=mm&r=g\",\"caption\":\"einar\"},\"url\":\"https:\\\/\\\/www.norn.is\\\/einar\\\/author\\\/einarsteingrimsson\\\/\"}]}<\/script>\n<!-- \/ Yoast SEO plugin. -->","yoast_head_json":{"title":"Fyrirlitning \u00d6gmundar \u00e1 mannr\u00e9ttindum - Einar","robots":{"index":"index","follow":"follow","max-snippet":"max-snippet:-1","max-image-preview":"max-image-preview:large","max-video-preview":"max-video-preview:-1"},"canonical":"https:\/\/www.norn.is\/einar\/2012\/09\/25\/fyrirlitning-ogmundar-a-mannrettindum\/","og_locale":"is_IS","og_type":"article","og_title":"Fyrirlitning \u00d6gmundar \u00e1 mannr\u00e9ttindum - Einar","og_description":"\u00d6gmundur J\u00f3nasson innanr\u00edkisr\u00e1\u00f0herra\u00a0sag\u00f0i \u00ed \u00fatvarpi \u00ed kv\u00f6ld, var\u00f0andi endursendingu\u00a0\u00edrasks\u00a0h\u00e6lisleitanda til Noregs: \u201e\u00c9g hygg a\u00f0 norskir a\u00f0ilar sendi ekki menn \u00ed opinn dau\u00f0an e\u00f0a br\u00e1\u00f0a l\u00edfsh\u00e6ttu. \u00a0Vi\u00f0 ver\u00f0um a\u00f0 treysta \u00fev\u00ed alla vega a\u00f0 svo s\u00e9 og \u00fe\u00e1 v\u00e6ri \u00fea\u00f0 hreinlegra &hellip; Halda \u00e1fram a\u00f0 lesa &rarr;","og_url":"https:\/\/www.norn.is\/einar\/2012\/09\/25\/fyrirlitning-ogmundar-a-mannrettindum\/","og_site_name":"Einar","article_published_time":"2012-09-25T09:31:36+00:00","article_modified_time":"2017-09-24T11:03:56+00:00","author":"einar","twitter_card":"summary_large_image","twitter_misc":{"Written by":false,"Est. reading time":"3 minutes"},"schema":{"@context":"https:\/\/schema.org","@graph":[{"@type":"Article","@id":"https:\/\/www.norn.is\/einar\/2012\/09\/25\/fyrirlitning-ogmundar-a-mannrettindum\/#article","isPartOf":{"@id":"https:\/\/www.norn.is\/einar\/2012\/09\/25\/fyrirlitning-ogmundar-a-mannrettindum\/"},"author":{"name":"einar","@id":"https:\/\/www.norn.is\/einar\/#\/schema\/person\/19affadb841a22f7bfd4bdcd72a862d0"},"headline":"Fyrirlitning \u00d6gmundar \u00e1 mannr\u00e9ttindum","datePublished":"2012-09-25T09:31:36+00:00","dateModified":"2017-09-24T11:03:56+00:00","mainEntityOfPage":{"@id":"https:\/\/www.norn.is\/einar\/2012\/09\/25\/fyrirlitning-ogmundar-a-mannrettindum\/"},"wordCount":513,"commentCount":0,"keywords":["Dyflinnarregluger\u00f0in","Mannr\u00e9ttindad\u00f3mst\u00f3ll Evr\u00f3pu","\u00d6gmundur J\u00f3nasson"],"articleSection":["Allt efni","Innflytjendur og fl\u00f3ttaf\u00f3lk"],"inLanguage":"is","potentialAction":[{"@type":"CommentAction","name":"Comment","target":["https:\/\/www.norn.is\/einar\/2012\/09\/25\/fyrirlitning-ogmundar-a-mannrettindum\/#respond"]}]},{"@type":"WebPage","@id":"https:\/\/www.norn.is\/einar\/2012\/09\/25\/fyrirlitning-ogmundar-a-mannrettindum\/","url":"https:\/\/www.norn.is\/einar\/2012\/09\/25\/fyrirlitning-ogmundar-a-mannrettindum\/","name":"Fyrirlitning \u00d6gmundar \u00e1 mannr\u00e9ttindum - Einar","isPartOf":{"@id":"https:\/\/www.norn.is\/einar\/#website"},"datePublished":"2012-09-25T09:31:36+00:00","dateModified":"2017-09-24T11:03:56+00:00","author":{"@id":"https:\/\/www.norn.is\/einar\/#\/schema\/person\/19affadb841a22f7bfd4bdcd72a862d0"},"breadcrumb":{"@id":"https:\/\/www.norn.is\/einar\/2012\/09\/25\/fyrirlitning-ogmundar-a-mannrettindum\/#breadcrumb"},"inLanguage":"is","potentialAction":[{"@type":"ReadAction","target":["https:\/\/www.norn.is\/einar\/2012\/09\/25\/fyrirlitning-ogmundar-a-mannrettindum\/"]}]},{"@type":"BreadcrumbList","@id":"https:\/\/www.norn.is\/einar\/2012\/09\/25\/fyrirlitning-ogmundar-a-mannrettindum\/#breadcrumb","itemListElement":[{"@type":"ListItem","position":1,"name":"Home","item":"https:\/\/www.norn.is\/einar\/"},{"@type":"ListItem","position":2,"name":"Fyrirlitning \u00d6gmundar \u00e1 mannr\u00e9ttindum"}]},{"@type":"WebSite","@id":"https:\/\/www.norn.is\/einar\/#website","url":"https:\/\/www.norn.is\/einar\/","name":"Einar","description":"Pistlar Einars Steingr\u00edmssonar","potentialAction":[{"@type":"SearchAction","target":{"@type":"EntryPoint","urlTemplate":"https:\/\/www.norn.is\/einar\/?s={search_term_string}"},"query-input":{"@type":"PropertyValueSpecification","valueRequired":true,"valueName":"search_term_string"}}],"inLanguage":"is"},{"@type":"Person","@id":"https:\/\/www.norn.is\/einar\/#\/schema\/person\/19affadb841a22f7bfd4bdcd72a862d0","name":"einar","image":{"@type":"ImageObject","inLanguage":"is","@id":"https:\/\/secure.gravatar.com\/avatar\/6f5f5592f3cc45e338376db24f1672c636582d9c27d855e8f077f13ef13b17fd?s=96&d=mm&r=g","url":"https:\/\/secure.gravatar.com\/avatar\/6f5f5592f3cc45e338376db24f1672c636582d9c27d855e8f077f13ef13b17fd?s=96&d=mm&r=g","contentUrl":"https:\/\/secure.gravatar.com\/avatar\/6f5f5592f3cc45e338376db24f1672c636582d9c27d855e8f077f13ef13b17fd?s=96&d=mm&r=g","caption":"einar"},"url":"https:\/\/www.norn.is\/einar\/author\/einarsteingrimsson\/"}]}},"_links":{"self":[{"href":"https:\/\/www.norn.is\/einar\/wp-json\/wp\/v2\/posts\/303","targetHints":{"allow":["GET"]}}],"collection":[{"href":"https:\/\/www.norn.is\/einar\/wp-json\/wp\/v2\/posts"}],"about":[{"href":"https:\/\/www.norn.is\/einar\/wp-json\/wp\/v2\/types\/post"}],"author":[{"embeddable":true,"href":"https:\/\/www.norn.is\/einar\/wp-json\/wp\/v2\/users\/10"}],"replies":[{"embeddable":true,"href":"https:\/\/www.norn.is\/einar\/wp-json\/wp\/v2\/comments?post=303"}],"version-history":[{"count":1,"href":"https:\/\/www.norn.is\/einar\/wp-json\/wp\/v2\/posts\/303\/revisions"}],"predecessor-version":[{"id":304,"href":"https:\/\/www.norn.is\/einar\/wp-json\/wp\/v2\/posts\/303\/revisions\/304"}],"wp:attachment":[{"href":"https:\/\/www.norn.is\/einar\/wp-json\/wp\/v2\/media?parent=303"}],"wp:term":[{"taxonomy":"category","embeddable":true,"href":"https:\/\/www.norn.is\/einar\/wp-json\/wp\/v2\/categories?post=303"},{"taxonomy":"post_tag","embeddable":true,"href":"https:\/\/www.norn.is\/einar\/wp-json\/wp\/v2\/tags?post=303"}],"curies":[{"name":"wp","href":"https:\/\/api.w.org\/{rel}","templated":true}]}}