{"id":30,"date":"2011-01-30T11:30:23","date_gmt":"2011-01-30T11:30:23","guid":{"rendered":"http:\/\/www.norn.is\/einar\/?p=30"},"modified":"2017-09-24T11:05:42","modified_gmt":"2017-09-24T11:05:42","slug":"samtok-ardraeningja-rifa-kjaft","status":"publish","type":"post","link":"https:\/\/www.norn.is\/einar\/2011\/01\/30\/samtok-ardraeningja-rifa-kjaft\/","title":{"rendered":"Samt\u00f6k Ar\u00f0r\u00e6ningja r\u00edfa kjaft"},"content":{"rendered":"<p>\u00dea\u00f0 er a\u00f0 bera \u00ed bakkafullan l\u00e6k a\u00f0 gagnr\u00fdna forystu Samtaka Atvinnulifsins.\u00a0 En vegna \u00feess hvers konar forarvilpu forysta \u00feeirra samtaka reynir a\u00f0 b\u00faa til me\u00f0 \u00e1r\u00f3\u00f0ri s\u00ednum veitir ekki af a\u00f0 vi\u00f0halda s\u00edrennsli af fersku vatni yfir hana, og \u00fe\u00e1 er betra a\u00f0 ferska vatni\u00f0 fl\u00f3i \u00fat fyrir en eiga \u00e1 h\u00e6ttu a\u00f0 forin kaff\u00e6ri okkur.<!--more--><\/p>\n<p>\u00de\u00f3tt \u00ed Samt\u00f6kum Atvinnul\u00edfsins s\u00e9 fj\u00f6ldinn allur af fyrirt\u00e6kjum sem eru hei\u00f0arlega rekin, af hei\u00f0arlegu f\u00f3lki, \u00fe\u00e1 vir\u00f0ist forysta \u00feeirra vinna a\u00f0 \u00fev\u00ed h\u00f6r\u00f0um h\u00f6ndum a\u00f0 breyta \u00edmynd samtakanna, \u00ed hugum almennings, \u00ed\u00a0<em>Samt\u00f6k Ar\u00f0r\u00e6ningja.<\/em><\/p>\n<p>Framkv\u00e6mdastj\u00f3rinn Vilhj\u00e1lmur Egilsson\u00a0\u00a0<a href=\"http:\/\/www.ruv.is\/frett\/forsaetisradherra-haldi-ro-sinni\" target=\"_blank\" rel=\"noopener\">talar<\/a>, dau\u00f0hr\u00e6ddur, um a\u00f0 fors\u00e6tisr\u00e1\u00f0herra eigi a\u00f0 \u201ehalda r\u00f3 sinni\u201c og ekki \u201ehr\u00e6\u00f0ast vi\u00f0fangsefnin\u201c, heldur \u201er\u00e6\u00f0i m\u00e1lefnalega vi\u00f0 samt\u00f6kin um breytingar \u00e1 fiskvei\u00f0il\u00f6ggj\u00f6finni.\u201c\u00a0 Ef til vill er \u00feetta snjallt, \u00fev\u00ed ekki er \u00fatiloka\u00f0 a\u00f0 einhverjir gangi \u00ed gildruna og sj\u00e1i ekki a\u00f0 ma\u00f0urinn er a\u00f0 tala um sj\u00e1lfan sig en ekki andst\u00e6\u00f0inginn.<\/p>\n<p>M\u00e1lefni\u00f0 er eignarhald \u00e1 fiskvei\u00f0iau\u00f0lindinni, sem var afhent \u00fatv\u00f6ldum skara sem f\u00e9kk \u00fear me\u00f0 tugi e\u00f0a hundru\u00f0 milljar\u00f0a \u00e1 silfurfati.\u00a0 Ef til vill hefur Vilhj\u00e1lmur fylgst illa me\u00f0, en yfirgn\u00e6fandi meirihluti \u00fej\u00f3\u00f0arinnar vill endurheimta \u00feessi au\u00f0\u00e6fi, enda voru \u00feau aldrei gefin, a\u00f0eins l\u00e1nu\u00f0.\u00a0 Um \u00fe\u00e1 endurheimtingu \u00e6tti ekki a\u00f0 r\u00e6\u00f0a neitt s\u00e9rstaklega vi\u00f0 SA e\u00f0a L\u00cdU, \u00fev\u00ed \u00fea\u00f0 er l\u00f6ngu t\u00edmab\u00e6rt a\u00f0 h\u00e6tta \u00feeim landl\u00e6ga \u00f3si\u00f0 a\u00f0 s\u00e9rhagsmunaa\u00f0ilar setji l\u00f6g og reglur um eigi\u00f0 starf og r\u00e1\u00f0skist me\u00f0 ver\u00f0m\u00e6ti sem \u00feeir eiga ekkert \u00ed.<\/p>\n<p>Vilhj\u00e1lmur segir l\u00edka um fors\u00e6tisr\u00e1\u00f0herra a\u00f0 \u00fea\u00f0 s\u00e9 ford\u00e6malaust hvernig h\u00fan r\u00e1\u00f0ist \u00e1 SA og L\u00cdU.\u00a0 H\u00e9r breg\u00f0ur enn einu sinni fyrir upp\u00e1haldst\u00e6kni \u00edslensks valdaf\u00f3lks (sem e.t.v. \u00e6tti a\u00f0 \u00edhuga \u00fatflutning \u00e1?), nefnilega a\u00f0 leika f\u00f3rnarlamb ofs\u00f3kna og eineltis \u00feegar litlu krakkarnir \u00ed hverfinu bi\u00f0ja um a\u00f0 f\u00e1 boltann sinn aftur \u00far h\u00f6ndum st\u00e1lpu\u00f0u hrekkjusv\u00ednanna.\u00a0 S\u00e9 r\u00e9tt\u00a0 a\u00f0 \u00feetta s\u00e9 ford\u00e6mislaust er svei m\u00e9r \u00fe\u00e1 t\u00edmi til kominn, enda er \u00fea\u00f0 varla ford\u00e6mislaust a\u00f0 Vilhj\u00e1lmur og hans n\u00f3tar taki \u00ed g\u00edslingu\u00a0 ger\u00f0 kjarasamninga til a\u00f0 \u00fej\u00f3na \u00fer\u00f6ngum s\u00e9rhagsmunum \u00fatger\u00f0arau\u00f0valdsins eins og raunin er h\u00e9r.<\/p>\n<p>\u00dea\u00f0 v\u00e6ri b\u00e6\u00f0i \u00f3kurteist og \u00f3sanngjarnt a\u00f0 taka undir sta\u00f0h\u00e6fingarnar um a\u00f0 Vilhj\u00e1lmur s\u00e9 bara bj\u00e1ni. En \u00fea\u00f0 er r\u00e1\u00f0g\u00e1ta af hverju hann leikur alltaf grunnhygginn, v\u00e6linn og sj\u00e1lfhverfan krakka.<\/p>\n<p>Forma\u00f0ur Samtaka Ar\u00f0r\u00e6ningja, Vilmundur J\u00f3sefsson,\u00a0 vildi ekki leika minna hlutverk \u00ed \u00feessu leih\u00fasi f\u00e1r\u00e1nleikans, eins og lesa m\u00e1tti\u00a0<a href=\"http:\/\/www.visir.is\/article\/20110130\/VIDSKIPTI06\/813827579\" target=\"_blank\" rel=\"noopener\">h\u00e9r<\/a>.\u00a0 Hann segir \u201ema\u00f0ur veltir \u00fev\u00ed fyrir s\u00e9r hvort vi\u00f0 s\u00e9um farin a\u00f0 n\u00e1lgast \u00e1standi\u00f0 \u00ed Venes\u00faela e\u00f0a Mi\u00f0baugs-G\u00edneu.\u201c\u00a0 \u00deessu \u00fearf ekkert a\u00f0 velta fyrir s\u00e9r.\u00a0 \u00c1standi\u00f0 \u00e1 \u00cdslandi hefur \u00ed nokkur \u00e1r veri\u00f0 svipa\u00f0 \u00fev\u00ed sem er \u00ed Zimbabve.\u00a0 \u00dea\u00f0 eigum vi\u00f0 a\u00f0 \u00feakka m\u00f6rgum af umbj\u00f3\u00f0endum \u00feessara mi\u00f0ur hei\u00f0arlegu tv\u00edmenninga sem n\u00fa reyna a\u00f0 sl\u00e1 \u00ed augu landsmanna \u00fev\u00ed ryki sem \u00feyrla\u00f0ist upp \u00feegar f\u00e9lagar \u00feeirra l\u00f6g\u00f0u landi\u00f0 \u00ed r\u00fast.<\/p>\n<p>\u00c9g er ekki stu\u00f0ningsma\u00f0ur J\u00f3h\u00f6nnu Sigur\u00f0ard\u00f3ttur e\u00f0a r\u00edkisstj\u00f3rnar hennar.\u00a0 \u00dea\u00f0an af s\u00ed\u00f0ur sty\u00f0 \u00e9g flokkinn hennar, sem hefur brug\u00f0ist n\u00e1nast \u00f6llum vonum sem vi\u00f0 hann voru bundnar.\u00a0\u00a0 Ekki heldur er \u00e9g hallur undir samstarfsflokk hennar, enda er \u00e9g fylgjandi frj\u00e1lsum marka\u00f0i \u00fear sem hann virkar og \u00fear sem hann er ekki afskr\u00e6mdur \u00ed \u00fe\u00e1 einkavinav\u00e6\u00f0ingu sem \u00edslenskir pilsfaldakap\u00edtalistar hafa maka\u00f0 kr\u00f3kinn \u00e1.<\/p>\n<p>En \u00fea\u00f0 kom \u00fe\u00e6gilega \u00e1 \u00f3vart hva\u00f0 J\u00f3hanna tala\u00f0i skorinort um h\u00f3tanap\u00f3lit\u00edk \u00feeirra hr\u00e6ddu ar\u00f0r\u00e6ningja sem \u00f3ttast a\u00f0 missa sp\u00f3n \u00far askinum sem \u00feeir hafa fyllt svo \u00fat af fl\u00f3ir, samt\u00edmis sem \u00feeir hafa gert fj\u00f6lda saklauss, hei\u00f0arlegs og vinnandi f\u00f3lks a\u00f0 \u00f6lmusum\u00f6nnum.\u00a0 Ef flokkur J\u00f3h\u00f6nnu, og r\u00edkisstj\u00f3rnin, vildu og \u00feyr\u00f0u a\u00f0 setja Samt\u00f6kum Ar\u00f0r\u00e6ningja \u00feau m\u00f6rk sem e\u00f0lileg eru, \u00fe\u00e1 er aldrei a\u00f0 vita nema \u00feeim t\u00e6kist a\u00f0 endurheimta eitthva\u00f0 af \u00fev\u00ed trausti sem \u00feau hafa r\u00e9ttilega glata\u00f0.<\/p>\n","protected":false},"excerpt":{"rendered":"<p>\u00dea\u00f0 er a\u00f0 bera \u00ed bakkafullan l\u00e6k a\u00f0 gagnr\u00fdna forystu Samtaka Atvinnulifsins.\u00a0 En vegna \u00feess hvers konar forarvilpu forysta \u00feeirra samtaka reynir a\u00f0 b\u00faa til me\u00f0 \u00e1r\u00f3\u00f0ri s\u00ednum veitir ekki af a\u00f0 vi\u00f0halda s\u00edrennsli af fersku vatni yfir hana, og &hellip; <a href=\"https:\/\/www.norn.is\/einar\/2011\/01\/30\/samtok-ardraeningja-rifa-kjaft\/\">Halda \u00e1fram a\u00f0 lesa <span class=\"meta-nav\">&rarr;<\/span><\/a><\/p>\n","protected":false},"author":10,"featured_media":0,"comment_status":"open","ping_status":"open","sticky":false,"template":"","format":"standard","meta":{"footnotes":""},"categories":[1,11],"tags":[13,24,22,23,25],"class_list":["post-30","post","type-post","status-publish","format-standard","hentry","category-oflokkad","category-umhverfi-og-audlindir","tag-audlindir","tag-liu","tag-samtok-atvinnulifsins","tag-vilhjalmur-egilsson","tag-vilmundur-josefsson"],"yoast_head":"<!-- This site is optimized with the Yoast SEO plugin v27.5 - https:\/\/yoast.com\/product\/yoast-seo-wordpress\/ -->\n<title>Samt\u00f6k Ar\u00f0r\u00e6ningja r\u00edfa kjaft - Einar<\/title>\n<meta name=\"robots\" content=\"index, follow, max-snippet:-1, max-image-preview:large, max-video-preview:-1\" \/>\n<link rel=\"canonical\" href=\"https:\/\/www.norn.is\/einar\/2011\/01\/30\/samtok-ardraeningja-rifa-kjaft\/\" \/>\n<meta property=\"og:locale\" content=\"is_IS\" \/>\n<meta property=\"og:type\" content=\"article\" \/>\n<meta property=\"og:title\" content=\"Samt\u00f6k Ar\u00f0r\u00e6ningja r\u00edfa kjaft - Einar\" \/>\n<meta property=\"og:description\" content=\"\u00dea\u00f0 er a\u00f0 bera \u00ed bakkafullan l\u00e6k a\u00f0 gagnr\u00fdna forystu Samtaka Atvinnulifsins.\u00a0 En vegna \u00feess hvers konar forarvilpu forysta \u00feeirra samtaka reynir a\u00f0 b\u00faa til me\u00f0 \u00e1r\u00f3\u00f0ri s\u00ednum veitir ekki af a\u00f0 vi\u00f0halda s\u00edrennsli af fersku vatni yfir hana, og &hellip; Halda \u00e1fram a\u00f0 lesa &rarr;\" \/>\n<meta property=\"og:url\" content=\"https:\/\/www.norn.is\/einar\/2011\/01\/30\/samtok-ardraeningja-rifa-kjaft\/\" \/>\n<meta property=\"og:site_name\" content=\"Einar\" \/>\n<meta property=\"article:published_time\" content=\"2011-01-30T11:30:23+00:00\" \/>\n<meta property=\"article:modified_time\" content=\"2017-09-24T11:05:42+00:00\" \/>\n<meta name=\"author\" content=\"einar\" \/>\n<meta name=\"twitter:card\" content=\"summary_large_image\" \/>\n<meta name=\"twitter:label1\" content=\"Written by\" \/>\n\t<meta name=\"twitter:data1\" content=\"\" \/>\n\t<meta name=\"twitter:label2\" content=\"Est. reading time\" \/>\n\t<meta name=\"twitter:data2\" content=\"4 minutes\" \/>\n<script type=\"application\/ld+json\" class=\"yoast-schema-graph\">{\"@context\":\"https:\\\/\\\/schema.org\",\"@graph\":[{\"@type\":\"Article\",\"@id\":\"https:\\\/\\\/www.norn.is\\\/einar\\\/2011\\\/01\\\/30\\\/samtok-ardraeningja-rifa-kjaft\\\/#article\",\"isPartOf\":{\"@id\":\"https:\\\/\\\/www.norn.is\\\/einar\\\/2011\\\/01\\\/30\\\/samtok-ardraeningja-rifa-kjaft\\\/\"},\"author\":{\"name\":\"einar\",\"@id\":\"https:\\\/\\\/www.norn.is\\\/einar\\\/#\\\/schema\\\/person\\\/19affadb841a22f7bfd4bdcd72a862d0\"},\"headline\":\"Samt\u00f6k Ar\u00f0r\u00e6ningja r\u00edfa kjaft\",\"datePublished\":\"2011-01-30T11:30:23+00:00\",\"dateModified\":\"2017-09-24T11:05:42+00:00\",\"mainEntityOfPage\":{\"@id\":\"https:\\\/\\\/www.norn.is\\\/einar\\\/2011\\\/01\\\/30\\\/samtok-ardraeningja-rifa-kjaft\\\/\"},\"wordCount\":755,\"commentCount\":0,\"keywords\":[\"Au\u00f0lindir\",\"L\u00cd\u00da\",\"Samt\u00f6k atvinnul\u00edfsins\",\"Vilhj\u00e1lmur Egilsson\",\"Vilmundur J\u00f3sefsson\"],\"articleSection\":[\"Allt efni\",\"Umhverfi og au\u00f0lindir\"],\"inLanguage\":\"is\",\"potentialAction\":[{\"@type\":\"CommentAction\",\"name\":\"Comment\",\"target\":[\"https:\\\/\\\/www.norn.is\\\/einar\\\/2011\\\/01\\\/30\\\/samtok-ardraeningja-rifa-kjaft\\\/#respond\"]}]},{\"@type\":\"WebPage\",\"@id\":\"https:\\\/\\\/www.norn.is\\\/einar\\\/2011\\\/01\\\/30\\\/samtok-ardraeningja-rifa-kjaft\\\/\",\"url\":\"https:\\\/\\\/www.norn.is\\\/einar\\\/2011\\\/01\\\/30\\\/samtok-ardraeningja-rifa-kjaft\\\/\",\"name\":\"Samt\u00f6k Ar\u00f0r\u00e6ningja r\u00edfa kjaft - Einar\",\"isPartOf\":{\"@id\":\"https:\\\/\\\/www.norn.is\\\/einar\\\/#website\"},\"datePublished\":\"2011-01-30T11:30:23+00:00\",\"dateModified\":\"2017-09-24T11:05:42+00:00\",\"author\":{\"@id\":\"https:\\\/\\\/www.norn.is\\\/einar\\\/#\\\/schema\\\/person\\\/19affadb841a22f7bfd4bdcd72a862d0\"},\"breadcrumb\":{\"@id\":\"https:\\\/\\\/www.norn.is\\\/einar\\\/2011\\\/01\\\/30\\\/samtok-ardraeningja-rifa-kjaft\\\/#breadcrumb\"},\"inLanguage\":\"is\",\"potentialAction\":[{\"@type\":\"ReadAction\",\"target\":[\"https:\\\/\\\/www.norn.is\\\/einar\\\/2011\\\/01\\\/30\\\/samtok-ardraeningja-rifa-kjaft\\\/\"]}]},{\"@type\":\"BreadcrumbList\",\"@id\":\"https:\\\/\\\/www.norn.is\\\/einar\\\/2011\\\/01\\\/30\\\/samtok-ardraeningja-rifa-kjaft\\\/#breadcrumb\",\"itemListElement\":[{\"@type\":\"ListItem\",\"position\":1,\"name\":\"Home\",\"item\":\"https:\\\/\\\/www.norn.is\\\/einar\\\/\"},{\"@type\":\"ListItem\",\"position\":2,\"name\":\"Samt\u00f6k Ar\u00f0r\u00e6ningja r\u00edfa kjaft\"}]},{\"@type\":\"WebSite\",\"@id\":\"https:\\\/\\\/www.norn.is\\\/einar\\\/#website\",\"url\":\"https:\\\/\\\/www.norn.is\\\/einar\\\/\",\"name\":\"Einar\",\"description\":\"Pistlar Einars Steingr\u00edmssonar\",\"potentialAction\":[{\"@type\":\"SearchAction\",\"target\":{\"@type\":\"EntryPoint\",\"urlTemplate\":\"https:\\\/\\\/www.norn.is\\\/einar\\\/?s={search_term_string}\"},\"query-input\":{\"@type\":\"PropertyValueSpecification\",\"valueRequired\":true,\"valueName\":\"search_term_string\"}}],\"inLanguage\":\"is\"},{\"@type\":\"Person\",\"@id\":\"https:\\\/\\\/www.norn.is\\\/einar\\\/#\\\/schema\\\/person\\\/19affadb841a22f7bfd4bdcd72a862d0\",\"name\":\"einar\",\"image\":{\"@type\":\"ImageObject\",\"inLanguage\":\"is\",\"@id\":\"https:\\\/\\\/secure.gravatar.com\\\/avatar\\\/6f5f5592f3cc45e338376db24f1672c636582d9c27d855e8f077f13ef13b17fd?s=96&d=mm&r=g\",\"url\":\"https:\\\/\\\/secure.gravatar.com\\\/avatar\\\/6f5f5592f3cc45e338376db24f1672c636582d9c27d855e8f077f13ef13b17fd?s=96&d=mm&r=g\",\"contentUrl\":\"https:\\\/\\\/secure.gravatar.com\\\/avatar\\\/6f5f5592f3cc45e338376db24f1672c636582d9c27d855e8f077f13ef13b17fd?s=96&d=mm&r=g\",\"caption\":\"einar\"},\"url\":\"https:\\\/\\\/www.norn.is\\\/einar\\\/author\\\/einarsteingrimsson\\\/\"}]}<\/script>\n<!-- \/ Yoast SEO plugin. -->","yoast_head_json":{"title":"Samt\u00f6k Ar\u00f0r\u00e6ningja r\u00edfa kjaft - Einar","robots":{"index":"index","follow":"follow","max-snippet":"max-snippet:-1","max-image-preview":"max-image-preview:large","max-video-preview":"max-video-preview:-1"},"canonical":"https:\/\/www.norn.is\/einar\/2011\/01\/30\/samtok-ardraeningja-rifa-kjaft\/","og_locale":"is_IS","og_type":"article","og_title":"Samt\u00f6k Ar\u00f0r\u00e6ningja r\u00edfa kjaft - Einar","og_description":"\u00dea\u00f0 er a\u00f0 bera \u00ed bakkafullan l\u00e6k a\u00f0 gagnr\u00fdna forystu Samtaka Atvinnulifsins.\u00a0 En vegna \u00feess hvers konar forarvilpu forysta \u00feeirra samtaka reynir a\u00f0 b\u00faa til me\u00f0 \u00e1r\u00f3\u00f0ri s\u00ednum veitir ekki af a\u00f0 vi\u00f0halda s\u00edrennsli af fersku vatni yfir hana, og &hellip; Halda \u00e1fram a\u00f0 lesa &rarr;","og_url":"https:\/\/www.norn.is\/einar\/2011\/01\/30\/samtok-ardraeningja-rifa-kjaft\/","og_site_name":"Einar","article_published_time":"2011-01-30T11:30:23+00:00","article_modified_time":"2017-09-24T11:05:42+00:00","author":"einar","twitter_card":"summary_large_image","twitter_misc":{"Written by":false,"Est. reading time":"4 minutes"},"schema":{"@context":"https:\/\/schema.org","@graph":[{"@type":"Article","@id":"https:\/\/www.norn.is\/einar\/2011\/01\/30\/samtok-ardraeningja-rifa-kjaft\/#article","isPartOf":{"@id":"https:\/\/www.norn.is\/einar\/2011\/01\/30\/samtok-ardraeningja-rifa-kjaft\/"},"author":{"name":"einar","@id":"https:\/\/www.norn.is\/einar\/#\/schema\/person\/19affadb841a22f7bfd4bdcd72a862d0"},"headline":"Samt\u00f6k Ar\u00f0r\u00e6ningja r\u00edfa kjaft","datePublished":"2011-01-30T11:30:23+00:00","dateModified":"2017-09-24T11:05:42+00:00","mainEntityOfPage":{"@id":"https:\/\/www.norn.is\/einar\/2011\/01\/30\/samtok-ardraeningja-rifa-kjaft\/"},"wordCount":755,"commentCount":0,"keywords":["Au\u00f0lindir","L\u00cd\u00da","Samt\u00f6k atvinnul\u00edfsins","Vilhj\u00e1lmur Egilsson","Vilmundur J\u00f3sefsson"],"articleSection":["Allt efni","Umhverfi og au\u00f0lindir"],"inLanguage":"is","potentialAction":[{"@type":"CommentAction","name":"Comment","target":["https:\/\/www.norn.is\/einar\/2011\/01\/30\/samtok-ardraeningja-rifa-kjaft\/#respond"]}]},{"@type":"WebPage","@id":"https:\/\/www.norn.is\/einar\/2011\/01\/30\/samtok-ardraeningja-rifa-kjaft\/","url":"https:\/\/www.norn.is\/einar\/2011\/01\/30\/samtok-ardraeningja-rifa-kjaft\/","name":"Samt\u00f6k Ar\u00f0r\u00e6ningja r\u00edfa kjaft - Einar","isPartOf":{"@id":"https:\/\/www.norn.is\/einar\/#website"},"datePublished":"2011-01-30T11:30:23+00:00","dateModified":"2017-09-24T11:05:42+00:00","author":{"@id":"https:\/\/www.norn.is\/einar\/#\/schema\/person\/19affadb841a22f7bfd4bdcd72a862d0"},"breadcrumb":{"@id":"https:\/\/www.norn.is\/einar\/2011\/01\/30\/samtok-ardraeningja-rifa-kjaft\/#breadcrumb"},"inLanguage":"is","potentialAction":[{"@type":"ReadAction","target":["https:\/\/www.norn.is\/einar\/2011\/01\/30\/samtok-ardraeningja-rifa-kjaft\/"]}]},{"@type":"BreadcrumbList","@id":"https:\/\/www.norn.is\/einar\/2011\/01\/30\/samtok-ardraeningja-rifa-kjaft\/#breadcrumb","itemListElement":[{"@type":"ListItem","position":1,"name":"Home","item":"https:\/\/www.norn.is\/einar\/"},{"@type":"ListItem","position":2,"name":"Samt\u00f6k Ar\u00f0r\u00e6ningja r\u00edfa kjaft"}]},{"@type":"WebSite","@id":"https:\/\/www.norn.is\/einar\/#website","url":"https:\/\/www.norn.is\/einar\/","name":"Einar","description":"Pistlar Einars Steingr\u00edmssonar","potentialAction":[{"@type":"SearchAction","target":{"@type":"EntryPoint","urlTemplate":"https:\/\/www.norn.is\/einar\/?s={search_term_string}"},"query-input":{"@type":"PropertyValueSpecification","valueRequired":true,"valueName":"search_term_string"}}],"inLanguage":"is"},{"@type":"Person","@id":"https:\/\/www.norn.is\/einar\/#\/schema\/person\/19affadb841a22f7bfd4bdcd72a862d0","name":"einar","image":{"@type":"ImageObject","inLanguage":"is","@id":"https:\/\/secure.gravatar.com\/avatar\/6f5f5592f3cc45e338376db24f1672c636582d9c27d855e8f077f13ef13b17fd?s=96&d=mm&r=g","url":"https:\/\/secure.gravatar.com\/avatar\/6f5f5592f3cc45e338376db24f1672c636582d9c27d855e8f077f13ef13b17fd?s=96&d=mm&r=g","contentUrl":"https:\/\/secure.gravatar.com\/avatar\/6f5f5592f3cc45e338376db24f1672c636582d9c27d855e8f077f13ef13b17fd?s=96&d=mm&r=g","caption":"einar"},"url":"https:\/\/www.norn.is\/einar\/author\/einarsteingrimsson\/"}]}},"_links":{"self":[{"href":"https:\/\/www.norn.is\/einar\/wp-json\/wp\/v2\/posts\/30","targetHints":{"allow":["GET"]}}],"collection":[{"href":"https:\/\/www.norn.is\/einar\/wp-json\/wp\/v2\/posts"}],"about":[{"href":"https:\/\/www.norn.is\/einar\/wp-json\/wp\/v2\/types\/post"}],"author":[{"embeddable":true,"href":"https:\/\/www.norn.is\/einar\/wp-json\/wp\/v2\/users\/10"}],"replies":[{"embeddable":true,"href":"https:\/\/www.norn.is\/einar\/wp-json\/wp\/v2\/comments?post=30"}],"version-history":[{"count":1,"href":"https:\/\/www.norn.is\/einar\/wp-json\/wp\/v2\/posts\/30\/revisions"}],"predecessor-version":[{"id":31,"href":"https:\/\/www.norn.is\/einar\/wp-json\/wp\/v2\/posts\/30\/revisions\/31"}],"wp:attachment":[{"href":"https:\/\/www.norn.is\/einar\/wp-json\/wp\/v2\/media?parent=30"}],"wp:term":[{"taxonomy":"category","embeddable":true,"href":"https:\/\/www.norn.is\/einar\/wp-json\/wp\/v2\/categories?post=30"},{"taxonomy":"post_tag","embeddable":true,"href":"https:\/\/www.norn.is\/einar\/wp-json\/wp\/v2\/tags?post=30"}],"curies":[{"name":"wp","href":"https:\/\/api.w.org\/{rel}","templated":true}]}}