{"id":293,"date":"2012-06-14T08:55:24","date_gmt":"2012-06-14T08:55:24","guid":{"rendered":"http:\/\/www.norn.is\/einar\/?p=293"},"modified":"2017-09-24T11:03:56","modified_gmt":"2017-09-24T11:03:56","slug":"hid-ogedslega-island","status":"publish","type":"post","link":"https:\/\/www.norn.is\/einar\/2012\/06\/14\/hid-ogedslega-island\/","title":{"rendered":"Hi\u00f0 \u00f3ge\u00f0slega \u00cdsland"},"content":{"rendered":"<p>Margir hafa tala\u00f0 um \u00fea\u00f0 s\u00ed\u00f0ustu m\u00e1nu\u00f0i og \u00e1r a\u00f0 nau\u00f0synlegt s\u00e9 a\u00f0 \u201esameina\u201c landsmenn \u00ed sta\u00f0 \u00feess a\u00f0 \u201eala \u00e1 sundrungu\u201c. \u00dea\u00f0 gleymist hins vegar yfirleitt a\u00f0 \u00fatsk\u00fdra um hva\u00f0 \u00e1 a\u00f0 sameina f\u00f3lk, en erfitt er a\u00f0 skilja sameiningar- og samst\u00f6\u00f0utali\u00f0 \u00f6\u00f0ru v\u00edsi en a\u00f0 vi\u00f0 eigum a\u00f0 sameinast um a\u00f0 vera nokkurn veginn s\u00e1tt vi\u00f0 n\u00faverandi \u00e1stand. Enda er lj\u00f3st a\u00f0 hinar \u00fdmsu valdakl\u00edkur \u00ed landinu, sem hafa r\u00e1\u00f0i\u00f0 l\u00f6gum og lofum \u00e1ratugum saman, munu berjast mj\u00f6g harkalega gegn sameiningu um hva\u00f0eina sem hr\u00f3flar vi\u00f0 v\u00f6ldum \u00feeirra e\u00f0a sker\u00f0ir gr\u00f3\u00f0a \u00feeirra sem r\u00e1\u00f0a yfir efnahagsl\u00edfinu. \u00c1 hinn b\u00f3ginn er l\u00edka lj\u00f3st a\u00f0 r\u00edkjandi \u00e1stand \u00ed \u00edslenskri stj\u00f3rns\u00fdslu og efnahagsl\u00edfi er ekki beinl\u00ednis \u00ed lagi, ef \u00fea\u00f0 eru hagsmunir almennings sem lag\u00f0ir eru til grundvallar.<!--more--><\/p>\n<p>\u00cd kv\u00f6ldfr\u00e9ttum R\u00daV voru tv\u00e6r fr\u00e9ttir sem s\u00fdna me\u00f0 dapurlegum h\u00e6tti hversu \u00f3ge\u00f0slegt hi\u00f0 \u00feauls\u00e6tna Gamla \u00cdsland er.<\/p>\n<p>Annars vegar var fjalla\u00f0 um\u00a0<a href=\"http:\/\/www.ruv.is\/frett\/brennisteinsmengun-i-hveragerdi\">brennisteinsvetnismengun<\/a>\u00a0fr\u00e1 Hellishei\u00f0arvirkjun, sem er yfir leyfilegum m\u00f6rkum \u00ed Hverager\u00f0i. \u00deau m\u00f6rk mi\u00f0ast, skiljanlega, vi\u00f0 a\u00f0 mengunin s\u00e9 ekki ska\u00f0leg heilsu f\u00f3lks. \u00deegar fr\u00e9ttama\u00f0ur sj\u00f3nvarps benti \u00e1 a\u00f0 ekki s\u00e9 h\u00e6gt a\u00f0 fullyr\u00f0a a\u00f0 heilsa f\u00f3lks b\u00ed\u00f0i ekki tj\u00f3n af \u00feessari mengun var svar umhverfisstj\u00f3ra Orkuveitunnar, H\u00f3lmfr\u00ed\u00f0ar Sigur\u00f0ard\u00f3ttur, \u00feetta: \u201e\u00dea\u00f0 er heldur ekki h\u00e6gt a\u00f0 fullyr\u00f0a a\u00f0 f\u00f3lk beri tj\u00f3n af.\u201c Ekki veit \u00e9g hvert hlutverk umhverfisstj\u00f3ra OR er. H\u00fan vir\u00f0ist hins vegar ekki l\u00edta svo \u00e1 a\u00f0 henni komi neitt vi\u00f0 heilsa \u00feeirra sem OR eys menguninni yfir. Enda voru vi\u00f0br\u00f6g\u00f0 forstj\u00f3ra OR, Bjarna Bjarnasonar, \u00feau a\u00f0 s\u00e6kja um undan\u00fe\u00e1gur fr\u00e1 \u00feessum hamlandi reglum, svo (forysta) OR f\u00e1i a\u00f0 nj\u00f3ta vafans, frekar en heilsa f\u00f3lks \u00ed Hverager\u00f0i.<\/p>\n<p>\u00cd\u00a0<a href=\"http:\/\/www.ruv.is\/frett\/islandsbanki-spair-hagvexti\">hinni fr\u00e9ttinni<\/a>, og \u00ed l\u00f6ngu Spegilsvi\u00f0tali, er Ing\u00f3lfur nokkur Bender l\u00e1tinn tala \u00ed l\u00f6ngu m\u00e1li um sko\u00f0anir s\u00ednar, og \u201esp\u00e1r\u201c Greiningardeildar \u00cdslandsbanka um hagv\u00f6xt. Jafnvel \u00fe\u00f3tt vi\u00f0 l\u00e1tum liggja \u00e1 milli hluta \u00fe\u00e1 auglj\u00f3su sta\u00f0reynd a\u00f0 afar erfitt er a\u00f0 sp\u00e1 af nokkru viti um hagv\u00f6xt \u00e1 \u00cdslandi (og v\u00ed\u00f0ar) n\u00e6stu \u00e1rin, \u00fe\u00e1 hef\u00f0u fr\u00e9ttamenn R\u00daV \u00e1tt a\u00f0 muna eftir \u00fev\u00ed a\u00f0 Ing\u00f3lfur er sami forst\u00f6\u00f0uma\u00f0ur s\u00f6mu \u201egreiningardeildar\u201c og tilheyr\u00f0i Glitni, \u00e1\u00f0ur en hann f\u00f3r \u00e1 hli\u00f0ina, og var s\u00ed\u00f0an dubba\u00f0ur upp \u00ed \u00cdslandsbanka.<\/p>\n<p>Ing\u00f3lfur var sem sagt forst\u00f6\u00f0uma\u00f0ur einnar af \u00feeim \u201egreiningardeildum\u201c bankanna sem s\u00f6g\u00f0u t\u00f3ma \u00fev\u00e6lu \u00e1rin fyrir hrun, og sem e\u00f0lilegt er a\u00f0 spyrja hvort ekki hafi hreinlega veri\u00f0 a\u00f0 lj\u00faga, enda or\u00f0i\u00f0 lj\u00f3st a\u00f0 forysta \u00feeirra banka sem um r\u00e6\u00f0ir bygg\u00f0i starfsemi \u00feeirra b\u00e6\u00f0i \u00e1 lygum og svikum.<\/p>\n<p>Orkuveita Reykjav\u00edkur er \u00ed eigu borgarinnar og tveggja annarra sveitarf\u00e9laga, \u00fe.e.a.s. \u00ed eigu almennings. E\u00f0lilegt \u00e6tti a\u00f0 vera a\u00f0 h\u00fan hef\u00f0i hagsmuni \u00feessa sama almennings a\u00f0 lei\u00f0arlj\u00f3si. Samt fara forsvarsmenn fyrirt\u00e6kisins sj\u00e1lfkrafa \u00ed varnarst\u00f6\u00f0u gegn \u00feeim hagsmunum \u00feegar \u00ed lj\u00f3s kemur a\u00f0 fyrirt\u00e6ki\u00f0 hefur broti\u00f0 gegn \u00feeim reglum sem eiga a\u00f0 koma \u00ed veg fyrir heilsutj\u00f3n me\u00f0al almennings.<\/p>\n<p>R\u00daV \u00e1 l\u00edka a\u00f0 \u00fej\u00f3na hagsmunum almennings. Samt s\u00fdnir \u00fea\u00f0 lotningarblandna og gagnr\u00fdnislausa vir\u00f0ingu manni sem er \u00ed \u00fej\u00f3nustu banka sem hefur allt a\u00f0ra hagsmuni en almenningur, og sem hefur s\u00fdnt sig segja t\u00f3ma \u00fev\u00e6lu \u00e1rum saman, \u00e1n \u00feess a\u00f0 nokkur \u00e1st\u00e6\u00f0a s\u00e9 til a\u00f0 \u00e6tla a\u00f0 ma\u00f0urinn hafi vitkast s\u00ed\u00f0an, hva\u00f0 \u00fe\u00e1 a\u00f0 hann hafi teki\u00f0 upp si\u00f0lega starfsh\u00e6tti.<\/p>\n<p>\u00cdsland er st\u00f3rkostlegt land. \u00cdslendingar eru upp og ofan eins og f\u00f3lk \u00ed \u00f6\u00f0rum l\u00f6ndum. \u00cdslensku valdakerfin eru hins vegar gegnrotin af spillingu og f\u00faski. Og \u00feeir sem einhverju r\u00e1\u00f0a eru ekki a\u00f0 reyna a\u00f0 breyta \u00fev\u00ed til hins betra, heldur berjast \u00feeir allir me\u00f0 kjafti og kl\u00f3m vi\u00f0 a\u00f0 vi\u00f0halda v\u00f6ldum \u00feeirra sem leiddu hruni\u00f0 yfir landsmenn, ollu st\u00f3rum fj\u00f6lda \u00feeirra miklum b\u00fasifjum, en gr\u00e6ddu margir gr\u00ed\u00f0arlega sj\u00e1lfir, b\u00e6\u00f0i fyrir og eftir hrun.<\/p>\n<p>\u00c9g \u00e6tla ekki \u00ed br\u00e1\u00f0 a\u00f0 taka \u00fe\u00e1tt \u00ed s\u00f6ngnum um \u201esameiningu\u201c. \u00deetta \u00cdsland, valdakerfi\u00f0 sem drottna\u00f0 hefur yfir landinu \u00e1ratugum saman, er einfaldlega \u00f3ge\u00f0slegt. Og \u00feeir sem helst tala um a\u00f0 \u00feetta s\u00e9 of mikil svarts\u00fdni eru ekki a\u00f0 gera neitt til a\u00f0 breyta \u00fev\u00ed til betri vegar. \u00devert \u00e1 m\u00f3ti eru \u00feeir a\u00f0 reyna a\u00f0 l\u00e6gja \u00f6ldur r\u00e9ttm\u00e6trar rei\u00f0i, og \u00fea\u00f0 mun au\u00f0velda k\u00fagunar\u00f6flunum a\u00f0 halda \u00e1fram i\u00f0ju sinni hindrunarl\u00edti\u00f0.<\/p>\n","protected":false},"excerpt":{"rendered":"<p>Margir hafa tala\u00f0 um \u00fea\u00f0 s\u00ed\u00f0ustu m\u00e1nu\u00f0i og \u00e1r a\u00f0 nau\u00f0synlegt s\u00e9 a\u00f0 \u201esameina\u201c landsmenn \u00ed sta\u00f0 \u00feess a\u00f0 \u201eala \u00e1 sundrungu\u201c. \u00dea\u00f0 gleymist hins vegar yfirleitt a\u00f0 \u00fatsk\u00fdra um hva\u00f0 \u00e1 a\u00f0 sameina f\u00f3lk, en erfitt er a\u00f0 skilja &hellip; <a href=\"https:\/\/www.norn.is\/einar\/2012\/06\/14\/hid-ogedslega-island\/\">Halda \u00e1fram a\u00f0 lesa <span class=\"meta-nav\">&rarr;<\/span><\/a><\/p>\n","protected":false},"author":10,"featured_media":0,"comment_status":"open","ping_status":"open","sticky":false,"template":"","format":"standard","meta":{"footnotes":""},"categories":[1,16,11],"tags":[252,250,251,56,249],"class_list":["post-293","post","type-post","status-publish","format-standard","hentry","category-oflokkad","category-fjolmidlar","category-umhverfi-og-audlindir","tag-greiningardeildir-bankanna","tag-holmfridur-sigurdardottir","tag-ingolfur-bender","tag-orkuveita-reykjavikur","tag-rikisutvarpid"],"yoast_head":"<!-- This site is optimized with the Yoast SEO plugin v27.5 - https:\/\/yoast.com\/product\/yoast-seo-wordpress\/ -->\n<title>Hi\u00f0 \u00f3ge\u00f0slega \u00cdsland - Einar<\/title>\n<meta name=\"robots\" content=\"index, follow, max-snippet:-1, max-image-preview:large, max-video-preview:-1\" \/>\n<link rel=\"canonical\" href=\"https:\/\/www.norn.is\/einar\/2012\/06\/14\/hid-ogedslega-island\/\" \/>\n<meta property=\"og:locale\" content=\"is_IS\" \/>\n<meta property=\"og:type\" content=\"article\" \/>\n<meta property=\"og:title\" content=\"Hi\u00f0 \u00f3ge\u00f0slega \u00cdsland - Einar\" \/>\n<meta property=\"og:description\" content=\"Margir hafa tala\u00f0 um \u00fea\u00f0 s\u00ed\u00f0ustu m\u00e1nu\u00f0i og \u00e1r a\u00f0 nau\u00f0synlegt s\u00e9 a\u00f0 \u201esameina\u201c landsmenn \u00ed sta\u00f0 \u00feess a\u00f0 \u201eala \u00e1 sundrungu\u201c. \u00dea\u00f0 gleymist hins vegar yfirleitt a\u00f0 \u00fatsk\u00fdra um hva\u00f0 \u00e1 a\u00f0 sameina f\u00f3lk, en erfitt er a\u00f0 skilja &hellip; Halda \u00e1fram a\u00f0 lesa &rarr;\" \/>\n<meta property=\"og:url\" content=\"https:\/\/www.norn.is\/einar\/2012\/06\/14\/hid-ogedslega-island\/\" \/>\n<meta property=\"og:site_name\" content=\"Einar\" \/>\n<meta property=\"article:published_time\" content=\"2012-06-14T08:55:24+00:00\" \/>\n<meta property=\"article:modified_time\" content=\"2017-09-24T11:03:56+00:00\" \/>\n<meta name=\"author\" content=\"einar\" \/>\n<meta name=\"twitter:card\" content=\"summary_large_image\" \/>\n<meta name=\"twitter:label1\" content=\"Written by\" \/>\n\t<meta name=\"twitter:data1\" content=\"\" \/>\n\t<meta name=\"twitter:label2\" content=\"Est. reading time\" \/>\n\t<meta name=\"twitter:data2\" content=\"4 minutes\" \/>\n<script type=\"application\/ld+json\" class=\"yoast-schema-graph\">{\"@context\":\"https:\\\/\\\/schema.org\",\"@graph\":[{\"@type\":\"Article\",\"@id\":\"https:\\\/\\\/www.norn.is\\\/einar\\\/2012\\\/06\\\/14\\\/hid-ogedslega-island\\\/#article\",\"isPartOf\":{\"@id\":\"https:\\\/\\\/www.norn.is\\\/einar\\\/2012\\\/06\\\/14\\\/hid-ogedslega-island\\\/\"},\"author\":{\"name\":\"einar\",\"@id\":\"https:\\\/\\\/www.norn.is\\\/einar\\\/#\\\/schema\\\/person\\\/19affadb841a22f7bfd4bdcd72a862d0\"},\"headline\":\"Hi\u00f0 \u00f3ge\u00f0slega \u00cdsland\",\"datePublished\":\"2012-06-14T08:55:24+00:00\",\"dateModified\":\"2017-09-24T11:03:56+00:00\",\"mainEntityOfPage\":{\"@id\":\"https:\\\/\\\/www.norn.is\\\/einar\\\/2012\\\/06\\\/14\\\/hid-ogedslega-island\\\/\"},\"wordCount\":816,\"commentCount\":0,\"keywords\":[\"Greiningardeildir bankanna\",\"H\u00f3lmfr\u00ed\u00f0ur Sigur\u00f0ard\u00f3ttir\",\"Ing\u00f3lfur Bender\",\"Orkuveita Reykjav\u00edkur\",\"R\u00edkis\u00fatvarpi\u00f0\"],\"articleSection\":[\"Allt efni\",\"Fj\u00f6lmi\u00f0lar\",\"Umhverfi og au\u00f0lindir\"],\"inLanguage\":\"is\",\"potentialAction\":[{\"@type\":\"CommentAction\",\"name\":\"Comment\",\"target\":[\"https:\\\/\\\/www.norn.is\\\/einar\\\/2012\\\/06\\\/14\\\/hid-ogedslega-island\\\/#respond\"]}]},{\"@type\":\"WebPage\",\"@id\":\"https:\\\/\\\/www.norn.is\\\/einar\\\/2012\\\/06\\\/14\\\/hid-ogedslega-island\\\/\",\"url\":\"https:\\\/\\\/www.norn.is\\\/einar\\\/2012\\\/06\\\/14\\\/hid-ogedslega-island\\\/\",\"name\":\"Hi\u00f0 \u00f3ge\u00f0slega \u00cdsland - Einar\",\"isPartOf\":{\"@id\":\"https:\\\/\\\/www.norn.is\\\/einar\\\/#website\"},\"datePublished\":\"2012-06-14T08:55:24+00:00\",\"dateModified\":\"2017-09-24T11:03:56+00:00\",\"author\":{\"@id\":\"https:\\\/\\\/www.norn.is\\\/einar\\\/#\\\/schema\\\/person\\\/19affadb841a22f7bfd4bdcd72a862d0\"},\"breadcrumb\":{\"@id\":\"https:\\\/\\\/www.norn.is\\\/einar\\\/2012\\\/06\\\/14\\\/hid-ogedslega-island\\\/#breadcrumb\"},\"inLanguage\":\"is\",\"potentialAction\":[{\"@type\":\"ReadAction\",\"target\":[\"https:\\\/\\\/www.norn.is\\\/einar\\\/2012\\\/06\\\/14\\\/hid-ogedslega-island\\\/\"]}]},{\"@type\":\"BreadcrumbList\",\"@id\":\"https:\\\/\\\/www.norn.is\\\/einar\\\/2012\\\/06\\\/14\\\/hid-ogedslega-island\\\/#breadcrumb\",\"itemListElement\":[{\"@type\":\"ListItem\",\"position\":1,\"name\":\"Home\",\"item\":\"https:\\\/\\\/www.norn.is\\\/einar\\\/\"},{\"@type\":\"ListItem\",\"position\":2,\"name\":\"Hi\u00f0 \u00f3ge\u00f0slega \u00cdsland\"}]},{\"@type\":\"WebSite\",\"@id\":\"https:\\\/\\\/www.norn.is\\\/einar\\\/#website\",\"url\":\"https:\\\/\\\/www.norn.is\\\/einar\\\/\",\"name\":\"Einar\",\"description\":\"Pistlar Einars Steingr\u00edmssonar\",\"potentialAction\":[{\"@type\":\"SearchAction\",\"target\":{\"@type\":\"EntryPoint\",\"urlTemplate\":\"https:\\\/\\\/www.norn.is\\\/einar\\\/?s={search_term_string}\"},\"query-input\":{\"@type\":\"PropertyValueSpecification\",\"valueRequired\":true,\"valueName\":\"search_term_string\"}}],\"inLanguage\":\"is\"},{\"@type\":\"Person\",\"@id\":\"https:\\\/\\\/www.norn.is\\\/einar\\\/#\\\/schema\\\/person\\\/19affadb841a22f7bfd4bdcd72a862d0\",\"name\":\"einar\",\"image\":{\"@type\":\"ImageObject\",\"inLanguage\":\"is\",\"@id\":\"https:\\\/\\\/secure.gravatar.com\\\/avatar\\\/6f5f5592f3cc45e338376db24f1672c636582d9c27d855e8f077f13ef13b17fd?s=96&d=mm&r=g\",\"url\":\"https:\\\/\\\/secure.gravatar.com\\\/avatar\\\/6f5f5592f3cc45e338376db24f1672c636582d9c27d855e8f077f13ef13b17fd?s=96&d=mm&r=g\",\"contentUrl\":\"https:\\\/\\\/secure.gravatar.com\\\/avatar\\\/6f5f5592f3cc45e338376db24f1672c636582d9c27d855e8f077f13ef13b17fd?s=96&d=mm&r=g\",\"caption\":\"einar\"},\"url\":\"https:\\\/\\\/www.norn.is\\\/einar\\\/author\\\/einarsteingrimsson\\\/\"}]}<\/script>\n<!-- \/ Yoast SEO plugin. -->","yoast_head_json":{"title":"Hi\u00f0 \u00f3ge\u00f0slega \u00cdsland - Einar","robots":{"index":"index","follow":"follow","max-snippet":"max-snippet:-1","max-image-preview":"max-image-preview:large","max-video-preview":"max-video-preview:-1"},"canonical":"https:\/\/www.norn.is\/einar\/2012\/06\/14\/hid-ogedslega-island\/","og_locale":"is_IS","og_type":"article","og_title":"Hi\u00f0 \u00f3ge\u00f0slega \u00cdsland - Einar","og_description":"Margir hafa tala\u00f0 um \u00fea\u00f0 s\u00ed\u00f0ustu m\u00e1nu\u00f0i og \u00e1r a\u00f0 nau\u00f0synlegt s\u00e9 a\u00f0 \u201esameina\u201c landsmenn \u00ed sta\u00f0 \u00feess a\u00f0 \u201eala \u00e1 sundrungu\u201c. \u00dea\u00f0 gleymist hins vegar yfirleitt a\u00f0 \u00fatsk\u00fdra um hva\u00f0 \u00e1 a\u00f0 sameina f\u00f3lk, en erfitt er a\u00f0 skilja &hellip; Halda \u00e1fram a\u00f0 lesa &rarr;","og_url":"https:\/\/www.norn.is\/einar\/2012\/06\/14\/hid-ogedslega-island\/","og_site_name":"Einar","article_published_time":"2012-06-14T08:55:24+00:00","article_modified_time":"2017-09-24T11:03:56+00:00","author":"einar","twitter_card":"summary_large_image","twitter_misc":{"Written by":false,"Est. reading time":"4 minutes"},"schema":{"@context":"https:\/\/schema.org","@graph":[{"@type":"Article","@id":"https:\/\/www.norn.is\/einar\/2012\/06\/14\/hid-ogedslega-island\/#article","isPartOf":{"@id":"https:\/\/www.norn.is\/einar\/2012\/06\/14\/hid-ogedslega-island\/"},"author":{"name":"einar","@id":"https:\/\/www.norn.is\/einar\/#\/schema\/person\/19affadb841a22f7bfd4bdcd72a862d0"},"headline":"Hi\u00f0 \u00f3ge\u00f0slega \u00cdsland","datePublished":"2012-06-14T08:55:24+00:00","dateModified":"2017-09-24T11:03:56+00:00","mainEntityOfPage":{"@id":"https:\/\/www.norn.is\/einar\/2012\/06\/14\/hid-ogedslega-island\/"},"wordCount":816,"commentCount":0,"keywords":["Greiningardeildir bankanna","H\u00f3lmfr\u00ed\u00f0ur Sigur\u00f0ard\u00f3ttir","Ing\u00f3lfur Bender","Orkuveita Reykjav\u00edkur","R\u00edkis\u00fatvarpi\u00f0"],"articleSection":["Allt efni","Fj\u00f6lmi\u00f0lar","Umhverfi og au\u00f0lindir"],"inLanguage":"is","potentialAction":[{"@type":"CommentAction","name":"Comment","target":["https:\/\/www.norn.is\/einar\/2012\/06\/14\/hid-ogedslega-island\/#respond"]}]},{"@type":"WebPage","@id":"https:\/\/www.norn.is\/einar\/2012\/06\/14\/hid-ogedslega-island\/","url":"https:\/\/www.norn.is\/einar\/2012\/06\/14\/hid-ogedslega-island\/","name":"Hi\u00f0 \u00f3ge\u00f0slega \u00cdsland - Einar","isPartOf":{"@id":"https:\/\/www.norn.is\/einar\/#website"},"datePublished":"2012-06-14T08:55:24+00:00","dateModified":"2017-09-24T11:03:56+00:00","author":{"@id":"https:\/\/www.norn.is\/einar\/#\/schema\/person\/19affadb841a22f7bfd4bdcd72a862d0"},"breadcrumb":{"@id":"https:\/\/www.norn.is\/einar\/2012\/06\/14\/hid-ogedslega-island\/#breadcrumb"},"inLanguage":"is","potentialAction":[{"@type":"ReadAction","target":["https:\/\/www.norn.is\/einar\/2012\/06\/14\/hid-ogedslega-island\/"]}]},{"@type":"BreadcrumbList","@id":"https:\/\/www.norn.is\/einar\/2012\/06\/14\/hid-ogedslega-island\/#breadcrumb","itemListElement":[{"@type":"ListItem","position":1,"name":"Home","item":"https:\/\/www.norn.is\/einar\/"},{"@type":"ListItem","position":2,"name":"Hi\u00f0 \u00f3ge\u00f0slega \u00cdsland"}]},{"@type":"WebSite","@id":"https:\/\/www.norn.is\/einar\/#website","url":"https:\/\/www.norn.is\/einar\/","name":"Einar","description":"Pistlar Einars Steingr\u00edmssonar","potentialAction":[{"@type":"SearchAction","target":{"@type":"EntryPoint","urlTemplate":"https:\/\/www.norn.is\/einar\/?s={search_term_string}"},"query-input":{"@type":"PropertyValueSpecification","valueRequired":true,"valueName":"search_term_string"}}],"inLanguage":"is"},{"@type":"Person","@id":"https:\/\/www.norn.is\/einar\/#\/schema\/person\/19affadb841a22f7bfd4bdcd72a862d0","name":"einar","image":{"@type":"ImageObject","inLanguage":"is","@id":"https:\/\/secure.gravatar.com\/avatar\/6f5f5592f3cc45e338376db24f1672c636582d9c27d855e8f077f13ef13b17fd?s=96&d=mm&r=g","url":"https:\/\/secure.gravatar.com\/avatar\/6f5f5592f3cc45e338376db24f1672c636582d9c27d855e8f077f13ef13b17fd?s=96&d=mm&r=g","contentUrl":"https:\/\/secure.gravatar.com\/avatar\/6f5f5592f3cc45e338376db24f1672c636582d9c27d855e8f077f13ef13b17fd?s=96&d=mm&r=g","caption":"einar"},"url":"https:\/\/www.norn.is\/einar\/author\/einarsteingrimsson\/"}]}},"_links":{"self":[{"href":"https:\/\/www.norn.is\/einar\/wp-json\/wp\/v2\/posts\/293","targetHints":{"allow":["GET"]}}],"collection":[{"href":"https:\/\/www.norn.is\/einar\/wp-json\/wp\/v2\/posts"}],"about":[{"href":"https:\/\/www.norn.is\/einar\/wp-json\/wp\/v2\/types\/post"}],"author":[{"embeddable":true,"href":"https:\/\/www.norn.is\/einar\/wp-json\/wp\/v2\/users\/10"}],"replies":[{"embeddable":true,"href":"https:\/\/www.norn.is\/einar\/wp-json\/wp\/v2\/comments?post=293"}],"version-history":[{"count":1,"href":"https:\/\/www.norn.is\/einar\/wp-json\/wp\/v2\/posts\/293\/revisions"}],"predecessor-version":[{"id":294,"href":"https:\/\/www.norn.is\/einar\/wp-json\/wp\/v2\/posts\/293\/revisions\/294"}],"wp:attachment":[{"href":"https:\/\/www.norn.is\/einar\/wp-json\/wp\/v2\/media?parent=293"}],"wp:term":[{"taxonomy":"category","embeddable":true,"href":"https:\/\/www.norn.is\/einar\/wp-json\/wp\/v2\/categories?post=293"},{"taxonomy":"post_tag","embeddable":true,"href":"https:\/\/www.norn.is\/einar\/wp-json\/wp\/v2\/tags?post=293"}],"curies":[{"name":"wp","href":"https:\/\/api.w.org\/{rel}","templated":true}]}}