{"id":266,"date":"2012-05-02T08:28:47","date_gmt":"2012-05-02T08:28:47","guid":{"rendered":"http:\/\/www.norn.is\/einar\/?p=266"},"modified":"2017-09-24T11:04:25","modified_gmt":"2017-09-24T11:04:25","slug":"svor-um-klam-og-mannrettindi-i-rvik","status":"publish","type":"post","link":"https:\/\/www.norn.is\/einar\/2012\/05\/02\/svor-um-klam-og-mannrettindi-i-rvik\/","title":{"rendered":"Sv\u00f6r um kl\u00e1m og mannr\u00e9ttindi \u00ed Rv\u00edk"},"content":{"rendered":"<p>Fyrir \u00ferem vikum sendi \u00e9g Mannr\u00e9ttindastj\u00f3ra Reykjav\u00edkurborgar nokkrar fyrirspurnir vegna kl\u00e1mv\u00e6\u00f0ingarb\u00e6klings borgarinnar, sem fjalla\u00f0 var um\u00a0<a href=\"http:\/\/blog.eyjan.is\/einar\/2012\/04\/02\/reykjavikurborg-med-klam-a-heilanum\/\">h\u00e9r<\/a>\u00a0og\u00a0<a href=\"http:\/\/blog.eyjan.is\/einar\/2012\/04\/24\/klam-og-skrattamalun-i-reykjavik\/\">h\u00e9r<\/a>. \u00a0Sv\u00f6r b\u00e1rust \u00ed fyrradag, og eru \u00feau birt h\u00e9r \u00ed lokin. \u00a0Reyndar er sumum spurningunum ekki svara\u00f0, og hef \u00e9g \u00edtreka\u00f0 \u00fe\u00e6r, og mun birta sv\u00f6rin h\u00e9r ef \u00feau ver\u00f0a athygliver\u00f0.<!--more--><\/p>\n<p>Eitt af \u00fev\u00ed sem s\u00e9rstaka athygli vekur \u00ed sv\u00f6rum mannr\u00e9ttindastj\u00f3rans er eftirfarandi:<\/p>\n<blockquote>\n<div>Vi\u00f0 m\u00f3tun mannr\u00e9ttindastefnu Reykjav\u00edkurborgar, sem sam\u00feykkt var \u00ed borgarr\u00e1\u00f0i 16. ma\u00ed 2006, var l\u00f6g\u00f0 \u00e1hersla \u00e1 a\u00f0 kynjajafnr\u00e9tti v\u00e6ri rau\u00f0i \u00fer\u00e1\u00f0urinn \u00ed stefnunni og starfi mannr\u00e9ttindanefndar\/r\u00e1\u00f0s \u00fe\u00f3tt stefnan n\u00e6\u00f0i til fleiri \u00fe\u00e1tta en jafnr\u00e9ttis kynjanna.<\/div>\n<\/blockquote>\n<p>\u00dea\u00f0 er l\u00edka athyglisvert a\u00f0 mannr\u00e9ttindastj\u00f3rinn lei\u00f0ir hj\u00e1 s\u00e9r spurninguna um hvort \u00fea\u00f0 skipti m\u00e1li hversu algeng kynfer\u00f0isleg \u00e1reitni er \u00e1 vinnust\u00f6\u00f0um borgarinnar (sta\u00f0reyndin er a\u00f0 sl\u00edkt er n\u00e1nast \u00f3\u00feekkt hj\u00e1 borginni eins og fjalla\u00f0 var um \u00a0<a href=\"http:\/\/blog.eyjan.is\/einar\/2012\/04\/24\/klam-og-skrattamalun-i-reykjavik\/\">h\u00e9r<\/a>).<\/p>\n<p>Mi\u00f0a\u00f0 vi\u00f0 \u00a0\u00e1herslurnar sem birtast \u00ed\u00a0<a href=\"http:\/\/www.reykjavik.is\/desktopdefault.aspx\/tabid-3451\/4267_view-4659\/\">\u00fatg\u00e1fuefni<\/a>\u00a0og \u00e1 vefs\u00ed\u00f0um Mannr\u00e9ttindaskrifstofunnar, vir\u00f0ist ekki \u00f3varlegt a\u00f0 \u00e6tla a\u00f0 meirihluti vinnu \u00feeirra 5-6 starfsmanna sem \u00fear starfa sn\u00faist um \u00fea\u00f0 sem kalla\u00f0 er kynjajafnr\u00e9tti og kynbundi\u00f0 ofbeldi. \u00a0Samt er ekki a\u00f0 sj\u00e1 a\u00f0 \u00feetta s\u00e9u \u00a0raunveruleg vandam\u00e1l hj\u00e1 borginni. \u00a0Eins og fram hefur komi\u00f0 er kynfer\u00f0isleg \u00e1reitni n\u00e1nast \u00f3\u00feekkt fyrirb\u00e6ri \u00e1 vinnust\u00f6\u00f0um borgarinnar, \u00fe\u00f3tt Mannr\u00e9ttindaskrifstofan hafi gefi\u00f0 \u00fat s\u00e9rstakan b\u00e6kling \u00fear sem gefi\u00f0 var \u00ed skyn a\u00f0 \u00feetta v\u00e6ri alvarlegt vandam\u00e1l, \u00fevert \u00e1 \u00fea\u00f0 sem vita\u00f0 var \u00e1\u00f0ur en b\u00e6klingurinn kom \u00fat.<\/p>\n<p>S\u00e9 \u00fatg\u00e1fuefni Mannr\u00e9ttindaskrifstofunnar sko\u00f0a\u00f0, og \u00fea\u00f0 sem birtist \u00e1 vefs\u00ed\u00f0um hennar, ver\u00f0ur s\u00fa spurning \u00e6 \u00e1leitnari hvort starf \u00feessarar skrifstofu \u00fej\u00f3nar fyrst og fremst \u00feeim tilgangi a\u00f0 skapa vinnu fyrir f\u00f3lk sem er me\u00f0 kl\u00e1m og ofbeldi \u00e1 heilanum. \u00a0\u00dea\u00f0 er n\u00f3gu sl\u00e6mt a\u00f0 s\u00f3a \u00feannig almannaf\u00e9. \u00a0Hitt er ekki sk\u00e1rra a\u00f0 me\u00f0 \u00feessu er reynt a\u00f0 skapa andr\u00famsloft \u00f3gnar og tortryggni \u00e1 f\u00f6lskum forsendum. \u00a0\u00dea\u00f0 er s\u00e9rkennilegt \u201emannr\u00e9ttindastarf\u201c.<\/p>\n<p>\u2014\u2014\u2014\u2014\u2014\u2014\u2014\u2014\u2014\u2014\u2014\u2014\u2014\u2014\u2014\u2014\u2014\u2014\u2014\u2014\u2014\u2014\u2014\u2014\u2014\u2014\u2014\u2014\u2014-<br \/>\nFrom:\u00a0<strong>Anna Kristinsd\u00f3ttir<\/strong>\u00a0&lt;<a href=\"mailto:anna.kristinsdottir@reykjavik.is\" target=\"_blank\" rel=\"noopener\">anna.kristinsdottir@reykjavik.is<\/a>&gt;<br \/>\nDate: 2012\/4\/30<br \/>\nSubject: Sv\u00f6r vi\u00f0 fyrirspurnum<br \/>\nTo:\u00a0<a href=\"mailto:einar@alum.mit.edu\" target=\"_blank\" rel=\"noopener\">einar@alum.mit.edu<\/a><\/p>\n<p>S\u00e6ll Einar,<\/p>\n<p>Me\u00f0fylgjandi eru sv\u00f6r vegna fyrirspurna \u00feinnar fr\u00e1 9. og 11. Apr\u00edl 2012<\/p>\n<p>1. \u00a0Hver t\u00f3k \u00e1kv\u00f6r\u00f0un um \u00fatg\u00e1fu b\u00e6klingsins (og um vinnuna sem \u00e1 undan honum f\u00f3r)?<\/p>\n<p><em>Mannr\u00e9ttindaskrifstofa Reykjav\u00edkurborgar og mi\u00f0st\u00f6\u00f0 margbreytileika- og kynjaranns\u00f3kna vi\u00f0 H\u00e1sk\u00f3la \u00cdslands s\u00f3tti um styrk til n\u00fdsk\u00f6punarsj\u00f3\u00f0s n\u00e1msmanna \u00ed samvinnu vi\u00f0 Mi\u00f0st\u00f6\u00f0 margbreytileika- og kynjaranns\u00f3kna \u00ed H\u00e1sk\u00f3la \u00cdslands til a\u00f0 sko\u00f0a kl\u00e1mv\u00e6\u00f0ingu \u00e1 vinnust\u00f6\u00f0um.\u00a0<\/em><br \/>\n<em>Verkefni\u00f0 var mj\u00f6g vel af hendi leyst og var tilnefnt til n\u00fdsk\u00f6punarver\u00f0launa forseta \u00cdslands. L\u00f6g\u00f0 er \u00e1hersla \u00e1 a\u00f0 n\u00fdsk\u00f6punarsj\u00f3\u00f0sverkefni s\u00e9u nytsamleg og var fr\u00e1 upphafi \u00ed ums\u00f3kn gert r\u00e1\u00f0 fyrir a\u00f0 ranns\u00f3knin n\u00fdttist stj\u00f3rnendum og starfsf\u00f3lki me\u00f0 kynningarefni af einhverju tagi. \u00a0<\/em><\/p>\n<p>2. \u00a0Af hverju var \u00e1kve\u00f0i\u00f0 a\u00f0 gefa \u00fat b\u00e6klinginn?<br \/>\n<em>Til \u00feess a\u00f0 hvetja til umr\u00e6\u00f0u um kl\u00e1mv\u00e6\u00f0ingu og kynfer\u00f0islegra \u00e1reitni \u00ed samf\u00e9laginu, sj\u00e1 einnig svar vi\u00f0 spurningu 1.\u00a0<\/em><\/p>\n<p>3. \u00a0Hversu miki\u00f0 kosta\u00f0i \u00feetta, \u00fe.e.a.s. \u00f6ll vinnan \u00ed \u00feessu sambandi, \u00fatg\u00e1fa, dreifing o.s.frv.?<br \/>\n<em>Ekki liggur fyrir endanlegur kostna\u00f0ur vegna \u00fatg\u00e1fu en h\u00f6nnun og prentun er \u00e1\u00e6tla\u00f0 a\u00f0 kosti\u00a0<\/em><em>kr 250.000. -300.000 \u00a0B\u00e6klingnum var dreift \u00e1 vinnusta\u00f0i Reykjav\u00edkurborgar og H\u00e1sk\u00f3la \u00cdslands af starfsf\u00f3lki \u00e1n s\u00e9rstaks kostna\u00f0ar. B\u00e6klinginn er einnig a\u00f0 finna \u00e1 vef borgarinnar.<\/em><\/p>\n<p>4. \u00a0Telur \u00fe\u00fa \u00feetta \u00e1tak vera mikilv\u00e6gan \u00fe\u00e1tt \u00ed mannr\u00e9ttindastarfi borgarinnar? \u00a0Ef svo er, af hverju? \u00a0Og, skiptir \u00ed \u00fev\u00ed sambandi einhverju m\u00e1li hversu algeng kynfer\u00f0isleg \u00e1reitni er \u00e1 vinnust\u00f6\u00f0um borgarinnar?<\/p>\n<p><em>J\u00e1, \u00ed mannr\u00e9ttindastefnu Reykjav\u00edkurborgar er s\u00e9rstaklega kve\u00f0i\u00f0 \u00e1 um Reykjav\u00edkurborg vinni gegn kl\u00e1mv\u00e6\u00f0ingu. \u00a0Enn fremur segir a\u00f0 kynfer\u00f0isleg \u00e1reitni s\u00e9 me\u00f0 \u00f6llu \u00f3heimil. Me\u00f0 kynfer\u00f0ilegri \u00e1reitni er v\u00edsa\u00f0 \u00ed or\u00f0sk\u00fdringar jafnr\u00e9ttislaga; Hvers kyns \u00f3sanngj\u00f6rn og\/e\u00f0a m\u00f3\u00f0gandi kynfer\u00f0isleg heg\u00f0un sem er \u00ed \u00f3\u00fe\u00f6kk og hefur \u00e1hrif \u00e1 sj\u00e1lfsvir\u00f0ingu \u00feess sem fyrir henni ver\u00f0ur og er haldi\u00f0 \u00e1fram \u00fer\u00e1tt fyrir a\u00f0 gefi\u00f0 s\u00e9 sk\u00fdrt \u00ed skyn a\u00f0 heg\u00f0unin s\u00e9 \u00f3velkomin. \u00c1reitnin getur veri\u00f0 l\u00edkamleg, or\u00f0bundin e\u00f0a t\u00e1knr\u00e6n. Eitt tilvik getur talist kynfer\u00f0isleg \u00e1reitni ef \u00fea\u00f0 er alvarlegt.<\/em><\/p>\n<p><em>\u00d6ll kynfer\u00f0isleg \u00e1reitni er litin alvarlegum augum hvort sem um eitt e\u00f0a fleiri atvik er a\u00f0 r\u00e6\u00f0a.\u00a0<\/em><\/p>\n<p>5. \u00a0Mi\u00f0a\u00f0 vi\u00f0 \u00fatg\u00e1fuefni Mannr\u00e9ttindaskrifstofunnar vir\u00f0ist \u00fei\u00f0 telja a\u00f0 kl\u00e1m og kynjajafnr\u00e9tti s\u00e9u mikilv\u00e6gustu mannr\u00e9ttindam\u00e1lin. \u00a0Er \u00fea\u00f0 \u00ed raun l\u00fdsandi fyrir afst\u00f6\u00f0u ykkar? \u00a0Ef svo er, af hverju telji\u00f0 \u00fei\u00f0 \u00feetta svona mikilv\u00e6gt (me\u00f0al mannr\u00e9ttindam\u00e1la)? \u00a0Ef ekki, hver eru \u00fe\u00e1 helstu \u00e1herslum\u00e1lin \u00ed mannr\u00e9ttindum hj\u00e1 ykkur, hvernig vinni\u00f0 \u00fei\u00f0 a\u00f0 \u00feeim og hvernig er h\u00e6gt a\u00f0 kynna s\u00e9r afrakstur \u00feeirrar vinnu?<\/p>\n<div><em>Sveitarf\u00e9l\u00f6g hafa l\u00f6gbundna skyldu, skv. l\u00f6gum um jafna st\u00f6\u00f0u og jafnan r\u00e9tt kvenna og karla nr.10 fr\u00e1 2008, til a\u00f0 halda \u00fati starfi jafnr\u00e9ttisnefnda sem er lag\u00f0ar \u00e1kve\u00f0nar skyldur \u00e1 her\u00f0ar, sj\u00e1 12. grein laganna. Hj\u00e1 Reykjav\u00edkurborg er mannr\u00e9ttindar\u00e1\u00f0i falin \u00feessi verkefni. \u00a0<\/em><br \/>\n<em>Vi\u00f0 m\u00f3tun mannr\u00e9ttindastefnu Reykjav\u00edkurborgar, sem sam\u00feykkt var \u00ed borgarr\u00e1\u00f0i 16. ma\u00ed 2006, var l\u00f6g\u00f0 \u00e1hersla \u00e1 a\u00f0 kynjajafnr\u00e9tti v\u00e6ri rau\u00f0i \u00fer\u00e1\u00f0urinn \u00ed stefnunni og starfi mannr\u00e9ttindanefndar\/r\u00e1\u00f0s \u00fe\u00f3tt stefnan n\u00e6\u00f0i til fleiri \u00fe\u00e1tta en jafnr\u00e9ttis kynjanna. \u00a0 Starf mannr\u00e9ttindaskrifstofu endurspeglar lagasetningar og sam\u00feykkta stefnum\u00f3tun Reykjav\u00edkurborgar. \u00a0<\/em><em>\u00c1rlega er unnin starfs\u00e1\u00e6tlun \u00a0mannr\u00e9ttindar\u00e1\u00f0s \u00ed mannr\u00e9ttindam\u00e1lum og \u00fear koma fram helstu \u00e1herslur sem unni\u00f0 er eftir hverju sinni. Starfs\u00e1\u00e6tlun m\u00e1 finna \u00e1 s\u00ed\u00f0u mannr\u00e9ttindaskrifstofu undir \u00fatgefi\u00f0 efni auk \u00fdmiss annars efnis sem varpar lj\u00f3si \u00e1 starfsemina.<\/em>&nbsp;<\/p>\n<p>6. \u00a0 \u00a0 \u00a0 \u00a0 \u00dea\u00f0 er best \u00e9g b\u00e6ti vi\u00f0 einni spurningu til \u00fe\u00edn. \u00a0\u00c1 \u00feessari s\u00ed\u00f0u eru birtar \u201ekynlegar t\u00f6lur\u201c: \u00a0<a href=\"http:\/\/www.reykjavik.is\/Portaldata\/1\/Resources\/mannr_ttindaskrifstofa\/skjol\/kynlegar_tolur_070312_HQ.pdf\" target=\"_blank\" rel=\"noopener\">http:\/\/www.reykjavik.is\/Portaldata\/1\/Resources\/mannr_ttindaskrifstofa\/skjol\/kynlegar_tolur_070312_HQ.pdf<\/a>\u00a0\u00a0Hver er tilgangurinn me\u00f0 \u00fev\u00ed? \u00a0Og hvernig eru valin \u00feau atri\u00f0i sem fjalla\u00f0 er um?<\/p>\n<p><em>\u00c1 fundi mannr\u00e9ttindar\u00e1\u00f0s \u00feann 11. mars 2010 var sam\u00feykkt tillaga \u00ed mannr\u00e9ttindar\u00e1\u00f0i um a\u00f0 \u00e1 al\u00fej\u00f3\u00f0legum bar\u00e1ttudegi kvenna \u00feann 8. mars yr\u00f0i kynnt t\u00f6luleg g\u00f6gn var\u00f0andi st\u00f6\u00f0u kynjanna \u00ed Reykjav\u00edk. Mannr\u00e9ttindaskrifstofa vinnur \u00ed samr\u00e1\u00f0i vi\u00f0 mannr\u00e9ttindar\u00e1\u00f0 a\u00f0 \u00fatf\u00e6rslu b\u00e6klingsins hverju sinni. \u00a0<\/em><\/p>\n<p>Me\u00f0 bestu kve\u00f0ju,<\/p>\n<p>Anna Kristinsd\u00f3ttir<br \/>\nmannr\u00e9ttindastj\u00f3ri Reykjav\u00edkurborgar<\/p>\n<\/div>\n","protected":false},"excerpt":{"rendered":"<p>Fyrir \u00ferem vikum sendi \u00e9g Mannr\u00e9ttindastj\u00f3ra Reykjav\u00edkurborgar nokkrar fyrirspurnir vegna kl\u00e1mv\u00e6\u00f0ingarb\u00e6klings borgarinnar, sem fjalla\u00f0 var um\u00a0h\u00e9r\u00a0og\u00a0h\u00e9r. \u00a0Sv\u00f6r b\u00e1rust \u00ed fyrradag, og eru \u00feau birt h\u00e9r \u00ed lokin. \u00a0Reyndar er sumum spurningunum ekki svara\u00f0, og hef \u00e9g \u00edtreka\u00f0 \u00fe\u00e6r, og mun &hellip; <a href=\"https:\/\/www.norn.is\/einar\/2012\/05\/02\/svor-um-klam-og-mannrettindi-i-rvik\/\">Halda \u00e1fram a\u00f0 lesa <span class=\"meta-nav\">&rarr;<\/span><\/a><\/p>\n","protected":false},"author":10,"featured_media":0,"comment_status":"open","ping_status":"open","sticky":false,"template":"","format":"standard","meta":{"footnotes":""},"categories":[1,190],"tags":[236,229,234],"class_list":["post-266","post","type-post","status-publish","format-standard","hentry","category-oflokkad","category-kynjapolitik","tag-anna-kristinsdottir","tag-klamdjofullinn","tag-mannrettindaskrifstofa-reykjavikurborgar"],"yoast_head":"<!-- This site is optimized with the Yoast SEO plugin v27.5 - https:\/\/yoast.com\/product\/yoast-seo-wordpress\/ -->\n<title>Sv\u00f6r um kl\u00e1m og mannr\u00e9ttindi \u00ed Rv\u00edk - Einar<\/title>\n<meta name=\"robots\" content=\"index, follow, max-snippet:-1, max-image-preview:large, max-video-preview:-1\" \/>\n<link rel=\"canonical\" href=\"https:\/\/www.norn.is\/einar\/2012\/05\/02\/svor-um-klam-og-mannrettindi-i-rvik\/\" \/>\n<meta property=\"og:locale\" content=\"is_IS\" \/>\n<meta property=\"og:type\" content=\"article\" \/>\n<meta property=\"og:title\" content=\"Sv\u00f6r um kl\u00e1m og mannr\u00e9ttindi \u00ed Rv\u00edk - Einar\" \/>\n<meta property=\"og:description\" content=\"Fyrir \u00ferem vikum sendi \u00e9g Mannr\u00e9ttindastj\u00f3ra Reykjav\u00edkurborgar nokkrar fyrirspurnir vegna kl\u00e1mv\u00e6\u00f0ingarb\u00e6klings borgarinnar, sem fjalla\u00f0 var um\u00a0h\u00e9r\u00a0og\u00a0h\u00e9r. \u00a0Sv\u00f6r b\u00e1rust \u00ed fyrradag, og eru \u00feau birt h\u00e9r \u00ed lokin. \u00a0Reyndar er sumum spurningunum ekki svara\u00f0, og hef \u00e9g \u00edtreka\u00f0 \u00fe\u00e6r, og mun &hellip; Halda \u00e1fram a\u00f0 lesa &rarr;\" \/>\n<meta property=\"og:url\" content=\"https:\/\/www.norn.is\/einar\/2012\/05\/02\/svor-um-klam-og-mannrettindi-i-rvik\/\" \/>\n<meta property=\"og:site_name\" content=\"Einar\" \/>\n<meta property=\"article:published_time\" content=\"2012-05-02T08:28:47+00:00\" \/>\n<meta property=\"article:modified_time\" content=\"2017-09-24T11:04:25+00:00\" \/>\n<meta name=\"author\" content=\"einar\" \/>\n<meta name=\"twitter:card\" content=\"summary_large_image\" \/>\n<meta name=\"twitter:label1\" content=\"Written by\" \/>\n\t<meta name=\"twitter:data1\" content=\"\" \/>\n\t<meta name=\"twitter:label2\" content=\"Est. reading time\" \/>\n\t<meta name=\"twitter:data2\" content=\"6 minutes\" \/>\n<script type=\"application\/ld+json\" class=\"yoast-schema-graph\">{\"@context\":\"https:\\\/\\\/schema.org\",\"@graph\":[{\"@type\":\"Article\",\"@id\":\"https:\\\/\\\/www.norn.is\\\/einar\\\/2012\\\/05\\\/02\\\/svor-um-klam-og-mannrettindi-i-rvik\\\/#article\",\"isPartOf\":{\"@id\":\"https:\\\/\\\/www.norn.is\\\/einar\\\/2012\\\/05\\\/02\\\/svor-um-klam-og-mannrettindi-i-rvik\\\/\"},\"author\":{\"name\":\"einar\",\"@id\":\"https:\\\/\\\/www.norn.is\\\/einar\\\/#\\\/schema\\\/person\\\/19affadb841a22f7bfd4bdcd72a862d0\"},\"headline\":\"Sv\u00f6r um kl\u00e1m og mannr\u00e9ttindi \u00ed Rv\u00edk\",\"datePublished\":\"2012-05-02T08:28:47+00:00\",\"dateModified\":\"2017-09-24T11:04:25+00:00\",\"mainEntityOfPage\":{\"@id\":\"https:\\\/\\\/www.norn.is\\\/einar\\\/2012\\\/05\\\/02\\\/svor-um-klam-og-mannrettindi-i-rvik\\\/\"},\"wordCount\":1126,\"commentCount\":0,\"keywords\":[\"Anna Kristinsd\u00f3ttir\",\"Kl\u00e1mdj\u00f6fullinn\",\"Mannr\u00e9ttindaskrifstofa Reykjav\u00edkurborgar\"],\"articleSection\":[\"Allt efni\",\"Kynjap\u00f3lit\u00edk og jafnr\u00e9ttism\u00e1l\"],\"inLanguage\":\"is\",\"potentialAction\":[{\"@type\":\"CommentAction\",\"name\":\"Comment\",\"target\":[\"https:\\\/\\\/www.norn.is\\\/einar\\\/2012\\\/05\\\/02\\\/svor-um-klam-og-mannrettindi-i-rvik\\\/#respond\"]}]},{\"@type\":\"WebPage\",\"@id\":\"https:\\\/\\\/www.norn.is\\\/einar\\\/2012\\\/05\\\/02\\\/svor-um-klam-og-mannrettindi-i-rvik\\\/\",\"url\":\"https:\\\/\\\/www.norn.is\\\/einar\\\/2012\\\/05\\\/02\\\/svor-um-klam-og-mannrettindi-i-rvik\\\/\",\"name\":\"Sv\u00f6r um kl\u00e1m og mannr\u00e9ttindi \u00ed Rv\u00edk - Einar\",\"isPartOf\":{\"@id\":\"https:\\\/\\\/www.norn.is\\\/einar\\\/#website\"},\"datePublished\":\"2012-05-02T08:28:47+00:00\",\"dateModified\":\"2017-09-24T11:04:25+00:00\",\"author\":{\"@id\":\"https:\\\/\\\/www.norn.is\\\/einar\\\/#\\\/schema\\\/person\\\/19affadb841a22f7bfd4bdcd72a862d0\"},\"breadcrumb\":{\"@id\":\"https:\\\/\\\/www.norn.is\\\/einar\\\/2012\\\/05\\\/02\\\/svor-um-klam-og-mannrettindi-i-rvik\\\/#breadcrumb\"},\"inLanguage\":\"is\",\"potentialAction\":[{\"@type\":\"ReadAction\",\"target\":[\"https:\\\/\\\/www.norn.is\\\/einar\\\/2012\\\/05\\\/02\\\/svor-um-klam-og-mannrettindi-i-rvik\\\/\"]}]},{\"@type\":\"BreadcrumbList\",\"@id\":\"https:\\\/\\\/www.norn.is\\\/einar\\\/2012\\\/05\\\/02\\\/svor-um-klam-og-mannrettindi-i-rvik\\\/#breadcrumb\",\"itemListElement\":[{\"@type\":\"ListItem\",\"position\":1,\"name\":\"Home\",\"item\":\"https:\\\/\\\/www.norn.is\\\/einar\\\/\"},{\"@type\":\"ListItem\",\"position\":2,\"name\":\"Sv\u00f6r um kl\u00e1m og mannr\u00e9ttindi \u00ed Rv\u00edk\"}]},{\"@type\":\"WebSite\",\"@id\":\"https:\\\/\\\/www.norn.is\\\/einar\\\/#website\",\"url\":\"https:\\\/\\\/www.norn.is\\\/einar\\\/\",\"name\":\"Einar\",\"description\":\"Pistlar Einars Steingr\u00edmssonar\",\"potentialAction\":[{\"@type\":\"SearchAction\",\"target\":{\"@type\":\"EntryPoint\",\"urlTemplate\":\"https:\\\/\\\/www.norn.is\\\/einar\\\/?s={search_term_string}\"},\"query-input\":{\"@type\":\"PropertyValueSpecification\",\"valueRequired\":true,\"valueName\":\"search_term_string\"}}],\"inLanguage\":\"is\"},{\"@type\":\"Person\",\"@id\":\"https:\\\/\\\/www.norn.is\\\/einar\\\/#\\\/schema\\\/person\\\/19affadb841a22f7bfd4bdcd72a862d0\",\"name\":\"einar\",\"image\":{\"@type\":\"ImageObject\",\"inLanguage\":\"is\",\"@id\":\"https:\\\/\\\/secure.gravatar.com\\\/avatar\\\/6f5f5592f3cc45e338376db24f1672c636582d9c27d855e8f077f13ef13b17fd?s=96&d=mm&r=g\",\"url\":\"https:\\\/\\\/secure.gravatar.com\\\/avatar\\\/6f5f5592f3cc45e338376db24f1672c636582d9c27d855e8f077f13ef13b17fd?s=96&d=mm&r=g\",\"contentUrl\":\"https:\\\/\\\/secure.gravatar.com\\\/avatar\\\/6f5f5592f3cc45e338376db24f1672c636582d9c27d855e8f077f13ef13b17fd?s=96&d=mm&r=g\",\"caption\":\"einar\"},\"url\":\"https:\\\/\\\/www.norn.is\\\/einar\\\/author\\\/einarsteingrimsson\\\/\"}]}<\/script>\n<!-- \/ Yoast SEO plugin. -->","yoast_head_json":{"title":"Sv\u00f6r um kl\u00e1m og mannr\u00e9ttindi \u00ed Rv\u00edk - Einar","robots":{"index":"index","follow":"follow","max-snippet":"max-snippet:-1","max-image-preview":"max-image-preview:large","max-video-preview":"max-video-preview:-1"},"canonical":"https:\/\/www.norn.is\/einar\/2012\/05\/02\/svor-um-klam-og-mannrettindi-i-rvik\/","og_locale":"is_IS","og_type":"article","og_title":"Sv\u00f6r um kl\u00e1m og mannr\u00e9ttindi \u00ed Rv\u00edk - Einar","og_description":"Fyrir \u00ferem vikum sendi \u00e9g Mannr\u00e9ttindastj\u00f3ra Reykjav\u00edkurborgar nokkrar fyrirspurnir vegna kl\u00e1mv\u00e6\u00f0ingarb\u00e6klings borgarinnar, sem fjalla\u00f0 var um\u00a0h\u00e9r\u00a0og\u00a0h\u00e9r. \u00a0Sv\u00f6r b\u00e1rust \u00ed fyrradag, og eru \u00feau birt h\u00e9r \u00ed lokin. \u00a0Reyndar er sumum spurningunum ekki svara\u00f0, og hef \u00e9g \u00edtreka\u00f0 \u00fe\u00e6r, og mun &hellip; Halda \u00e1fram a\u00f0 lesa &rarr;","og_url":"https:\/\/www.norn.is\/einar\/2012\/05\/02\/svor-um-klam-og-mannrettindi-i-rvik\/","og_site_name":"Einar","article_published_time":"2012-05-02T08:28:47+00:00","article_modified_time":"2017-09-24T11:04:25+00:00","author":"einar","twitter_card":"summary_large_image","twitter_misc":{"Written by":false,"Est. reading time":"6 minutes"},"schema":{"@context":"https:\/\/schema.org","@graph":[{"@type":"Article","@id":"https:\/\/www.norn.is\/einar\/2012\/05\/02\/svor-um-klam-og-mannrettindi-i-rvik\/#article","isPartOf":{"@id":"https:\/\/www.norn.is\/einar\/2012\/05\/02\/svor-um-klam-og-mannrettindi-i-rvik\/"},"author":{"name":"einar","@id":"https:\/\/www.norn.is\/einar\/#\/schema\/person\/19affadb841a22f7bfd4bdcd72a862d0"},"headline":"Sv\u00f6r um kl\u00e1m og mannr\u00e9ttindi \u00ed Rv\u00edk","datePublished":"2012-05-02T08:28:47+00:00","dateModified":"2017-09-24T11:04:25+00:00","mainEntityOfPage":{"@id":"https:\/\/www.norn.is\/einar\/2012\/05\/02\/svor-um-klam-og-mannrettindi-i-rvik\/"},"wordCount":1126,"commentCount":0,"keywords":["Anna Kristinsd\u00f3ttir","Kl\u00e1mdj\u00f6fullinn","Mannr\u00e9ttindaskrifstofa Reykjav\u00edkurborgar"],"articleSection":["Allt efni","Kynjap\u00f3lit\u00edk og jafnr\u00e9ttism\u00e1l"],"inLanguage":"is","potentialAction":[{"@type":"CommentAction","name":"Comment","target":["https:\/\/www.norn.is\/einar\/2012\/05\/02\/svor-um-klam-og-mannrettindi-i-rvik\/#respond"]}]},{"@type":"WebPage","@id":"https:\/\/www.norn.is\/einar\/2012\/05\/02\/svor-um-klam-og-mannrettindi-i-rvik\/","url":"https:\/\/www.norn.is\/einar\/2012\/05\/02\/svor-um-klam-og-mannrettindi-i-rvik\/","name":"Sv\u00f6r um kl\u00e1m og mannr\u00e9ttindi \u00ed Rv\u00edk - Einar","isPartOf":{"@id":"https:\/\/www.norn.is\/einar\/#website"},"datePublished":"2012-05-02T08:28:47+00:00","dateModified":"2017-09-24T11:04:25+00:00","author":{"@id":"https:\/\/www.norn.is\/einar\/#\/schema\/person\/19affadb841a22f7bfd4bdcd72a862d0"},"breadcrumb":{"@id":"https:\/\/www.norn.is\/einar\/2012\/05\/02\/svor-um-klam-og-mannrettindi-i-rvik\/#breadcrumb"},"inLanguage":"is","potentialAction":[{"@type":"ReadAction","target":["https:\/\/www.norn.is\/einar\/2012\/05\/02\/svor-um-klam-og-mannrettindi-i-rvik\/"]}]},{"@type":"BreadcrumbList","@id":"https:\/\/www.norn.is\/einar\/2012\/05\/02\/svor-um-klam-og-mannrettindi-i-rvik\/#breadcrumb","itemListElement":[{"@type":"ListItem","position":1,"name":"Home","item":"https:\/\/www.norn.is\/einar\/"},{"@type":"ListItem","position":2,"name":"Sv\u00f6r um kl\u00e1m og mannr\u00e9ttindi \u00ed Rv\u00edk"}]},{"@type":"WebSite","@id":"https:\/\/www.norn.is\/einar\/#website","url":"https:\/\/www.norn.is\/einar\/","name":"Einar","description":"Pistlar Einars Steingr\u00edmssonar","potentialAction":[{"@type":"SearchAction","target":{"@type":"EntryPoint","urlTemplate":"https:\/\/www.norn.is\/einar\/?s={search_term_string}"},"query-input":{"@type":"PropertyValueSpecification","valueRequired":true,"valueName":"search_term_string"}}],"inLanguage":"is"},{"@type":"Person","@id":"https:\/\/www.norn.is\/einar\/#\/schema\/person\/19affadb841a22f7bfd4bdcd72a862d0","name":"einar","image":{"@type":"ImageObject","inLanguage":"is","@id":"https:\/\/secure.gravatar.com\/avatar\/6f5f5592f3cc45e338376db24f1672c636582d9c27d855e8f077f13ef13b17fd?s=96&d=mm&r=g","url":"https:\/\/secure.gravatar.com\/avatar\/6f5f5592f3cc45e338376db24f1672c636582d9c27d855e8f077f13ef13b17fd?s=96&d=mm&r=g","contentUrl":"https:\/\/secure.gravatar.com\/avatar\/6f5f5592f3cc45e338376db24f1672c636582d9c27d855e8f077f13ef13b17fd?s=96&d=mm&r=g","caption":"einar"},"url":"https:\/\/www.norn.is\/einar\/author\/einarsteingrimsson\/"}]}},"_links":{"self":[{"href":"https:\/\/www.norn.is\/einar\/wp-json\/wp\/v2\/posts\/266","targetHints":{"allow":["GET"]}}],"collection":[{"href":"https:\/\/www.norn.is\/einar\/wp-json\/wp\/v2\/posts"}],"about":[{"href":"https:\/\/www.norn.is\/einar\/wp-json\/wp\/v2\/types\/post"}],"author":[{"embeddable":true,"href":"https:\/\/www.norn.is\/einar\/wp-json\/wp\/v2\/users\/10"}],"replies":[{"embeddable":true,"href":"https:\/\/www.norn.is\/einar\/wp-json\/wp\/v2\/comments?post=266"}],"version-history":[{"count":1,"href":"https:\/\/www.norn.is\/einar\/wp-json\/wp\/v2\/posts\/266\/revisions"}],"predecessor-version":[{"id":267,"href":"https:\/\/www.norn.is\/einar\/wp-json\/wp\/v2\/posts\/266\/revisions\/267"}],"wp:attachment":[{"href":"https:\/\/www.norn.is\/einar\/wp-json\/wp\/v2\/media?parent=266"}],"wp:term":[{"taxonomy":"category","embeddable":true,"href":"https:\/\/www.norn.is\/einar\/wp-json\/wp\/v2\/categories?post=266"},{"taxonomy":"post_tag","embeddable":true,"href":"https:\/\/www.norn.is\/einar\/wp-json\/wp\/v2\/tags?post=266"}],"curies":[{"name":"wp","href":"https:\/\/api.w.org\/{rel}","templated":true}]}}