{"id":263,"date":"2012-04-24T21:09:36","date_gmt":"2012-04-24T21:09:36","guid":{"rendered":"http:\/\/www.norn.is\/einar\/?p=263"},"modified":"2017-09-24T11:04:25","modified_gmt":"2017-09-24T11:04:25","slug":"klam-og-skrattamalun-i-reykjavik","status":"publish","type":"post","link":"https:\/\/www.norn.is\/einar\/2012\/04\/24\/klam-og-skrattamalun-i-reykjavik\/","title":{"rendered":"Kl\u00e1m og skrattam\u00e1lun \u00ed Reykjav\u00edk"},"content":{"rendered":"<p>Mannr\u00e9ttindaskrifstofa Reykjav\u00edkurborgar gaf n\u00fdlega \u00fat\u00a0<a href=\"http:\/\/www.reykjavik.is\/Portaldata\/1\/Resources\/mannr_ttindaskrifstofa\/skjol\/Kl_mv__ing30.03.pdf\">b\u00e6klinginn<\/a>\u00a0\u201eKl\u00e1mv\u00e6\u00f0ing er kynfer\u00f0isleg \u00e1reitni\u201c. \u00c9g fjalla\u00f0i um hann \u00ed\u00a0<a href=\"http:\/\/blog.eyjan.is\/einar\/2012\/04\/02\/reykjavikurborg-med-klam-a-heilanum\/\">\u00feessum pistli<\/a>, en \u00fe\u00e1 vissi \u00e9g ekki a\u00f0 borgin bj\u00f3 yfir uppl\u00fdsingum um algengi kynfer\u00f0islegrar \u00e1reitni \u00e1 vinnust\u00f6\u00f0um hennar. \u00de\u00e6r uppl\u00fdsingar f\u00e9kk \u00e9g eftir a\u00f0 hafa spurt, en fyrst f\u00e9kk \u00e9g \u00fe\u00f3 \u00feetta svar fr\u00e1 starfsmanni skrifstofunnar: \u201eEftir a\u00f0 b\u00e6klingurinn kom \u00fat hafa fj\u00f6lmargar konur starfandi hj\u00e1 Reykjav\u00edkurborg r\u00e6tt atvik sem \u00fe\u00e6r hafa or\u00f0i\u00f0 fyrir og tengjast kl\u00e1mv\u00e6ddri or\u00f0r\u00e6\u00f0u. Vonandi svarar \u00fea\u00f0 spurningu \u00feinni um algengi.\u201c<!--more--><\/p>\n<p>\u00deegar \u00e9g spur\u00f0i n\u00e1nar var m\u00e9r sagt a\u00f0 borgin hef\u00f0i gert vi\u00f0horfsk\u00f6nnun \u00fear sem spurt var hvort starfsmenn borgarinnar hef\u00f0u or\u00f0i\u00f0 fyrir kynfer\u00f0islegri \u00e1reitni af h\u00e1lfu samstarfsf\u00f3lks. K\u00f6nnunin n\u00e1\u00f0i til 6.738 starfsmanna borgarinnar og svarshlutfallii\u00f0 var 67%, \u00fe.e.a.s. 4.848 sv\u00f6ru\u00f0u. \u00cd k\u00f6nnuninni kom fram a\u00f0 um\u00a0<strong>0,2%<\/strong>\u00a0svarenda segjast hafa or\u00f0i\u00f0 fyrir l\u00edkamlegri kynfer\u00f0islegri \u00e1reitni, og um\u00a0<strong>0,3%<\/strong>\u00a0fyrir kynfer\u00f0islegri \u00e1reitni \u00ed or\u00f0um.<\/p>\n<p>S\u00e9 gengi\u00f0 \u00fat fr\u00e1 a\u00f0 \u00feessi k\u00f6nnun s\u00e9 \u00e1rei\u00f0anleg er ni\u00f0ursta\u00f0an sem sagt a\u00f0\u00a0<em>kynfer\u00f0isleg \u00e1reitni er n\u00e1nast \u00f3\u00feekkt fyrirb\u00e6ri \u00e1 vinnust\u00f6\u00f0um borgarinnar, og \u00feessar uppl\u00fdsingar l\u00e1gu fyrir<\/em>\u00a0\u00feegar Mannr\u00e9ttindaskrifstofan gaf \u00fat ofannefndan b\u00e6kling.<\/p>\n<p>\u00c9g fjalla\u00f0i svol\u00edti\u00f0 um umr\u00e6dda \u201eranns\u00f3kn\u201c \u00ed \u00e1\u00f0urnefndum pistli en mun gera \u00fea\u00f0 n\u00e1nar s\u00ed\u00f0ar, enda vir\u00f0ist h\u00fan l\u00fdsandi d\u00e6mi fyrir \u00fe\u00e1 afst\u00f6\u00f0u til raunveruleikans sem einkennir hina svok\u00f6llu\u00f0u kynjafr\u00e6\u00f0i vi\u00f0 H\u00e1sk\u00f3la \u00cdslands. H\u00e9r er \u00fe\u00f3 r\u00e9tt a\u00f0 geta \u00feess a\u00f0\u00a0<a href=\"http:\/\/www.reykjavik.is\/Portaldata\/1\/Resources\/mannr_ttindaskrifstofa\/skjol\/Pornography_as_Work_Culture_and_Cultural_Phenomenon_(NEW).pdf\">ranns\u00f3knin<\/a>\u00a0byggist \u00e1 vi\u00f0t\u00f6lum vi\u00f0 fimm handvalda starfsmenn borgarinnar, sem h\u00f6fundur var \u201esvo l\u00e1nsamur a\u00f0 vildu segja honum fr\u00e1 reynslu sinni.\u201c (\u201eI was fortunate enough to find five research participants, who were willing to share their experiences with me.\u201c)<\/p>\n<p>\u00cd tveim tilfellum segja vi\u00f0m\u00e6lendurnir s\u00f6gu sem bendir til a\u00f0 tilteknir yfirmenn hafi haga\u00f0 s\u00e9r me\u00f0 \u00f3s\u00e6milegum h\u00e6tti, sem \u00feeir hef\u00f0u \u00e1tt a\u00f0 f\u00e1 tiltal fyrir. (Hafa ber \u00fe\u00f3 \u00ed huga a\u00f0 vi\u00f0 (og h\u00f6fundurinn) f\u00e1um bara a\u00f0ra hli\u00f0ina \u00e1 m\u00e1linu, \u00fev\u00ed ekki var r\u00e6tt vi\u00f0 \u00fe\u00e1 sem voru bornir s\u00f6kum.) \u00cd\u00a0<em>einu tilfelli<\/em>\u00a0segist vi\u00f0m\u00e6landi hafa s\u00e9\u00f0 mynd af naktri konu \u00e1 t\u00f6lvuskj\u00e1 og dagatal me\u00f0 n\u00f6ktum konum \u00e1 vegg \u00ed herbergi sem h\u00fan kom inn \u00ed. \u00deetta eru sem sagt \u201eg\u00f6gnin\u201c sem ranns\u00f3knin byggir \u00e1, en gefi\u00f0 er \u00ed skyn a\u00f0 kl\u00e1m gegns\u00fdri vinnusta\u00f0i borgarinnar, me\u00f0 hr\u00e6\u00f0ilegum aflei\u00f0ingum, enda var sem sagt r\u00e1\u00f0ist \u00ed \u00fatg\u00e1fu b\u00e6klings um m\u00e1li\u00f0, sem \u00e6tla\u00f0ur er starfsm\u00f6nnum borgarinnar og H\u00e1sk\u00f3la \u00cdslands (\u00fear sem fundust, samkv\u00e6mt greininni, \u00ferj\u00e1r augl\u00fdsingar \u00e1 vegg me\u00f0 f\u00e1kl\u00e6ddum konum, tv\u00e6r fr\u00e1 nemendaf\u00e9lagi, en ein fr\u00e1 \u00f3\u00feekktum a\u00f0ila og \u00f3tengd sk\u00f3lanum).<\/p>\n<p>\u00dea\u00f0 er jafn s\u00e9rkennilegt a\u00f0 f\u00e1\u00a0<a href=\"http:\/\/www.feministinn.is\/?page_id=11\">r\u00e1\u00f0skonu \u00ed Fem\u00ednistaf\u00e9laginu<\/a>\u00a0til a\u00f0 gera \u00fattekt \u00e1 \u00feessum m\u00e1lum eins og \u00fea\u00f0 v\u00e6ri a\u00f0 f\u00e1 biskup til a\u00f0 rannsaka \u00fe\u00f6rfina \u00e1 tr\u00fabo\u00f0i \u00ed sk\u00f3lum. En, \u00fea\u00f0 er einmitt algengt me\u00f0al \u00feeirra fem\u00ednista sem helst hafa sig \u00ed frammi \u00e1 \u00cdslandi a\u00f0 krefjast \u00feess a\u00f0 hin s\u00e9rkennilega p\u00f3lit\u00edska afsta\u00f0a \u00feeirra \u2014 um a\u00f0 samf\u00e9lagi\u00f0 s\u00e9 gegns\u00fdrt af kl\u00e1mi sem gegni \u00fev\u00ed hlutverki a\u00f0 k\u00faga konur \u2014 s\u00e9 vi\u00f0urkennd sem fr\u00e6\u00f0ilegur sannleikur, r\u00e9tt eins og tr\u00faarh\u00f3par \u00feykjast hafa h\u00f6ndla\u00f0 hinn eina sannleika um l\u00edfi\u00f0 og tilveruna.<\/p>\n<p>Hver var \u00fe\u00e1 tilgangurinn me\u00f0 \u00feessari \u201eranns\u00f3kn\u201c? Lj\u00f3st er a\u00f0 f\u00f3lki\u00f0 sem hrinti henni af sta\u00f0 og gaf \u00fat b\u00e6klinginn vissi, \u00e1\u00f0ur en b\u00e6klingurinn kom \u00fat, a\u00f0 kynfer\u00f0isleg \u00e1reitni er n\u00e1nast \u00f3\u00feekkt vandam\u00e1l \u00e1 vinnust\u00f6\u00f0um borgarinnar, a.m.k. mi\u00f0a\u00f0 vi\u00f0 \u00feau g\u00f6gn sem vi\u00f0komandi hafa \u00ed h\u00f6ndum. Getur veri\u00f0 a\u00f0 tilgangurinn s\u00e9 eing\u00f6ngu a\u00f0 skapa vinnu fyrir \u201ekynjafr\u00e6\u00f0inga\u201c (sem finnst \u00e1st\u00e6\u00f0a til a\u00f0 taka fram \u00ed\u00a0<a href=\"http:\/\/forrettindafeminismi.com\/2012\/04\/19\/svar-mannrettindaskrifstofu-reykjavikurborgar-vegna-klamrannsoknar\/\">opinberum sv\u00f6rum<\/a>\u00a0um \u00feessi m\u00e1l a\u00f0 \u00feeir s\u00e9u \u00fear a\u00f0 auki fem\u00ednistar)?<\/p>\n<p>E\u00f0a getur veri\u00f0 a\u00f0 tilgangurinn s\u00e9 langmi\u00f0a\u00f0ri og sn\u00faist um a\u00f0 skapa \u00f3tta og \u00f3vissu, til a\u00f0 tryggja \u00e1hrif \u00feeirra sem reka \u00feennan \u00e1r\u00f3\u00f0ur? \u00dea\u00f0 er ekki n\u00fdtt, heldur vel \u00feekkt a\u00f0fer\u00f0 \u00feeirra sem stunda \u00fdmiss konar \u201everndunar\u201cbisniss. \u00d6\u00f0ru nafni heitir \u00feetta a\u00f0 m\u00e1la skrattann \u00e1 vegginn og er miki\u00f0 stunda\u00f0 af \u00feeim sem hafa atvinnu af a\u00f0 s\u00e6ra \u00fat dj\u00f6flana sem \u00feeir sk\u00f3pu sj\u00e1lfir.<\/p>\n","protected":false},"excerpt":{"rendered":"<p>Mannr\u00e9ttindaskrifstofa Reykjav\u00edkurborgar gaf n\u00fdlega \u00fat\u00a0b\u00e6klinginn\u00a0\u201eKl\u00e1mv\u00e6\u00f0ing er kynfer\u00f0isleg \u00e1reitni\u201c. \u00c9g fjalla\u00f0i um hann \u00ed\u00a0\u00feessum pistli, en \u00fe\u00e1 vissi \u00e9g ekki a\u00f0 borgin bj\u00f3 yfir uppl\u00fdsingum um algengi kynfer\u00f0islegrar \u00e1reitni \u00e1 vinnust\u00f6\u00f0um hennar. \u00de\u00e6r uppl\u00fdsingar f\u00e9kk \u00e9g eftir a\u00f0 hafa spurt, en &hellip; <a href=\"https:\/\/www.norn.is\/einar\/2012\/04\/24\/klam-og-skrattamalun-i-reykjavik\/\">Halda \u00e1fram a\u00f0 lesa <span class=\"meta-nav\">&rarr;<\/span><\/a><\/p>\n","protected":false},"author":10,"featured_media":0,"comment_status":"open","ping_status":"open","sticky":false,"template":"","format":"standard","meta":{"footnotes":""},"categories":[1,190],"tags":[229,234,165],"class_list":["post-263","post","type-post","status-publish","format-standard","hentry","category-oflokkad","category-kynjapolitik","tag-klamdjofullinn","tag-mannrettindaskrifstofa-reykjavikurborgar","tag-vafasom-visindi"],"yoast_head":"<!-- This site is optimized with the Yoast SEO plugin v27.5 - https:\/\/yoast.com\/product\/yoast-seo-wordpress\/ -->\n<title>Kl\u00e1m og skrattam\u00e1lun \u00ed Reykjav\u00edk - Einar<\/title>\n<meta name=\"robots\" content=\"index, follow, max-snippet:-1, max-image-preview:large, max-video-preview:-1\" \/>\n<link rel=\"canonical\" href=\"https:\/\/www.norn.is\/einar\/2012\/04\/24\/klam-og-skrattamalun-i-reykjavik\/\" \/>\n<meta property=\"og:locale\" content=\"is_IS\" \/>\n<meta property=\"og:type\" content=\"article\" \/>\n<meta property=\"og:title\" content=\"Kl\u00e1m og skrattam\u00e1lun \u00ed Reykjav\u00edk - Einar\" \/>\n<meta property=\"og:description\" content=\"Mannr\u00e9ttindaskrifstofa Reykjav\u00edkurborgar gaf n\u00fdlega \u00fat\u00a0b\u00e6klinginn\u00a0\u201eKl\u00e1mv\u00e6\u00f0ing er kynfer\u00f0isleg \u00e1reitni\u201c. \u00c9g fjalla\u00f0i um hann \u00ed\u00a0\u00feessum pistli, en \u00fe\u00e1 vissi \u00e9g ekki a\u00f0 borgin bj\u00f3 yfir uppl\u00fdsingum um algengi kynfer\u00f0islegrar \u00e1reitni \u00e1 vinnust\u00f6\u00f0um hennar. \u00de\u00e6r uppl\u00fdsingar f\u00e9kk \u00e9g eftir a\u00f0 hafa spurt, en &hellip; Halda \u00e1fram a\u00f0 lesa &rarr;\" \/>\n<meta property=\"og:url\" content=\"https:\/\/www.norn.is\/einar\/2012\/04\/24\/klam-og-skrattamalun-i-reykjavik\/\" \/>\n<meta property=\"og:site_name\" content=\"Einar\" \/>\n<meta property=\"article:published_time\" content=\"2012-04-24T21:09:36+00:00\" \/>\n<meta property=\"article:modified_time\" content=\"2017-09-24T11:04:25+00:00\" \/>\n<meta name=\"author\" content=\"einar\" \/>\n<meta name=\"twitter:card\" content=\"summary_large_image\" \/>\n<meta name=\"twitter:label1\" content=\"Written by\" \/>\n\t<meta name=\"twitter:data1\" content=\"\" \/>\n\t<meta name=\"twitter:label2\" content=\"Est. reading time\" \/>\n\t<meta name=\"twitter:data2\" content=\"4 minutes\" \/>\n<script type=\"application\/ld+json\" class=\"yoast-schema-graph\">{\"@context\":\"https:\\\/\\\/schema.org\",\"@graph\":[{\"@type\":\"Article\",\"@id\":\"https:\\\/\\\/www.norn.is\\\/einar\\\/2012\\\/04\\\/24\\\/klam-og-skrattamalun-i-reykjavik\\\/#article\",\"isPartOf\":{\"@id\":\"https:\\\/\\\/www.norn.is\\\/einar\\\/2012\\\/04\\\/24\\\/klam-og-skrattamalun-i-reykjavik\\\/\"},\"author\":{\"name\":\"einar\",\"@id\":\"https:\\\/\\\/www.norn.is\\\/einar\\\/#\\\/schema\\\/person\\\/19affadb841a22f7bfd4bdcd72a862d0\"},\"headline\":\"Kl\u00e1m og skrattam\u00e1lun \u00ed Reykjav\u00edk\",\"datePublished\":\"2012-04-24T21:09:36+00:00\",\"dateModified\":\"2017-09-24T11:04:25+00:00\",\"mainEntityOfPage\":{\"@id\":\"https:\\\/\\\/www.norn.is\\\/einar\\\/2012\\\/04\\\/24\\\/klam-og-skrattamalun-i-reykjavik\\\/\"},\"wordCount\":781,\"commentCount\":0,\"keywords\":[\"Kl\u00e1mdj\u00f6fullinn\",\"Mannr\u00e9ttindaskrifstofa Reykjav\u00edkurborgar\",\"Vafas\u00f6m v\u00edsindi\"],\"articleSection\":[\"Allt efni\",\"Kynjap\u00f3lit\u00edk og jafnr\u00e9ttism\u00e1l\"],\"inLanguage\":\"is\",\"potentialAction\":[{\"@type\":\"CommentAction\",\"name\":\"Comment\",\"target\":[\"https:\\\/\\\/www.norn.is\\\/einar\\\/2012\\\/04\\\/24\\\/klam-og-skrattamalun-i-reykjavik\\\/#respond\"]}]},{\"@type\":\"WebPage\",\"@id\":\"https:\\\/\\\/www.norn.is\\\/einar\\\/2012\\\/04\\\/24\\\/klam-og-skrattamalun-i-reykjavik\\\/\",\"url\":\"https:\\\/\\\/www.norn.is\\\/einar\\\/2012\\\/04\\\/24\\\/klam-og-skrattamalun-i-reykjavik\\\/\",\"name\":\"Kl\u00e1m og skrattam\u00e1lun \u00ed Reykjav\u00edk - Einar\",\"isPartOf\":{\"@id\":\"https:\\\/\\\/www.norn.is\\\/einar\\\/#website\"},\"datePublished\":\"2012-04-24T21:09:36+00:00\",\"dateModified\":\"2017-09-24T11:04:25+00:00\",\"author\":{\"@id\":\"https:\\\/\\\/www.norn.is\\\/einar\\\/#\\\/schema\\\/person\\\/19affadb841a22f7bfd4bdcd72a862d0\"},\"breadcrumb\":{\"@id\":\"https:\\\/\\\/www.norn.is\\\/einar\\\/2012\\\/04\\\/24\\\/klam-og-skrattamalun-i-reykjavik\\\/#breadcrumb\"},\"inLanguage\":\"is\",\"potentialAction\":[{\"@type\":\"ReadAction\",\"target\":[\"https:\\\/\\\/www.norn.is\\\/einar\\\/2012\\\/04\\\/24\\\/klam-og-skrattamalun-i-reykjavik\\\/\"]}]},{\"@type\":\"BreadcrumbList\",\"@id\":\"https:\\\/\\\/www.norn.is\\\/einar\\\/2012\\\/04\\\/24\\\/klam-og-skrattamalun-i-reykjavik\\\/#breadcrumb\",\"itemListElement\":[{\"@type\":\"ListItem\",\"position\":1,\"name\":\"Home\",\"item\":\"https:\\\/\\\/www.norn.is\\\/einar\\\/\"},{\"@type\":\"ListItem\",\"position\":2,\"name\":\"Kl\u00e1m og skrattam\u00e1lun \u00ed Reykjav\u00edk\"}]},{\"@type\":\"WebSite\",\"@id\":\"https:\\\/\\\/www.norn.is\\\/einar\\\/#website\",\"url\":\"https:\\\/\\\/www.norn.is\\\/einar\\\/\",\"name\":\"Einar\",\"description\":\"Pistlar Einars Steingr\u00edmssonar\",\"potentialAction\":[{\"@type\":\"SearchAction\",\"target\":{\"@type\":\"EntryPoint\",\"urlTemplate\":\"https:\\\/\\\/www.norn.is\\\/einar\\\/?s={search_term_string}\"},\"query-input\":{\"@type\":\"PropertyValueSpecification\",\"valueRequired\":true,\"valueName\":\"search_term_string\"}}],\"inLanguage\":\"is\"},{\"@type\":\"Person\",\"@id\":\"https:\\\/\\\/www.norn.is\\\/einar\\\/#\\\/schema\\\/person\\\/19affadb841a22f7bfd4bdcd72a862d0\",\"name\":\"einar\",\"image\":{\"@type\":\"ImageObject\",\"inLanguage\":\"is\",\"@id\":\"https:\\\/\\\/secure.gravatar.com\\\/avatar\\\/6f5f5592f3cc45e338376db24f1672c636582d9c27d855e8f077f13ef13b17fd?s=96&d=mm&r=g\",\"url\":\"https:\\\/\\\/secure.gravatar.com\\\/avatar\\\/6f5f5592f3cc45e338376db24f1672c636582d9c27d855e8f077f13ef13b17fd?s=96&d=mm&r=g\",\"contentUrl\":\"https:\\\/\\\/secure.gravatar.com\\\/avatar\\\/6f5f5592f3cc45e338376db24f1672c636582d9c27d855e8f077f13ef13b17fd?s=96&d=mm&r=g\",\"caption\":\"einar\"},\"url\":\"https:\\\/\\\/www.norn.is\\\/einar\\\/author\\\/einarsteingrimsson\\\/\"}]}<\/script>\n<!-- \/ Yoast SEO plugin. -->","yoast_head_json":{"title":"Kl\u00e1m og skrattam\u00e1lun \u00ed Reykjav\u00edk - Einar","robots":{"index":"index","follow":"follow","max-snippet":"max-snippet:-1","max-image-preview":"max-image-preview:large","max-video-preview":"max-video-preview:-1"},"canonical":"https:\/\/www.norn.is\/einar\/2012\/04\/24\/klam-og-skrattamalun-i-reykjavik\/","og_locale":"is_IS","og_type":"article","og_title":"Kl\u00e1m og skrattam\u00e1lun \u00ed Reykjav\u00edk - Einar","og_description":"Mannr\u00e9ttindaskrifstofa Reykjav\u00edkurborgar gaf n\u00fdlega \u00fat\u00a0b\u00e6klinginn\u00a0\u201eKl\u00e1mv\u00e6\u00f0ing er kynfer\u00f0isleg \u00e1reitni\u201c. \u00c9g fjalla\u00f0i um hann \u00ed\u00a0\u00feessum pistli, en \u00fe\u00e1 vissi \u00e9g ekki a\u00f0 borgin bj\u00f3 yfir uppl\u00fdsingum um algengi kynfer\u00f0islegrar \u00e1reitni \u00e1 vinnust\u00f6\u00f0um hennar. \u00de\u00e6r uppl\u00fdsingar f\u00e9kk \u00e9g eftir a\u00f0 hafa spurt, en &hellip; Halda \u00e1fram a\u00f0 lesa &rarr;","og_url":"https:\/\/www.norn.is\/einar\/2012\/04\/24\/klam-og-skrattamalun-i-reykjavik\/","og_site_name":"Einar","article_published_time":"2012-04-24T21:09:36+00:00","article_modified_time":"2017-09-24T11:04:25+00:00","author":"einar","twitter_card":"summary_large_image","twitter_misc":{"Written by":false,"Est. reading time":"4 minutes"},"schema":{"@context":"https:\/\/schema.org","@graph":[{"@type":"Article","@id":"https:\/\/www.norn.is\/einar\/2012\/04\/24\/klam-og-skrattamalun-i-reykjavik\/#article","isPartOf":{"@id":"https:\/\/www.norn.is\/einar\/2012\/04\/24\/klam-og-skrattamalun-i-reykjavik\/"},"author":{"name":"einar","@id":"https:\/\/www.norn.is\/einar\/#\/schema\/person\/19affadb841a22f7bfd4bdcd72a862d0"},"headline":"Kl\u00e1m og skrattam\u00e1lun \u00ed Reykjav\u00edk","datePublished":"2012-04-24T21:09:36+00:00","dateModified":"2017-09-24T11:04:25+00:00","mainEntityOfPage":{"@id":"https:\/\/www.norn.is\/einar\/2012\/04\/24\/klam-og-skrattamalun-i-reykjavik\/"},"wordCount":781,"commentCount":0,"keywords":["Kl\u00e1mdj\u00f6fullinn","Mannr\u00e9ttindaskrifstofa Reykjav\u00edkurborgar","Vafas\u00f6m v\u00edsindi"],"articleSection":["Allt efni","Kynjap\u00f3lit\u00edk og jafnr\u00e9ttism\u00e1l"],"inLanguage":"is","potentialAction":[{"@type":"CommentAction","name":"Comment","target":["https:\/\/www.norn.is\/einar\/2012\/04\/24\/klam-og-skrattamalun-i-reykjavik\/#respond"]}]},{"@type":"WebPage","@id":"https:\/\/www.norn.is\/einar\/2012\/04\/24\/klam-og-skrattamalun-i-reykjavik\/","url":"https:\/\/www.norn.is\/einar\/2012\/04\/24\/klam-og-skrattamalun-i-reykjavik\/","name":"Kl\u00e1m og skrattam\u00e1lun \u00ed Reykjav\u00edk - Einar","isPartOf":{"@id":"https:\/\/www.norn.is\/einar\/#website"},"datePublished":"2012-04-24T21:09:36+00:00","dateModified":"2017-09-24T11:04:25+00:00","author":{"@id":"https:\/\/www.norn.is\/einar\/#\/schema\/person\/19affadb841a22f7bfd4bdcd72a862d0"},"breadcrumb":{"@id":"https:\/\/www.norn.is\/einar\/2012\/04\/24\/klam-og-skrattamalun-i-reykjavik\/#breadcrumb"},"inLanguage":"is","potentialAction":[{"@type":"ReadAction","target":["https:\/\/www.norn.is\/einar\/2012\/04\/24\/klam-og-skrattamalun-i-reykjavik\/"]}]},{"@type":"BreadcrumbList","@id":"https:\/\/www.norn.is\/einar\/2012\/04\/24\/klam-og-skrattamalun-i-reykjavik\/#breadcrumb","itemListElement":[{"@type":"ListItem","position":1,"name":"Home","item":"https:\/\/www.norn.is\/einar\/"},{"@type":"ListItem","position":2,"name":"Kl\u00e1m og skrattam\u00e1lun \u00ed Reykjav\u00edk"}]},{"@type":"WebSite","@id":"https:\/\/www.norn.is\/einar\/#website","url":"https:\/\/www.norn.is\/einar\/","name":"Einar","description":"Pistlar Einars Steingr\u00edmssonar","potentialAction":[{"@type":"SearchAction","target":{"@type":"EntryPoint","urlTemplate":"https:\/\/www.norn.is\/einar\/?s={search_term_string}"},"query-input":{"@type":"PropertyValueSpecification","valueRequired":true,"valueName":"search_term_string"}}],"inLanguage":"is"},{"@type":"Person","@id":"https:\/\/www.norn.is\/einar\/#\/schema\/person\/19affadb841a22f7bfd4bdcd72a862d0","name":"einar","image":{"@type":"ImageObject","inLanguage":"is","@id":"https:\/\/secure.gravatar.com\/avatar\/6f5f5592f3cc45e338376db24f1672c636582d9c27d855e8f077f13ef13b17fd?s=96&d=mm&r=g","url":"https:\/\/secure.gravatar.com\/avatar\/6f5f5592f3cc45e338376db24f1672c636582d9c27d855e8f077f13ef13b17fd?s=96&d=mm&r=g","contentUrl":"https:\/\/secure.gravatar.com\/avatar\/6f5f5592f3cc45e338376db24f1672c636582d9c27d855e8f077f13ef13b17fd?s=96&d=mm&r=g","caption":"einar"},"url":"https:\/\/www.norn.is\/einar\/author\/einarsteingrimsson\/"}]}},"_links":{"self":[{"href":"https:\/\/www.norn.is\/einar\/wp-json\/wp\/v2\/posts\/263","targetHints":{"allow":["GET"]}}],"collection":[{"href":"https:\/\/www.norn.is\/einar\/wp-json\/wp\/v2\/posts"}],"about":[{"href":"https:\/\/www.norn.is\/einar\/wp-json\/wp\/v2\/types\/post"}],"author":[{"embeddable":true,"href":"https:\/\/www.norn.is\/einar\/wp-json\/wp\/v2\/users\/10"}],"replies":[{"embeddable":true,"href":"https:\/\/www.norn.is\/einar\/wp-json\/wp\/v2\/comments?post=263"}],"version-history":[{"count":1,"href":"https:\/\/www.norn.is\/einar\/wp-json\/wp\/v2\/posts\/263\/revisions"}],"predecessor-version":[{"id":264,"href":"https:\/\/www.norn.is\/einar\/wp-json\/wp\/v2\/posts\/263\/revisions\/264"}],"wp:attachment":[{"href":"https:\/\/www.norn.is\/einar\/wp-json\/wp\/v2\/media?parent=263"}],"wp:term":[{"taxonomy":"category","embeddable":true,"href":"https:\/\/www.norn.is\/einar\/wp-json\/wp\/v2\/categories?post=263"},{"taxonomy":"post_tag","embeddable":true,"href":"https:\/\/www.norn.is\/einar\/wp-json\/wp\/v2\/tags?post=263"}],"curies":[{"name":"wp","href":"https:\/\/api.w.org\/{rel}","templated":true}]}}