{"id":261,"date":"2012-04-21T21:07:41","date_gmt":"2012-04-21T21:07:41","guid":{"rendered":"http:\/\/www.norn.is\/einar\/?p=261"},"modified":"2017-09-24T11:04:25","modified_gmt":"2017-09-24T11:04:25","slug":"vinir-fasismans-a-islandi","status":"publish","type":"post","link":"https:\/\/www.norn.is\/einar\/2012\/04\/21\/vinir-fasismans-a-islandi\/","title":{"rendered":"Vinir fasismans \u00e1 \u00cdslandi"},"content":{"rendered":"<p>\u00c9g er ekki andkap\u00edtalisti, \u00ed \u00feeim skilningi a\u00f0 \u00e9g er fylgjandi sem mestu frelsi fyrir einkaframtak og \u00f3heft vi\u00f0skipti, a\u00f0 \u00fev\u00ed tilskildu a\u00f0 komi\u00f0 s\u00e9 \u00ed veg fyrir \u00f3e\u00f0lileg forr\u00e9ttindi og f\u00e1keppni. \u00c9g er l\u00edka fylgjandi sem mestri al\u00fej\u00f3\u00f0av\u00e6\u00f0ingu, \u00ed \u00feeim skilningi a\u00f0 \u00e9g vil sem minnst h\u00f6ft \u00e1 samskiptum f\u00f3lks og fyrirt\u00e6kja yfir landam\u00e6ri. En, ofar \u00f6llu \u00feessu stendur krafan um mannr\u00e9ttindi \u00f6llum til handa, alltaf og alls sta\u00f0ar.<!--more--><\/p>\n<p>\u00deess vegna b\u00fd\u00f0ur m\u00e9r vi\u00f0 m\u00f3tt\u00f6kunum sem fulltr\u00fai k\u00ednversku fasistastj\u00f3rnarinnar f\u00e6r hj\u00e1 \u00edslenskum stj\u00f3rnv\u00f6ldum. Og \u00fea\u00f0 hryggir mig a\u00f0 sj\u00e1 hversu margir, s\u00e9rstaklega me\u00f0al stu\u00f0ningsmanna \u201evinstri\u201c flokkanna, l\u00edta \u00e1 \u00feetta sem sj\u00e1lfsag\u00f0an hlut.<\/p>\n","protected":false},"excerpt":{"rendered":"<p>\u00c9g er ekki andkap\u00edtalisti, \u00ed \u00feeim skilningi a\u00f0 \u00e9g er fylgjandi sem mestu frelsi fyrir einkaframtak og \u00f3heft vi\u00f0skipti, a\u00f0 \u00fev\u00ed tilskildu a\u00f0 komi\u00f0 s\u00e9 \u00ed veg fyrir \u00f3e\u00f0lileg forr\u00e9ttindi og f\u00e1keppni. \u00c9g er l\u00edka fylgjandi sem mestri al\u00fej\u00f3\u00f0av\u00e6\u00f0ingu, \u00ed &hellip; <a href=\"https:\/\/www.norn.is\/einar\/2012\/04\/21\/vinir-fasismans-a-islandi\/\">Halda \u00e1fram a\u00f0 lesa <span class=\"meta-nav\">&rarr;<\/span><\/a><\/p>\n","protected":false},"author":10,"featured_media":0,"comment_status":"open","ping_status":"open","sticky":false,"template":"","format":"standard","meta":{"footnotes":""},"categories":[1,43,473],"tags":[233,232,130,131],"class_list":["post-261","post","type-post","status-publish","format-standard","hentry","category-oflokkad","category-lydraedismal-og-stjornarskra","category-stjornvold-og-stofnanir","tag-althjodavaeding","tag-einkaframtak","tag-fasismi","tag-kina"],"yoast_head":"<!-- This site is optimized with the Yoast SEO plugin v27.5 - https:\/\/yoast.com\/product\/yoast-seo-wordpress\/ -->\n<title>Vinir fasismans \u00e1 \u00cdslandi - Einar<\/title>\n<meta name=\"robots\" content=\"index, follow, max-snippet:-1, max-image-preview:large, max-video-preview:-1\" \/>\n<link rel=\"canonical\" href=\"https:\/\/www.norn.is\/einar\/2012\/04\/21\/vinir-fasismans-a-islandi\/\" \/>\n<meta property=\"og:locale\" content=\"is_IS\" \/>\n<meta property=\"og:type\" content=\"article\" \/>\n<meta property=\"og:title\" content=\"Vinir fasismans \u00e1 \u00cdslandi - Einar\" \/>\n<meta property=\"og:description\" content=\"\u00c9g er ekki andkap\u00edtalisti, \u00ed \u00feeim skilningi a\u00f0 \u00e9g er fylgjandi sem mestu frelsi fyrir einkaframtak og \u00f3heft vi\u00f0skipti, a\u00f0 \u00fev\u00ed tilskildu a\u00f0 komi\u00f0 s\u00e9 \u00ed veg fyrir \u00f3e\u00f0lileg forr\u00e9ttindi og f\u00e1keppni. \u00c9g er l\u00edka fylgjandi sem mestri al\u00fej\u00f3\u00f0av\u00e6\u00f0ingu, \u00ed &hellip; Halda \u00e1fram a\u00f0 lesa &rarr;\" \/>\n<meta property=\"og:url\" content=\"https:\/\/www.norn.is\/einar\/2012\/04\/21\/vinir-fasismans-a-islandi\/\" \/>\n<meta property=\"og:site_name\" content=\"Einar\" \/>\n<meta property=\"article:published_time\" content=\"2012-04-21T21:07:41+00:00\" \/>\n<meta property=\"article:modified_time\" content=\"2017-09-24T11:04:25+00:00\" \/>\n<meta name=\"author\" content=\"einar\" \/>\n<meta name=\"twitter:card\" content=\"summary_large_image\" \/>\n<meta name=\"twitter:label1\" content=\"Written by\" \/>\n\t<meta name=\"twitter:data1\" content=\"\" \/>\n\t<meta name=\"twitter:label2\" content=\"Est. reading time\" \/>\n\t<meta name=\"twitter:data2\" content=\"1 minute\" \/>\n<script type=\"application\/ld+json\" class=\"yoast-schema-graph\">{\"@context\":\"https:\\\/\\\/schema.org\",\"@graph\":[{\"@type\":\"Article\",\"@id\":\"https:\\\/\\\/www.norn.is\\\/einar\\\/2012\\\/04\\\/21\\\/vinir-fasismans-a-islandi\\\/#article\",\"isPartOf\":{\"@id\":\"https:\\\/\\\/www.norn.is\\\/einar\\\/2012\\\/04\\\/21\\\/vinir-fasismans-a-islandi\\\/\"},\"author\":{\"name\":\"einar\",\"@id\":\"https:\\\/\\\/www.norn.is\\\/einar\\\/#\\\/schema\\\/person\\\/19affadb841a22f7bfd4bdcd72a862d0\"},\"headline\":\"Vinir fasismans \u00e1 \u00cdslandi\",\"datePublished\":\"2012-04-21T21:07:41+00:00\",\"dateModified\":\"2017-09-24T11:04:25+00:00\",\"mainEntityOfPage\":{\"@id\":\"https:\\\/\\\/www.norn.is\\\/einar\\\/2012\\\/04\\\/21\\\/vinir-fasismans-a-islandi\\\/\"},\"wordCount\":132,\"commentCount\":0,\"keywords\":[\"Al\u00fej\u00f3\u00f0av\u00e6\u00f0ing\",\"Einkaframtak\",\"Fasismi\",\"K\u00edna\"],\"articleSection\":[\"Allt efni\",\"L\u00fd\u00f0r\u00e6\u00f0ism\u00e1l og stj\u00f3rnarskr\u00e1\",\"Stj\u00f3rnv\u00f6ld, stofnanir og r\u00edkisfyrirt\u00e6ki\"],\"inLanguage\":\"is\",\"potentialAction\":[{\"@type\":\"CommentAction\",\"name\":\"Comment\",\"target\":[\"https:\\\/\\\/www.norn.is\\\/einar\\\/2012\\\/04\\\/21\\\/vinir-fasismans-a-islandi\\\/#respond\"]}]},{\"@type\":\"WebPage\",\"@id\":\"https:\\\/\\\/www.norn.is\\\/einar\\\/2012\\\/04\\\/21\\\/vinir-fasismans-a-islandi\\\/\",\"url\":\"https:\\\/\\\/www.norn.is\\\/einar\\\/2012\\\/04\\\/21\\\/vinir-fasismans-a-islandi\\\/\",\"name\":\"Vinir fasismans \u00e1 \u00cdslandi - Einar\",\"isPartOf\":{\"@id\":\"https:\\\/\\\/www.norn.is\\\/einar\\\/#website\"},\"datePublished\":\"2012-04-21T21:07:41+00:00\",\"dateModified\":\"2017-09-24T11:04:25+00:00\",\"author\":{\"@id\":\"https:\\\/\\\/www.norn.is\\\/einar\\\/#\\\/schema\\\/person\\\/19affadb841a22f7bfd4bdcd72a862d0\"},\"breadcrumb\":{\"@id\":\"https:\\\/\\\/www.norn.is\\\/einar\\\/2012\\\/04\\\/21\\\/vinir-fasismans-a-islandi\\\/#breadcrumb\"},\"inLanguage\":\"is\",\"potentialAction\":[{\"@type\":\"ReadAction\",\"target\":[\"https:\\\/\\\/www.norn.is\\\/einar\\\/2012\\\/04\\\/21\\\/vinir-fasismans-a-islandi\\\/\"]}]},{\"@type\":\"BreadcrumbList\",\"@id\":\"https:\\\/\\\/www.norn.is\\\/einar\\\/2012\\\/04\\\/21\\\/vinir-fasismans-a-islandi\\\/#breadcrumb\",\"itemListElement\":[{\"@type\":\"ListItem\",\"position\":1,\"name\":\"Home\",\"item\":\"https:\\\/\\\/www.norn.is\\\/einar\\\/\"},{\"@type\":\"ListItem\",\"position\":2,\"name\":\"Vinir fasismans \u00e1 \u00cdslandi\"}]},{\"@type\":\"WebSite\",\"@id\":\"https:\\\/\\\/www.norn.is\\\/einar\\\/#website\",\"url\":\"https:\\\/\\\/www.norn.is\\\/einar\\\/\",\"name\":\"Einar\",\"description\":\"Pistlar Einars Steingr\u00edmssonar\",\"potentialAction\":[{\"@type\":\"SearchAction\",\"target\":{\"@type\":\"EntryPoint\",\"urlTemplate\":\"https:\\\/\\\/www.norn.is\\\/einar\\\/?s={search_term_string}\"},\"query-input\":{\"@type\":\"PropertyValueSpecification\",\"valueRequired\":true,\"valueName\":\"search_term_string\"}}],\"inLanguage\":\"is\"},{\"@type\":\"Person\",\"@id\":\"https:\\\/\\\/www.norn.is\\\/einar\\\/#\\\/schema\\\/person\\\/19affadb841a22f7bfd4bdcd72a862d0\",\"name\":\"einar\",\"image\":{\"@type\":\"ImageObject\",\"inLanguage\":\"is\",\"@id\":\"https:\\\/\\\/secure.gravatar.com\\\/avatar\\\/6f5f5592f3cc45e338376db24f1672c636582d9c27d855e8f077f13ef13b17fd?s=96&d=mm&r=g\",\"url\":\"https:\\\/\\\/secure.gravatar.com\\\/avatar\\\/6f5f5592f3cc45e338376db24f1672c636582d9c27d855e8f077f13ef13b17fd?s=96&d=mm&r=g\",\"contentUrl\":\"https:\\\/\\\/secure.gravatar.com\\\/avatar\\\/6f5f5592f3cc45e338376db24f1672c636582d9c27d855e8f077f13ef13b17fd?s=96&d=mm&r=g\",\"caption\":\"einar\"},\"url\":\"https:\\\/\\\/www.norn.is\\\/einar\\\/author\\\/einarsteingrimsson\\\/\"}]}<\/script>\n<!-- \/ Yoast SEO plugin. -->","yoast_head_json":{"title":"Vinir fasismans \u00e1 \u00cdslandi - Einar","robots":{"index":"index","follow":"follow","max-snippet":"max-snippet:-1","max-image-preview":"max-image-preview:large","max-video-preview":"max-video-preview:-1"},"canonical":"https:\/\/www.norn.is\/einar\/2012\/04\/21\/vinir-fasismans-a-islandi\/","og_locale":"is_IS","og_type":"article","og_title":"Vinir fasismans \u00e1 \u00cdslandi - Einar","og_description":"\u00c9g er ekki andkap\u00edtalisti, \u00ed \u00feeim skilningi a\u00f0 \u00e9g er fylgjandi sem mestu frelsi fyrir einkaframtak og \u00f3heft vi\u00f0skipti, a\u00f0 \u00fev\u00ed tilskildu a\u00f0 komi\u00f0 s\u00e9 \u00ed veg fyrir \u00f3e\u00f0lileg forr\u00e9ttindi og f\u00e1keppni. \u00c9g er l\u00edka fylgjandi sem mestri al\u00fej\u00f3\u00f0av\u00e6\u00f0ingu, \u00ed &hellip; Halda \u00e1fram a\u00f0 lesa &rarr;","og_url":"https:\/\/www.norn.is\/einar\/2012\/04\/21\/vinir-fasismans-a-islandi\/","og_site_name":"Einar","article_published_time":"2012-04-21T21:07:41+00:00","article_modified_time":"2017-09-24T11:04:25+00:00","author":"einar","twitter_card":"summary_large_image","twitter_misc":{"Written by":false,"Est. reading time":"1 minute"},"schema":{"@context":"https:\/\/schema.org","@graph":[{"@type":"Article","@id":"https:\/\/www.norn.is\/einar\/2012\/04\/21\/vinir-fasismans-a-islandi\/#article","isPartOf":{"@id":"https:\/\/www.norn.is\/einar\/2012\/04\/21\/vinir-fasismans-a-islandi\/"},"author":{"name":"einar","@id":"https:\/\/www.norn.is\/einar\/#\/schema\/person\/19affadb841a22f7bfd4bdcd72a862d0"},"headline":"Vinir fasismans \u00e1 \u00cdslandi","datePublished":"2012-04-21T21:07:41+00:00","dateModified":"2017-09-24T11:04:25+00:00","mainEntityOfPage":{"@id":"https:\/\/www.norn.is\/einar\/2012\/04\/21\/vinir-fasismans-a-islandi\/"},"wordCount":132,"commentCount":0,"keywords":["Al\u00fej\u00f3\u00f0av\u00e6\u00f0ing","Einkaframtak","Fasismi","K\u00edna"],"articleSection":["Allt efni","L\u00fd\u00f0r\u00e6\u00f0ism\u00e1l og stj\u00f3rnarskr\u00e1","Stj\u00f3rnv\u00f6ld, stofnanir og r\u00edkisfyrirt\u00e6ki"],"inLanguage":"is","potentialAction":[{"@type":"CommentAction","name":"Comment","target":["https:\/\/www.norn.is\/einar\/2012\/04\/21\/vinir-fasismans-a-islandi\/#respond"]}]},{"@type":"WebPage","@id":"https:\/\/www.norn.is\/einar\/2012\/04\/21\/vinir-fasismans-a-islandi\/","url":"https:\/\/www.norn.is\/einar\/2012\/04\/21\/vinir-fasismans-a-islandi\/","name":"Vinir fasismans \u00e1 \u00cdslandi - Einar","isPartOf":{"@id":"https:\/\/www.norn.is\/einar\/#website"},"datePublished":"2012-04-21T21:07:41+00:00","dateModified":"2017-09-24T11:04:25+00:00","author":{"@id":"https:\/\/www.norn.is\/einar\/#\/schema\/person\/19affadb841a22f7bfd4bdcd72a862d0"},"breadcrumb":{"@id":"https:\/\/www.norn.is\/einar\/2012\/04\/21\/vinir-fasismans-a-islandi\/#breadcrumb"},"inLanguage":"is","potentialAction":[{"@type":"ReadAction","target":["https:\/\/www.norn.is\/einar\/2012\/04\/21\/vinir-fasismans-a-islandi\/"]}]},{"@type":"BreadcrumbList","@id":"https:\/\/www.norn.is\/einar\/2012\/04\/21\/vinir-fasismans-a-islandi\/#breadcrumb","itemListElement":[{"@type":"ListItem","position":1,"name":"Home","item":"https:\/\/www.norn.is\/einar\/"},{"@type":"ListItem","position":2,"name":"Vinir fasismans \u00e1 \u00cdslandi"}]},{"@type":"WebSite","@id":"https:\/\/www.norn.is\/einar\/#website","url":"https:\/\/www.norn.is\/einar\/","name":"Einar","description":"Pistlar Einars Steingr\u00edmssonar","potentialAction":[{"@type":"SearchAction","target":{"@type":"EntryPoint","urlTemplate":"https:\/\/www.norn.is\/einar\/?s={search_term_string}"},"query-input":{"@type":"PropertyValueSpecification","valueRequired":true,"valueName":"search_term_string"}}],"inLanguage":"is"},{"@type":"Person","@id":"https:\/\/www.norn.is\/einar\/#\/schema\/person\/19affadb841a22f7bfd4bdcd72a862d0","name":"einar","image":{"@type":"ImageObject","inLanguage":"is","@id":"https:\/\/secure.gravatar.com\/avatar\/6f5f5592f3cc45e338376db24f1672c636582d9c27d855e8f077f13ef13b17fd?s=96&d=mm&r=g","url":"https:\/\/secure.gravatar.com\/avatar\/6f5f5592f3cc45e338376db24f1672c636582d9c27d855e8f077f13ef13b17fd?s=96&d=mm&r=g","contentUrl":"https:\/\/secure.gravatar.com\/avatar\/6f5f5592f3cc45e338376db24f1672c636582d9c27d855e8f077f13ef13b17fd?s=96&d=mm&r=g","caption":"einar"},"url":"https:\/\/www.norn.is\/einar\/author\/einarsteingrimsson\/"}]}},"_links":{"self":[{"href":"https:\/\/www.norn.is\/einar\/wp-json\/wp\/v2\/posts\/261","targetHints":{"allow":["GET"]}}],"collection":[{"href":"https:\/\/www.norn.is\/einar\/wp-json\/wp\/v2\/posts"}],"about":[{"href":"https:\/\/www.norn.is\/einar\/wp-json\/wp\/v2\/types\/post"}],"author":[{"embeddable":true,"href":"https:\/\/www.norn.is\/einar\/wp-json\/wp\/v2\/users\/10"}],"replies":[{"embeddable":true,"href":"https:\/\/www.norn.is\/einar\/wp-json\/wp\/v2\/comments?post=261"}],"version-history":[{"count":1,"href":"https:\/\/www.norn.is\/einar\/wp-json\/wp\/v2\/posts\/261\/revisions"}],"predecessor-version":[{"id":262,"href":"https:\/\/www.norn.is\/einar\/wp-json\/wp\/v2\/posts\/261\/revisions\/262"}],"wp:attachment":[{"href":"https:\/\/www.norn.is\/einar\/wp-json\/wp\/v2\/media?parent=261"}],"wp:term":[{"taxonomy":"category","embeddable":true,"href":"https:\/\/www.norn.is\/einar\/wp-json\/wp\/v2\/categories?post=261"},{"taxonomy":"post_tag","embeddable":true,"href":"https:\/\/www.norn.is\/einar\/wp-json\/wp\/v2\/tags?post=261"}],"curies":[{"name":"wp","href":"https:\/\/api.w.org\/{rel}","templated":true}]}}