{"id":235,"date":"2012-02-18T20:36:39","date_gmt":"2012-02-18T20:36:39","guid":{"rendered":"http:\/\/www.norn.is\/einar\/?p=235"},"modified":"2017-09-24T11:04:25","modified_gmt":"2017-09-24T11:04:25","slug":"snorri-hatursarodur-og-rikiskirkjan","status":"publish","type":"post","link":"https:\/\/www.norn.is\/einar\/2012\/02\/18\/snorri-hatursarodur-og-rikiskirkjan\/","title":{"rendered":"Snorri, haturs\u00e1r\u00f3\u00f0ur og r\u00edkiskirkjan"},"content":{"rendered":"<p>N\u00fdlega var Snorri \u00ed Betel sendur \u00ed launa\u00f0 leyfi \u00far starfi s\u00ednu sem kennari, vegna\u00a0<a href=\"http:\/\/webcache.googleusercontent.com\/search?q=cache:kANuNKXGHaoJ:snorribetel.blog.is\/+betel+snorri+blog.is+laun+syndarinnar+dau%C3%B0i\">bloggpistils<\/a>\u00a0sem hann birti. Hafi \u00e9g skili\u00f0 r\u00e9tt var \u00fea\u00f0 vegna eftirfarandi or\u00f0a:<\/p>\n<blockquote><p>\u201eKjarninn \u00ed sj\u00f3narmi\u00f0i evangel\u00edskra er s\u00e1 a\u00f0 samkynhneig\u00f0in telst vera synd. Syndin erfir ekki Gu\u00f0s r\u00edki\u00f0 og \u00fev\u00ed \u00f3\u00e6skileg. Laun syndarinnar er dau\u00f0i og \u00fev\u00ed grafalvarleg.\u201c<\/p><\/blockquote>\n<p><!--more--><\/p>\n<p>M\u00e9r finnst \u00ed meira lagi vafasamt a\u00f0 refsa manni fyrir a\u00f0 halda \u00fev\u00ed fram a\u00f0 \u00feetta s\u00e9 \u201eKjarninn \u00ed sj\u00f3narmi\u00f0i evangel\u00edskra\u201c. Ekki s\u00edst vegna \u00feess a\u00f0 \u00e9g s\u00e9 ekki a\u00f0 h\u00e9r s\u00e9 um a\u00f0 r\u00e6\u00f0a sta\u00f0h\u00e6fingar sem falli\u00f0 geti undir haturs\u00e1r\u00f3\u00f0ur, \u00fev\u00ed eing\u00f6ngu er veri\u00f0 a\u00f0 l\u00fdsa afst\u00f6\u00f0u tiltekins tr\u00faarh\u00f3ps. \u00deessi afsta\u00f0a byggist vissulega \u00e1 vi\u00f0urstyggilegu manneskjuhatri, en \u00e9g f\u00e6 ekki s\u00e9\u00f0 a\u00f0 veri\u00f0 s\u00e9 a\u00f0 halda einhverju fram sem sta\u00f0reyndum, hva\u00f0 \u00fe\u00e1 a\u00f0 hvetja til ofs\u00f3kna gegn samkynhneig\u00f0um. Hva\u00f0 er \u201esynd\u201c, og hvernig \u00feessi tr\u00faarh\u00f3pur telur a\u00f0 gu\u00f0 hans refsi fyrir syndina, kemur okkur hinum nefnilega ekkert vi\u00f0.<\/p>\n<p>\u00dea\u00f0 vill gleymast a\u00f0 tj\u00e1ningarfrelsi\u00f0 er ekki til fyrir \u00fe\u00e1 sem okkur ge\u00f0jast a\u00f0, heldur hina sem okkur finnst hafa \u00f3ge\u00f0felldar sko\u00f0anir. \u00deess vegna vona \u00e9g a\u00f0 Snorri k\u00e6ri \u00farskur\u00f0inn, svo \u00fea\u00f0 f\u00e1ist \u00e1 hreint hvar m\u00f6rk tj\u00e1ningarfrelsisins liggja \u00e1 \u00cdslandi.<\/p>\n<p>\u00deetta er hins vegar ekki helsta efni \u00feessa pistils. Heldur hitt, a\u00f0 Snorri var einungis a\u00f0 benda \u00e1 \u00fea\u00f0 sem sagt er me\u00f0 \u00f3tv\u00edr\u00e6\u00f0um h\u00e6tti \u00ed Bibl\u00edunni. B\u00f3kin s\u00fa er\u00a0<a href=\"http:\/\/kirkjuthing.is\/gerdir\/2009\/4\">yfirl\u00fdst tr\u00faarrit \u00edslensku r\u00edkiskirkjunnar<\/a>, sem \u00fe\u00fd\u00f0ir me\u00f0al annars \u00feetta:<\/p>\n<blockquote><p>\u00dej\u00f3\u00f0kirkjan vi\u00f0urkennir heilaga ritningu Gamla og N\u00fdja testamentisins sem or\u00f0 Gu\u00f0s og sem uppsprettu og m\u00e6likvar\u00f0a bo\u00f0unar, tr\u00faar og l\u00edfs.<\/p><\/blockquote>\n<p>Vegna \u00feess a\u00f0 Snorri var a\u00f0 l\u00fdsa afst\u00f6\u00f0u sem birtist \u00ed Bibl\u00edunni ver\u00f0ur \u00fea\u00f0 \u00e1leitin spurning, ef liti\u00f0 er \u00e1 \u00feessa afst\u00f6\u00f0u sem \u00f3l\u00f6gm\u00e6tan haturs\u00e1r\u00f3\u00f0ur, hvort ekki \u00e6tti a\u00f0 banna Bibl\u00eduna (sem \u00e9g er ekki hlynntur, en \u00fea\u00f0 er anna\u00f0 m\u00e1l). \u00dea\u00f0 er hins vegar ekki heldur efni \u00feessa pistils \u2026<\/p>\n<p>\u00dea\u00f0 er \u00f3\u00fearfi a\u00f0 t\u00edna h\u00e9r til hin vel \u00feekktu d\u00e6mi um hatursbo\u00f0skap Bibl\u00edunnar og \u00fe\u00e1 \u00f3ge\u00f0felldu afst\u00f6\u00f0u sem \u00fear birtist \u00ed m\u00f6rgum m\u00e1lum, t.d. gagnvart samkynhneig\u00f0um og konum, og almennt um \u00fe\u00e6r vi\u00f0bj\u00f3\u00f0slegu refsingar sem fyrirskipa\u00f0ar eru \u00feeim sem fara \u00fat af sporinu.<\/p>\n<p>Sem betur fer gildir \u00fea\u00f0 um marga, og l\u00edklega langflesta, presta kristinnar kirkju \u00e1 \u00cdslandi a\u00f0 \u00feeir hafna algerlega haturs- og k\u00fagunarbo\u00f0skapnum sem svo miki\u00f0 er um \u00ed Bibl\u00edunni, og margir \u00feeirra eru meira a\u00f0 segja \u00e1berandi \u00ed bar\u00e1ttu fyrir \u00fdmsum \u00feeim mannr\u00e9ttindum sem fara \u00ed b\u00e1ga vi\u00f0 bo\u00f0un Bibl\u00edunnar. \u00cd \u00fev\u00ed lj\u00f3si er hins vegar \u00f3skiljanlegt af hverju \u00feeir l\u00fdsa \u00fev\u00ed samt yfir a\u00f0 \u00feeir l\u00edti \u00e1 \u00feetta rit sem \u201euppsprettu og m\u00e6likvar\u00f0a bo\u00f0unar, tr\u00faar og l\u00edfs.\u201c<\/p>\n<p>\u00dea\u00f0 vill svo til a\u00f0 Bibl\u00edan er\u00a0<em>ekki<\/em>\u00a0\u00f3breytanlegt tv\u00f6 \u00fe\u00fasund \u00e1ra gamalt rit. \u00c1 \u00fea\u00f0 er m.a. bent\u00a0<a href=\"http:\/\/www.visir.is\/i-bibliunni-er-baedi-ast-og-hatur\/article\/2012702189971\">h\u00e9r<\/a>. \u00dea\u00f0 er \u00fev\u00ed lj\u00f3st a\u00f0 kirkjan telur sig hafa svigr\u00fam til a\u00f0 endursko\u00f0a hva\u00f0 eigi a\u00f0 tilheyra \u00feessu riti sem h\u00fan grundvallar afst\u00f6\u00f0u s\u00edna \u00e1.<\/p>\n<p>M\u00e9r er a\u00f0 v\u00edsu fyrirmuna\u00f0 a\u00f0 skilja hvernig s\u00e6milega hugsandi f\u00f3lk, og \u00fe\u00e1 s\u00e9rstaklega \u00feeir sem auglj\u00f3slega eru miklir manneskjuvinir, l\u00e6tur s\u00e9r detta \u00ed hug a\u00f0 hampa Bibl\u00edunni i heild, \u00fe\u00f3tt \u00feetta f\u00f3lk a\u00f0hyllist margt af \u00fev\u00ed fallega sem \u00fear er a\u00f0 finna. En, \u00fea\u00f0 v\u00e6ri \u00e1hugavert a\u00f0 heyra sko\u00f0anir \u00feess frj\u00e1lslynda f\u00f3lks \u00e1 \u00feessu m\u00e1li. S\u00e9rstaklega ef \u00fea\u00f0 er tilb\u00fai\u00f0 til a\u00f0 r\u00f6kr\u00e6\u00f0a \u00feessi m\u00e1l, frekar en a\u00f0 fl\u00fdja inn \u00ed heim h\u00e1lfkve\u00f0inna v\u00edsa og \u00feokukenndra \u00feversagna, eins og algengt er me\u00f0al forsvarsmanna kirkjunnar, t.d. \u00ed\u00a0<a href=\"http:\/\/tru.is\/svor\/2005\/04\/glatast_oskird_born\">\u00feessu litla d\u00e6mi<\/a>.<\/p>\n<p>\u00dev\u00ed skora \u00e9g h\u00e9r me\u00f0 \u00e1 alla \u201efrj\u00e1lslynda\u201c presta og gu\u00f0fr\u00e6\u00f0inga a\u00f0 \u00fatsk\u00fdra fyrir okkur af hverju \u00feeir st\u00edga ekki skrefi\u00f0 til fulls og setja saman \u00fea\u00f0 sem \u00feeir \u00ed raun l\u00edta \u00e1 sem tr\u00faarrit sitt, og birta \u00fea\u00f0 opinberlega, frekar en a\u00f0 dragnast \u00e1fram me\u00f0 n\u00faverandi Bibl\u00edu sem bo\u00f0ar hatur og refsingar \u00e1 svo m\u00f6rgum h\u00f3pum f\u00f3lks.<\/p>\n<p>&nbsp;<\/p>\n","protected":false},"excerpt":{"rendered":"<p>N\u00fdlega var Snorri \u00ed Betel sendur \u00ed launa\u00f0 leyfi \u00far starfi s\u00ednu sem kennari, vegna\u00a0bloggpistils\u00a0sem hann birti. Hafi \u00e9g skili\u00f0 r\u00e9tt var \u00fea\u00f0 vegna eftirfarandi or\u00f0a: \u201eKjarninn \u00ed sj\u00f3narmi\u00f0i evangel\u00edskra er s\u00e1 a\u00f0 samkynhneig\u00f0in telst vera synd. Syndin erfir ekki &hellip; <a href=\"https:\/\/www.norn.is\/einar\/2012\/02\/18\/snorri-hatursarodur-og-rikiskirkjan\/\">Halda \u00e1fram a\u00f0 lesa <span class=\"meta-nav\">&rarr;<\/span><\/a><\/p>\n","protected":false},"author":10,"featured_media":0,"comment_status":"open","ping_status":"open","sticky":false,"template":"","format":"standard","meta":{"footnotes":""},"categories":[1,26],"tags":[204,203,5,205],"class_list":["post-235","post","type-post","status-publish","format-standard","hentry","category-oflokkad","category-mannrettindi","tag-hatursordraeda","tag-snorri-i-betel","tag-tjaningarfrelsi","tag-trumal"],"yoast_head":"<!-- This site is optimized with the Yoast SEO plugin v27.5 - https:\/\/yoast.com\/product\/yoast-seo-wordpress\/ -->\n<title>Snorri, haturs\u00e1r\u00f3\u00f0ur og r\u00edkiskirkjan - Einar<\/title>\n<meta name=\"robots\" content=\"index, follow, max-snippet:-1, max-image-preview:large, max-video-preview:-1\" \/>\n<link rel=\"canonical\" href=\"https:\/\/www.norn.is\/einar\/2012\/02\/18\/snorri-hatursarodur-og-rikiskirkjan\/\" \/>\n<meta property=\"og:locale\" content=\"is_IS\" \/>\n<meta property=\"og:type\" content=\"article\" \/>\n<meta property=\"og:title\" content=\"Snorri, haturs\u00e1r\u00f3\u00f0ur og r\u00edkiskirkjan - Einar\" \/>\n<meta property=\"og:description\" content=\"N\u00fdlega var Snorri \u00ed Betel sendur \u00ed launa\u00f0 leyfi \u00far starfi s\u00ednu sem kennari, vegna\u00a0bloggpistils\u00a0sem hann birti. Hafi \u00e9g skili\u00f0 r\u00e9tt var \u00fea\u00f0 vegna eftirfarandi or\u00f0a: \u201eKjarninn \u00ed sj\u00f3narmi\u00f0i evangel\u00edskra er s\u00e1 a\u00f0 samkynhneig\u00f0in telst vera synd. Syndin erfir ekki &hellip; Halda \u00e1fram a\u00f0 lesa &rarr;\" \/>\n<meta property=\"og:url\" content=\"https:\/\/www.norn.is\/einar\/2012\/02\/18\/snorri-hatursarodur-og-rikiskirkjan\/\" \/>\n<meta property=\"og:site_name\" content=\"Einar\" \/>\n<meta property=\"article:published_time\" content=\"2012-02-18T20:36:39+00:00\" \/>\n<meta property=\"article:modified_time\" content=\"2017-09-24T11:04:25+00:00\" \/>\n<meta name=\"author\" content=\"einar\" \/>\n<meta name=\"twitter:card\" content=\"summary_large_image\" \/>\n<meta name=\"twitter:label1\" content=\"Written by\" \/>\n\t<meta name=\"twitter:data1\" content=\"\" \/>\n\t<meta name=\"twitter:label2\" content=\"Est. reading time\" \/>\n\t<meta name=\"twitter:data2\" content=\"4 minutes\" \/>\n<script type=\"application\/ld+json\" class=\"yoast-schema-graph\">{\"@context\":\"https:\\\/\\\/schema.org\",\"@graph\":[{\"@type\":\"Article\",\"@id\":\"https:\\\/\\\/www.norn.is\\\/einar\\\/2012\\\/02\\\/18\\\/snorri-hatursarodur-og-rikiskirkjan\\\/#article\",\"isPartOf\":{\"@id\":\"https:\\\/\\\/www.norn.is\\\/einar\\\/2012\\\/02\\\/18\\\/snorri-hatursarodur-og-rikiskirkjan\\\/\"},\"author\":{\"name\":\"einar\",\"@id\":\"https:\\\/\\\/www.norn.is\\\/einar\\\/#\\\/schema\\\/person\\\/19affadb841a22f7bfd4bdcd72a862d0\"},\"headline\":\"Snorri, haturs\u00e1r\u00f3\u00f0ur og r\u00edkiskirkjan\",\"datePublished\":\"2012-02-18T20:36:39+00:00\",\"dateModified\":\"2017-09-24T11:04:25+00:00\",\"mainEntityOfPage\":{\"@id\":\"https:\\\/\\\/www.norn.is\\\/einar\\\/2012\\\/02\\\/18\\\/snorri-hatursarodur-og-rikiskirkjan\\\/\"},\"wordCount\":747,\"commentCount\":0,\"keywords\":[\"Hatursor\u00f0r\u00e6\u00f0a\",\"Snorri \u00ed Betel\",\"Tj\u00e1ningarfrelsi\",\"Tr\u00fam\u00e1l\"],\"articleSection\":[\"Allt efni\",\"Mannr\u00e9ttindi\"],\"inLanguage\":\"is\",\"potentialAction\":[{\"@type\":\"CommentAction\",\"name\":\"Comment\",\"target\":[\"https:\\\/\\\/www.norn.is\\\/einar\\\/2012\\\/02\\\/18\\\/snorri-hatursarodur-og-rikiskirkjan\\\/#respond\"]}]},{\"@type\":\"WebPage\",\"@id\":\"https:\\\/\\\/www.norn.is\\\/einar\\\/2012\\\/02\\\/18\\\/snorri-hatursarodur-og-rikiskirkjan\\\/\",\"url\":\"https:\\\/\\\/www.norn.is\\\/einar\\\/2012\\\/02\\\/18\\\/snorri-hatursarodur-og-rikiskirkjan\\\/\",\"name\":\"Snorri, haturs\u00e1r\u00f3\u00f0ur og r\u00edkiskirkjan - Einar\",\"isPartOf\":{\"@id\":\"https:\\\/\\\/www.norn.is\\\/einar\\\/#website\"},\"datePublished\":\"2012-02-18T20:36:39+00:00\",\"dateModified\":\"2017-09-24T11:04:25+00:00\",\"author\":{\"@id\":\"https:\\\/\\\/www.norn.is\\\/einar\\\/#\\\/schema\\\/person\\\/19affadb841a22f7bfd4bdcd72a862d0\"},\"breadcrumb\":{\"@id\":\"https:\\\/\\\/www.norn.is\\\/einar\\\/2012\\\/02\\\/18\\\/snorri-hatursarodur-og-rikiskirkjan\\\/#breadcrumb\"},\"inLanguage\":\"is\",\"potentialAction\":[{\"@type\":\"ReadAction\",\"target\":[\"https:\\\/\\\/www.norn.is\\\/einar\\\/2012\\\/02\\\/18\\\/snorri-hatursarodur-og-rikiskirkjan\\\/\"]}]},{\"@type\":\"BreadcrumbList\",\"@id\":\"https:\\\/\\\/www.norn.is\\\/einar\\\/2012\\\/02\\\/18\\\/snorri-hatursarodur-og-rikiskirkjan\\\/#breadcrumb\",\"itemListElement\":[{\"@type\":\"ListItem\",\"position\":1,\"name\":\"Home\",\"item\":\"https:\\\/\\\/www.norn.is\\\/einar\\\/\"},{\"@type\":\"ListItem\",\"position\":2,\"name\":\"Snorri, haturs\u00e1r\u00f3\u00f0ur og r\u00edkiskirkjan\"}]},{\"@type\":\"WebSite\",\"@id\":\"https:\\\/\\\/www.norn.is\\\/einar\\\/#website\",\"url\":\"https:\\\/\\\/www.norn.is\\\/einar\\\/\",\"name\":\"Einar\",\"description\":\"Pistlar Einars Steingr\u00edmssonar\",\"potentialAction\":[{\"@type\":\"SearchAction\",\"target\":{\"@type\":\"EntryPoint\",\"urlTemplate\":\"https:\\\/\\\/www.norn.is\\\/einar\\\/?s={search_term_string}\"},\"query-input\":{\"@type\":\"PropertyValueSpecification\",\"valueRequired\":true,\"valueName\":\"search_term_string\"}}],\"inLanguage\":\"is\"},{\"@type\":\"Person\",\"@id\":\"https:\\\/\\\/www.norn.is\\\/einar\\\/#\\\/schema\\\/person\\\/19affadb841a22f7bfd4bdcd72a862d0\",\"name\":\"einar\",\"image\":{\"@type\":\"ImageObject\",\"inLanguage\":\"is\",\"@id\":\"https:\\\/\\\/secure.gravatar.com\\\/avatar\\\/6f5f5592f3cc45e338376db24f1672c636582d9c27d855e8f077f13ef13b17fd?s=96&d=mm&r=g\",\"url\":\"https:\\\/\\\/secure.gravatar.com\\\/avatar\\\/6f5f5592f3cc45e338376db24f1672c636582d9c27d855e8f077f13ef13b17fd?s=96&d=mm&r=g\",\"contentUrl\":\"https:\\\/\\\/secure.gravatar.com\\\/avatar\\\/6f5f5592f3cc45e338376db24f1672c636582d9c27d855e8f077f13ef13b17fd?s=96&d=mm&r=g\",\"caption\":\"einar\"},\"url\":\"https:\\\/\\\/www.norn.is\\\/einar\\\/author\\\/einarsteingrimsson\\\/\"}]}<\/script>\n<!-- \/ Yoast SEO plugin. -->","yoast_head_json":{"title":"Snorri, haturs\u00e1r\u00f3\u00f0ur og r\u00edkiskirkjan - Einar","robots":{"index":"index","follow":"follow","max-snippet":"max-snippet:-1","max-image-preview":"max-image-preview:large","max-video-preview":"max-video-preview:-1"},"canonical":"https:\/\/www.norn.is\/einar\/2012\/02\/18\/snorri-hatursarodur-og-rikiskirkjan\/","og_locale":"is_IS","og_type":"article","og_title":"Snorri, haturs\u00e1r\u00f3\u00f0ur og r\u00edkiskirkjan - Einar","og_description":"N\u00fdlega var Snorri \u00ed Betel sendur \u00ed launa\u00f0 leyfi \u00far starfi s\u00ednu sem kennari, vegna\u00a0bloggpistils\u00a0sem hann birti. Hafi \u00e9g skili\u00f0 r\u00e9tt var \u00fea\u00f0 vegna eftirfarandi or\u00f0a: \u201eKjarninn \u00ed sj\u00f3narmi\u00f0i evangel\u00edskra er s\u00e1 a\u00f0 samkynhneig\u00f0in telst vera synd. Syndin erfir ekki &hellip; Halda \u00e1fram a\u00f0 lesa &rarr;","og_url":"https:\/\/www.norn.is\/einar\/2012\/02\/18\/snorri-hatursarodur-og-rikiskirkjan\/","og_site_name":"Einar","article_published_time":"2012-02-18T20:36:39+00:00","article_modified_time":"2017-09-24T11:04:25+00:00","author":"einar","twitter_card":"summary_large_image","twitter_misc":{"Written by":false,"Est. reading time":"4 minutes"},"schema":{"@context":"https:\/\/schema.org","@graph":[{"@type":"Article","@id":"https:\/\/www.norn.is\/einar\/2012\/02\/18\/snorri-hatursarodur-og-rikiskirkjan\/#article","isPartOf":{"@id":"https:\/\/www.norn.is\/einar\/2012\/02\/18\/snorri-hatursarodur-og-rikiskirkjan\/"},"author":{"name":"einar","@id":"https:\/\/www.norn.is\/einar\/#\/schema\/person\/19affadb841a22f7bfd4bdcd72a862d0"},"headline":"Snorri, haturs\u00e1r\u00f3\u00f0ur og r\u00edkiskirkjan","datePublished":"2012-02-18T20:36:39+00:00","dateModified":"2017-09-24T11:04:25+00:00","mainEntityOfPage":{"@id":"https:\/\/www.norn.is\/einar\/2012\/02\/18\/snorri-hatursarodur-og-rikiskirkjan\/"},"wordCount":747,"commentCount":0,"keywords":["Hatursor\u00f0r\u00e6\u00f0a","Snorri \u00ed Betel","Tj\u00e1ningarfrelsi","Tr\u00fam\u00e1l"],"articleSection":["Allt efni","Mannr\u00e9ttindi"],"inLanguage":"is","potentialAction":[{"@type":"CommentAction","name":"Comment","target":["https:\/\/www.norn.is\/einar\/2012\/02\/18\/snorri-hatursarodur-og-rikiskirkjan\/#respond"]}]},{"@type":"WebPage","@id":"https:\/\/www.norn.is\/einar\/2012\/02\/18\/snorri-hatursarodur-og-rikiskirkjan\/","url":"https:\/\/www.norn.is\/einar\/2012\/02\/18\/snorri-hatursarodur-og-rikiskirkjan\/","name":"Snorri, haturs\u00e1r\u00f3\u00f0ur og r\u00edkiskirkjan - Einar","isPartOf":{"@id":"https:\/\/www.norn.is\/einar\/#website"},"datePublished":"2012-02-18T20:36:39+00:00","dateModified":"2017-09-24T11:04:25+00:00","author":{"@id":"https:\/\/www.norn.is\/einar\/#\/schema\/person\/19affadb841a22f7bfd4bdcd72a862d0"},"breadcrumb":{"@id":"https:\/\/www.norn.is\/einar\/2012\/02\/18\/snorri-hatursarodur-og-rikiskirkjan\/#breadcrumb"},"inLanguage":"is","potentialAction":[{"@type":"ReadAction","target":["https:\/\/www.norn.is\/einar\/2012\/02\/18\/snorri-hatursarodur-og-rikiskirkjan\/"]}]},{"@type":"BreadcrumbList","@id":"https:\/\/www.norn.is\/einar\/2012\/02\/18\/snorri-hatursarodur-og-rikiskirkjan\/#breadcrumb","itemListElement":[{"@type":"ListItem","position":1,"name":"Home","item":"https:\/\/www.norn.is\/einar\/"},{"@type":"ListItem","position":2,"name":"Snorri, haturs\u00e1r\u00f3\u00f0ur og r\u00edkiskirkjan"}]},{"@type":"WebSite","@id":"https:\/\/www.norn.is\/einar\/#website","url":"https:\/\/www.norn.is\/einar\/","name":"Einar","description":"Pistlar Einars Steingr\u00edmssonar","potentialAction":[{"@type":"SearchAction","target":{"@type":"EntryPoint","urlTemplate":"https:\/\/www.norn.is\/einar\/?s={search_term_string}"},"query-input":{"@type":"PropertyValueSpecification","valueRequired":true,"valueName":"search_term_string"}}],"inLanguage":"is"},{"@type":"Person","@id":"https:\/\/www.norn.is\/einar\/#\/schema\/person\/19affadb841a22f7bfd4bdcd72a862d0","name":"einar","image":{"@type":"ImageObject","inLanguage":"is","@id":"https:\/\/secure.gravatar.com\/avatar\/6f5f5592f3cc45e338376db24f1672c636582d9c27d855e8f077f13ef13b17fd?s=96&d=mm&r=g","url":"https:\/\/secure.gravatar.com\/avatar\/6f5f5592f3cc45e338376db24f1672c636582d9c27d855e8f077f13ef13b17fd?s=96&d=mm&r=g","contentUrl":"https:\/\/secure.gravatar.com\/avatar\/6f5f5592f3cc45e338376db24f1672c636582d9c27d855e8f077f13ef13b17fd?s=96&d=mm&r=g","caption":"einar"},"url":"https:\/\/www.norn.is\/einar\/author\/einarsteingrimsson\/"}]}},"_links":{"self":[{"href":"https:\/\/www.norn.is\/einar\/wp-json\/wp\/v2\/posts\/235","targetHints":{"allow":["GET"]}}],"collection":[{"href":"https:\/\/www.norn.is\/einar\/wp-json\/wp\/v2\/posts"}],"about":[{"href":"https:\/\/www.norn.is\/einar\/wp-json\/wp\/v2\/types\/post"}],"author":[{"embeddable":true,"href":"https:\/\/www.norn.is\/einar\/wp-json\/wp\/v2\/users\/10"}],"replies":[{"embeddable":true,"href":"https:\/\/www.norn.is\/einar\/wp-json\/wp\/v2\/comments?post=235"}],"version-history":[{"count":1,"href":"https:\/\/www.norn.is\/einar\/wp-json\/wp\/v2\/posts\/235\/revisions"}],"predecessor-version":[{"id":236,"href":"https:\/\/www.norn.is\/einar\/wp-json\/wp\/v2\/posts\/235\/revisions\/236"}],"wp:attachment":[{"href":"https:\/\/www.norn.is\/einar\/wp-json\/wp\/v2\/media?parent=235"}],"wp:term":[{"taxonomy":"category","embeddable":true,"href":"https:\/\/www.norn.is\/einar\/wp-json\/wp\/v2\/categories?post=235"},{"taxonomy":"post_tag","embeddable":true,"href":"https:\/\/www.norn.is\/einar\/wp-json\/wp\/v2\/tags?post=235"}],"curies":[{"name":"wp","href":"https:\/\/api.w.org\/{rel}","templated":true}]}}