{"id":229,"date":"2012-02-05T20:29:01","date_gmt":"2012-02-05T20:29:01","guid":{"rendered":"http:\/\/www.norn.is\/einar\/?p=229"},"modified":"2017-09-24T11:04:25","modified_gmt":"2017-09-24T11:04:25","slug":"vill-fjarmalaradherra-lata-virkja","status":"publish","type":"post","link":"https:\/\/www.norn.is\/einar\/2012\/02\/05\/vill-fjarmalaradherra-lata-virkja\/","title":{"rendered":"Vill fj\u00e1rm\u00e1lar\u00e1\u00f0herra l\u00e1ta virkja?"},"content":{"rendered":"<p>Eftirfarandi var haft eftir Oddn\u00fdju Har\u00f0ard\u00f3ttur fj\u00e1rm\u00e1lar\u00e1\u00f0herra \u00ed\u00a0<a href=\"http:\/\/www.ruv.is\/frett\/oddny-um-thjorsarvirkjun\">kv\u00f6ldfr\u00e9ttum R\u00daV<\/a>:<\/p>\n<blockquote><p>\u201e\u00dea\u00f0 er nau\u00f0synlegt fyrir okkur a\u00f0 n\u00fdta okkur okkar orkuau\u00f0lindir til \u00feess a\u00f0 a\u00f0 halda h\u00e9r uppi velfer\u00f0 \u00ed landinu\u201c, sag\u00f0i Oddn\u00fd og b\u00e6tti \u00fev\u00ed vi\u00f0 a\u00f0 h\u00fan vissi ekki hvort \u00fea\u00f0 yr\u00f0i byrja\u00f0 a\u00f0 virkja \u00ed ne\u00f0ri hluta \u00dej\u00f3rs\u00e1r flj\u00f3tlega, \u2026<\/p><\/blockquote>\n<blockquote><p>\u00a0I\u00f0na\u00f0arr\u00e1\u00f0herra segir a\u00f0 ferli\u00f0 um virkjun \u00ed ne\u00f0ri hluta \u00dej\u00f3rs\u00e1r ver\u00f0i a\u00f0 vera faglegt, ekki p\u00f3lit\u00edskt. R\u00e1\u00f0herrann vill ekki virkja hafi \u00fea\u00f0 ska\u00f0leg \u00e1hrif \u00e1 l\u00edfr\u00edki\u00f0.<\/p><\/blockquote>\n<p><!--more--><\/p>\n<p>\u00deetta er afar \u00f3lj\u00f3st, sumt rangt og anna\u00f0 \u00feversagnakennt:<\/p>\n<ul>\n<li>\u00dea\u00f0 er p\u00f3lit\u00edsk \u00e1kv\u00f6r\u00f0un hvort meira ver\u00f0ur virkja\u00f0.<\/li>\n<li>\u00dea\u00f0 er ekki nau\u00f0synlegt a\u00f0 virkja meira til a\u00f0 halda uppi velfer\u00f0 \u00ed landinu.<\/li>\n<li>\u00dea\u00f0 er lj\u00f3st a\u00f0 virkjun \u00ed ne\u00f0ri hluta \u00dej\u00f3rs\u00e1r myndi hafa ska\u00f0leg \u00e1hrif \u00e1 l\u00edfr\u00edki\u00f0.<\/li>\n<\/ul>\n<p>Vonandi stafa \u00feessar \u00feversagnir \u00ed m\u00e1lflutningi Oddn\u00fdjar ekki af \u00fev\u00ed a\u00f0 h\u00fan s\u00e9 eindregi\u00f0 fylgjandi virkjunum en vilji ekki vi\u00f0urkenna \u00fea\u00f0. \u00a0En \u00fea\u00f0 er dapurlegt a\u00f0 heyra enn einn n\u00fdli\u00f0ann \u00e1 valdast\u00f3li tala \u00ed t\u00f3mum \u00fevers\u00f6gnum.<\/p>\n","protected":false},"excerpt":{"rendered":"<p>Eftirfarandi var haft eftir Oddn\u00fdju Har\u00f0ard\u00f3ttur fj\u00e1rm\u00e1lar\u00e1\u00f0herra \u00ed\u00a0kv\u00f6ldfr\u00e9ttum R\u00daV: \u201e\u00dea\u00f0 er nau\u00f0synlegt fyrir okkur a\u00f0 n\u00fdta okkur okkar orkuau\u00f0lindir til \u00feess a\u00f0 a\u00f0 halda h\u00e9r uppi velfer\u00f0 \u00ed landinu\u201c, sag\u00f0i Oddn\u00fd og b\u00e6tti \u00fev\u00ed vi\u00f0 a\u00f0 h\u00fan vissi ekki hvort &hellip; <a href=\"https:\/\/www.norn.is\/einar\/2012\/02\/05\/vill-fjarmalaradherra-lata-virkja\/\">Halda \u00e1fram a\u00f0 lesa <span class=\"meta-nav\">&rarr;<\/span><\/a><\/p>\n","protected":false},"author":10,"featured_media":0,"comment_status":"open","ping_status":"open","sticky":false,"template":"","format":"standard","meta":{"footnotes":""},"categories":[1,11],"tags":[174,171],"class_list":["post-229","post","type-post","status-publish","format-standard","hentry","category-oflokkad","category-umhverfi-og-audlindir","tag-oddny-hardardottir","tag-thjorsa"],"yoast_head":"<!-- This site is optimized with the Yoast SEO plugin v27.5 - https:\/\/yoast.com\/product\/yoast-seo-wordpress\/ -->\n<title>Vill fj\u00e1rm\u00e1lar\u00e1\u00f0herra l\u00e1ta virkja? - Einar<\/title>\n<meta name=\"robots\" content=\"index, follow, max-snippet:-1, max-image-preview:large, max-video-preview:-1\" \/>\n<link rel=\"canonical\" href=\"https:\/\/www.norn.is\/einar\/2012\/02\/05\/vill-fjarmalaradherra-lata-virkja\/\" \/>\n<meta property=\"og:locale\" content=\"is_IS\" \/>\n<meta property=\"og:type\" content=\"article\" \/>\n<meta property=\"og:title\" content=\"Vill fj\u00e1rm\u00e1lar\u00e1\u00f0herra l\u00e1ta virkja? - Einar\" \/>\n<meta property=\"og:description\" content=\"Eftirfarandi var haft eftir Oddn\u00fdju Har\u00f0ard\u00f3ttur fj\u00e1rm\u00e1lar\u00e1\u00f0herra \u00ed\u00a0kv\u00f6ldfr\u00e9ttum R\u00daV: \u201e\u00dea\u00f0 er nau\u00f0synlegt fyrir okkur a\u00f0 n\u00fdta okkur okkar orkuau\u00f0lindir til \u00feess a\u00f0 a\u00f0 halda h\u00e9r uppi velfer\u00f0 \u00ed landinu\u201c, sag\u00f0i Oddn\u00fd og b\u00e6tti \u00fev\u00ed vi\u00f0 a\u00f0 h\u00fan vissi ekki hvort &hellip; Halda \u00e1fram a\u00f0 lesa &rarr;\" \/>\n<meta property=\"og:url\" content=\"https:\/\/www.norn.is\/einar\/2012\/02\/05\/vill-fjarmalaradherra-lata-virkja\/\" \/>\n<meta property=\"og:site_name\" content=\"Einar\" \/>\n<meta property=\"article:published_time\" content=\"2012-02-05T20:29:01+00:00\" \/>\n<meta property=\"article:modified_time\" content=\"2017-09-24T11:04:25+00:00\" \/>\n<meta name=\"author\" content=\"einar\" \/>\n<meta name=\"twitter:card\" content=\"summary_large_image\" \/>\n<meta name=\"twitter:label1\" content=\"Written by\" \/>\n\t<meta name=\"twitter:data1\" content=\"\" \/>\n\t<meta name=\"twitter:label2\" content=\"Est. reading time\" \/>\n\t<meta name=\"twitter:data2\" content=\"1 minute\" \/>\n<script type=\"application\/ld+json\" class=\"yoast-schema-graph\">{\"@context\":\"https:\\\/\\\/schema.org\",\"@graph\":[{\"@type\":\"Article\",\"@id\":\"https:\\\/\\\/www.norn.is\\\/einar\\\/2012\\\/02\\\/05\\\/vill-fjarmalaradherra-lata-virkja\\\/#article\",\"isPartOf\":{\"@id\":\"https:\\\/\\\/www.norn.is\\\/einar\\\/2012\\\/02\\\/05\\\/vill-fjarmalaradherra-lata-virkja\\\/\"},\"author\":{\"name\":\"einar\",\"@id\":\"https:\\\/\\\/www.norn.is\\\/einar\\\/#\\\/schema\\\/person\\\/19affadb841a22f7bfd4bdcd72a862d0\"},\"headline\":\"Vill fj\u00e1rm\u00e1lar\u00e1\u00f0herra l\u00e1ta virkja?\",\"datePublished\":\"2012-02-05T20:29:01+00:00\",\"dateModified\":\"2017-09-24T11:04:25+00:00\",\"mainEntityOfPage\":{\"@id\":\"https:\\\/\\\/www.norn.is\\\/einar\\\/2012\\\/02\\\/05\\\/vill-fjarmalaradherra-lata-virkja\\\/\"},\"wordCount\":213,\"commentCount\":0,\"keywords\":[\"Oddn\u00fd Har\u00f0ard\u00f3ttir\",\"\u00dej\u00f3rs\u00e1\"],\"articleSection\":[\"Allt efni\",\"Umhverfi og au\u00f0lindir\"],\"inLanguage\":\"is\",\"potentialAction\":[{\"@type\":\"CommentAction\",\"name\":\"Comment\",\"target\":[\"https:\\\/\\\/www.norn.is\\\/einar\\\/2012\\\/02\\\/05\\\/vill-fjarmalaradherra-lata-virkja\\\/#respond\"]}]},{\"@type\":\"WebPage\",\"@id\":\"https:\\\/\\\/www.norn.is\\\/einar\\\/2012\\\/02\\\/05\\\/vill-fjarmalaradherra-lata-virkja\\\/\",\"url\":\"https:\\\/\\\/www.norn.is\\\/einar\\\/2012\\\/02\\\/05\\\/vill-fjarmalaradherra-lata-virkja\\\/\",\"name\":\"Vill fj\u00e1rm\u00e1lar\u00e1\u00f0herra l\u00e1ta virkja? - Einar\",\"isPartOf\":{\"@id\":\"https:\\\/\\\/www.norn.is\\\/einar\\\/#website\"},\"datePublished\":\"2012-02-05T20:29:01+00:00\",\"dateModified\":\"2017-09-24T11:04:25+00:00\",\"author\":{\"@id\":\"https:\\\/\\\/www.norn.is\\\/einar\\\/#\\\/schema\\\/person\\\/19affadb841a22f7bfd4bdcd72a862d0\"},\"breadcrumb\":{\"@id\":\"https:\\\/\\\/www.norn.is\\\/einar\\\/2012\\\/02\\\/05\\\/vill-fjarmalaradherra-lata-virkja\\\/#breadcrumb\"},\"inLanguage\":\"is\",\"potentialAction\":[{\"@type\":\"ReadAction\",\"target\":[\"https:\\\/\\\/www.norn.is\\\/einar\\\/2012\\\/02\\\/05\\\/vill-fjarmalaradherra-lata-virkja\\\/\"]}]},{\"@type\":\"BreadcrumbList\",\"@id\":\"https:\\\/\\\/www.norn.is\\\/einar\\\/2012\\\/02\\\/05\\\/vill-fjarmalaradherra-lata-virkja\\\/#breadcrumb\",\"itemListElement\":[{\"@type\":\"ListItem\",\"position\":1,\"name\":\"Home\",\"item\":\"https:\\\/\\\/www.norn.is\\\/einar\\\/\"},{\"@type\":\"ListItem\",\"position\":2,\"name\":\"Vill fj\u00e1rm\u00e1lar\u00e1\u00f0herra l\u00e1ta virkja?\"}]},{\"@type\":\"WebSite\",\"@id\":\"https:\\\/\\\/www.norn.is\\\/einar\\\/#website\",\"url\":\"https:\\\/\\\/www.norn.is\\\/einar\\\/\",\"name\":\"Einar\",\"description\":\"Pistlar Einars Steingr\u00edmssonar\",\"potentialAction\":[{\"@type\":\"SearchAction\",\"target\":{\"@type\":\"EntryPoint\",\"urlTemplate\":\"https:\\\/\\\/www.norn.is\\\/einar\\\/?s={search_term_string}\"},\"query-input\":{\"@type\":\"PropertyValueSpecification\",\"valueRequired\":true,\"valueName\":\"search_term_string\"}}],\"inLanguage\":\"is\"},{\"@type\":\"Person\",\"@id\":\"https:\\\/\\\/www.norn.is\\\/einar\\\/#\\\/schema\\\/person\\\/19affadb841a22f7bfd4bdcd72a862d0\",\"name\":\"einar\",\"image\":{\"@type\":\"ImageObject\",\"inLanguage\":\"is\",\"@id\":\"https:\\\/\\\/secure.gravatar.com\\\/avatar\\\/6f5f5592f3cc45e338376db24f1672c636582d9c27d855e8f077f13ef13b17fd?s=96&d=mm&r=g\",\"url\":\"https:\\\/\\\/secure.gravatar.com\\\/avatar\\\/6f5f5592f3cc45e338376db24f1672c636582d9c27d855e8f077f13ef13b17fd?s=96&d=mm&r=g\",\"contentUrl\":\"https:\\\/\\\/secure.gravatar.com\\\/avatar\\\/6f5f5592f3cc45e338376db24f1672c636582d9c27d855e8f077f13ef13b17fd?s=96&d=mm&r=g\",\"caption\":\"einar\"},\"url\":\"https:\\\/\\\/www.norn.is\\\/einar\\\/author\\\/einarsteingrimsson\\\/\"}]}<\/script>\n<!-- \/ Yoast SEO plugin. -->","yoast_head_json":{"title":"Vill fj\u00e1rm\u00e1lar\u00e1\u00f0herra l\u00e1ta virkja? - Einar","robots":{"index":"index","follow":"follow","max-snippet":"max-snippet:-1","max-image-preview":"max-image-preview:large","max-video-preview":"max-video-preview:-1"},"canonical":"https:\/\/www.norn.is\/einar\/2012\/02\/05\/vill-fjarmalaradherra-lata-virkja\/","og_locale":"is_IS","og_type":"article","og_title":"Vill fj\u00e1rm\u00e1lar\u00e1\u00f0herra l\u00e1ta virkja? - Einar","og_description":"Eftirfarandi var haft eftir Oddn\u00fdju Har\u00f0ard\u00f3ttur fj\u00e1rm\u00e1lar\u00e1\u00f0herra \u00ed\u00a0kv\u00f6ldfr\u00e9ttum R\u00daV: \u201e\u00dea\u00f0 er nau\u00f0synlegt fyrir okkur a\u00f0 n\u00fdta okkur okkar orkuau\u00f0lindir til \u00feess a\u00f0 a\u00f0 halda h\u00e9r uppi velfer\u00f0 \u00ed landinu\u201c, sag\u00f0i Oddn\u00fd og b\u00e6tti \u00fev\u00ed vi\u00f0 a\u00f0 h\u00fan vissi ekki hvort &hellip; Halda \u00e1fram a\u00f0 lesa &rarr;","og_url":"https:\/\/www.norn.is\/einar\/2012\/02\/05\/vill-fjarmalaradherra-lata-virkja\/","og_site_name":"Einar","article_published_time":"2012-02-05T20:29:01+00:00","article_modified_time":"2017-09-24T11:04:25+00:00","author":"einar","twitter_card":"summary_large_image","twitter_misc":{"Written by":false,"Est. reading time":"1 minute"},"schema":{"@context":"https:\/\/schema.org","@graph":[{"@type":"Article","@id":"https:\/\/www.norn.is\/einar\/2012\/02\/05\/vill-fjarmalaradherra-lata-virkja\/#article","isPartOf":{"@id":"https:\/\/www.norn.is\/einar\/2012\/02\/05\/vill-fjarmalaradherra-lata-virkja\/"},"author":{"name":"einar","@id":"https:\/\/www.norn.is\/einar\/#\/schema\/person\/19affadb841a22f7bfd4bdcd72a862d0"},"headline":"Vill fj\u00e1rm\u00e1lar\u00e1\u00f0herra l\u00e1ta virkja?","datePublished":"2012-02-05T20:29:01+00:00","dateModified":"2017-09-24T11:04:25+00:00","mainEntityOfPage":{"@id":"https:\/\/www.norn.is\/einar\/2012\/02\/05\/vill-fjarmalaradherra-lata-virkja\/"},"wordCount":213,"commentCount":0,"keywords":["Oddn\u00fd Har\u00f0ard\u00f3ttir","\u00dej\u00f3rs\u00e1"],"articleSection":["Allt efni","Umhverfi og au\u00f0lindir"],"inLanguage":"is","potentialAction":[{"@type":"CommentAction","name":"Comment","target":["https:\/\/www.norn.is\/einar\/2012\/02\/05\/vill-fjarmalaradherra-lata-virkja\/#respond"]}]},{"@type":"WebPage","@id":"https:\/\/www.norn.is\/einar\/2012\/02\/05\/vill-fjarmalaradherra-lata-virkja\/","url":"https:\/\/www.norn.is\/einar\/2012\/02\/05\/vill-fjarmalaradherra-lata-virkja\/","name":"Vill fj\u00e1rm\u00e1lar\u00e1\u00f0herra l\u00e1ta virkja? - Einar","isPartOf":{"@id":"https:\/\/www.norn.is\/einar\/#website"},"datePublished":"2012-02-05T20:29:01+00:00","dateModified":"2017-09-24T11:04:25+00:00","author":{"@id":"https:\/\/www.norn.is\/einar\/#\/schema\/person\/19affadb841a22f7bfd4bdcd72a862d0"},"breadcrumb":{"@id":"https:\/\/www.norn.is\/einar\/2012\/02\/05\/vill-fjarmalaradherra-lata-virkja\/#breadcrumb"},"inLanguage":"is","potentialAction":[{"@type":"ReadAction","target":["https:\/\/www.norn.is\/einar\/2012\/02\/05\/vill-fjarmalaradherra-lata-virkja\/"]}]},{"@type":"BreadcrumbList","@id":"https:\/\/www.norn.is\/einar\/2012\/02\/05\/vill-fjarmalaradherra-lata-virkja\/#breadcrumb","itemListElement":[{"@type":"ListItem","position":1,"name":"Home","item":"https:\/\/www.norn.is\/einar\/"},{"@type":"ListItem","position":2,"name":"Vill fj\u00e1rm\u00e1lar\u00e1\u00f0herra l\u00e1ta virkja?"}]},{"@type":"WebSite","@id":"https:\/\/www.norn.is\/einar\/#website","url":"https:\/\/www.norn.is\/einar\/","name":"Einar","description":"Pistlar Einars Steingr\u00edmssonar","potentialAction":[{"@type":"SearchAction","target":{"@type":"EntryPoint","urlTemplate":"https:\/\/www.norn.is\/einar\/?s={search_term_string}"},"query-input":{"@type":"PropertyValueSpecification","valueRequired":true,"valueName":"search_term_string"}}],"inLanguage":"is"},{"@type":"Person","@id":"https:\/\/www.norn.is\/einar\/#\/schema\/person\/19affadb841a22f7bfd4bdcd72a862d0","name":"einar","image":{"@type":"ImageObject","inLanguage":"is","@id":"https:\/\/secure.gravatar.com\/avatar\/6f5f5592f3cc45e338376db24f1672c636582d9c27d855e8f077f13ef13b17fd?s=96&d=mm&r=g","url":"https:\/\/secure.gravatar.com\/avatar\/6f5f5592f3cc45e338376db24f1672c636582d9c27d855e8f077f13ef13b17fd?s=96&d=mm&r=g","contentUrl":"https:\/\/secure.gravatar.com\/avatar\/6f5f5592f3cc45e338376db24f1672c636582d9c27d855e8f077f13ef13b17fd?s=96&d=mm&r=g","caption":"einar"},"url":"https:\/\/www.norn.is\/einar\/author\/einarsteingrimsson\/"}]}},"_links":{"self":[{"href":"https:\/\/www.norn.is\/einar\/wp-json\/wp\/v2\/posts\/229","targetHints":{"allow":["GET"]}}],"collection":[{"href":"https:\/\/www.norn.is\/einar\/wp-json\/wp\/v2\/posts"}],"about":[{"href":"https:\/\/www.norn.is\/einar\/wp-json\/wp\/v2\/types\/post"}],"author":[{"embeddable":true,"href":"https:\/\/www.norn.is\/einar\/wp-json\/wp\/v2\/users\/10"}],"replies":[{"embeddable":true,"href":"https:\/\/www.norn.is\/einar\/wp-json\/wp\/v2\/comments?post=229"}],"version-history":[{"count":1,"href":"https:\/\/www.norn.is\/einar\/wp-json\/wp\/v2\/posts\/229\/revisions"}],"predecessor-version":[{"id":230,"href":"https:\/\/www.norn.is\/einar\/wp-json\/wp\/v2\/posts\/229\/revisions\/230"}],"wp:attachment":[{"href":"https:\/\/www.norn.is\/einar\/wp-json\/wp\/v2\/media?parent=229"}],"wp:term":[{"taxonomy":"category","embeddable":true,"href":"https:\/\/www.norn.is\/einar\/wp-json\/wp\/v2\/categories?post=229"},{"taxonomy":"post_tag","embeddable":true,"href":"https:\/\/www.norn.is\/einar\/wp-json\/wp\/v2\/tags?post=229"}],"curies":[{"name":"wp","href":"https:\/\/api.w.org\/{rel}","templated":true}]}}