{"id":213,"date":"2012-01-20T17:45:49","date_gmt":"2012-01-20T17:45:49","guid":{"rendered":"http:\/\/www.norn.is\/einar\/?p=213"},"modified":"2017-09-24T11:04:26","modified_gmt":"2017-09-24T11:04:26","slug":"pikurakstur-feminismi-forraedishyggja-og-fordomar","status":"publish","type":"post","link":"https:\/\/www.norn.is\/einar\/2012\/01\/20\/pikurakstur-feminismi-forraedishyggja-og-fordomar\/","title":{"rendered":"P\u00edkurakstur, fem\u00ednismi, forr\u00e6\u00f0ishyggja og ford\u00f3mar"},"content":{"rendered":"<p>Eitt af \u00fev\u00ed sem einkennir umr\u00e6\u00f0u um fem\u00ednisma og m\u00e1l sem eru m\u00f6rgum fem\u00ednistum hugleikin eru sta\u00f0h\u00e6fingar fem\u00ednista um a\u00f0 ranns\u00f3knir s\u00fdni hitt og \u00feetta, \u00fe\u00f3tt sjaldan s\u00e9 h\u00e6gt a\u00f0 f\u00e1 \u00e1bendingar um \u00e1rei\u00f0anlegar sl\u00edkar ranns\u00f3knir \u00feegar be\u00f0i\u00f0 er um \u00fe\u00e6r. \u00a0Anna\u00f0 sem er l\u00edka algengt eru sta\u00f0h\u00e6fingar um a\u00f0 ekki s\u00e9 til neitt sem heiti\u00f0 geti \u00f6fgafem\u00ednismi, af \u00fev\u00ed a\u00f0 fem\u00ednismi sn\u00faist um \u00fea\u00f0 eitt a\u00f0 kynjajafnr\u00e9tti s\u00e9 ekki n\u00e1\u00f0 og a\u00f0 eitthva\u00f0 \u00feurfi a\u00f0 gera \u00ed \u00fev\u00ed. \u00a0\u00dea\u00f0 er \u00fat af fyrir sig barnaleg afsta\u00f0a a\u00f0 halda a\u00f0 ekki finnist \u00f6fgar \u00ed \u00f6llum sko\u00f0anah\u00f3pum \u00fear sem r\u00e6tt er um hluti sem einhver minnsti \u00e1greiningur er um. \u00a0Hitt er l\u00edka lj\u00f3st a\u00f0 me\u00f0al \u00feeirra sem kalla sig fem\u00ednista eru margir sem flytja m\u00e1l sitt me\u00f0 heift\u00fa\u00f0ugum h\u00e6tti, og f\u00e1 n\u00e1nast aldrei skammir fyrir \u00fea\u00f0 fr\u00e1 neinum sem kalla sig fem\u00ednista.<!--more--><\/p>\n<p>\u00cd\u00a0<a href=\"http:\/\/vefritid.is\/greinasafn\/snilldin-vi%C3%B0-rakstur-a-pikunum-okkar\/\">\u00feessum bloggpistli\u00a0<\/a>eru d\u00e6mi um \u00fdmislegt \u00fea\u00f0 sem er vont \u00ed \u00a0m\u00e1lflutningi fem\u00ednista. \u00a0\u00deetta er sannarlega ekki versta d\u00e6mi\u00f0 sem s\u00e9st hefur \u00ed \u00edslenskri umr\u00e6\u00f0u s\u00ed\u00f0ustu m\u00e1nu\u00f0i, en \u00fea\u00f0 er l\u00fdsandi fyrir \u00fea\u00f0 vi\u00f0horf a\u00f0 ford\u00f3mar sumra eigi a\u00f0 r\u00e1\u00f0a heg\u00f0un annarra, og \u00a0eins hvernig meintar ranns\u00f3knarni\u00f0urst\u00f6\u00f0ur eru nota\u00f0ar til a\u00f0 sty\u00f0ja m\u00e1lflutninginn, \u00fe\u00f3tt \u00fea\u00f0 sem v\u00edsa\u00f0 er \u00ed hafi engin tengsl vi\u00f0 \u00fea\u00f0 sem sta\u00f0h\u00e6ft er \u00ed sambandi vi\u00f0 umr\u00e6ddar tilv\u00edsanir.<\/p>\n<p>\u00cd pistlinum er v\u00edsa\u00f0 \u00ed fj\u00f3rar greinar, sem eru au\u00f0kenndar me\u00f0 [1], [2], [3] og [4]. \u00a0Vefsl\u00f3\u00f0ir eru gefnar \u00e1 umr\u00e6ddar greinar, \u00fear sem h\u00e6gt er a\u00f0 sj\u00e1 \u00fatdr\u00e1tt \u00far \u00feeim en um sumar \u00feeirra gildir a\u00f0 a\u00f0gangur a\u00f0 greininni sj\u00e1lfri er ekki \u00f6llum opinn. \u00a0M\u00e9r t\u00f3kst \u00fe\u00f3 a\u00f0 komast yfir allar greinarnar \u00ed heild sinni. \u00a0H\u00e9r fara \u00e1 eftir nokkrar \u00farklippur \u00far bloggpistlinum og athugasemdir m\u00ednar.<\/p>\n<blockquote><p>Margir, a\u00f0allega kynja- og kynfr\u00e6\u00f0ingar, hafa bent \u00e1 beint samband \u00e1 milli aukinnar eftirspurnar \u00e1 barnakl\u00e1mi og \u00e6skud\u00fdrkun annars vegar og rakstri kynf\u00e6ra hins vegar[1]. \u00dea\u00f0 vill au\u00f0vita\u00f0 enginn vi\u00f0urkenna a\u00f0 eitthva\u00f0 sem \u00fe\u00fa gerir, \u00e1 hverjum degi jafnvel, gerir\u00f0u vegna \u00e1hrifa barnakl\u00e1ms.<\/p><\/blockquote>\n<p>\u00cd greininni sem h\u00e9r er v\u00edsa\u00f0 \u00ed (merkt [1]) er ekki a\u00f0 finna neitt um \u00a0\u201esamband \u00e1 milli aukinnar eftirspurnar \u00e1 barnakl\u00e1mi og \u00e6skud\u00fdrkun annars vegar og rakstri kynf\u00e6ra hins vegar\u201c, hva\u00f0 \u00fe\u00e1 um \u201ebeint samband\u201c. \u00a0\u00c9g fann heldur ekki or\u00f0 \u00ed \u00feessari grein um barnakl\u00e1m.<\/p>\n<blockquote><p>Erg\u00f3. Me\u00f0 rakstrinum fjarl\u00e6gir \u00fe\u00fa ekki a\u00f0eins \u00fea\u00f0 sem ver \u00feig gegn s\u00fdkingu heldur getur\u00f0u beinl\u00ednis b\u00fai\u00f0 til s\u00fdkingu me\u00f0 rakstrinum[2],<\/p><\/blockquote>\n<p>\u00cd grein [2] er fjalla\u00f0 um tv\u00edtuga konu me\u00f0 sykurs\u00fdki 1 \u00ed sl\u00e6mu \u00e1standi ( \u201epoorly controlled type\u00a01 diabetes\u201c). \u00a0Konan haf\u00f0i l\u00e1ti\u00f0 fjarl\u00e6gja kynf\u00e6rah\u00e1rin me\u00f0 \u201ebrasil\u00edsku vaxi\u201c, sem mun vera algeng a\u00f0fer\u00f0 vi\u00f0 sl\u00edkt, og fengi\u00f0 l\u00edfsh\u00e6ttulega s\u00fdkingu \u00ed kj\u00f6lfari\u00f0. \u00a0H\u00e9r er fjalla\u00f0 um eitt d\u00e6mi, sem \u00ed sj\u00e1lfu s\u00e9r segir ekkert um h\u00e6ttuna samfara sl\u00edkri h\u00e1rey\u00f0ingu, auk \u00feess sem konan var me\u00f0 annan alvarlegan sj\u00fakd\u00f3m sem vir\u00f0ist hafa gert hana vi\u00f0kv\u00e6mari fyrir s\u00fdkingum (hafi \u00e9g skili\u00f0 greinina r\u00e9tt).<\/p>\n<blockquote><p>\u00dea\u00f0 er nefnilega bara einn vettvangur sem s\u00fdnir kynf\u00e6ri kvenna \u00edtreka\u00f0 og hefur mikil \u00e1hrif, \u00fea\u00f0 er kl\u00e1mi\u00f0na\u00f0urinn. \u00dea\u00f0 er ekkert \u00fat\u00far korti a\u00f0 \u00e6tla kl\u00e1mi og kl\u00e1mv\u00e6\u00f0ingu \u00feessa sn\u00f6ggu vi\u00f0horfsbreytingu hins vestr\u00e6na samf\u00e9lags \u00e1 rakstri kynf\u00e6ra. Ekki bara vegna \u00feess a\u00f0 barnakl\u00e1m er eftirs\u00f3tt og \u00fear af lei\u00f0andi mj\u00f6g \u00ferautseig tegund kl\u00e1ms heldur l\u00edka vegna \u00feess a\u00f0 einmitt um \u00feetta leyti, \u00ed kringum aldm\u00f3tin 2000, var\u00f0 til g\u00f3sent\u00ed\u00f0 kl\u00e1ms og kl\u00e1mv\u00e6\u00f0ingar[3].<\/p><\/blockquote>\n<p>H\u00e9r eru margar sta\u00f0h\u00e6fingar, og engin \u00feeirra studd r\u00f6kum e\u00f0a g\u00f6gnum. \u00a0Hins vegar er gefi\u00f0 \u00ed skyn a\u00f0 um s\u00e9 a\u00f0 r\u00e6\u00f0a orsakasamhengi milli hluta \u00e1n \u00feess a\u00f0 s\u00e9\u00f0 ver\u00f0i a\u00f0 h\u00f6fundur hafi nokkra \u00e1st\u00e6\u00f0u til \u00feess. \u00a0\u00cd grein [3] sem v\u00edsa\u00f0 er \u00ed er ekkert sem sty\u00f0ur fullyr\u00f0ingarnar, og alls ekkert minnst \u00e1 \u201eg\u00f3sent\u00ed\u00f0\u201c kringum 2000, enda fjallar greinin um erfi\u00f0leika vi\u00f0 a\u00f0 \u00e1kvar\u00f0a aldur f\u00f3lks \u00ed barnakl\u00e1mefni \u00fat fr\u00e1 myndum.<\/p>\n<blockquote><p>\u00deegar \u00f3heilbrig\u00f0ur rakstur, s\u00faludans og kynbundi\u00f0 ofbeldi sem birtist i\u00f0ulega \u00ed augl\u00fdsingum[4] er or\u00f0inn hluti af okkar daglega l\u00edfi, hluti af \u00fev\u00ed sem vi\u00f0 veitum ekki tiltakanlega athygli, er \u00fe\u00e1 ekki komi\u00f0 gott?<\/p><\/blockquote>\n<p>Greinin sem h\u00e9r er vitna\u00f0 \u00ed sty\u00f0ur alls ekki \u00a0sta\u00f0h\u00e6fingarnar \u00ed setningunni. \u00a0\u00devert \u00e1 m\u00f3ti eru upphafsor\u00f0 hennar \u00feessi \u201e\u00cd \u00feessari grein er haldi\u00f0 fram a\u00f0 or\u00f0i\u00f0 hafi miklar breytingar \u00e1 \u00fev\u00ed hvernig konur eru kynntar \u00ed augl\u00fdsingum \u00e1 s\u00ed\u00f0ustu \u00e1rum, \u00feannig a\u00f0 \u00ed sta\u00f0 \u00feess a\u00f0 \u00fe\u00e6r s\u00e9u kynntar sem \u00f3virk vi\u00f0f\u00f6ng karlkyns \u00e1horfenda s\u00e9u ungar konur n\u00fa oft s\u00fdndar sem virkar, sj\u00e1lfst\u00e6\u00f0ar og kynfer\u00f0islega sterkar.\u201c \u00a0 (\u201eThis article argues that there has been a significant shift in advertising representations of women in recent years, such that rather than being presented as passive objects of the male gaze, young women in adverts are now frequently depicted as active, independent and sexually powerful.\u201c)<\/p>\n<p>Umr\u00e6ddur bloggpistill er au\u00f0vita\u00f0 bara eitt l\u00edti\u00f0 d\u00e6mi um m\u00e1lflutning fem\u00edn\u00edsta sem b\u00fdsnast yfir heims\u00f3s\u00f3ma sem ekki passar vi\u00f0 \u00a0ford\u00f3ma vi\u00f0komandi. \u00a0Tr\u00falega er h\u00f6fundurinn ekki \u00fej\u00e1lfa\u00f0ur \u00ed me\u00f0fer\u00f0 tilvitnana, \u00fe\u00f3tt \u00fea\u00f0 s\u00e9 au\u00f0vita\u00f0 engin afs\u00f6kun fyrir \u00feeirri f\u00f6lsun sem \u00fea\u00f0 er a\u00f0 vitna \u00ed fr\u00e6\u00f0igreinar sem alls ekki sty\u00f0ja sta\u00f0h\u00e6fingarnar sem \u00fe\u00e6r eiga a\u00f0 sty\u00f0ja. \u00a0Haldi menn a\u00f0 \u00fea\u00f0 s\u00e9u bara amat\u00f6rar me\u00f0al fem\u00ednista sem leyfa s\u00e9r sl\u00edkt er \u00fea\u00f0 misskilningur. \u00a0\u00dea\u00f0 er l\u00edka af n\u00f3gu a\u00f0 taka \u00feegar \u201efr\u00e6\u00f0imenn\u201c me\u00f0al kynjafr\u00e6\u00f0inga eru annars vegar. \u00a0H\u00e9r er eitt d\u00e6mi:<\/p>\n<p>\u00deann 8. desember var\u00a0<a href=\"http:\/\/www.ruv.is\/sarpurinn\/spegillinn\/08122011\">vi\u00f0tal \u00ed Speglinum\u00a0<\/a>\u00ed R\u00daV vi\u00f0 pr\u00f3fessor \u00ed kynjafr\u00e6\u00f0i vi\u00f0 H\u00e1sk\u00f3la \u00cdslands. \u00a0H\u00fan lag\u00f0i \u00fear \u00fat af \u00a0kjarak\u00f6nnun \u00a0\u00a0f\u00e9lags vi\u00f0skipta- og hagfr\u00e6\u00f0inga sem haldi\u00f0 var fram a\u00f0 s\u00fdndi a\u00f0 laun karla innan f\u00e9lagsins hef\u00f0u h\u00e6kka\u00f0 um 1,7% en laun kvenna l\u00e6kka\u00f0 um 1,9%, og sag\u00f0i a\u00f0 lj\u00f3st v\u00e6ri a\u00f0 a\u00f0ger\u00f0ir r\u00edkisstj\u00f3rnarinnar til a\u00f0 lei\u00f0r\u00e9tta launamun v\u00e6ru greinilega ekki a\u00f0 virka, og \u00fev\u00ed \u00feyrfti a\u00f0 gera eitthva\u00f0 r\u00f3tt\u00e6kara. \u00a0\u00dear sem t\u00f6lurnar eru l\u00e1gar velti \u00e9g \u00fev\u00ed fyrir m\u00e9r hvernig sta\u00f0i\u00f0 hef\u00f0i veri\u00f0 a\u00f0 k\u00f6nnuninni, og hvort \u00feessi munur \u00ed launa\u00fer\u00f3un sem h\u00fan hef\u00f0i m\u00e6lt v\u00e6ri markt\u00e6kur. \u00a0\u00c9g spur\u00f0i \u00fev\u00ed pr\u00f3fessorinn hvort h\u00fan hef\u00f0i kynnt s\u00e9r a\u00f0fer\u00f0afr\u00e6\u00f0ina vi\u00f0 k\u00f6nnunina, og hvort munurinn v\u00e6ri markt\u00e6kur, ef ma\u00f0ur g\u00e6fi s\u00e9r a\u00f0 ekkert v\u00e6ri athugavert vi\u00f0 \u00farvinnsluna. \u00a0\u00c9g f\u00e9kk stutt svar \u00fear sem h\u00fan benti m\u00e9r \u00e1\u00a0<a href=\"http:\/\/mbl.is\/frettir\/innlent\/2011\/12\/07\/laun_kvenna_laekka\/\">fr\u00e9tt \u00e1 mbl.is<\/a>\u00a0\u00fear sem sagt var fr\u00e1 \u00feessum ni\u00f0urst\u00f6\u00f0um en engu svara\u00f0 af \u00fev\u00ed sem \u00e9g spur\u00f0i um. \u00a0Einnig benti h\u00fan m\u00e9r \u00e1 a\u00f0 \u00e9g \u00feyrfti a\u00f0 hafa samband vi\u00f0 f\u00e9lagi\u00f0 til a\u00f0 f\u00e1 frekari sv\u00f6r. \u00a0\u00deegar \u00e9g \u00edtreka\u00f0i spurninguna um hvort h\u00fan hef\u00f0i kynnt s\u00e9r \u00feessa k\u00f6nnun sem h\u00fan lag\u00f0i \u00a0\u00fat af \u00ed l\u00f6ngu Spegilsvi\u00f0tali f\u00e9kk \u00e9g ekkert svar.<\/p>\n<p>Einhvern t\u00edma s\u00ed\u00f0ar mun \u00e9g fjalla um meistararitger\u00f0ir \u00ed kynjafr\u00e6\u00f0i vi\u00f0 H\u00cd sem ofangreindur pr\u00f3fessor benti m\u00e9r s\u00e9rstaklega \u00e1 \u00ed umr\u00e6\u00f0um um \u201ekl\u00e1mv\u00e6\u00f0ingu\u201c. \u00a0\u00dear eru \u00e1 fer\u00f0inni ritger\u00f0ir nemenda sem umr\u00e6ddur pr\u00f3fessor lei\u00f0beindi, \u00fear sem fyrst er l\u00fdst yfir a\u00f0 h\u00f6fundur s\u00e9 einl\u00e6gur fem\u00ednisti me\u00f0 \u00e1kve\u00f0nar sko\u00f0anir \u00e1 \u00fev\u00ed sem ritger\u00f0in fjalli um. \u00a0S\u00ed\u00f0an eru tekin vi\u00f0t\u00f6l vi\u00f0 nokkrar manneskjur sem h\u00f6fundurinn velur a\u00f0 eigin ge\u00f0\u00fe\u00f3tta, og vinnur svo ni\u00f0urst\u00f6\u00f0ur \u00far \u00feeim, l\u00edka a\u00f0 eigin ge\u00f0\u00fe\u00f3tta. \u00a0A\u00f0 lokum er \u00fev\u00ed svo l\u00fdst yfir a\u00f0 komist hafi veri\u00f0 a\u00f0 ni\u00f0urst\u00f6\u00f0um sem, merkilegt nokk, komi heim \u00a0og saman vi\u00f0 \u00fea\u00f0 sem h\u00f6fundurinn var sannf\u00e6r\u00f0ur um \u00e1\u00f0ur en \u201eranns\u00f3knin\u201c f\u00f3r fram. \u00a0\u00deetta eru ekki vinnubr\u00f6g\u00f0 af \u00fev\u00ed tagi sem h\u00e1sk\u00f3li me\u00f0 sj\u00e1lfsvir\u00f0ingu \u00e6tti a\u00f0 hvetja til \u00ed nafni ranns\u00f3kna.<\/p>\n<p>PS. \u00a0\u00c9g tel jafnr\u00e9ttisbar\u00e1ttu mikilv\u00e6ga, og \u00e9g er ekki \u00e1hugama\u00f0ur um p\u00edkurakstur.<\/p>\n","protected":false},"excerpt":{"rendered":"<p>Eitt af \u00fev\u00ed sem einkennir umr\u00e6\u00f0u um fem\u00ednisma og m\u00e1l sem eru m\u00f6rgum fem\u00ednistum hugleikin eru sta\u00f0h\u00e6fingar fem\u00ednista um a\u00f0 ranns\u00f3knir s\u00fdni hitt og \u00feetta, \u00fe\u00f3tt sjaldan s\u00e9 h\u00e6gt a\u00f0 f\u00e1 \u00e1bendingar um \u00e1rei\u00f0anlegar sl\u00edkar ranns\u00f3knir \u00feegar be\u00f0i\u00f0 er um &hellip; <a href=\"https:\/\/www.norn.is\/einar\/2012\/01\/20\/pikurakstur-feminismi-forraedishyggja-og-fordomar\/\">Halda \u00e1fram a\u00f0 lesa <span class=\"meta-nav\">&rarr;<\/span><\/a><\/p>\n","protected":false},"author":10,"featured_media":0,"comment_status":"open","ping_status":"open","sticky":false,"template":"","format":"standard","meta":{"footnotes":""},"categories":[1,190],"tags":[186,189,188,191,187,165],"class_list":["post-213","post","type-post","status-publish","format-standard","hentry","category-oflokkad","category-kynjapolitik","tag-feminismi","tag-fordomar","tag-forraedishyggja","tag-kynjafraedi","tag-pikurakstur","tag-vafasom-visindi"],"yoast_head":"<!-- This site is optimized with the Yoast SEO plugin v27.5 - https:\/\/yoast.com\/product\/yoast-seo-wordpress\/ -->\n<title>P\u00edkurakstur, fem\u00ednismi, forr\u00e6\u00f0ishyggja og ford\u00f3mar - Einar<\/title>\n<meta name=\"robots\" content=\"index, follow, max-snippet:-1, max-image-preview:large, max-video-preview:-1\" \/>\n<link rel=\"canonical\" href=\"https:\/\/www.norn.is\/einar\/2012\/01\/20\/pikurakstur-feminismi-forraedishyggja-og-fordomar\/\" \/>\n<meta property=\"og:locale\" content=\"is_IS\" \/>\n<meta property=\"og:type\" content=\"article\" \/>\n<meta property=\"og:title\" content=\"P\u00edkurakstur, fem\u00ednismi, forr\u00e6\u00f0ishyggja og ford\u00f3mar - Einar\" \/>\n<meta property=\"og:description\" content=\"Eitt af \u00fev\u00ed sem einkennir umr\u00e6\u00f0u um fem\u00ednisma og m\u00e1l sem eru m\u00f6rgum fem\u00ednistum hugleikin eru sta\u00f0h\u00e6fingar fem\u00ednista um a\u00f0 ranns\u00f3knir s\u00fdni hitt og \u00feetta, \u00fe\u00f3tt sjaldan s\u00e9 h\u00e6gt a\u00f0 f\u00e1 \u00e1bendingar um \u00e1rei\u00f0anlegar sl\u00edkar ranns\u00f3knir \u00feegar be\u00f0i\u00f0 er um &hellip; Halda \u00e1fram a\u00f0 lesa &rarr;\" \/>\n<meta property=\"og:url\" content=\"https:\/\/www.norn.is\/einar\/2012\/01\/20\/pikurakstur-feminismi-forraedishyggja-og-fordomar\/\" \/>\n<meta property=\"og:site_name\" content=\"Einar\" \/>\n<meta property=\"article:published_time\" content=\"2012-01-20T17:45:49+00:00\" \/>\n<meta property=\"article:modified_time\" content=\"2017-09-24T11:04:26+00:00\" \/>\n<meta name=\"author\" content=\"einar\" \/>\n<meta name=\"twitter:card\" content=\"summary_large_image\" \/>\n<meta name=\"twitter:label1\" content=\"Written by\" \/>\n\t<meta name=\"twitter:data1\" content=\"\" \/>\n\t<meta name=\"twitter:label2\" content=\"Est. reading time\" \/>\n\t<meta name=\"twitter:data2\" content=\"7 minutes\" \/>\n<script type=\"application\/ld+json\" class=\"yoast-schema-graph\">{\"@context\":\"https:\\\/\\\/schema.org\",\"@graph\":[{\"@type\":\"Article\",\"@id\":\"https:\\\/\\\/www.norn.is\\\/einar\\\/2012\\\/01\\\/20\\\/pikurakstur-feminismi-forraedishyggja-og-fordomar\\\/#article\",\"isPartOf\":{\"@id\":\"https:\\\/\\\/www.norn.is\\\/einar\\\/2012\\\/01\\\/20\\\/pikurakstur-feminismi-forraedishyggja-og-fordomar\\\/\"},\"author\":{\"name\":\"einar\",\"@id\":\"https:\\\/\\\/www.norn.is\\\/einar\\\/#\\\/schema\\\/person\\\/19affadb841a22f7bfd4bdcd72a862d0\"},\"headline\":\"P\u00edkurakstur, fem\u00ednismi, forr\u00e6\u00f0ishyggja og ford\u00f3mar\",\"datePublished\":\"2012-01-20T17:45:49+00:00\",\"dateModified\":\"2017-09-24T11:04:26+00:00\",\"mainEntityOfPage\":{\"@id\":\"https:\\\/\\\/www.norn.is\\\/einar\\\/2012\\\/01\\\/20\\\/pikurakstur-feminismi-forraedishyggja-og-fordomar\\\/\"},\"wordCount\":1473,\"commentCount\":0,\"keywords\":[\"Fem\u00ednismi\",\"Ford\u00f3mar\",\"Forr\u00e6\u00f0ishyggja\",\"Kynjafr\u00e6\u00f0i\",\"P\u00edkurakstur\",\"Vafas\u00f6m v\u00edsindi\"],\"articleSection\":[\"Allt efni\",\"Kynjap\u00f3lit\u00edk og jafnr\u00e9ttism\u00e1l\"],\"inLanguage\":\"is\",\"potentialAction\":[{\"@type\":\"CommentAction\",\"name\":\"Comment\",\"target\":[\"https:\\\/\\\/www.norn.is\\\/einar\\\/2012\\\/01\\\/20\\\/pikurakstur-feminismi-forraedishyggja-og-fordomar\\\/#respond\"]}]},{\"@type\":\"WebPage\",\"@id\":\"https:\\\/\\\/www.norn.is\\\/einar\\\/2012\\\/01\\\/20\\\/pikurakstur-feminismi-forraedishyggja-og-fordomar\\\/\",\"url\":\"https:\\\/\\\/www.norn.is\\\/einar\\\/2012\\\/01\\\/20\\\/pikurakstur-feminismi-forraedishyggja-og-fordomar\\\/\",\"name\":\"P\u00edkurakstur, fem\u00ednismi, forr\u00e6\u00f0ishyggja og ford\u00f3mar - Einar\",\"isPartOf\":{\"@id\":\"https:\\\/\\\/www.norn.is\\\/einar\\\/#website\"},\"datePublished\":\"2012-01-20T17:45:49+00:00\",\"dateModified\":\"2017-09-24T11:04:26+00:00\",\"author\":{\"@id\":\"https:\\\/\\\/www.norn.is\\\/einar\\\/#\\\/schema\\\/person\\\/19affadb841a22f7bfd4bdcd72a862d0\"},\"breadcrumb\":{\"@id\":\"https:\\\/\\\/www.norn.is\\\/einar\\\/2012\\\/01\\\/20\\\/pikurakstur-feminismi-forraedishyggja-og-fordomar\\\/#breadcrumb\"},\"inLanguage\":\"is\",\"potentialAction\":[{\"@type\":\"ReadAction\",\"target\":[\"https:\\\/\\\/www.norn.is\\\/einar\\\/2012\\\/01\\\/20\\\/pikurakstur-feminismi-forraedishyggja-og-fordomar\\\/\"]}]},{\"@type\":\"BreadcrumbList\",\"@id\":\"https:\\\/\\\/www.norn.is\\\/einar\\\/2012\\\/01\\\/20\\\/pikurakstur-feminismi-forraedishyggja-og-fordomar\\\/#breadcrumb\",\"itemListElement\":[{\"@type\":\"ListItem\",\"position\":1,\"name\":\"Home\",\"item\":\"https:\\\/\\\/www.norn.is\\\/einar\\\/\"},{\"@type\":\"ListItem\",\"position\":2,\"name\":\"P\u00edkurakstur, fem\u00ednismi, forr\u00e6\u00f0ishyggja og ford\u00f3mar\"}]},{\"@type\":\"WebSite\",\"@id\":\"https:\\\/\\\/www.norn.is\\\/einar\\\/#website\",\"url\":\"https:\\\/\\\/www.norn.is\\\/einar\\\/\",\"name\":\"Einar\",\"description\":\"Pistlar Einars Steingr\u00edmssonar\",\"potentialAction\":[{\"@type\":\"SearchAction\",\"target\":{\"@type\":\"EntryPoint\",\"urlTemplate\":\"https:\\\/\\\/www.norn.is\\\/einar\\\/?s={search_term_string}\"},\"query-input\":{\"@type\":\"PropertyValueSpecification\",\"valueRequired\":true,\"valueName\":\"search_term_string\"}}],\"inLanguage\":\"is\"},{\"@type\":\"Person\",\"@id\":\"https:\\\/\\\/www.norn.is\\\/einar\\\/#\\\/schema\\\/person\\\/19affadb841a22f7bfd4bdcd72a862d0\",\"name\":\"einar\",\"image\":{\"@type\":\"ImageObject\",\"inLanguage\":\"is\",\"@id\":\"https:\\\/\\\/secure.gravatar.com\\\/avatar\\\/6f5f5592f3cc45e338376db24f1672c636582d9c27d855e8f077f13ef13b17fd?s=96&d=mm&r=g\",\"url\":\"https:\\\/\\\/secure.gravatar.com\\\/avatar\\\/6f5f5592f3cc45e338376db24f1672c636582d9c27d855e8f077f13ef13b17fd?s=96&d=mm&r=g\",\"contentUrl\":\"https:\\\/\\\/secure.gravatar.com\\\/avatar\\\/6f5f5592f3cc45e338376db24f1672c636582d9c27d855e8f077f13ef13b17fd?s=96&d=mm&r=g\",\"caption\":\"einar\"},\"url\":\"https:\\\/\\\/www.norn.is\\\/einar\\\/author\\\/einarsteingrimsson\\\/\"}]}<\/script>\n<!-- \/ Yoast SEO plugin. -->","yoast_head_json":{"title":"P\u00edkurakstur, fem\u00ednismi, forr\u00e6\u00f0ishyggja og ford\u00f3mar - Einar","robots":{"index":"index","follow":"follow","max-snippet":"max-snippet:-1","max-image-preview":"max-image-preview:large","max-video-preview":"max-video-preview:-1"},"canonical":"https:\/\/www.norn.is\/einar\/2012\/01\/20\/pikurakstur-feminismi-forraedishyggja-og-fordomar\/","og_locale":"is_IS","og_type":"article","og_title":"P\u00edkurakstur, fem\u00ednismi, forr\u00e6\u00f0ishyggja og ford\u00f3mar - Einar","og_description":"Eitt af \u00fev\u00ed sem einkennir umr\u00e6\u00f0u um fem\u00ednisma og m\u00e1l sem eru m\u00f6rgum fem\u00ednistum hugleikin eru sta\u00f0h\u00e6fingar fem\u00ednista um a\u00f0 ranns\u00f3knir s\u00fdni hitt og \u00feetta, \u00fe\u00f3tt sjaldan s\u00e9 h\u00e6gt a\u00f0 f\u00e1 \u00e1bendingar um \u00e1rei\u00f0anlegar sl\u00edkar ranns\u00f3knir \u00feegar be\u00f0i\u00f0 er um &hellip; Halda \u00e1fram a\u00f0 lesa &rarr;","og_url":"https:\/\/www.norn.is\/einar\/2012\/01\/20\/pikurakstur-feminismi-forraedishyggja-og-fordomar\/","og_site_name":"Einar","article_published_time":"2012-01-20T17:45:49+00:00","article_modified_time":"2017-09-24T11:04:26+00:00","author":"einar","twitter_card":"summary_large_image","twitter_misc":{"Written by":false,"Est. reading time":"7 minutes"},"schema":{"@context":"https:\/\/schema.org","@graph":[{"@type":"Article","@id":"https:\/\/www.norn.is\/einar\/2012\/01\/20\/pikurakstur-feminismi-forraedishyggja-og-fordomar\/#article","isPartOf":{"@id":"https:\/\/www.norn.is\/einar\/2012\/01\/20\/pikurakstur-feminismi-forraedishyggja-og-fordomar\/"},"author":{"name":"einar","@id":"https:\/\/www.norn.is\/einar\/#\/schema\/person\/19affadb841a22f7bfd4bdcd72a862d0"},"headline":"P\u00edkurakstur, fem\u00ednismi, forr\u00e6\u00f0ishyggja og ford\u00f3mar","datePublished":"2012-01-20T17:45:49+00:00","dateModified":"2017-09-24T11:04:26+00:00","mainEntityOfPage":{"@id":"https:\/\/www.norn.is\/einar\/2012\/01\/20\/pikurakstur-feminismi-forraedishyggja-og-fordomar\/"},"wordCount":1473,"commentCount":0,"keywords":["Fem\u00ednismi","Ford\u00f3mar","Forr\u00e6\u00f0ishyggja","Kynjafr\u00e6\u00f0i","P\u00edkurakstur","Vafas\u00f6m v\u00edsindi"],"articleSection":["Allt efni","Kynjap\u00f3lit\u00edk og jafnr\u00e9ttism\u00e1l"],"inLanguage":"is","potentialAction":[{"@type":"CommentAction","name":"Comment","target":["https:\/\/www.norn.is\/einar\/2012\/01\/20\/pikurakstur-feminismi-forraedishyggja-og-fordomar\/#respond"]}]},{"@type":"WebPage","@id":"https:\/\/www.norn.is\/einar\/2012\/01\/20\/pikurakstur-feminismi-forraedishyggja-og-fordomar\/","url":"https:\/\/www.norn.is\/einar\/2012\/01\/20\/pikurakstur-feminismi-forraedishyggja-og-fordomar\/","name":"P\u00edkurakstur, fem\u00ednismi, forr\u00e6\u00f0ishyggja og ford\u00f3mar - Einar","isPartOf":{"@id":"https:\/\/www.norn.is\/einar\/#website"},"datePublished":"2012-01-20T17:45:49+00:00","dateModified":"2017-09-24T11:04:26+00:00","author":{"@id":"https:\/\/www.norn.is\/einar\/#\/schema\/person\/19affadb841a22f7bfd4bdcd72a862d0"},"breadcrumb":{"@id":"https:\/\/www.norn.is\/einar\/2012\/01\/20\/pikurakstur-feminismi-forraedishyggja-og-fordomar\/#breadcrumb"},"inLanguage":"is","potentialAction":[{"@type":"ReadAction","target":["https:\/\/www.norn.is\/einar\/2012\/01\/20\/pikurakstur-feminismi-forraedishyggja-og-fordomar\/"]}]},{"@type":"BreadcrumbList","@id":"https:\/\/www.norn.is\/einar\/2012\/01\/20\/pikurakstur-feminismi-forraedishyggja-og-fordomar\/#breadcrumb","itemListElement":[{"@type":"ListItem","position":1,"name":"Home","item":"https:\/\/www.norn.is\/einar\/"},{"@type":"ListItem","position":2,"name":"P\u00edkurakstur, fem\u00ednismi, forr\u00e6\u00f0ishyggja og ford\u00f3mar"}]},{"@type":"WebSite","@id":"https:\/\/www.norn.is\/einar\/#website","url":"https:\/\/www.norn.is\/einar\/","name":"Einar","description":"Pistlar Einars Steingr\u00edmssonar","potentialAction":[{"@type":"SearchAction","target":{"@type":"EntryPoint","urlTemplate":"https:\/\/www.norn.is\/einar\/?s={search_term_string}"},"query-input":{"@type":"PropertyValueSpecification","valueRequired":true,"valueName":"search_term_string"}}],"inLanguage":"is"},{"@type":"Person","@id":"https:\/\/www.norn.is\/einar\/#\/schema\/person\/19affadb841a22f7bfd4bdcd72a862d0","name":"einar","image":{"@type":"ImageObject","inLanguage":"is","@id":"https:\/\/secure.gravatar.com\/avatar\/6f5f5592f3cc45e338376db24f1672c636582d9c27d855e8f077f13ef13b17fd?s=96&d=mm&r=g","url":"https:\/\/secure.gravatar.com\/avatar\/6f5f5592f3cc45e338376db24f1672c636582d9c27d855e8f077f13ef13b17fd?s=96&d=mm&r=g","contentUrl":"https:\/\/secure.gravatar.com\/avatar\/6f5f5592f3cc45e338376db24f1672c636582d9c27d855e8f077f13ef13b17fd?s=96&d=mm&r=g","caption":"einar"},"url":"https:\/\/www.norn.is\/einar\/author\/einarsteingrimsson\/"}]}},"_links":{"self":[{"href":"https:\/\/www.norn.is\/einar\/wp-json\/wp\/v2\/posts\/213","targetHints":{"allow":["GET"]}}],"collection":[{"href":"https:\/\/www.norn.is\/einar\/wp-json\/wp\/v2\/posts"}],"about":[{"href":"https:\/\/www.norn.is\/einar\/wp-json\/wp\/v2\/types\/post"}],"author":[{"embeddable":true,"href":"https:\/\/www.norn.is\/einar\/wp-json\/wp\/v2\/users\/10"}],"replies":[{"embeddable":true,"href":"https:\/\/www.norn.is\/einar\/wp-json\/wp\/v2\/comments?post=213"}],"version-history":[{"count":1,"href":"https:\/\/www.norn.is\/einar\/wp-json\/wp\/v2\/posts\/213\/revisions"}],"predecessor-version":[{"id":214,"href":"https:\/\/www.norn.is\/einar\/wp-json\/wp\/v2\/posts\/213\/revisions\/214"}],"wp:attachment":[{"href":"https:\/\/www.norn.is\/einar\/wp-json\/wp\/v2\/media?parent=213"}],"wp:term":[{"taxonomy":"category","embeddable":true,"href":"https:\/\/www.norn.is\/einar\/wp-json\/wp\/v2\/categories?post=213"},{"taxonomy":"post_tag","embeddable":true,"href":"https:\/\/www.norn.is\/einar\/wp-json\/wp\/v2\/tags?post=213"}],"curies":[{"name":"wp","href":"https:\/\/api.w.org\/{rel}","templated":true}]}}