{"id":197,"date":"2011-11-24T16:59:25","date_gmt":"2011-11-24T16:59:25","guid":{"rendered":"http:\/\/www.norn.is\/einar\/?p=197"},"modified":"2017-09-24T11:04:26","modified_gmt":"2017-09-24T11:04:26","slug":"svor-utvarpsstjora-ruv-um-liu-malid","status":"publish","type":"post","link":"https:\/\/www.norn.is\/einar\/2011\/11\/24\/svor-utvarpsstjora-ruv-um-liu-malid\/","title":{"rendered":"Sv\u00f6r \u00fatvarpsstj\u00f3ra R\u00daV um L\u00cd\u00da-m\u00e1li\u00f0"},"content":{"rendered":"<p>H\u00e9r fara \u00e1 eftir sv\u00f6r P\u00e1ls Magn\u00fassonar \u00fatvarpsstj\u00f3ra R\u00daV vi\u00f0 fyrirspurn sem \u00e9g sendi honum og birti \u00ed \u00feessum\u00a0<a href=\"http:\/\/blog.eyjan.is\/einar\/2011\/11\/22\/meira-um-thjonkun-ruv-vid-liu\/\">bloggpistli<\/a>.\u00a0 \u00dear \u00e1 eftir kemur svar mitt til P\u00e1ls.<!--more--><\/p>\n<p>\u00cd stuttu m\u00e1li tel \u00e9g enn a\u00f0 R\u00daV hafi gert sl\u00e6m mist\u00f6k og brug\u00f0ist \u00feeim almenningi sem stofnunin \u00e6tti a\u00f0 \u00fej\u00f3na,\u00a0 \u00c9g tel a\u00f0 s\u00fa ritsko\u00f0un sem m\u00e1li\u00f0 fjallar um stafi af inngr\u00f3nu vi\u00f0horfi sem gerir r\u00e1\u00f0 fyrir a\u00f0 n\u00faverandi valdahlutf\u00f6ll \u00ed \u00fej\u00f3\u00f0f\u00e9laginu s\u00e9u e\u00f0lileg, \u00fear \u00e1 me\u00f0al a\u00f0 sj\u00e1lfsagt s\u00e9 a\u00f0 voldug hagsmunasamt\u00f6k f\u00e1i a\u00f0 hafa sig \u00ed frammi eins og \u00feeim \u00fe\u00f3knast, en a\u00f0 ekki s\u00e9 jafn sj\u00e1lfsagt a\u00f0 almennir borgarar f\u00e1i a\u00f0 koma sko\u00f0unum s\u00ednum \u00e1 framf\u00e6ri.\u00a0 \u00deetta er \u00feeim mun erfi\u00f0ara a\u00f0 fyrirgefa sem \u00fea\u00f0 \u00e6tti a\u00f0 vera \u00f6llum lj\u00f3st, \u00ed kj\u00f6lfar hrunsins, a\u00f0 \u00e1 \u00cdslandi hefur \u00ferifist margs konar spilling og valdn\u00ed\u00f0sla, og a\u00f0 stofnanir \u00e1 bor\u00f0 vi\u00f0 R\u00daV \u00e6ttu a\u00f0 vera s\u00e9rstaklega \u00e1 var\u00f0bergi gagnvart yfirgangi hagsmunaafla.<\/p>\n<p>\u00cd \u00feessu lj\u00f3si eru \u00fea\u00f0 mikil vonbrig\u00f0i a\u00f0 forysta R\u00daV \u00e6tli ekki a\u00f0 l\u00fdsa \u00fev\u00ed opinberlega yfir a\u00f0 mist\u00f6k hafi veri\u00f0 ger\u00f0, hva\u00f0 \u00fe\u00e1 a\u00f0 bi\u00f0jast afs\u00f6kunar \u00e1 framfer\u00f0inu.\u00a0 \u00dea\u00f0 bendir ekki til a\u00f0 \u00feessi forysta \u00e6tli s\u00e9r a\u00f0 l\u00e6ra af mist\u00f6kunum og b\u00e6ta r\u00e1\u00f0 sitt.\u00a0 \u00dev\u00ed mi\u00f0ur.<\/p>\n<p>\u2014\u2014\u2014\u2014\u2014\u2014\u2014\u2014\u2014\u2014\u2014\u2014\u2014\u2014\u2014\u2014\u2014\u2014\u2014\u2014\u2014\u2014\u2014\u2014\u2014\u2014\u2014\u2014\u2014\u2013<\/p>\n<p>From: P\u00e1ll Magn\u00fasson &lt;pall.magnusson@ruv.is&gt;<br \/>\nDate: 2011\/11\/22<br \/>\nSubject: RE: Fyrirspurn um me\u00f0fer\u00f0 augl\u00fdsinga<br \/>\nTo: Einar Steingrimsson &lt;einar@alum.mit.edu&gt;<\/p>\n<p>S\u00e6ll Einar<\/p>\n<p>A\u00f0 sj\u00e1lfs\u00f6g\u00f0u muntu f\u00e1 formlegt svar fr\u00e1 m\u00e9r vi\u00f0 erindi \u00fe\u00ednu \u2013 til vi\u00f0b\u00f3tar \u00fev\u00ed sem marka\u00f0sstj\u00f3ri R\u00daV sendi \u00fe\u00e9r.<\/p>\n<p>\u00cd millit\u00ed\u00f0inni langar mig pers\u00f3nulega a\u00f0 bi\u00f0ja \u00feig a\u00f0 huglei\u00f0a eftirfarandi \u2013 ekki s\u00edst vegna \u00feess a\u00f0 m\u00e9r hefur \u00fe\u00f3tt \u00fe\u00fa hafa margt skynsamlegt til m\u00e1lanna a\u00f0 leggja \u00ed \u00edslenskri \u00fej\u00f3\u00f0f\u00e9lagsumr\u00e6\u00f0u, m.a. fyrir millg\u00f6ngu R\u00daV:<\/p>\n<p>H\u00e9r g\u00e6tu veri\u00f0 uppi nokkur \u201efri\u00f0samleg\u201c \u00e1litam\u00e1l, m.a. hvort munur s\u00e9 \u00e1 \u201e\u00edslenskir \u00fatvegsmenn\u201c og \u201eborgari\u201c \u00feegar meti\u00f0 er hvort \u00feessi hugt\u00f6k n\u00e6gi sem au\u00f0kenni e\u00f0a undirskrift augl\u00fdsenda, \u2013 hvort \u201e\u00fatger\u00f0ara\u00f0all\u201c geti veri\u00f0 hnj\u00f3\u00f0syr\u00f0i o.s.frv.\u00a0 \u00c1 \u00feessum \u00e1litaefnum geta menn haft \u00fdmsar gildar sko\u00f0anir.<\/p>\n<p>A\u00f0 nota \u00ed \u00feeirri umr\u00e6\u00f0u or\u00f0aleppa \u00e1 bor\u00f0 vi\u00f0 \u201ep\u00f3lit\u00edsk ritsko\u00f0un \u00e1 R\u00daV fyrir L\u00cd\u00da\u201c n\u00fa e\u00f0a \u201esv\u00edvir\u00f0ileg framkoma\u201c af h\u00e1lfu R\u00daV,\u00a0 finnst m\u00e9r hinsvegar vera \u00f3\u00f0aver\u00f0b\u00f3lgin hugtakanotkun \u2013 og langt fyrir ne\u00f0an \u00fe\u00edna vir\u00f0ingu, sem venjulega sty\u00f0ur m\u00e1l \u00feitt einfaldlega skynsamlegum r\u00f6kum. Hva\u00f0 \u00e6tlar\u00f0u \u00fe\u00e1 a\u00f0 kalla raunverulega \u201ep\u00f3lit\u00edska ritsko\u00f0un\u201c \u00feegar \u00fe\u00fa s\u00e9r\u00f0 hana? Og hva\u00f0a nafn \u00e6tlar\u00f0u a\u00f0 gefa raunverulega \u201esv\u00edvir\u00f0ilegri framkomu\u201c \u00feegar \u00fe\u00fa m\u00e6tir henni?<\/p>\n<p>Me\u00f0 vinsemd og vir\u00f0ingu,<\/p>\n<p>P\u00e1ll Magn\u00fasson<\/p>\n<p>\u2014\u2014\u2014\u2014\u2014\u2014\u2014\u2014\u2014\u2014\u2014\u2014\u2014\u2014\u2014\u2014\u2014\u2014\u2014\u2014\u2014\u2014\u2014\u2014\u2014\u2014\u2014\u2014\u2014\u2013<\/p>\n<p>From: P\u00e1ll Magn\u00fasson &lt;pall.magnusson@ruv.is&gt;<br \/>\nDate: 2011\/11\/23<br \/>\nSubject: RE: Fyrirspurn um me\u00f0fer\u00f0 augl\u00fdsinga<br \/>\nTo: Einar Steingrimsson &lt;einar@alum.mit.edu&gt;, \u201eeinar.steingrimsson@gmail.com\u201c &lt;einar.steingrimsson@gmail.com&gt;<\/p>\n<p>Heill og s\u00e6ll Einar<\/p>\n<p>Upphaf \u00feessa m\u00e1ls er a\u00f0 almennur starfsma\u00f0ur \u00e1 augl\u00fdsingadeild R\u00daV taldi a\u00f0 \u201e\u00edslenskir \u00fatvegsmenn\u201c v\u00e6ri n\u00e6gjanlega sk\u00fdrt au\u00f0kenni \u00e1 \u00feeim sem panta\u00f0i margumr\u00e6ddar augl\u00fdsingar, Landssambandi \u00edslenskra \u00fatvegsmanna, til a\u00f0 uppfylla \u00e1ratuga langa hef\u00f0 R\u00daV \u00feess efnis a\u00f0 augl\u00fdsandinn s\u00e9 au\u00f0kennanlegur. S\u00f6mulei\u00f0is taldi almennur starfsma\u00f0ur \u00e1 augl\u00fdsingadeild R\u00daV a\u00f0 \u201eborgari\u201c v\u00e6ri ekki n\u00e6gjanlega sk\u00fdrt au\u00f0kenni \u00e1 Einari Steingr\u00edmssyni.<\/p>\n<p>Um hi\u00f0 fyrra m\u00e1 vafalaust deila en varla hi\u00f0 s\u00ed\u00f0ara. \u00deetta umdeilanlega mat almenns starfsmanns hj\u00e1 R\u00daV ver\u00f0ur \u00fe\u00e9r s\u00ed\u00f0an m.a. tilefni upphr\u00f3pana \u00e1 opinberum vettvangi \u00e1 bor\u00f0 vi\u00f0 \u201ep\u00f3lit\u00edsk ritsko\u00f0un \u00e1 R\u00daV fyrir L\u00cd\u00da\u201c og \u201esv\u00edvir\u00f0ileg framkoma\u201c af h\u00e1lfu R\u00daV. \u00de\u00f3tti sumum h\u00e9r skorta nokku\u00f0 \u00e1 h\u00f3fsemd \u00ed or\u00f0avali af \u00feessu tilefni.<\/p>\n<p>\u00deessi \u00e1litam\u00e1l ur\u00f0u hins vegar til \u00feess a\u00f0 yfirmenn \u00e1 augl\u00fdsingadeild t\u00f3ku umr\u00e6ddar augl\u00fdsingar til n\u00e1nari sko\u00f0unar og komust a\u00f0 \u00feeirri ni\u00f0urst\u00f6\u00f0u a\u00f0 \u00fe\u00e6r kynnu l\u00edka a\u00f0 var\u00f0a vi\u00f0 3. og 4. t\u00f6luli\u00f0 3. greinar \u00ed augl\u00fdsingareglum R\u00daV. Eftir samr\u00e6\u00f0ur vi\u00f0 augl\u00fdsandann var birtingum \u00feeirra h\u00e6tt. A\u00f0dragandi og e\u00f0li \u00feessa m\u00e1ls kallar hins vegar a\u00f0 m\u00ednu mati hvorki \u00e1 opinbera yfirl\u00fdsingu n\u00e9 afs\u00f6kunarbei\u00f0ni af h\u00e1lfu R\u00daV, eins og \u00fe\u00fa fer\u00f0 fram \u00e1 \u00ed erindi \u00fe\u00ednu.<\/p>\n<p>Var\u00f0andi li\u00f0 1. \u00ed erindi \u00fe\u00ednu er svari\u00f0 \u00feetta: Augl\u00fdsingu \u00feinni er hafna\u00f0 \u00e1 grundvelli reglna R\u00daV um augl\u00fdsingar, sbr. 3. gr., 3. og 4. t\u00f6luli\u00f0.<\/p>\n<p>\u00c9g vil a\u00f0 lokum \u00feakka \u00fe\u00e9r fyrir \u00feessar umr\u00e6\u00f0ur og \u00e1bendingar \u2013 a\u00f0 \u00fev\u00ed marki sem \u00fe\u00e6r byggja \u00e1 skynsamlegum r\u00f6kum en ekki upphr\u00f3punum og sams\u00e6riskenningum. \u00de\u00e6r ver\u00f0a til \u00feess a\u00f0 R\u00daV mun hra\u00f0a \u00feeirri endursko\u00f0un \u00e1 augl\u00fdsingareglum, sem \u00feegar var hafin,\u00a0 m.a. vegna n\u00fdrra fj\u00f6lmi\u00f0lalaga. Af \u00e1bendingum \u00fe\u00ednum var\u00f0 m.a. auglj\u00f3s s\u00e1 annmarki a\u00f0 regluna um au\u00f0kenni \u00e1 augl\u00fdsanda, sem h\u00e9r innandyra \u00feykir sj\u00e1lfs\u00f6g\u00f0 og byggir \u00e1 \u00e1ratuga langri hef\u00f0, er hvergi a\u00f0 finna formlega og skriflega. Vi\u00f0 munum n\u00fa a\u00f0 sj\u00e1lfs\u00f6g\u00f0u r\u00e1\u00f0a b\u00f3t \u00e1 \u00fev\u00ed.<\/p>\n<p>M\u00e9r \u00fe\u00e6tti svo v\u00e6nt um a\u00f0 \u00feetta svar mitt birtist \u00ed heilu lagi \u2013 ef \u00fe\u00fa \u00e6tlar a\u00f0 birta \u00fea\u00f0 \u00e1 blogginu \u00fe\u00ednu.<\/p>\n<p>Me\u00f0 vinsemd og vir\u00f0ingu,<\/p>\n<p>P\u00e1ll Magn\u00fasson<br \/>\n\u00fatvarpssj\u00f3ri<\/p>\n<p>\u2014\u2014\u2014\u2014\u2014\u2014\u2014\u2014\u2014\u2014\u2014\u2014\u2014\u2014\u2014\u2014\u2014\u2014\u2014\u2014\u2014\u2014\u2014\u2014\u2014\u2014\u2014\u2014\u2014\u2013<\/p>\n<p>From: Einar Steingrimsson &lt;einar@alum.mit.edu&gt;<br \/>\nDate: 2011\/11\/24<br \/>\nSubject: Re: Fyrirspurn um me\u00f0fer\u00f0 augl\u00fdsinga<br \/>\nTo: P\u00e1ll Magn\u00fasson &lt;pall.magnusson@ruv.is&gt;<\/p>\n<p>S\u00e6ll aftur P\u00e1ll<\/p>\n<p>Takk fyrir sv\u00f6rin.\u00a0 \u00c9g hef eftirfarandi athugasemdir:<\/p>\n<p>1.\u00a0 \u00c9g tel, enn sem fyrr, a\u00f0 L\u00cd\u00da hafi villt \u00e1 s\u00e9r heimildir me\u00f0 \u00fev\u00ed a\u00f0 augl\u00fdsa undir nafninu \u201e\u00edslenskir \u00fatvegsmenn\u201c.\u00a0 Annars vegar er L\u00cd\u00da alls ekki fulltr\u00fai allra \u00edslenskra \u00fatvegsmanna og \u00e6tti \u00fev\u00ed a\u00f0 vera \u00f3heimilt a\u00f0 augl\u00fdsa me\u00f0 sl\u00edkri undirskrift, alveg eins og \u00fea\u00f0 v\u00e6ri \u00f3e\u00f0lilegt a\u00f0 Samt\u00f6k Verslunar og \u00dej\u00f3nustu fengju\u00a0 a\u00f0 augl\u00fdsa \u00ed nafni \u201e\u00edslenskra verslunarmanna\u201c.\u00a0 \u00dea\u00f0 segir s\u00edna s\u00f6gu a\u00f0 L\u00cd\u00da v\u00edsa\u00f0i \u00ed s\u00ed\u00f0ari augl\u00fdsingum \u00e1 vefs\u00ed\u00f0u sem sambandi\u00f0 \u00e1, en \u00fear kom ekkert fram um hver st\u00e6\u00f0i \u00e1 bak vi\u00f0 s\u00ed\u00f0una \u00feegar augl\u00fdsingarnar voru lesnar.<\/p>\n<p>2.\u00a0 \u00c9g tel ekkert rangt vi\u00f0 regluna um a\u00f0 augl\u00fdsingar s\u00e9u sk\u00fdrt merktar augl\u00fdsandanum, en \u00fev\u00ed var greinilega ekki framfylgt var\u00f0andi L\u00cd\u00da.\u00a0 \u00cd s\u00ed\u00f0asta p\u00f3sti m\u00ednum \u00fear sem \u00e9g ba\u00f0 um a\u00f0 augl\u00fdsing yr\u00f0i lesin t\u00f3k \u00e9g s\u00e9rstaklega fram a\u00f0 ef \u00fea\u00f0 v\u00e6ri \u00e1litin fr\u00e1gangss\u00f6k a\u00f0 undirskriftin v\u00e6ri \u201eborgari\u201c, \u00fe\u00e1 m\u00e6tti setja \u201eEinar Steingr\u00edmsson\u201c \u00ed sta\u00f0inn.\u00a0 \u00d3lj\u00f3s undirskrift var \u00fev\u00ed ekki \u00e1st\u00e6\u00f0a h\u00f6fnunar hennar.<\/p>\n<p>3.\u00a0 \u00de\u00fa v\u00edsar \u00ed 3. og 4. t\u00f6luli\u00f0 4. greinar augl\u00fdsingareglna R\u00daV var\u00f0andi h\u00f6fnun \u00e1 s\u00ed\u00f0ustu augl\u00fdsingunni sem \u00e9g vildi f\u00e1 birta.\u00a0 \u00dea\u00f0 tel \u00e9g ekki standast \u00fear sem fullyrt var \u00ed henni annars vegar a\u00f0 L\u00cd\u00da hef\u00f0i siglt undir f\u00f6lsku flaggi \u00ed augl\u00fdsingum s\u00ednum, sem \u00e9g tel auglj\u00f3st, sbr. ofangreint.\u00a0 Ennfremur a\u00f0 innihald augl\u00fdsinga L\u00cd\u00da hafi einmitt broti\u00f0 gegn \u00feessum \u00e1kv\u00e6\u00f0um sem \u00fe\u00fa nefnir, \u00fear sem \u00fe\u00e6r hafi ekki innihaldi\u00f0 \u201e\u00fea\u00f0 eitt sem er satt og r\u00e9tt\u201c, auk \u00feess sem\u00a0 f\u00f3lu \u00ed s\u00e9r \u201e\u00e1deilu e\u00f0a hlutdr\u00e6ga ums\u00f6gn um [\u2026] stefnur \u00ed almennum m\u00e1lum.\u201c\u00a0 \u00cd augl\u00fdsingunni sem \u00e9g vildi f\u00e1 birta var sem sagt engu \u00f6\u00f0ru haldi\u00f0 fram en \u00fev\u00ed sem auglj\u00f3slega er r\u00e9tt, og sem R\u00daV vir\u00f0ist n\u00fa hafa vi\u00f0urkennt, \u00e1n \u00feess a\u00f0 vilja l\u00fdsa \u00fev\u00ed yfir opinberlega, hva\u00f0 \u00fe\u00e1 a\u00f0 bi\u00f0jast afs\u00f6kunar.<\/p>\n<p>4.\u00a0 \u00dea\u00f0 er \u00e1st\u00e6\u00f0a fyrir \u00fev\u00ed a\u00f0 \u00e9g kalla upphafleg vi\u00f0br\u00f6g\u00f0 R\u00daV \u00ed \u00feessu m\u00e1li p\u00f3lit\u00edska ritsko\u00f0un.\u00a0 \u00c9g \u00e1 au\u00f0vita\u00f0 ekki vi\u00f0 a\u00f0 R\u00daV s\u00e9 me\u00f0 skipulag\u00f0a og me\u00f0vita\u00f0a p\u00f3lit\u00edska ritsko\u00f0un.\u00a0 Hins vegar tel \u00e9g \u00feetta vera lj\u00f3st d\u00e6mi um \u00fe\u00e1 ritsko\u00f0un sem ver\u00f0ur n\u00e1nast \u201esj\u00e1lfvirk\u201c \u00fear sem vi\u00f0tekin vi\u00f0horf \u00feeirra sem voldugastir eru ver\u00f0a sj\u00e1lfs\u00f6g\u00f0 og vekja engin vi\u00f0br\u00f6g\u00f0, en andst\u00e6\u00f0 vi\u00f0horf \u00f3breyttra borgara vekja hins vegar allt \u00f6nnur vi\u00f0br\u00f6g\u00f0.\u00a0 \u00deetta er a\u00f0 m\u00ednu \u00e1liti l\u00famsk og mj\u00f6g alvarleg p\u00f3lit\u00edsk ritsko\u00f0un.<\/p>\n<p>5.\u00a0 \u00cd lj\u00f3si \u00feess sem \u00e1 undan er gengi\u00f0 eru \u00fea\u00f0 vonbrig\u00f0i a\u00f0 heyra a\u00f0 R\u00daV \u00e6tli ekki a\u00f0 bi\u00f0jast afs\u00f6kunar \u00e1 a\u00f0 hafa birt fj\u00f6lda augl\u00fdsinga fr\u00e1 L\u00cd\u00da sem auglj\u00f3slega brutu gegn augl\u00fdsingareglum R\u00daV.\u00a0 \u00dea\u00f0 bendir ekki til a\u00f0 forysta R\u00daV geri s\u00e9r grein fyrir \u00fev\u00ed sem \u00e9g tel vera alvarlegt e\u00f0li \u00feessa m\u00e1ls.\u00a0 \u00dea\u00f0 er mi\u00f0ur, \u00fev\u00ed forystan vir\u00f0ist \u00fear me\u00f0 ekki l\u00edta svo \u00e1 a\u00f0 hlutverk R\u00daV s\u00e9 a\u00f0 \u00fej\u00f3na almenningi fremur en voldugum hagsmunasamt\u00f6kum.<\/p>\n<p>Bestu kve\u00f0jur,<\/p>\n<p>Einar<\/p>\n<p>PS.\u00a0 \u00c9g mun birta \u00feessi p\u00f3stskipti okkar \u00e1 blogginu m\u00ednu.\u00a0 Hafir\u00f0u fleiri athugasemdir sem \u00fe\u00fa vilt koma \u00e1 framf\u00e6ri \u00fear er \u00fea\u00f0 sj\u00e1lfsagt m\u00e1l.<\/p>\n","protected":false},"excerpt":{"rendered":"<p>H\u00e9r fara \u00e1 eftir sv\u00f6r P\u00e1ls Magn\u00fassonar \u00fatvarpsstj\u00f3ra R\u00daV vi\u00f0 fyrirspurn sem \u00e9g sendi honum og birti \u00ed \u00feessum\u00a0bloggpistli.\u00a0 \u00dear \u00e1 eftir kemur svar mitt til P\u00e1ls.<\/p>\n","protected":false},"author":10,"featured_media":0,"comment_status":"open","ping_status":"open","sticky":false,"template":"","format":"standard","meta":{"footnotes":""},"categories":[1,16],"tags":[177,24,146,175,101],"class_list":["post-197","post","type-post","status-publish","format-standard","hentry","category-oflokkad","category-fjolmidlar","tag-auglysingar","tag-liu","tag-pall-magnusson","tag-utvarpsstjori","tag-valdaklikur-og-spilling"],"yoast_head":"<!-- This site is optimized with the Yoast SEO plugin v27.5 - https:\/\/yoast.com\/product\/yoast-seo-wordpress\/ -->\n<title>Sv\u00f6r \u00fatvarpsstj\u00f3ra R\u00daV um L\u00cd\u00da-m\u00e1li\u00f0 - Einar<\/title>\n<meta name=\"robots\" content=\"index, follow, max-snippet:-1, max-image-preview:large, max-video-preview:-1\" \/>\n<link rel=\"canonical\" href=\"https:\/\/www.norn.is\/einar\/2011\/11\/24\/svor-utvarpsstjora-ruv-um-liu-malid\/\" \/>\n<meta property=\"og:locale\" content=\"is_IS\" \/>\n<meta property=\"og:type\" content=\"article\" \/>\n<meta property=\"og:title\" content=\"Sv\u00f6r \u00fatvarpsstj\u00f3ra R\u00daV um L\u00cd\u00da-m\u00e1li\u00f0 - Einar\" \/>\n<meta property=\"og:description\" content=\"H\u00e9r fara \u00e1 eftir sv\u00f6r P\u00e1ls Magn\u00fassonar \u00fatvarpsstj\u00f3ra R\u00daV vi\u00f0 fyrirspurn sem \u00e9g sendi honum og birti \u00ed \u00feessum\u00a0bloggpistli.\u00a0 \u00dear \u00e1 eftir kemur svar mitt til P\u00e1ls.\" \/>\n<meta property=\"og:url\" content=\"https:\/\/www.norn.is\/einar\/2011\/11\/24\/svor-utvarpsstjora-ruv-um-liu-malid\/\" \/>\n<meta property=\"og:site_name\" content=\"Einar\" \/>\n<meta property=\"article:published_time\" content=\"2011-11-24T16:59:25+00:00\" \/>\n<meta property=\"article:modified_time\" content=\"2017-09-24T11:04:26+00:00\" \/>\n<meta name=\"author\" content=\"einar\" \/>\n<meta name=\"twitter:card\" content=\"summary_large_image\" \/>\n<meta name=\"twitter:label1\" content=\"Written by\" \/>\n\t<meta name=\"twitter:data1\" content=\"\" \/>\n\t<meta name=\"twitter:label2\" content=\"Est. reading time\" \/>\n\t<meta name=\"twitter:data2\" content=\"8 minutes\" \/>\n<script type=\"application\/ld+json\" class=\"yoast-schema-graph\">{\"@context\":\"https:\\\/\\\/schema.org\",\"@graph\":[{\"@type\":\"Article\",\"@id\":\"https:\\\/\\\/www.norn.is\\\/einar\\\/2011\\\/11\\\/24\\\/svor-utvarpsstjora-ruv-um-liu-malid\\\/#article\",\"isPartOf\":{\"@id\":\"https:\\\/\\\/www.norn.is\\\/einar\\\/2011\\\/11\\\/24\\\/svor-utvarpsstjora-ruv-um-liu-malid\\\/\"},\"author\":{\"name\":\"einar\",\"@id\":\"https:\\\/\\\/www.norn.is\\\/einar\\\/#\\\/schema\\\/person\\\/19affadb841a22f7bfd4bdcd72a862d0\"},\"headline\":\"Sv\u00f6r \u00fatvarpsstj\u00f3ra R\u00daV um L\u00cd\u00da-m\u00e1li\u00f0\",\"datePublished\":\"2011-11-24T16:59:25+00:00\",\"dateModified\":\"2017-09-24T11:04:26+00:00\",\"mainEntityOfPage\":{\"@id\":\"https:\\\/\\\/www.norn.is\\\/einar\\\/2011\\\/11\\\/24\\\/svor-utvarpsstjora-ruv-um-liu-malid\\\/\"},\"wordCount\":1567,\"commentCount\":0,\"keywords\":[\"Augl\u00fdsingar\",\"L\u00cd\u00da\",\"P\u00e1ll Magn\u00fasson\",\"\u00datvarpsstj\u00f3ri\",\"Valdakl\u00edkur og spilling\"],\"articleSection\":[\"Allt efni\",\"Fj\u00f6lmi\u00f0lar\"],\"inLanguage\":\"is\",\"potentialAction\":[{\"@type\":\"CommentAction\",\"name\":\"Comment\",\"target\":[\"https:\\\/\\\/www.norn.is\\\/einar\\\/2011\\\/11\\\/24\\\/svor-utvarpsstjora-ruv-um-liu-malid\\\/#respond\"]}]},{\"@type\":\"WebPage\",\"@id\":\"https:\\\/\\\/www.norn.is\\\/einar\\\/2011\\\/11\\\/24\\\/svor-utvarpsstjora-ruv-um-liu-malid\\\/\",\"url\":\"https:\\\/\\\/www.norn.is\\\/einar\\\/2011\\\/11\\\/24\\\/svor-utvarpsstjora-ruv-um-liu-malid\\\/\",\"name\":\"Sv\u00f6r \u00fatvarpsstj\u00f3ra R\u00daV um L\u00cd\u00da-m\u00e1li\u00f0 - Einar\",\"isPartOf\":{\"@id\":\"https:\\\/\\\/www.norn.is\\\/einar\\\/#website\"},\"datePublished\":\"2011-11-24T16:59:25+00:00\",\"dateModified\":\"2017-09-24T11:04:26+00:00\",\"author\":{\"@id\":\"https:\\\/\\\/www.norn.is\\\/einar\\\/#\\\/schema\\\/person\\\/19affadb841a22f7bfd4bdcd72a862d0\"},\"breadcrumb\":{\"@id\":\"https:\\\/\\\/www.norn.is\\\/einar\\\/2011\\\/11\\\/24\\\/svor-utvarpsstjora-ruv-um-liu-malid\\\/#breadcrumb\"},\"inLanguage\":\"is\",\"potentialAction\":[{\"@type\":\"ReadAction\",\"target\":[\"https:\\\/\\\/www.norn.is\\\/einar\\\/2011\\\/11\\\/24\\\/svor-utvarpsstjora-ruv-um-liu-malid\\\/\"]}]},{\"@type\":\"BreadcrumbList\",\"@id\":\"https:\\\/\\\/www.norn.is\\\/einar\\\/2011\\\/11\\\/24\\\/svor-utvarpsstjora-ruv-um-liu-malid\\\/#breadcrumb\",\"itemListElement\":[{\"@type\":\"ListItem\",\"position\":1,\"name\":\"Home\",\"item\":\"https:\\\/\\\/www.norn.is\\\/einar\\\/\"},{\"@type\":\"ListItem\",\"position\":2,\"name\":\"Sv\u00f6r \u00fatvarpsstj\u00f3ra R\u00daV um L\u00cd\u00da-m\u00e1li\u00f0\"}]},{\"@type\":\"WebSite\",\"@id\":\"https:\\\/\\\/www.norn.is\\\/einar\\\/#website\",\"url\":\"https:\\\/\\\/www.norn.is\\\/einar\\\/\",\"name\":\"Einar\",\"description\":\"Pistlar Einars Steingr\u00edmssonar\",\"potentialAction\":[{\"@type\":\"SearchAction\",\"target\":{\"@type\":\"EntryPoint\",\"urlTemplate\":\"https:\\\/\\\/www.norn.is\\\/einar\\\/?s={search_term_string}\"},\"query-input\":{\"@type\":\"PropertyValueSpecification\",\"valueRequired\":true,\"valueName\":\"search_term_string\"}}],\"inLanguage\":\"is\"},{\"@type\":\"Person\",\"@id\":\"https:\\\/\\\/www.norn.is\\\/einar\\\/#\\\/schema\\\/person\\\/19affadb841a22f7bfd4bdcd72a862d0\",\"name\":\"einar\",\"image\":{\"@type\":\"ImageObject\",\"inLanguage\":\"is\",\"@id\":\"https:\\\/\\\/secure.gravatar.com\\\/avatar\\\/6f5f5592f3cc45e338376db24f1672c636582d9c27d855e8f077f13ef13b17fd?s=96&d=mm&r=g\",\"url\":\"https:\\\/\\\/secure.gravatar.com\\\/avatar\\\/6f5f5592f3cc45e338376db24f1672c636582d9c27d855e8f077f13ef13b17fd?s=96&d=mm&r=g\",\"contentUrl\":\"https:\\\/\\\/secure.gravatar.com\\\/avatar\\\/6f5f5592f3cc45e338376db24f1672c636582d9c27d855e8f077f13ef13b17fd?s=96&d=mm&r=g\",\"caption\":\"einar\"},\"url\":\"https:\\\/\\\/www.norn.is\\\/einar\\\/author\\\/einarsteingrimsson\\\/\"}]}<\/script>\n<!-- \/ Yoast SEO plugin. -->","yoast_head_json":{"title":"Sv\u00f6r \u00fatvarpsstj\u00f3ra R\u00daV um L\u00cd\u00da-m\u00e1li\u00f0 - Einar","robots":{"index":"index","follow":"follow","max-snippet":"max-snippet:-1","max-image-preview":"max-image-preview:large","max-video-preview":"max-video-preview:-1"},"canonical":"https:\/\/www.norn.is\/einar\/2011\/11\/24\/svor-utvarpsstjora-ruv-um-liu-malid\/","og_locale":"is_IS","og_type":"article","og_title":"Sv\u00f6r \u00fatvarpsstj\u00f3ra R\u00daV um L\u00cd\u00da-m\u00e1li\u00f0 - Einar","og_description":"H\u00e9r fara \u00e1 eftir sv\u00f6r P\u00e1ls Magn\u00fassonar \u00fatvarpsstj\u00f3ra R\u00daV vi\u00f0 fyrirspurn sem \u00e9g sendi honum og birti \u00ed \u00feessum\u00a0bloggpistli.\u00a0 \u00dear \u00e1 eftir kemur svar mitt til P\u00e1ls.","og_url":"https:\/\/www.norn.is\/einar\/2011\/11\/24\/svor-utvarpsstjora-ruv-um-liu-malid\/","og_site_name":"Einar","article_published_time":"2011-11-24T16:59:25+00:00","article_modified_time":"2017-09-24T11:04:26+00:00","author":"einar","twitter_card":"summary_large_image","twitter_misc":{"Written by":false,"Est. reading time":"8 minutes"},"schema":{"@context":"https:\/\/schema.org","@graph":[{"@type":"Article","@id":"https:\/\/www.norn.is\/einar\/2011\/11\/24\/svor-utvarpsstjora-ruv-um-liu-malid\/#article","isPartOf":{"@id":"https:\/\/www.norn.is\/einar\/2011\/11\/24\/svor-utvarpsstjora-ruv-um-liu-malid\/"},"author":{"name":"einar","@id":"https:\/\/www.norn.is\/einar\/#\/schema\/person\/19affadb841a22f7bfd4bdcd72a862d0"},"headline":"Sv\u00f6r \u00fatvarpsstj\u00f3ra R\u00daV um L\u00cd\u00da-m\u00e1li\u00f0","datePublished":"2011-11-24T16:59:25+00:00","dateModified":"2017-09-24T11:04:26+00:00","mainEntityOfPage":{"@id":"https:\/\/www.norn.is\/einar\/2011\/11\/24\/svor-utvarpsstjora-ruv-um-liu-malid\/"},"wordCount":1567,"commentCount":0,"keywords":["Augl\u00fdsingar","L\u00cd\u00da","P\u00e1ll Magn\u00fasson","\u00datvarpsstj\u00f3ri","Valdakl\u00edkur og spilling"],"articleSection":["Allt efni","Fj\u00f6lmi\u00f0lar"],"inLanguage":"is","potentialAction":[{"@type":"CommentAction","name":"Comment","target":["https:\/\/www.norn.is\/einar\/2011\/11\/24\/svor-utvarpsstjora-ruv-um-liu-malid\/#respond"]}]},{"@type":"WebPage","@id":"https:\/\/www.norn.is\/einar\/2011\/11\/24\/svor-utvarpsstjora-ruv-um-liu-malid\/","url":"https:\/\/www.norn.is\/einar\/2011\/11\/24\/svor-utvarpsstjora-ruv-um-liu-malid\/","name":"Sv\u00f6r \u00fatvarpsstj\u00f3ra R\u00daV um L\u00cd\u00da-m\u00e1li\u00f0 - Einar","isPartOf":{"@id":"https:\/\/www.norn.is\/einar\/#website"},"datePublished":"2011-11-24T16:59:25+00:00","dateModified":"2017-09-24T11:04:26+00:00","author":{"@id":"https:\/\/www.norn.is\/einar\/#\/schema\/person\/19affadb841a22f7bfd4bdcd72a862d0"},"breadcrumb":{"@id":"https:\/\/www.norn.is\/einar\/2011\/11\/24\/svor-utvarpsstjora-ruv-um-liu-malid\/#breadcrumb"},"inLanguage":"is","potentialAction":[{"@type":"ReadAction","target":["https:\/\/www.norn.is\/einar\/2011\/11\/24\/svor-utvarpsstjora-ruv-um-liu-malid\/"]}]},{"@type":"BreadcrumbList","@id":"https:\/\/www.norn.is\/einar\/2011\/11\/24\/svor-utvarpsstjora-ruv-um-liu-malid\/#breadcrumb","itemListElement":[{"@type":"ListItem","position":1,"name":"Home","item":"https:\/\/www.norn.is\/einar\/"},{"@type":"ListItem","position":2,"name":"Sv\u00f6r \u00fatvarpsstj\u00f3ra R\u00daV um L\u00cd\u00da-m\u00e1li\u00f0"}]},{"@type":"WebSite","@id":"https:\/\/www.norn.is\/einar\/#website","url":"https:\/\/www.norn.is\/einar\/","name":"Einar","description":"Pistlar Einars Steingr\u00edmssonar","potentialAction":[{"@type":"SearchAction","target":{"@type":"EntryPoint","urlTemplate":"https:\/\/www.norn.is\/einar\/?s={search_term_string}"},"query-input":{"@type":"PropertyValueSpecification","valueRequired":true,"valueName":"search_term_string"}}],"inLanguage":"is"},{"@type":"Person","@id":"https:\/\/www.norn.is\/einar\/#\/schema\/person\/19affadb841a22f7bfd4bdcd72a862d0","name":"einar","image":{"@type":"ImageObject","inLanguage":"is","@id":"https:\/\/secure.gravatar.com\/avatar\/6f5f5592f3cc45e338376db24f1672c636582d9c27d855e8f077f13ef13b17fd?s=96&d=mm&r=g","url":"https:\/\/secure.gravatar.com\/avatar\/6f5f5592f3cc45e338376db24f1672c636582d9c27d855e8f077f13ef13b17fd?s=96&d=mm&r=g","contentUrl":"https:\/\/secure.gravatar.com\/avatar\/6f5f5592f3cc45e338376db24f1672c636582d9c27d855e8f077f13ef13b17fd?s=96&d=mm&r=g","caption":"einar"},"url":"https:\/\/www.norn.is\/einar\/author\/einarsteingrimsson\/"}]}},"_links":{"self":[{"href":"https:\/\/www.norn.is\/einar\/wp-json\/wp\/v2\/posts\/197","targetHints":{"allow":["GET"]}}],"collection":[{"href":"https:\/\/www.norn.is\/einar\/wp-json\/wp\/v2\/posts"}],"about":[{"href":"https:\/\/www.norn.is\/einar\/wp-json\/wp\/v2\/types\/post"}],"author":[{"embeddable":true,"href":"https:\/\/www.norn.is\/einar\/wp-json\/wp\/v2\/users\/10"}],"replies":[{"embeddable":true,"href":"https:\/\/www.norn.is\/einar\/wp-json\/wp\/v2\/comments?post=197"}],"version-history":[{"count":1,"href":"https:\/\/www.norn.is\/einar\/wp-json\/wp\/v2\/posts\/197\/revisions"}],"predecessor-version":[{"id":198,"href":"https:\/\/www.norn.is\/einar\/wp-json\/wp\/v2\/posts\/197\/revisions\/198"}],"wp:attachment":[{"href":"https:\/\/www.norn.is\/einar\/wp-json\/wp\/v2\/media?parent=197"}],"wp:term":[{"taxonomy":"category","embeddable":true,"href":"https:\/\/www.norn.is\/einar\/wp-json\/wp\/v2\/categories?post=197"},{"taxonomy":"post_tag","embeddable":true,"href":"https:\/\/www.norn.is\/einar\/wp-json\/wp\/v2\/tags?post=197"}],"curies":[{"name":"wp","href":"https:\/\/api.w.org\/{rel}","templated":true}]}}