{"id":181,"date":"2011-10-27T16:40:32","date_gmt":"2011-10-27T16:40:32","guid":{"rendered":"http:\/\/www.norn.is\/einar\/?p=181"},"modified":"2017-09-24T11:05:08","modified_gmt":"2017-09-24T11:05:08","slug":"hi-andverdleikasamfelag-og-halfsannindi","status":"publish","type":"post","link":"https:\/\/www.norn.is\/einar\/2011\/10\/27\/hi-andverdleikasamfelag-og-halfsannindi\/","title":{"rendered":"H\u00cd, andver\u00f0leikasamf\u00e9lag og h\u00e1lfsannindi"},"content":{"rendered":"<p>\u00cd H\u00e1sk\u00f3la \u00cdslands er talsvert af g\u00f3\u00f0u v\u00edsindaf\u00f3lki, og d\u00e1l\u00edti\u00f0 af f\u00f3lki sem stendur framarlega \u00e1 s\u00ednu svi\u00f0i \u00ed \u00fev\u00ed al\u00fej\u00f3\u00f0asamf\u00e9lagi sem v\u00edsindin eru.\u00a0 Hinir eru miklu fleiri, sem ekki standast \u00fe\u00e6r kr\u00f6fur sem ger\u00f0ar eru \u00ed al\u00fej\u00f3\u00f0asamf\u00e9laginu. \u00dea\u00f0 sem verra er, dragb\u00edtar hafa t\u00f6glin og hagldirnar \u00ed valdakerfi sk\u00f3lans, og vinna leynt og lj\u00f3st gegn \u00feeim yfirl\u00fdstu markmi\u00f0um sk\u00f3lans a\u00f0 ver\u00f0a gjaldgengur \u00e1 al\u00fej\u00f3\u00f0avettvangi.\u00a0 \u00dea\u00f0 gildir, \u00fe\u00f3tt \u00f3tr\u00falegt megi vir\u00f0ast, l\u00edka um rektor sk\u00f3lans. \u00dea\u00f0 er margt, f\u00f3lki\u00f0 \u00ed H\u00cd sem veit \u00feetta, en \u00fea\u00f0 veit l\u00edka a\u00f0 \u00ed \u00feessu \u201elitla og heilbrig\u00f0a samf\u00e9lagi\u201c eins og Gu\u00f0bergur Bergsson kalla\u00f0i \u00cdsland einhvern t\u00edma, er f\u00f3lki a\u00f0 \u00f6llu j\u00f6fnu \u00fatsk\u00fafa\u00f0 kirfilega ef \u00fea\u00f0 dirfist a\u00f0 benda \u00e1 kl\u00e6\u00f0leysi keisaranna.<!--more--><\/p>\n<p>H\u00cd hreykir s\u00e9r \u00feessa dagana af a\u00f0 vera kominn \u00ed h\u00f3p 300 bestu h\u00e1sk\u00f3la \u00ed heimi. \u00dea\u00f0 er a\u00f0 v\u00edsu h\u00e6ttulegt a\u00f0 fagna \u00fev\u00ed a\u00f0 H\u00cd hafi n\u00e1\u00f0 \u00feessum \u201e\u00e1rangri\u201c, eins og rektor sk\u00f3lans hefur gert, \u00fev\u00ed h\u00e9r er um a\u00f0 r\u00e6\u00f0a einn matsa\u00f0ila, sem n\u00fdlega hefur \u00fear a\u00f0 auki breytt matsa\u00f0fer\u00f0um s\u00ednum, og varasamt a\u00f0 treysta \u00e1 a\u00f0 \u00feessi ni\u00f0ursta\u00f0a haldi til lengdar, og a\u00f0 a\u00f0rir komist a\u00f0 s\u00f6mu ni\u00f0urst\u00f6\u00f0u.<\/p>\n<p>Hitt er miklu verra, a\u00f0 h\u00e9r er um l\u00e1nsfja\u00f0rir a\u00f0 r\u00e6\u00f0a.\u00a0 St\u00f6kki\u00f0 sem sk\u00f3linn hefur teki\u00f0 er ekki s\u00edst a\u00f0 \u00feakka \u00fev\u00ed a\u00f0 fj\u00f6ldi tilvitnana \u00ed greinar eftir v\u00edsindamenn hj\u00e1 \u00cdslenskri Erf\u00f0agreiningu og Hjartavernd hefur aukist verulega s\u00ed\u00f0ustu \u00e1rin.\u00a0 Flestar e\u00f0a allar greinar sem fjalla um ranns\u00f3knir \u00feessara stofnana eru me\u00f0 me\u00f0h\u00f6funda \u00ed H\u00cd, auk \u00feess sem forst\u00f6\u00f0umenn beggja stofnananna hafa n\u00fdlega fengi\u00f0 st\u00f6\u00f0u pr\u00f3fessora vi\u00f0 sk\u00f3lann, \u00fe\u00f3tt \u00fea\u00f0 breyti litlu e\u00f0a engu um hvar v\u00edsindastarf \u00feeirra fer fram.\u00a0 Lunginn \u00far \u00fev\u00ed starfi sem liggur a\u00f0 baki \u00feessum greinum fer fram \u00e1 umr\u00e6ddum stofnunum, og H\u00cd hefur n\u00e1nast engin \u00e1hrif haft \u00e1 uppbyggingu \u00feeirra.<\/p>\n<p>Um \u00feetta eru l\u00edklega til beinhar\u00f0ar t\u00f6lur (sem H\u00cd b\u00fdr v\u00e6ntanlega yfir \u00fe\u00f3tt forysta sk\u00f3lans s\u00e9 ekki a\u00f0 flagga \u00feeim), en \u00fea\u00f0 er nokku\u00f0 lj\u00f3st a\u00f0 H\u00e1sk\u00f3la \u00cdslands hefur l\u00edti\u00f0 e\u00f0a ekki fari\u00f0 fram \u00e1 \u00feessu svi\u00f0i undanfarin \u00e1r, a.m.k. ekki umfram \u00fea\u00f0 a\u00f0 halda \u00ed vi\u00f0 \u00fe\u00e1 st\u00f6\u00f0ugu \u00fer\u00f3un sem er \u00ed v\u00edsindaheiminum.<\/p>\n<p>S\u00ed\u00f0ustu \u00e1rin hefur fari\u00f0 fram bar\u00e1tta innan H\u00cd \u00fear sem reynt hefur veri\u00f0 a\u00f0 \u00feoka matskerfi sk\u00f3lans, sem \u00e1kvar\u00f0ar framgang starfsmanna og laun (a\u00f0 hluta), \u00ed \u00fe\u00e1 \u00e1tt sem sk\u00f3linn segist stefna.\u00a0 \u00dea\u00f0 er a\u00f0 segja, a\u00f0 umbuna frekar fyrir \u00fea\u00f0 framlag v\u00edsindaf\u00f3lks sk\u00f3lans sem n\u00e6r m\u00e1li \u00e1 al\u00fej\u00f3\u00f0avettvangi en fyrir \u00fea\u00f0 sem a\u00f0eins er gjaldgengt \u00ed \u00feeim \u00f6rlitla andapolli \u00fear sem eru \u00edslensk \u201ev\u00edsindat\u00edmarit\u201c.<\/p>\n<p>Eins og nefnt var \u00ed\u00a0<a href=\"http:\/\/blog.eyjan.is\/einar\/2011\/06\/07\/ranghugmyndir-um-haskolastarf-og-2007\/\">\u00feessum pistli<\/a>\u00a0f\u00e6r v\u00edsindama\u00f0ur sem er fyrsti h\u00f6fundur (og \u00fev\u00ed lei\u00f0toginn \u00ed starfinu sem a\u00f0 baki liggur) \u00e1 d\u00e6miger\u00f0ri grein \u00ed Nature, einu virtasta v\u00edsindat\u00edmariti heims, a\u00f0 \u00f6llu j\u00f6fnu miklu f\u00e6rri stig \u00ed matskerfi H\u00cd en annar sem birtir, t.d. \u00ed f\u00e9lagi vi\u00f0 einn annan mann, grein \u00ed \u00edslenska L\u00e6knabla\u00f0inu, af \u00fev\u00ed a\u00f0 greinar \u00ed Nature eru undantekningal\u00edti\u00f0 me\u00f0 mikinn fj\u00f6lda h\u00f6funda, sem dregur \u00far stigagj\u00f6finni \u00ed H\u00cd.\u00a0 Reyndar f\u00e6r a\u00f0alh\u00f6fundur \u00e1 grein \u00ed Nature me\u00f0 me\u00f0altalsfj\u00f6lda h\u00f6funda u.\u00fe.b. helmingi f\u00e6rri stig en gildir um greinar \u00ed L\u00e6knabla\u00f0inu, e\u00f0a \u00ed T\u00edmariti S\u00e1lfr\u00e6\u00f0inga e\u00f0a T\u00edmariti um Menntam\u00e1l.\u00a0 \u00de\u00f3 liggur \u00ed augum uppi a\u00f0 me\u00f0 \u00fev\u00ed a\u00f0 birta \u00e1 \u00edslensku eru akadem\u00edskir starfsmenn a\u00f0 breg\u00f0ast \u00feeirri skyldu sinni a\u00f0 kynna ni\u00f0urst\u00f6\u00f0ur s\u00ednar fyrir fr\u00e6\u00f0asamf\u00e9laginu sem \u00feeir eiga a\u00f0 tilheyra, \u00fev\u00ed \u00fea\u00f0 er al\u00fej\u00f3\u00f0legt.<\/p>\n<p>Skemmst er fr\u00e1 \u00fev\u00ed a\u00f0 segja a\u00f0 \u00ed \u00feessari bar\u00e1ttu, um a\u00f0 laga matskerfi H\u00cd a\u00f0 yfirl\u00fdstum markmi\u00f0um um a\u00f0 ver\u00f0a \u00f6flugur ranns\u00f3knah\u00e1sk\u00f3li, hafa \u00feeir sigra\u00f0 sem vilja hygla heimalningum og f\u00f3lki sem ekki er gjaldgengt \u00e1 al\u00fej\u00f3\u00f0avettvangi, en halda ni\u00f0ri, e\u00f0a \u00ed burtu, \u00feeim sem \u00feola al\u00fej\u00f3\u00f0legan samanbur\u00f0.<\/p>\n<p>Sumt af \u00fev\u00ed sem er a\u00f0 \u00ed H\u00cd er kunnugt almenningi, eins og kl\u00edkur\u00e1\u00f0ningar \u00fear sem undirm\u00e1lsf\u00f3lk sem hefur s\u00f6lsa\u00f0 undir sig deildir r\u00e6\u00f0ur heimalninga og a\u00f0ra sem ekki er h\u00e6tta \u00e1 a\u00f0 ver\u00f0i \u00f3\u00fe\u00e6gilegur samanbur\u00f0ur vi\u00f0 getuleysi \u201eheimamanna\u201c.\u00a0 Eitt hrikalegasta n\u00fdlega d\u00e6mi\u00f0 um \u00feetta (en alls ekki einsd\u00e6mi) er T\u00f6lvunarfr\u00e6\u00f0iskor H\u00cd, sem \u00e1 stuttum t\u00edma fyrir nokkrum \u00e1rum hrakti fr\u00e1 s\u00e9r fj\u00f3ra af bestu v\u00edsindam\u00f6nnum landsins, \u00feau \u00d6nnu Ing\u00f3lfsd\u00f3ttur, Bjarna Halld\u00f3rsson, \u00dalfar Erlingsson og Magn\u00fas M\u00e1 Halld\u00f3rsson.\u00a0 Hvert og eitt \u00feeirra er me\u00f0 \u00f6flugri birtinga- og tilvitnanalista en samanl\u00f6g\u00f0 T\u00f6lvunarfr\u00e6\u00f0iskorin (sem n\u00fa er hluti af annarri deild).<\/p>\n<p>\u00cd\u00a0<a href=\"http:\/\/www.visir.is\/haskoli-islands-100-ara-(einsemd!)\/article\/2011709299989\">grein \u00ed Fr\u00e9ttabla\u00f0inu<\/a>\u00a029. september gefur Birgir Gu\u00f0j\u00f3nsson \u00e1g\u00e6tt yfirlit yfir hva\u00f0 er a\u00f0 \u00ed H\u00cd. \u00de\u00f3tt tilvitnanir \u00ed fr\u00e6\u00f0igreinar s\u00e9u ekki einhl\u00edtur m\u00e6likvar\u00f0i \u00e1 g\u00e6\u00f0i v\u00edsindastarfs gefa \u00fe\u00e6r \u00fe\u00f3 g\u00f3\u00f0a v\u00edsbendingu, og s\u00e9rstaklega ef sko\u00f0a\u00f0ir eru h\u00f3par f\u00f3lks, eins og t.d. heilar h\u00e1sk\u00f3ladeildir.\u00a0 \u00dea\u00f0 er l\u00edka nokku\u00f0 \u00f3yggjandi a\u00f0 v\u00edsindama\u00f0ur sem n\u00e1nast ekkert er vitna\u00f0 \u00ed leikur ekkert hlutverk \u00ed \u00fev\u00ed al\u00fej\u00f3\u00f0asamf\u00e9lagi sem v\u00edsindin eru \u00e1 n\u00e1nast \u00f6llum svi\u00f0um.\u00a0 Flestir mikilv\u00e6gir gagnagrunnar um sl\u00edkar tilvitnanir eru \u00f6llum opnir \u00e1 netinu (eins og t.d.\u00a0<a href=\"http:\/\/scholar.google.com\/\">Google Scholar<\/a>).<\/p>\n<p>Hitt vita f\u00e6rri, \u00fe\u00f3tt \u00fea\u00f0 s\u00e9 opinbert leyndarm\u00e1l \u00ed \u00edslenska v\u00edsindasamf\u00e9laginu, a\u00f0 sumt af \u00e6\u00f0sta forystuf\u00f3lki H\u00cd n\u00e6r alls ekki m\u00e1li sem fr\u00e6\u00f0imenn, og \u00e6tti \u00ed vandr\u00e6\u00f0um me\u00f0 a\u00f0 f\u00e1 r\u00e1\u00f0ningu \u00ed s\u00e6milegum h\u00e1sk\u00f3la, hva\u00f0 \u00fe\u00e1 a\u00f0 \u00fea\u00f0 yr\u00f0i sett \u00ed akadem\u00edskar forystust\u00f6\u00f0ur.<\/p>\n<p>\u00cd opnum gagnagrunnum getur hver sem er t.d. flett upp forsetum Menntav\u00edsindasvi\u00f0s og F\u00e9lagsv\u00edsindasvi\u00f0s H\u00cd, \u00feeim J\u00f3ni Torfa J\u00f3nassyni og \u00d3lafi \u00de. Har\u00f0arsyni.\u00a0 \u00de\u00e1 kemur flj\u00f3tt \u00ed lj\u00f3s a\u00f0 framlag \u00feeirra \u00e1 fr\u00e6\u00f0asvi\u00f0um s\u00ednum er n\u00e1nast ekkert.\u00a0 H\u00e9r er um sams konar andver\u00f0leikasamf\u00e9lag a\u00f0 r\u00e6\u00f0a og svo v\u00ed\u00f0a annars sta\u00f0ar \u00e1 \u00cdslandi; \u00feeir sem klifra upp metor\u00f0astigann og komast til \u00e6\u00f0stu valda eru oftar en ekki f\u00f3lk sem fulln\u00e6gir ekki einu sinni \u00feeim l\u00e1gmarksskilyr\u00f0um sem undirmenn \u00feess \u00e6ttu a\u00f0 \u00feurfa a\u00f0 uppfylla, hva\u00f0 \u00fe\u00e1 \u00feeir sem eru \u00ed akadem\u00edskum forystuhlutverkum.\u00a0 Aflei\u00f0ingin er l\u00edka a\u00f0 \u00f6llum vi\u00f0mi\u00f0um um g\u00e6\u00f0i er sn\u00fai\u00f0 \u00e1 hvolf, sm\u00e1k\u00f3ngar fara a\u00f0 drottna yfir svi\u00f0um sem \u00feeir hafa enga bur\u00f0i \u00e1, og m\u00f3ta \u00feau \u00ed sinni mynd.<\/p>\n<p>\u00deetta hefur sem s\u00e9 lengi veri\u00f0 opinbert leyndarm\u00e1l, \u00fe\u00f3tt hver sem er geti flett \u00fev\u00ed upp, og margir vir\u00f0ast l\u00edta \u00e1 \u00fea\u00f0 sem feimnism\u00e1l.\u00a0 \u00dea\u00f0 er s\u00e9rkennilegt, \u00fev\u00ed alla jafnan \u00feykir sj\u00e1lfsagt a\u00f0 gera athugasemdir vi\u00f0 r\u00e1\u00f0ningar f\u00f3lks sem skortir l\u00e1gmarksh\u00e6fni \u00ed opinberar st\u00f6\u00f0ur.\u00a0 Og \u00feetta er ekki s\u00ed\u00f0ur mikilv\u00e6gt \u00ed h\u00e1sk\u00f3laumhverfi, \u00fe\u00f3tt margir leikmenn vir\u00f0ist halda a\u00f0 \u00fea\u00f0 \u00feurfi ekki endilega g\u00f3\u00f0a v\u00edsindamenn \u00ed \u201estj\u00f3rnunarst\u00f6\u00f0ur\u201c \u00ed h\u00e1sk\u00f3lum.\u00a0 \u00dea\u00f0 er \u00fever\u00f6fugt, \u00fev\u00ed \u00fe\u00f3tt f\u00e6stir v\u00edsindamenn s\u00e9u efni \u00ed g\u00f3\u00f0a stj\u00f3rnendur \u00fe\u00e1 er nau\u00f0synlegt fyrir \u00fe\u00e1 sem eiga a\u00f0 vera \u00ed forystu fyrir uppbyggingu v\u00edsindastarfs a\u00f0 hafa umfangsmikla og sannf\u00e6randi reynslu \u00far \u00fev\u00ed langhlaupi sem sl\u00edk uppbygging er.\u00a0 Enda er \u00fea\u00f0 ekki a\u00f0 \u00e1st\u00e6\u00f0ulausu a\u00f0 engum af \u00feeim h\u00e1sk\u00f3lum sem H\u00cd vill bera sig saman vi\u00f0 dettur \u00ed hug a\u00f0 setja anna\u00f0 en \u00ferautreynda og \u00f6fluga v\u00edsindamenn \u00ed akadem\u00edsk forystust\u00f6rf.<\/p>\n<p>\u00cd stuttu m\u00e1li hefur forysta H\u00cd ekkert gert svo teljandi s\u00e9 til a\u00f0 efla v\u00edsindastarf vi\u00f0 sk\u00f3lann.\u00a0 \u00devert \u00e1 m\u00f3ti bitnar ni\u00f0urskur\u00f0ur s\u00ed\u00f0ustu \u00e1ra ekki s\u00edst \u00e1 \u00feeim sem sk\u00f3linn \u00feyrfti a\u00f0 hl\u00faa a\u00f0, vilji hann vi\u00f0halda s\u00ednum litla styrk, hva\u00f0 \u00fe\u00e1 ef hann \u00e6tlar s\u00e9r lengra.\u00a0 \u00dev\u00ed mi\u00f0ur er ekki vi\u00f0 \u00fev\u00ed a\u00f0 b\u00faast a\u00f0 \u00feetta lagist \u00fe\u00f3tt sk\u00f3linn f\u00e1i meira f\u00e9 fr\u00e1 r\u00edkinu.\u00a0 \u00deeir sem greinilega hafa undirt\u00f6kin innan sk\u00f3lans, og einnig innan Menntam\u00e1lar\u00e1\u00f0uneytisins, hafa nefnilega a\u00f0ra sko\u00f0un \u00e1 \u00fev\u00ed hvernig eigi helst a\u00f0 nota fj\u00e1rmagn til ranns\u00f3kna.\u00a0 Til d\u00e6mis hefur ofannefndur J\u00f3n Torfi oft tj\u00e1\u00f0 \u00fe\u00e1 sko\u00f0un s\u00edna a\u00f0 lei\u00f0in til a\u00f0 efla ranns\u00f3knir s\u00e9 a\u00f0 ausa meira f\u00e9 \u00ed \u00feau svi\u00f0 sem l\u00f6kust eru.\u00a0 \u00dear \u00e1 me\u00f0al er Menntav\u00edsindasvi\u00f0i\u00f0, sem hann er forseti yfir.<\/p>\n<p>Forysta H\u00cd mun au\u00f0vita\u00f0 ekki lei\u00f0a sams konar hamfarir yfir \u00edslensku \u00fej\u00f3\u00f0ina og bankarnir ger\u00f0u.\u00a0 En hugsunarh\u00e1tturinn er s\u00e1 sami: Uppbl\u00e1snar hugmyndir um eigi\u00f0 \u00e1g\u00e6ti, b\u00f3khaldsfiff til a\u00f0 fegra \u00fatliti\u00f0 og \u00fe\u00f6ggun allra gagnr\u00fdnisradda.<\/p>\n","protected":false},"excerpt":{"rendered":"<p>\u00cd H\u00e1sk\u00f3la \u00cdslands er talsvert af g\u00f3\u00f0u v\u00edsindaf\u00f3lki, og d\u00e1l\u00edti\u00f0 af f\u00f3lki sem stendur framarlega \u00e1 s\u00ednu svi\u00f0i \u00ed \u00fev\u00ed al\u00fej\u00f3\u00f0asamf\u00e9lagi sem v\u00edsindin eru.\u00a0 Hinir eru miklu fleiri, sem ekki standast \u00fe\u00e6r kr\u00f6fur sem ger\u00f0ar eru \u00ed al\u00fej\u00f3\u00f0asamf\u00e9laginu. \u00dea\u00f0 sem &hellip; <a href=\"https:\/\/www.norn.is\/einar\/2011\/10\/27\/hi-andverdleikasamfelag-og-halfsannindi\/\">Halda \u00e1fram a\u00f0 lesa <span class=\"meta-nav\">&rarr;<\/span><\/a><\/p>\n","protected":false},"author":10,"featured_media":0,"comment_status":"open","ping_status":"open","sticky":false,"template":"","format":"standard","meta":{"footnotes":""},"categories":[1,79],"tags":[164,167,84,93,165,166],"class_list":["post-181","post","type-post","status-publish","format-standard","hentry","category-oflokkad","category-haskolamal","tag-andverdleikasamfelag","tag-birgir-gudjonsson","tag-haskoli-islands","tag-olafur-th-hardarson","tag-vafasom-visindi","tag-vinnumatskerfi-hi"],"yoast_head":"<!-- This site is optimized with the Yoast SEO plugin v27.5 - https:\/\/yoast.com\/product\/yoast-seo-wordpress\/ -->\n<title>H\u00cd, andver\u00f0leikasamf\u00e9lag og h\u00e1lfsannindi - Einar<\/title>\n<meta name=\"robots\" content=\"index, follow, max-snippet:-1, max-image-preview:large, max-video-preview:-1\" \/>\n<link rel=\"canonical\" href=\"https:\/\/www.norn.is\/einar\/2011\/10\/27\/hi-andverdleikasamfelag-og-halfsannindi\/\" \/>\n<meta property=\"og:locale\" content=\"is_IS\" \/>\n<meta property=\"og:type\" content=\"article\" \/>\n<meta property=\"og:title\" content=\"H\u00cd, andver\u00f0leikasamf\u00e9lag og h\u00e1lfsannindi - Einar\" \/>\n<meta property=\"og:description\" content=\"\u00cd H\u00e1sk\u00f3la \u00cdslands er talsvert af g\u00f3\u00f0u v\u00edsindaf\u00f3lki, og d\u00e1l\u00edti\u00f0 af f\u00f3lki sem stendur framarlega \u00e1 s\u00ednu svi\u00f0i \u00ed \u00fev\u00ed al\u00fej\u00f3\u00f0asamf\u00e9lagi sem v\u00edsindin eru.\u00a0 Hinir eru miklu fleiri, sem ekki standast \u00fe\u00e6r kr\u00f6fur sem ger\u00f0ar eru \u00ed al\u00fej\u00f3\u00f0asamf\u00e9laginu. \u00dea\u00f0 sem &hellip; Halda \u00e1fram a\u00f0 lesa &rarr;\" \/>\n<meta property=\"og:url\" content=\"https:\/\/www.norn.is\/einar\/2011\/10\/27\/hi-andverdleikasamfelag-og-halfsannindi\/\" \/>\n<meta property=\"og:site_name\" content=\"Einar\" \/>\n<meta property=\"article:published_time\" content=\"2011-10-27T16:40:32+00:00\" \/>\n<meta property=\"article:modified_time\" content=\"2017-09-24T11:05:08+00:00\" \/>\n<meta name=\"author\" content=\"einar\" \/>\n<meta name=\"twitter:card\" content=\"summary_large_image\" \/>\n<meta name=\"twitter:label1\" content=\"Written by\" \/>\n\t<meta name=\"twitter:data1\" content=\"\" \/>\n\t<meta name=\"twitter:label2\" content=\"Est. reading time\" \/>\n\t<meta name=\"twitter:data2\" content=\"8 minutes\" \/>\n<script type=\"application\/ld+json\" class=\"yoast-schema-graph\">{\"@context\":\"https:\\\/\\\/schema.org\",\"@graph\":[{\"@type\":\"Article\",\"@id\":\"https:\\\/\\\/www.norn.is\\\/einar\\\/2011\\\/10\\\/27\\\/hi-andverdleikasamfelag-og-halfsannindi\\\/#article\",\"isPartOf\":{\"@id\":\"https:\\\/\\\/www.norn.is\\\/einar\\\/2011\\\/10\\\/27\\\/hi-andverdleikasamfelag-og-halfsannindi\\\/\"},\"author\":{\"name\":\"einar\",\"@id\":\"https:\\\/\\\/www.norn.is\\\/einar\\\/#\\\/schema\\\/person\\\/19affadb841a22f7bfd4bdcd72a862d0\"},\"headline\":\"H\u00cd, andver\u00f0leikasamf\u00e9lag og h\u00e1lfsannindi\",\"datePublished\":\"2011-10-27T16:40:32+00:00\",\"dateModified\":\"2017-09-24T11:05:08+00:00\",\"mainEntityOfPage\":{\"@id\":\"https:\\\/\\\/www.norn.is\\\/einar\\\/2011\\\/10\\\/27\\\/hi-andverdleikasamfelag-og-halfsannindi\\\/\"},\"wordCount\":1539,\"commentCount\":0,\"keywords\":[\"Andver\u00f0leikasamf\u00e9lag\",\"Birgir Gu\u00f0j\u00f3nsson\",\"H\u00e1sk\u00f3li \u00cdslands\",\"\u00d3lafur \u00de. Har\u00f0arson\",\"Vafas\u00f6m v\u00edsindi\",\"Vinnumatskerfi H\u00cd\"],\"articleSection\":[\"Allt efni\",\"H\u00e1sk\u00f3lam\u00e1l\"],\"inLanguage\":\"is\",\"potentialAction\":[{\"@type\":\"CommentAction\",\"name\":\"Comment\",\"target\":[\"https:\\\/\\\/www.norn.is\\\/einar\\\/2011\\\/10\\\/27\\\/hi-andverdleikasamfelag-og-halfsannindi\\\/#respond\"]}]},{\"@type\":\"WebPage\",\"@id\":\"https:\\\/\\\/www.norn.is\\\/einar\\\/2011\\\/10\\\/27\\\/hi-andverdleikasamfelag-og-halfsannindi\\\/\",\"url\":\"https:\\\/\\\/www.norn.is\\\/einar\\\/2011\\\/10\\\/27\\\/hi-andverdleikasamfelag-og-halfsannindi\\\/\",\"name\":\"H\u00cd, andver\u00f0leikasamf\u00e9lag og h\u00e1lfsannindi - Einar\",\"isPartOf\":{\"@id\":\"https:\\\/\\\/www.norn.is\\\/einar\\\/#website\"},\"datePublished\":\"2011-10-27T16:40:32+00:00\",\"dateModified\":\"2017-09-24T11:05:08+00:00\",\"author\":{\"@id\":\"https:\\\/\\\/www.norn.is\\\/einar\\\/#\\\/schema\\\/person\\\/19affadb841a22f7bfd4bdcd72a862d0\"},\"breadcrumb\":{\"@id\":\"https:\\\/\\\/www.norn.is\\\/einar\\\/2011\\\/10\\\/27\\\/hi-andverdleikasamfelag-og-halfsannindi\\\/#breadcrumb\"},\"inLanguage\":\"is\",\"potentialAction\":[{\"@type\":\"ReadAction\",\"target\":[\"https:\\\/\\\/www.norn.is\\\/einar\\\/2011\\\/10\\\/27\\\/hi-andverdleikasamfelag-og-halfsannindi\\\/\"]}]},{\"@type\":\"BreadcrumbList\",\"@id\":\"https:\\\/\\\/www.norn.is\\\/einar\\\/2011\\\/10\\\/27\\\/hi-andverdleikasamfelag-og-halfsannindi\\\/#breadcrumb\",\"itemListElement\":[{\"@type\":\"ListItem\",\"position\":1,\"name\":\"Home\",\"item\":\"https:\\\/\\\/www.norn.is\\\/einar\\\/\"},{\"@type\":\"ListItem\",\"position\":2,\"name\":\"H\u00cd, andver\u00f0leikasamf\u00e9lag og h\u00e1lfsannindi\"}]},{\"@type\":\"WebSite\",\"@id\":\"https:\\\/\\\/www.norn.is\\\/einar\\\/#website\",\"url\":\"https:\\\/\\\/www.norn.is\\\/einar\\\/\",\"name\":\"Einar\",\"description\":\"Pistlar Einars Steingr\u00edmssonar\",\"potentialAction\":[{\"@type\":\"SearchAction\",\"target\":{\"@type\":\"EntryPoint\",\"urlTemplate\":\"https:\\\/\\\/www.norn.is\\\/einar\\\/?s={search_term_string}\"},\"query-input\":{\"@type\":\"PropertyValueSpecification\",\"valueRequired\":true,\"valueName\":\"search_term_string\"}}],\"inLanguage\":\"is\"},{\"@type\":\"Person\",\"@id\":\"https:\\\/\\\/www.norn.is\\\/einar\\\/#\\\/schema\\\/person\\\/19affadb841a22f7bfd4bdcd72a862d0\",\"name\":\"einar\",\"image\":{\"@type\":\"ImageObject\",\"inLanguage\":\"is\",\"@id\":\"https:\\\/\\\/secure.gravatar.com\\\/avatar\\\/6f5f5592f3cc45e338376db24f1672c636582d9c27d855e8f077f13ef13b17fd?s=96&d=mm&r=g\",\"url\":\"https:\\\/\\\/secure.gravatar.com\\\/avatar\\\/6f5f5592f3cc45e338376db24f1672c636582d9c27d855e8f077f13ef13b17fd?s=96&d=mm&r=g\",\"contentUrl\":\"https:\\\/\\\/secure.gravatar.com\\\/avatar\\\/6f5f5592f3cc45e338376db24f1672c636582d9c27d855e8f077f13ef13b17fd?s=96&d=mm&r=g\",\"caption\":\"einar\"},\"url\":\"https:\\\/\\\/www.norn.is\\\/einar\\\/author\\\/einarsteingrimsson\\\/\"}]}<\/script>\n<!-- \/ Yoast SEO plugin. -->","yoast_head_json":{"title":"H\u00cd, andver\u00f0leikasamf\u00e9lag og h\u00e1lfsannindi - Einar","robots":{"index":"index","follow":"follow","max-snippet":"max-snippet:-1","max-image-preview":"max-image-preview:large","max-video-preview":"max-video-preview:-1"},"canonical":"https:\/\/www.norn.is\/einar\/2011\/10\/27\/hi-andverdleikasamfelag-og-halfsannindi\/","og_locale":"is_IS","og_type":"article","og_title":"H\u00cd, andver\u00f0leikasamf\u00e9lag og h\u00e1lfsannindi - Einar","og_description":"\u00cd H\u00e1sk\u00f3la \u00cdslands er talsvert af g\u00f3\u00f0u v\u00edsindaf\u00f3lki, og d\u00e1l\u00edti\u00f0 af f\u00f3lki sem stendur framarlega \u00e1 s\u00ednu svi\u00f0i \u00ed \u00fev\u00ed al\u00fej\u00f3\u00f0asamf\u00e9lagi sem v\u00edsindin eru.\u00a0 Hinir eru miklu fleiri, sem ekki standast \u00fe\u00e6r kr\u00f6fur sem ger\u00f0ar eru \u00ed al\u00fej\u00f3\u00f0asamf\u00e9laginu. \u00dea\u00f0 sem &hellip; Halda \u00e1fram a\u00f0 lesa &rarr;","og_url":"https:\/\/www.norn.is\/einar\/2011\/10\/27\/hi-andverdleikasamfelag-og-halfsannindi\/","og_site_name":"Einar","article_published_time":"2011-10-27T16:40:32+00:00","article_modified_time":"2017-09-24T11:05:08+00:00","author":"einar","twitter_card":"summary_large_image","twitter_misc":{"Written by":false,"Est. reading time":"8 minutes"},"schema":{"@context":"https:\/\/schema.org","@graph":[{"@type":"Article","@id":"https:\/\/www.norn.is\/einar\/2011\/10\/27\/hi-andverdleikasamfelag-og-halfsannindi\/#article","isPartOf":{"@id":"https:\/\/www.norn.is\/einar\/2011\/10\/27\/hi-andverdleikasamfelag-og-halfsannindi\/"},"author":{"name":"einar","@id":"https:\/\/www.norn.is\/einar\/#\/schema\/person\/19affadb841a22f7bfd4bdcd72a862d0"},"headline":"H\u00cd, andver\u00f0leikasamf\u00e9lag og h\u00e1lfsannindi","datePublished":"2011-10-27T16:40:32+00:00","dateModified":"2017-09-24T11:05:08+00:00","mainEntityOfPage":{"@id":"https:\/\/www.norn.is\/einar\/2011\/10\/27\/hi-andverdleikasamfelag-og-halfsannindi\/"},"wordCount":1539,"commentCount":0,"keywords":["Andver\u00f0leikasamf\u00e9lag","Birgir Gu\u00f0j\u00f3nsson","H\u00e1sk\u00f3li \u00cdslands","\u00d3lafur \u00de. Har\u00f0arson","Vafas\u00f6m v\u00edsindi","Vinnumatskerfi H\u00cd"],"articleSection":["Allt efni","H\u00e1sk\u00f3lam\u00e1l"],"inLanguage":"is","potentialAction":[{"@type":"CommentAction","name":"Comment","target":["https:\/\/www.norn.is\/einar\/2011\/10\/27\/hi-andverdleikasamfelag-og-halfsannindi\/#respond"]}]},{"@type":"WebPage","@id":"https:\/\/www.norn.is\/einar\/2011\/10\/27\/hi-andverdleikasamfelag-og-halfsannindi\/","url":"https:\/\/www.norn.is\/einar\/2011\/10\/27\/hi-andverdleikasamfelag-og-halfsannindi\/","name":"H\u00cd, andver\u00f0leikasamf\u00e9lag og h\u00e1lfsannindi - Einar","isPartOf":{"@id":"https:\/\/www.norn.is\/einar\/#website"},"datePublished":"2011-10-27T16:40:32+00:00","dateModified":"2017-09-24T11:05:08+00:00","author":{"@id":"https:\/\/www.norn.is\/einar\/#\/schema\/person\/19affadb841a22f7bfd4bdcd72a862d0"},"breadcrumb":{"@id":"https:\/\/www.norn.is\/einar\/2011\/10\/27\/hi-andverdleikasamfelag-og-halfsannindi\/#breadcrumb"},"inLanguage":"is","potentialAction":[{"@type":"ReadAction","target":["https:\/\/www.norn.is\/einar\/2011\/10\/27\/hi-andverdleikasamfelag-og-halfsannindi\/"]}]},{"@type":"BreadcrumbList","@id":"https:\/\/www.norn.is\/einar\/2011\/10\/27\/hi-andverdleikasamfelag-og-halfsannindi\/#breadcrumb","itemListElement":[{"@type":"ListItem","position":1,"name":"Home","item":"https:\/\/www.norn.is\/einar\/"},{"@type":"ListItem","position":2,"name":"H\u00cd, andver\u00f0leikasamf\u00e9lag og h\u00e1lfsannindi"}]},{"@type":"WebSite","@id":"https:\/\/www.norn.is\/einar\/#website","url":"https:\/\/www.norn.is\/einar\/","name":"Einar","description":"Pistlar Einars Steingr\u00edmssonar","potentialAction":[{"@type":"SearchAction","target":{"@type":"EntryPoint","urlTemplate":"https:\/\/www.norn.is\/einar\/?s={search_term_string}"},"query-input":{"@type":"PropertyValueSpecification","valueRequired":true,"valueName":"search_term_string"}}],"inLanguage":"is"},{"@type":"Person","@id":"https:\/\/www.norn.is\/einar\/#\/schema\/person\/19affadb841a22f7bfd4bdcd72a862d0","name":"einar","image":{"@type":"ImageObject","inLanguage":"is","@id":"https:\/\/secure.gravatar.com\/avatar\/6f5f5592f3cc45e338376db24f1672c636582d9c27d855e8f077f13ef13b17fd?s=96&d=mm&r=g","url":"https:\/\/secure.gravatar.com\/avatar\/6f5f5592f3cc45e338376db24f1672c636582d9c27d855e8f077f13ef13b17fd?s=96&d=mm&r=g","contentUrl":"https:\/\/secure.gravatar.com\/avatar\/6f5f5592f3cc45e338376db24f1672c636582d9c27d855e8f077f13ef13b17fd?s=96&d=mm&r=g","caption":"einar"},"url":"https:\/\/www.norn.is\/einar\/author\/einarsteingrimsson\/"}]}},"_links":{"self":[{"href":"https:\/\/www.norn.is\/einar\/wp-json\/wp\/v2\/posts\/181","targetHints":{"allow":["GET"]}}],"collection":[{"href":"https:\/\/www.norn.is\/einar\/wp-json\/wp\/v2\/posts"}],"about":[{"href":"https:\/\/www.norn.is\/einar\/wp-json\/wp\/v2\/types\/post"}],"author":[{"embeddable":true,"href":"https:\/\/www.norn.is\/einar\/wp-json\/wp\/v2\/users\/10"}],"replies":[{"embeddable":true,"href":"https:\/\/www.norn.is\/einar\/wp-json\/wp\/v2\/comments?post=181"}],"version-history":[{"count":1,"href":"https:\/\/www.norn.is\/einar\/wp-json\/wp\/v2\/posts\/181\/revisions"}],"predecessor-version":[{"id":182,"href":"https:\/\/www.norn.is\/einar\/wp-json\/wp\/v2\/posts\/181\/revisions\/182"}],"wp:attachment":[{"href":"https:\/\/www.norn.is\/einar\/wp-json\/wp\/v2\/media?parent=181"}],"wp:term":[{"taxonomy":"category","embeddable":true,"href":"https:\/\/www.norn.is\/einar\/wp-json\/wp\/v2\/categories?post=181"},{"taxonomy":"post_tag","embeddable":true,"href":"https:\/\/www.norn.is\/einar\/wp-json\/wp\/v2\/tags?post=181"}],"curies":[{"name":"wp","href":"https:\/\/api.w.org\/{rel}","templated":true}]}}