{"id":175,"date":"2011-10-17T16:31:39","date_gmt":"2011-10-17T16:31:39","guid":{"rendered":"http:\/\/www.norn.is\/einar\/?p=175"},"modified":"2017-09-24T11:05:08","modified_gmt":"2017-09-24T11:05:08","slug":"ossur-vardhundur-gamla-islands","status":"publish","type":"post","link":"https:\/\/www.norn.is\/einar\/2011\/10\/17\/ossur-vardhundur-gamla-islands\/","title":{"rendered":"\u00d6ssur, var\u00f0hundur Gamla \u00cdslands"},"content":{"rendered":"<p>\u00d6ssur Skarph\u00e9\u00f0insson hefur n\u00fa\u00a0<a href=\"http:\/\/eyjan.is\/2011\/10\/17\/ossur-tekur-upp-hanska-fyrir-pal-magnusson-hafnar-thvi-ad-radningin-se-politisk\/\">b\u00e6tt r\u00f6dd sinni<\/a>\u00a0\u00ed k\u00f3r \u00feeirra sem ekki mega til \u00feess hugsa a\u00f0 hr\u00f3fla\u00f0 ver\u00f0i vi\u00f0 kl\u00edkuveldinu sem r\u00e6\u00f0ur l\u00f6gum og lofum \u00ed \u00edslenska valda- og fj\u00e1rm\u00e1lakerfinu.\u00a0 \u00dev\u00ed vanheilaga bandalagi sem m\u00f3tm\u00e6laaldan r\u00eds n\u00fa gegn v\u00ed\u00f0a um heim.<!--more--><\/p>\n<p>\u00d6ssur afhj\u00fapar h\u00e9r \u00f3ge\u00f0felldan hugsunarh\u00e1tt, sem seint \u00e6tlar a\u00f0 deyja: P\u00e1ll Magn\u00fasson var \u00ed mi\u00f0ju \u00feeirrar atbur\u00f0ar\u00e1sar sem leiddi til \u00feess a\u00f0 B\u00fana\u00f0arbankinn var gefinn flokksbr\u00e6\u00f0rum hans og yfirmanns hans.\u00a0 \u00dea\u00f0, me\u00f0 \u00f6\u00f0ru, leiddi svo til hrunsins sem lag\u00f0i efnahag fj\u00f6lda saklauss f\u00f3lks \u00ed r\u00fast, og ey\u00f0ilag\u00f0i tr\u00fana \u00e1 a\u00f0 vi\u00f0 v\u00e6rum samhent samf\u00e9lag.\u00a0 A\u00f0 tala um r\u00e9ttindi P\u00e1ls \u00ed \u00feessu samhengi er blaut tuska \u00ed andlit \u00feess almennings sem ofb\u00fd\u00f0ur subbuskapur Gamla \u00cdslands.\u00a0 M\u00e1li\u00f0 sn\u00fdst ekki um hvort P\u00e1ll s\u00e9 g\u00f3\u00f0ur g\u00e6i, heldur hvort halda eigi \u00e1fram eins og ekkert hafi \u00ed skorist eftir \u00fe\u00e6r hamfarir sem valdakl\u00edkurnar hafa leitt yfir \u00edslenskan almenning.<\/p>\n<p>Auk \u00feess er \u00fea\u00f0 \u00f3venju heimskulegt af \u00d6ssuri a\u00f0 tala eins og stj\u00f3rn r\u00edkisstofnunar geti ekki gert mist\u00f6k. \u00dear er enn \u00e1 kreiki hugmyndin um hi\u00f0 algera \u00e1byrg\u00f0arleysi \u00edslensks valdaf\u00f3lks.\u00a0 \u00dea\u00f0 er a\u00f0 v\u00edsu r\u00e9tt a\u00f0 \u00feetta m\u00e1l \u00e1 ekki a\u00f0 leysa me\u00f0 baktjaldamakki stj\u00f3rnm\u00e1lamanna.\u00a0 Hins vegar er lj\u00f3st a\u00f0 Bankas\u00fdslan hefur fari\u00f0 gegn\u00a0<a href=\"http:\/\/www.fjarmalaraduneyti.is\/media\/Utgefin_rit\/Eigandastefna_rikisins_01092009.pdf\">eigandastefnu r\u00edkisins<\/a>, sem h\u00fan \u00e1 a\u00f0 vinna eftir, en \u00fear segir m.a.:<\/p>\n<blockquote><p>R\u00edki\u00f0 \u00fearf a\u00f0 vera tr\u00faver\u00f0ugur eigandi fj\u00e1rm\u00e1lafyrirt\u00e6kja og hlutverk \u00feess hafi\u00f0 yfir vafa um p\u00f3lit\u00edsk afskipti af daglegum \u00e1kv\u00f6r\u00f0unum fyrirt\u00e6kjanna.<\/p><\/blockquote>\n<p>Auglj\u00f3s aflei\u00f0ing af \u00fev\u00ed er a\u00f0 s\u00e1 sem ber \u00e1byrg\u00f0 \u00e1 stj\u00f3rninni, fj\u00e1rm\u00e1lar\u00e1\u00f0herra, \u00e1 a\u00f0 reka hana, og skipa n\u00fdja sem einver von er til a\u00f0 geti noti\u00f0 trausts almennings.<\/p>\n<p>\u00deessi vi\u00f0br\u00f6g\u00f0 \u00d6ssurar eru hins vegar skiljanleg.\u00a0 Hann hefur ali\u00f0 allan sinn aldur innan \u00feess gerspillta valdakerfis sem almenningur er farinn a\u00f0 sj\u00e1 \u00ed gegnum, og \u00e1n \u00feess a\u00f0 hafa nokkurn t\u00edma reynt a\u00f0 hr\u00f3fla vi\u00f0 sj\u00e1lfu kerfinu.\u00a0 Skemmst er l\u00edka a\u00f0 minnast \u00feess \u00feegar \u00d6ssur skrifa\u00f0i me\u00f0m\u00e6labr\u00e9f handa \u00c1rna Mathiesen, til a\u00f0 \u00c1rni g\u00e6ti fengi\u00f0 feita st\u00f6\u00f0u hj\u00e1 Sameinu\u00f0u \u00dej\u00f3\u00f0unum, sem ver\u00f0laun fyrir frammist\u00f6\u00f0u s\u00edna \u00ed \u00feeim hildarleik sem leiddi hruni\u00f0 yfir landsmenn.<\/p>\n<p>\u00d6ssur er, eins og n\u00e1nast allt \u00edslenskt valdaf\u00f3lk, algerlega samdauna kl\u00edkuveldi Gamla \u00cdslands, og hann getur ekki \u00edmynda\u00f0 s\u00e9r tilveruna \u00e1n \u00feess, ekki frekar en fiskur hefur hugmynd um hvernig l\u00edf hans v\u00e6ri \u00e1n vatns.\u00a0 \u00dea\u00f0 er \u00feess vegna sem \u00fearf a\u00f0 r\u00edfa Gamla \u00cdsland upp me\u00f0 r\u00f3tum, og senda f\u00f3lk \u00e1 bor\u00f0 vi\u00f0 \u00d6ssur \u00ed \u00e6vilangt fr\u00ed fr\u00e1 valdast\u00f6\u00f0um.<\/p>\n","protected":false},"excerpt":{"rendered":"<p>\u00d6ssur Skarph\u00e9\u00f0insson hefur n\u00fa\u00a0b\u00e6tt r\u00f6dd sinni\u00a0\u00ed k\u00f3r \u00feeirra sem ekki mega til \u00feess hugsa a\u00f0 hr\u00f3fla\u00f0 ver\u00f0i vi\u00f0 kl\u00edkuveldinu sem r\u00e6\u00f0ur l\u00f6gum og lofum \u00ed \u00edslenska valda- og fj\u00e1rm\u00e1lakerfinu.\u00a0 \u00dev\u00ed vanheilaga bandalagi sem m\u00f3tm\u00e6laaldan r\u00eds n\u00fa gegn v\u00ed\u00f0a um heim.<\/p>\n","protected":false},"author":10,"featured_media":0,"comment_status":"open","ping_status":"open","sticky":false,"template":"","format":"standard","meta":{"footnotes":""},"categories":[1,138],"tags":[150,147,9,146],"class_list":["post-175","post","type-post","status-publish","format-standard","hentry","category-oflokkad","category-fjarmalakerfid-og-kapitalismi","tag-bankasyslan","tag-einkavaeding","tag-ossur-skarphedinsson","tag-pall-magnusson"],"yoast_head":"<!-- This site is optimized with the Yoast SEO plugin v27.5 - https:\/\/yoast.com\/product\/yoast-seo-wordpress\/ -->\n<title>\u00d6ssur, var\u00f0hundur Gamla \u00cdslands - Einar<\/title>\n<meta name=\"robots\" content=\"index, follow, max-snippet:-1, max-image-preview:large, max-video-preview:-1\" \/>\n<link rel=\"canonical\" href=\"https:\/\/www.norn.is\/einar\/2011\/10\/17\/ossur-vardhundur-gamla-islands\/\" \/>\n<meta property=\"og:locale\" content=\"is_IS\" \/>\n<meta property=\"og:type\" content=\"article\" \/>\n<meta property=\"og:title\" content=\"\u00d6ssur, var\u00f0hundur Gamla \u00cdslands - Einar\" \/>\n<meta property=\"og:description\" content=\"\u00d6ssur Skarph\u00e9\u00f0insson hefur n\u00fa\u00a0b\u00e6tt r\u00f6dd sinni\u00a0\u00ed k\u00f3r \u00feeirra sem ekki mega til \u00feess hugsa a\u00f0 hr\u00f3fla\u00f0 ver\u00f0i vi\u00f0 kl\u00edkuveldinu sem r\u00e6\u00f0ur l\u00f6gum og lofum \u00ed \u00edslenska valda- og fj\u00e1rm\u00e1lakerfinu.\u00a0 \u00dev\u00ed vanheilaga bandalagi sem m\u00f3tm\u00e6laaldan r\u00eds n\u00fa gegn v\u00ed\u00f0a um heim.\" \/>\n<meta property=\"og:url\" content=\"https:\/\/www.norn.is\/einar\/2011\/10\/17\/ossur-vardhundur-gamla-islands\/\" \/>\n<meta property=\"og:site_name\" content=\"Einar\" \/>\n<meta property=\"article:published_time\" content=\"2011-10-17T16:31:39+00:00\" \/>\n<meta property=\"article:modified_time\" content=\"2017-09-24T11:05:08+00:00\" \/>\n<meta name=\"author\" content=\"einar\" \/>\n<meta name=\"twitter:card\" content=\"summary_large_image\" \/>\n<meta name=\"twitter:label1\" content=\"Written by\" \/>\n\t<meta name=\"twitter:data1\" content=\"\" \/>\n\t<meta name=\"twitter:label2\" content=\"Est. reading time\" \/>\n\t<meta name=\"twitter:data2\" content=\"2 minutes\" \/>\n<script type=\"application\/ld+json\" class=\"yoast-schema-graph\">{\"@context\":\"https:\\\/\\\/schema.org\",\"@graph\":[{\"@type\":\"Article\",\"@id\":\"https:\\\/\\\/www.norn.is\\\/einar\\\/2011\\\/10\\\/17\\\/ossur-vardhundur-gamla-islands\\\/#article\",\"isPartOf\":{\"@id\":\"https:\\\/\\\/www.norn.is\\\/einar\\\/2011\\\/10\\\/17\\\/ossur-vardhundur-gamla-islands\\\/\"},\"author\":{\"name\":\"einar\",\"@id\":\"https:\\\/\\\/www.norn.is\\\/einar\\\/#\\\/schema\\\/person\\\/19affadb841a22f7bfd4bdcd72a862d0\"},\"headline\":\"\u00d6ssur, var\u00f0hundur Gamla \u00cdslands\",\"datePublished\":\"2011-10-17T16:31:39+00:00\",\"dateModified\":\"2017-09-24T11:05:08+00:00\",\"mainEntityOfPage\":{\"@id\":\"https:\\\/\\\/www.norn.is\\\/einar\\\/2011\\\/10\\\/17\\\/ossur-vardhundur-gamla-islands\\\/\"},\"wordCount\":489,\"commentCount\":0,\"keywords\":[\"Bankas\u00fdslan\",\"Einkav\u00e6\u00f0ing\",\"\u00d6ssur Skarph\u00e9\u00f0insson\",\"P\u00e1ll Magn\u00fasson\"],\"articleSection\":[\"Allt efni\",\"Fj\u00e1rm\u00e1lakerfi\u00f0 og kap\u00edtalismi\"],\"inLanguage\":\"is\",\"potentialAction\":[{\"@type\":\"CommentAction\",\"name\":\"Comment\",\"target\":[\"https:\\\/\\\/www.norn.is\\\/einar\\\/2011\\\/10\\\/17\\\/ossur-vardhundur-gamla-islands\\\/#respond\"]}]},{\"@type\":\"WebPage\",\"@id\":\"https:\\\/\\\/www.norn.is\\\/einar\\\/2011\\\/10\\\/17\\\/ossur-vardhundur-gamla-islands\\\/\",\"url\":\"https:\\\/\\\/www.norn.is\\\/einar\\\/2011\\\/10\\\/17\\\/ossur-vardhundur-gamla-islands\\\/\",\"name\":\"\u00d6ssur, var\u00f0hundur Gamla \u00cdslands - Einar\",\"isPartOf\":{\"@id\":\"https:\\\/\\\/www.norn.is\\\/einar\\\/#website\"},\"datePublished\":\"2011-10-17T16:31:39+00:00\",\"dateModified\":\"2017-09-24T11:05:08+00:00\",\"author\":{\"@id\":\"https:\\\/\\\/www.norn.is\\\/einar\\\/#\\\/schema\\\/person\\\/19affadb841a22f7bfd4bdcd72a862d0\"},\"breadcrumb\":{\"@id\":\"https:\\\/\\\/www.norn.is\\\/einar\\\/2011\\\/10\\\/17\\\/ossur-vardhundur-gamla-islands\\\/#breadcrumb\"},\"inLanguage\":\"is\",\"potentialAction\":[{\"@type\":\"ReadAction\",\"target\":[\"https:\\\/\\\/www.norn.is\\\/einar\\\/2011\\\/10\\\/17\\\/ossur-vardhundur-gamla-islands\\\/\"]}]},{\"@type\":\"BreadcrumbList\",\"@id\":\"https:\\\/\\\/www.norn.is\\\/einar\\\/2011\\\/10\\\/17\\\/ossur-vardhundur-gamla-islands\\\/#breadcrumb\",\"itemListElement\":[{\"@type\":\"ListItem\",\"position\":1,\"name\":\"Home\",\"item\":\"https:\\\/\\\/www.norn.is\\\/einar\\\/\"},{\"@type\":\"ListItem\",\"position\":2,\"name\":\"\u00d6ssur, var\u00f0hundur Gamla \u00cdslands\"}]},{\"@type\":\"WebSite\",\"@id\":\"https:\\\/\\\/www.norn.is\\\/einar\\\/#website\",\"url\":\"https:\\\/\\\/www.norn.is\\\/einar\\\/\",\"name\":\"Einar\",\"description\":\"Pistlar Einars Steingr\u00edmssonar\",\"potentialAction\":[{\"@type\":\"SearchAction\",\"target\":{\"@type\":\"EntryPoint\",\"urlTemplate\":\"https:\\\/\\\/www.norn.is\\\/einar\\\/?s={search_term_string}\"},\"query-input\":{\"@type\":\"PropertyValueSpecification\",\"valueRequired\":true,\"valueName\":\"search_term_string\"}}],\"inLanguage\":\"is\"},{\"@type\":\"Person\",\"@id\":\"https:\\\/\\\/www.norn.is\\\/einar\\\/#\\\/schema\\\/person\\\/19affadb841a22f7bfd4bdcd72a862d0\",\"name\":\"einar\",\"image\":{\"@type\":\"ImageObject\",\"inLanguage\":\"is\",\"@id\":\"https:\\\/\\\/secure.gravatar.com\\\/avatar\\\/6f5f5592f3cc45e338376db24f1672c636582d9c27d855e8f077f13ef13b17fd?s=96&d=mm&r=g\",\"url\":\"https:\\\/\\\/secure.gravatar.com\\\/avatar\\\/6f5f5592f3cc45e338376db24f1672c636582d9c27d855e8f077f13ef13b17fd?s=96&d=mm&r=g\",\"contentUrl\":\"https:\\\/\\\/secure.gravatar.com\\\/avatar\\\/6f5f5592f3cc45e338376db24f1672c636582d9c27d855e8f077f13ef13b17fd?s=96&d=mm&r=g\",\"caption\":\"einar\"},\"url\":\"https:\\\/\\\/www.norn.is\\\/einar\\\/author\\\/einarsteingrimsson\\\/\"}]}<\/script>\n<!-- \/ Yoast SEO plugin. -->","yoast_head_json":{"title":"\u00d6ssur, var\u00f0hundur Gamla \u00cdslands - Einar","robots":{"index":"index","follow":"follow","max-snippet":"max-snippet:-1","max-image-preview":"max-image-preview:large","max-video-preview":"max-video-preview:-1"},"canonical":"https:\/\/www.norn.is\/einar\/2011\/10\/17\/ossur-vardhundur-gamla-islands\/","og_locale":"is_IS","og_type":"article","og_title":"\u00d6ssur, var\u00f0hundur Gamla \u00cdslands - Einar","og_description":"\u00d6ssur Skarph\u00e9\u00f0insson hefur n\u00fa\u00a0b\u00e6tt r\u00f6dd sinni\u00a0\u00ed k\u00f3r \u00feeirra sem ekki mega til \u00feess hugsa a\u00f0 hr\u00f3fla\u00f0 ver\u00f0i vi\u00f0 kl\u00edkuveldinu sem r\u00e6\u00f0ur l\u00f6gum og lofum \u00ed \u00edslenska valda- og fj\u00e1rm\u00e1lakerfinu.\u00a0 \u00dev\u00ed vanheilaga bandalagi sem m\u00f3tm\u00e6laaldan r\u00eds n\u00fa gegn v\u00ed\u00f0a um heim.","og_url":"https:\/\/www.norn.is\/einar\/2011\/10\/17\/ossur-vardhundur-gamla-islands\/","og_site_name":"Einar","article_published_time":"2011-10-17T16:31:39+00:00","article_modified_time":"2017-09-24T11:05:08+00:00","author":"einar","twitter_card":"summary_large_image","twitter_misc":{"Written by":false,"Est. reading time":"2 minutes"},"schema":{"@context":"https:\/\/schema.org","@graph":[{"@type":"Article","@id":"https:\/\/www.norn.is\/einar\/2011\/10\/17\/ossur-vardhundur-gamla-islands\/#article","isPartOf":{"@id":"https:\/\/www.norn.is\/einar\/2011\/10\/17\/ossur-vardhundur-gamla-islands\/"},"author":{"name":"einar","@id":"https:\/\/www.norn.is\/einar\/#\/schema\/person\/19affadb841a22f7bfd4bdcd72a862d0"},"headline":"\u00d6ssur, var\u00f0hundur Gamla \u00cdslands","datePublished":"2011-10-17T16:31:39+00:00","dateModified":"2017-09-24T11:05:08+00:00","mainEntityOfPage":{"@id":"https:\/\/www.norn.is\/einar\/2011\/10\/17\/ossur-vardhundur-gamla-islands\/"},"wordCount":489,"commentCount":0,"keywords":["Bankas\u00fdslan","Einkav\u00e6\u00f0ing","\u00d6ssur Skarph\u00e9\u00f0insson","P\u00e1ll Magn\u00fasson"],"articleSection":["Allt efni","Fj\u00e1rm\u00e1lakerfi\u00f0 og kap\u00edtalismi"],"inLanguage":"is","potentialAction":[{"@type":"CommentAction","name":"Comment","target":["https:\/\/www.norn.is\/einar\/2011\/10\/17\/ossur-vardhundur-gamla-islands\/#respond"]}]},{"@type":"WebPage","@id":"https:\/\/www.norn.is\/einar\/2011\/10\/17\/ossur-vardhundur-gamla-islands\/","url":"https:\/\/www.norn.is\/einar\/2011\/10\/17\/ossur-vardhundur-gamla-islands\/","name":"\u00d6ssur, var\u00f0hundur Gamla \u00cdslands - Einar","isPartOf":{"@id":"https:\/\/www.norn.is\/einar\/#website"},"datePublished":"2011-10-17T16:31:39+00:00","dateModified":"2017-09-24T11:05:08+00:00","author":{"@id":"https:\/\/www.norn.is\/einar\/#\/schema\/person\/19affadb841a22f7bfd4bdcd72a862d0"},"breadcrumb":{"@id":"https:\/\/www.norn.is\/einar\/2011\/10\/17\/ossur-vardhundur-gamla-islands\/#breadcrumb"},"inLanguage":"is","potentialAction":[{"@type":"ReadAction","target":["https:\/\/www.norn.is\/einar\/2011\/10\/17\/ossur-vardhundur-gamla-islands\/"]}]},{"@type":"BreadcrumbList","@id":"https:\/\/www.norn.is\/einar\/2011\/10\/17\/ossur-vardhundur-gamla-islands\/#breadcrumb","itemListElement":[{"@type":"ListItem","position":1,"name":"Home","item":"https:\/\/www.norn.is\/einar\/"},{"@type":"ListItem","position":2,"name":"\u00d6ssur, var\u00f0hundur Gamla \u00cdslands"}]},{"@type":"WebSite","@id":"https:\/\/www.norn.is\/einar\/#website","url":"https:\/\/www.norn.is\/einar\/","name":"Einar","description":"Pistlar Einars Steingr\u00edmssonar","potentialAction":[{"@type":"SearchAction","target":{"@type":"EntryPoint","urlTemplate":"https:\/\/www.norn.is\/einar\/?s={search_term_string}"},"query-input":{"@type":"PropertyValueSpecification","valueRequired":true,"valueName":"search_term_string"}}],"inLanguage":"is"},{"@type":"Person","@id":"https:\/\/www.norn.is\/einar\/#\/schema\/person\/19affadb841a22f7bfd4bdcd72a862d0","name":"einar","image":{"@type":"ImageObject","inLanguage":"is","@id":"https:\/\/secure.gravatar.com\/avatar\/6f5f5592f3cc45e338376db24f1672c636582d9c27d855e8f077f13ef13b17fd?s=96&d=mm&r=g","url":"https:\/\/secure.gravatar.com\/avatar\/6f5f5592f3cc45e338376db24f1672c636582d9c27d855e8f077f13ef13b17fd?s=96&d=mm&r=g","contentUrl":"https:\/\/secure.gravatar.com\/avatar\/6f5f5592f3cc45e338376db24f1672c636582d9c27d855e8f077f13ef13b17fd?s=96&d=mm&r=g","caption":"einar"},"url":"https:\/\/www.norn.is\/einar\/author\/einarsteingrimsson\/"}]}},"_links":{"self":[{"href":"https:\/\/www.norn.is\/einar\/wp-json\/wp\/v2\/posts\/175","targetHints":{"allow":["GET"]}}],"collection":[{"href":"https:\/\/www.norn.is\/einar\/wp-json\/wp\/v2\/posts"}],"about":[{"href":"https:\/\/www.norn.is\/einar\/wp-json\/wp\/v2\/types\/post"}],"author":[{"embeddable":true,"href":"https:\/\/www.norn.is\/einar\/wp-json\/wp\/v2\/users\/10"}],"replies":[{"embeddable":true,"href":"https:\/\/www.norn.is\/einar\/wp-json\/wp\/v2\/comments?post=175"}],"version-history":[{"count":1,"href":"https:\/\/www.norn.is\/einar\/wp-json\/wp\/v2\/posts\/175\/revisions"}],"predecessor-version":[{"id":176,"href":"https:\/\/www.norn.is\/einar\/wp-json\/wp\/v2\/posts\/175\/revisions\/176"}],"wp:attachment":[{"href":"https:\/\/www.norn.is\/einar\/wp-json\/wp\/v2\/media?parent=175"}],"wp:term":[{"taxonomy":"category","embeddable":true,"href":"https:\/\/www.norn.is\/einar\/wp-json\/wp\/v2\/categories?post=175"},{"taxonomy":"post_tag","embeddable":true,"href":"https:\/\/www.norn.is\/einar\/wp-json\/wp\/v2\/tags?post=175"}],"curies":[{"name":"wp","href":"https:\/\/api.w.org\/{rel}","templated":true}]}}