{"id":119,"date":"2011-08-12T13:54:44","date_gmt":"2011-08-12T13:54:44","guid":{"rendered":"http:\/\/www.norn.is\/einar\/?p=119"},"modified":"2017-09-24T11:05:09","modified_gmt":"2017-09-24T11:05:09","slug":"svar-helga-ass-um-haskola-og-kostun","status":"publish","type":"post","link":"https:\/\/www.norn.is\/einar\/2011\/08\/12\/svar-helga-ass-um-haskola-og-kostun\/","title":{"rendered":"Svar Helga \u00c1ss um h\u00e1sk\u00f3la og kostun"},"content":{"rendered":"<p>\u00deann 26. j\u00fan\u00ed skrifa\u00f0i \u00e9g\u00a0<a href=\"http:\/\/blog.eyjan.is\/einar\/2011\/06\/26\/thjonkun-haskola-vid-valda-og-hagsmunaadila\/\">bloggf\u00e6rslu<\/a>\u00a0um kostun hagsmunaa\u00f0ila \u00e1 akadem\u00edskum st\u00f6\u00f0um vi\u00f0 h\u00e1sk\u00f3la, og um \u00fej\u00f3nkun h\u00e1sk\u00f3la vi\u00f0 hagsmunaa\u00f0ila.\u00a0 \u00dear nefndi \u00e9g st\u00f6\u00f0u Helga \u00c1ss Gr\u00e9tarssonar vi\u00f0 Lagastofnun H\u00e1sk\u00f3la \u00cdslands, sem kostu\u00f0 er af L\u00cd\u00da.\u00a0 Vi\u00f0 Helgi h\u00f6fum s\u00ed\u00f0an r\u00e6tt \u00feessi m\u00e1l og ni\u00f0ursta\u00f0an var\u00f0 s\u00fa a\u00f0 \u00e9g birti h\u00e9r athugasemdir hans vi\u00f0 pistil minn.\u00a0 \u00de\u00e6r koma h\u00e9r a\u00f0 ne\u00f0an.\u00a0 \u00cd athugasemd h\u00e9r \u00e1 eftir (\u00ed athugasemdakerfinu) geri \u00e9g svo grein fyrir afst\u00f6\u00f0u minni til m\u00e1lsins.<\/p>\n<p>\u2014\u2014\u2014\u2014\u2014\u2014\u2014\u2014\u2014\u2014\u2014\u2014\u2014\u2014\u2014\u2014\u2014\u2014\u2014\u2014\u2014\u2014\u2014\u2014\u2014\u2014\u2014\u2014\u2014\u2014\u2014\u2014\u2014-<!--more--><\/p>\n<p><strong>S\u00e9rfr\u00e6\u00f0ingur svarar fyrir sig<\/strong><\/p>\n<p>(Eftir Helga \u00c1ss Gr\u00e9tarsson)<strong><br \/>\n<\/strong><\/p>\n<p><strong>Bakgrunnurinn<\/strong><\/p>\n<p>Fyrir fimm \u00e1rum h\u00f3f \u00e9g, Helgi \u00c1ss Gr\u00e9tarsson, l\u00f6gfr\u00e6\u00f0ingur, st\u00f6rf hj\u00e1 Lagastofnun H\u00e1sk\u00f3la \u00cdslands sem s\u00e9rfr\u00e6\u00f0ingur \u00e1 svi\u00f0i au\u00f0lindar\u00e9ttar me\u00f0 \u00e1herslu \u00e1 a\u00f0 rannsaka fiskvei\u00f0istj\u00f3rnkerfi. Sta\u00f0an sem \u00e9g gegni hefur veri\u00f0 fj\u00e1rm\u00f6gnu\u00f0 \u00e1 grundvelli tveggja samstarfssamninga Lagastofnunar vi\u00f0 Landssamband \u00edslenskra \u00fatvegsmanna (L\u00cd\u00da), dags. 6. apr\u00edl 2006 og 4. ma\u00ed 2009 en n\u00e1nari uppl\u00fdsingar um \u00feessa samninga m\u00e1 finna \u00e1 heimas\u00ed\u00f0u H\u00e1sk\u00f3la \u00cdslands, sj\u00e1 t.d.\u00a0<a href=\"http:\/\/www.hi.is\/is\/frettir\/lagastofnun_og_liu_semja_um_225_milljon_krona_styrk?page=26\">h\u00e9r<\/a>.<\/p>\n<p>H\u00e1sk\u00f3li \u00cdslands hefur gert vi\u00f0 mig tvo \u00feriggja \u00e1ra r\u00e1\u00f0ningarsamninga. \u00c9g er \u00fev\u00ed starfsma\u00f0ur h\u00e1sk\u00f3lans, ekki L\u00cd\u00da. Yfirbo\u00f0arar m\u00ednir eru innan h\u00e1sk\u00f3lans. Hafi menn athugasemdir vi\u00f0 framg\u00f6ngu m\u00edna \u00ed starfi geta \u00feeir beint \u00feeim til yfirbo\u00f0ara minna innan h\u00e1sk\u00f3lans e\u00f0a til m\u00edn pers\u00f3nulega.<\/p>\n<p>\u00c1 starfsferli m\u00ednum sem s\u00e9rfr\u00e6\u00f0ingur hef \u00e9g m.a. rita\u00f0 tv\u00e6r ritr\u00fdndar fr\u00e6\u00f0ib\u00e6kur um stj\u00f3rn fiskvei\u00f0a \u00e1 \u00cdslandi og \u00ferj\u00e1r ritr\u00fdndar fr\u00e6\u00f0igreinar um efni\u00f0. Fyrir utan fr\u00e6\u00f0iskrif hef \u00e9g einnig birt umtalsvert efni um stj\u00f3rn fiskvei\u00f0a sem \u00e6tla\u00f0 er almenningi, sbr. ritaskr\u00e1 m\u00edn sem er a\u00f0gengileg \u00e1 heimas\u00ed\u00f0u h\u00e1sk\u00f3lans.<\/p>\n<p>Hafi menn \u00e1huga \u00e1 a\u00f0 efna til fr\u00e6\u00f0ilegra r\u00f6kr\u00e6\u00f0na vi\u00f0 mig um stj\u00f3rn fiskvei\u00f0a eru \u00f6ll g\u00f6gn til rei\u00f0u, m.a. skrif m\u00edn um efni\u00f0 og umm\u00e6li \u00e1 opinberum vettvangi. Ef \u00e1st\u00e6\u00f0a er til a\u00f0 gagnr\u00fdna ranns\u00f3knir m\u00ednar \u00e1 efnislegum og m\u00e1lefnalegum forsendum v\u00e6ri \u00e6skilegt og jafnvel br\u00fdnt a\u00f0 f\u00e1 sl\u00edka gagnr\u00fdni fram.<\/p>\n<p><strong>Tilefni\u00f0<\/strong><\/p>\n<p>Hinn 26. j\u00fan\u00ed 2011 birti Einar Steingr\u00edmsson, st\u00e6r\u00f0fr\u00e6\u00f0ingur, bloggf\u00e6rslu \u00e1 Eyjan.is og var upphaf hennar svohlj\u00f3\u00f0andi:<\/p>\n<p>\u201e<strong>\u00dej\u00f3nkun h\u00e1sk\u00f3la vi\u00f0 valda\u2013 og hagsmunaa\u00f0ila<\/strong><\/p>\n<p>\u00cd\u00a0n\u00fdlegri\u00a0<a href=\"http:\/\/www.ruv.is\/node\/159424\">fr\u00e9tt<\/a>\u00a0\u00e1 R\u00daV er sagt fr\u00e1 athugasemdum\u00a0<a href=\"http:\/\/blog.pressan.is\/einar\/2011\/08\/olinath\/2011\/06\/22\/hver-er-herra-oecd\/\">\u00d3l\u00ednu \u00deorvar\u00f0ard\u00f3ttur<\/a>\u00a0vi\u00f0 kostun \u00e1 st\u00f6\u00f0um starfsmanna h\u00e1sk\u00f3la, en h\u00fan nefndi s\u00e9rstaklega st\u00f6\u00f0u Helga \u00c1ss Gr\u00e9tarssonar vi\u00f0 Lagastofnun H\u00cd, sem kostu\u00f0 er af L\u00cd\u00da.\u00a0 H\u00e9r ver\u00f0ur ekki raki\u00f0 \u00fea\u00f0 sem Helgi hefur l\u00e1ti\u00f0 fr\u00e1 s\u00e9r fara um \u00feessi m\u00e1l \u00ed fj\u00f6lmi\u00f0lum, en auglj\u00f3st er a\u00f0 \u00fdmsar sta\u00f0h\u00e6fingar hans um \u00feau eru ekki bygg\u00f0ar \u00e1 \u00f3yggjandi ni\u00f0urst\u00f6\u00f0um \u00far ranns\u00f3knum.<\/p>\n<p>\u00cd umr\u00e6ddri fr\u00e9tt er vitna\u00f0 \u00ed forseta F\u00e9lagsv\u00edsindasvi\u00f0s H\u00cd, \u00d3laf \u00de. Har\u00f0arson, en hann \u201csegir sk\u00f3lann huga vel a\u00f0 \u00feessum m\u00e1lum, mestu m\u00e1li skipti a\u00f0 fyrirkomulagi\u00f0 s\u00e9 gagns\u00e6tt.\u201d\u00a0 \u00dea\u00f0 \u00fe\u00e6tti \u00fe\u00f3 varla n\u00f3g \u00ed h\u00e1sk\u00f3lum sem annt er um or\u00f0st\u00edr sinn sem sj\u00e1lfst\u00e6\u00f0ra ranns\u00f3knastofnana.<\/p>\n<p>\u00dea\u00f0 \u00e6tti t.d. a\u00f0 vera auglj\u00f3st a\u00f0 framganga Helga \u00c1ss, sem L\u00cd\u00da grei\u00f0ir fyrir, hl\u00fdtur a\u00f0 sker\u00f0a trausti\u00f0 \u00e1 sj\u00e1lfst\u00e6\u00f0i H\u00cd og or\u00f0st\u00edr sj\u00e1lfst\u00e6\u00f0ra ranns\u00f3kna vi\u00f0 sk\u00f3lann.\u201c<\/p>\n<p><strong>Athugasemdirnar<\/strong><\/p>\n<p>\u00cd hinum tilvitna\u00f0a texta tel \u00e9g \u00e1st\u00e6\u00f0u til a\u00f0 andm\u00e6li s\u00e9rstaklega umm\u00e6lunum \u201eauglj\u00f3st er a\u00f0 \u00fdmsar sta\u00f0h\u00e6fingar hans um \u00feau eru ekki bygg\u00f0ar \u00e1 \u00f3yggjandi ni\u00f0urst\u00f6\u00f0um \u00far ranns\u00f3knum\u201c og \u201e[\u00fea\u00f0] \u00e6tti t.d. a\u00f0 vera auglj\u00f3st a\u00f0 framganga Helga \u00c1ss, sem L\u00cd\u00da grei\u00f0ir fyrir, hl\u00fdtur a\u00f0 sker\u00f0a trausti\u00f0 \u00e1 sj\u00e1lfst\u00e6\u00f0i H\u00cd og or\u00f0st\u00edr sj\u00e1lfst\u00e6\u00f0ra ranns\u00f3kna vi\u00f0 sk\u00f3lann\u201c.<\/p>\n<p>A\u00f0finnslur m\u00ednar sty\u00f0jast m.a. vi\u00f0 eftirfarandi:<\/p>\n<ol>\n<li>Fyrst ber a\u00f0 nefna a\u00f0 samstarf h\u00e1sk\u00f3lastofnana og einkaa\u00f0ila vi\u00f0 a\u00f0 fj\u00e1rmagna ranns\u00f3knir er al\u00feekkt h\u00e9r \u00e1 landi sem og annars sta\u00f0ar, sbr. t.d.\u00a0<a href=\"http:\/\/www.rsv.is\/um-rsv\/\">h\u00e9r<\/a>\u00a0og\u00a0<a href=\"http:\/\/undsci.berkeley.edu\/article\/who_pays\">h\u00e9r<\/a>. \u00deessi tilh\u00f6gun vi\u00f0 a\u00f0 fj\u00e1rmagna ranns\u00f3knir haggar \u00fev\u00ed ekki a\u00f0 allar ranns\u00f3knir, sem unnar eru \u00e1 vegum h\u00e1sk\u00f3la, skulu byggja \u00e1 vi\u00f0urkenndum akadem\u00edskum gildum, svo sem me\u00f0 tilliti til a\u00f0fer\u00f0afr\u00e6\u00f0i, heimilda\u00f6flunar og efnislegrar n\u00e1lgunar. R\u00edkisreknar ranns\u00f3knir geta vera vel e\u00f0a illa unnar r\u00e9tt eins og \u00fe\u00e6r sem fj\u00e1rmagna\u00f0ar eru \u00ed samstarfi einkaa\u00f0ila og r\u00edkish\u00e1sk\u00f3la.<\/li>\n<li>Einnig vil \u00e9g benda \u00e1 a\u00f0 rektor Harvard\u2013h\u00e1sk\u00f3la \u00ed Bandar\u00edkjunum gaf \u00fea\u00f0 \u00fat \u00ed n\u00f3vember 2010 a\u00f0 sk\u00f3linn hyg\u00f0ist auka fj\u00e1rhagslegt samstarf vi\u00f0 einkaa\u00f0ila\/hagsmunaa\u00f0ila \u00ed \u00fev\u00ed skyni a\u00f0 standa v\u00f6r\u00f0 um ranns\u00f3knarstarf sk\u00f3lans,\u00a0<a href=\"http:\/\/www.thecrimson.com\/article\/2010\/11\/23\/research-funding-university-private\/\">h\u00e9r<\/a>. Fyrir skemmstu var ger\u00f0 \u00fattekt \u00e1 bestu h\u00e1sk\u00f3lum heims \u00e1 svi\u00f0i f\u00e9lagsv\u00edsinda og vermdi Harvard\u2013h\u00e1sk\u00f3linn fyrsta s\u00e6ti\u00f0 \u00ed m\u00f6rgum af \u00feeim f\u00f6gum sem ranns\u00f6ku\u00f0 voru, sj\u00e1\u00a0<a href=\"http:\/\/www.topuniversities.com\/university-rankings\/world-university-rankings\">h\u00e9r<\/a>.<\/li>\n<li>Framangreint gefur til kynna a\u00f0 e\u00f0lilegt getur talist a\u00f0 h\u00e1sk\u00f3lar og einkaa\u00f0ilar \u00ed samf\u00e9laginu vinni saman a\u00f0 ranns\u00f3knum enda s\u00e9 m.a. tryggt a\u00f0 ranns\u00f3knarni\u00f0urst\u00f6\u00f0ur samr\u00fdmist fr\u00e6\u00f0ilegum og si\u00f0fr\u00e6\u00f0ilegum kr\u00f6fum.<\/li>\n<li>L\u00cd\u00da fj\u00e1rmagnar ranns\u00f3knir sem Lagastofnun H\u00cd og lagadeild H\u00cd leggja \u00e1herslu \u00e1 og telja nau\u00f0synlegt a\u00f0 s\u00e9u stunda\u00f0ar. Stef\u00e1n M\u00e1r Stef\u00e1nsson, pr\u00f3fessor, hefur haft faglegt eftirlit me\u00f0 \u00feessari ranns\u00f3kn og framvindu hennar. Sem s\u00e9rfr\u00e6\u00f0ingur vi\u00f0 Lagastofnun H\u00cd hef \u00e9g sinnt \u00feessum ranns\u00f3knum.<\/li>\n<li>Margir h\u00e1sk\u00f3lamenn og einstaklingar me\u00f0 h\u00e1sk\u00f3lagr\u00e1\u00f0ur hafa \u00ed gegnum \u00e1rin tali\u00f0 sig hafa n\u00e6gja \u00feekkingu og yfirs\u00fdn til a\u00f0 tj\u00e1 sig opinberlega um \u00fdmsa \u00fe\u00e6tti \u00edslenskrar fiskvei\u00f0istj\u00f3rnar. \u00cd \u00feeirri or\u00f0r\u00e6\u00f0u allri hafa \u00f3sjaldan hugt\u00f6k \u00e1 bor\u00f0 vi\u00f0 sameign \u00fej\u00f3\u00f0ar, r\u00e9ttl\u00e6ti og \u00f6nnur \u00e1l\u00edka veri\u00f0 sett fram \u00e1n \u00feess a\u00f0 \u00feau s\u00e9u skilgreind. \u00cd m\u00f6rgum skrifum um efni\u00f0 hafa sta\u00f0reyndavillur veri\u00f0 algengar, m.a. me\u00f0 tilliti til \u00fer\u00f3un reglna um myndun aflaheimilda.<\/li>\n<li>\u00cd lj\u00f3si \u00feessarar \u00e1ral\u00f6ngu \u00e1r\u00e1ttu \u00fdmissa a\u00f0ila a\u00f0 skilgreina ekki grundvallarhugt\u00f6k \u00ed umr\u00e6\u00f0u um stj\u00f3rn fiskvei\u00f0a og fara rangt me\u00f0 sta\u00f0reyndir um \u00fer\u00f3un \u00edslenska fiskvei\u00f0istj\u00f3rnkerfisins, hl\u00fdtur m\u00e9r, sem h\u00e1sk\u00f3lamanni a\u00f0 vera heimilt a\u00f0 taka \u00fe\u00e1tt \u00ed opinberri umr\u00e6\u00f0u um m\u00e1lefni\u00f0, ef \u00fea\u00f0 v\u00e6ri ekki bara fyrir a\u00f0 lei\u00f0r\u00e9tta rangf\u00e6rslur.<\/li>\n<li>\u00c9g v\u00edsa \u00fev\u00ed til f\u00f6\u00f0urh\u00fasanna a\u00f0 skrif m\u00edn fyrir almenning s\u00e9u reist \u00e1 vafas\u00f6mum fr\u00e6\u00f0um og \u00feau hafi skert traust \u201e\u00e1 sj\u00e1lfst\u00e6\u00f0i H\u00cd og or\u00f0st\u00edr sj\u00e1lfst\u00e6\u00f0ra ranns\u00f3kna vi\u00f0 sk\u00f3lann\u201c. Fullyr\u00f0ing af \u00feessu tagi er \u00f3sanngj\u00f6rn og illa r\u00f6kstudd. \u00c9g tel m\u00edna n\u00e1lgun \u00e1 vi\u00f0fangsefni\u00f0 vera reista \u00e1 traustum fr\u00e6\u00f0ilegum grundvelli og engu m\u00e1li skiptir hvort \u00feau meginatri\u00f0i, sem \u00e9g hef sett fram, s\u00e9u hagfelld J\u00f3ni e\u00f0a s\u00e9ra J\u00f3ni. \u00dea\u00f0 sem skiptir mestu m\u00e1li er hvort \u00feau standist sko\u00f0un.<\/li>\n<li>Framanrakin umm\u00e6li Einars Steingr\u00edmssonar setja tiltekinn merkimi\u00f0a \u00e1 m\u00edna fr\u00e6\u00f0imennsku og hafa v\u00e6ntanlega varpa\u00f0 r\u00fdr\u00f0 \u00e1 or\u00f0spor mitt. Umm\u00e6lin eru ekki reist \u00e1 fulln\u00e6gjandi k\u00f6nnun \u00e1 framlagi m\u00ednu til fr\u00e6\u00f0a og v\u00edsinda. \u00deau eru vanhugsu\u00f0.<\/li>\n<\/ol>\n<p>\u00dea\u00f0 er m\u00edn sko\u00f0un a\u00f0 Einar Steingr\u00edmsson hafi margt til m\u00e1lanna a\u00f0 leggja um starf h\u00e1sk\u00f3la og ranns\u00f3knir \u00e1 h\u00e1sk\u00f3lastigi. Full \u00e1st\u00e6\u00f0a er til a\u00f0 efna til almennra umr\u00e6\u00f0na um hvernig haga eigi \u00feessum m\u00e1lum \u00e1 \u00cdslandi til lengri t\u00edma liti\u00f0.<\/p>\n<p>A\u00f0 m\u00ednu mati er \u00fea\u00f0 grundvallaratri\u00f0i a\u00f0 starfsmenn h\u00e1sk\u00f3la eiga a\u00f0 nj\u00f3ta fyllsta akadem\u00edska frelsis til a\u00f0 tj\u00e1 sig hvort sem a\u00f0 sta\u00f0a \u00feeirra s\u00e9 r\u00edkisrekin e\u00f0a kostu\u00f0 \u00ed samstarfi h\u00e1sk\u00f3la og einkaa\u00f0ila. Einnig skiptir mestu m\u00e1li vi\u00f0 framkv\u00e6md ranns\u00f3kna a\u00f0 ni\u00f0urst\u00f6\u00f0ur \u00feeirra samr\u00fdmist fr\u00e6\u00f0ilegum og si\u00f0fr\u00e6\u00f0ilegum kr\u00f6fum.<\/p>\n<p>Reykjav\u00edk, 12. \u00e1g\u00fast 2011,<\/p>\n<p>Helgi \u00c1ss Gr\u00e9tarsson<\/p>\n","protected":false},"excerpt":{"rendered":"<p>\u00deann 26. j\u00fan\u00ed skrifa\u00f0i \u00e9g\u00a0bloggf\u00e6rslu\u00a0um kostun hagsmunaa\u00f0ila \u00e1 akadem\u00edskum st\u00f6\u00f0um vi\u00f0 h\u00e1sk\u00f3la, og um \u00fej\u00f3nkun h\u00e1sk\u00f3la vi\u00f0 hagsmunaa\u00f0ila.\u00a0 \u00dear nefndi \u00e9g st\u00f6\u00f0u Helga \u00c1ss Gr\u00e9tarssonar vi\u00f0 Lagastofnun H\u00e1sk\u00f3la \u00cdslands, sem kostu\u00f0 er af L\u00cd\u00da.\u00a0 Vi\u00f0 Helgi h\u00f6fum s\u00ed\u00f0an r\u00e6tt \u00feessi &hellip; <a href=\"https:\/\/www.norn.is\/einar\/2011\/08\/12\/svar-helga-ass-um-haskola-og-kostun\/\">Halda \u00e1fram a\u00f0 lesa <span class=\"meta-nav\">&rarr;<\/span><\/a><\/p>\n","protected":false},"author":10,"featured_media":0,"comment_status":"open","ping_status":"open","sticky":false,"template":"","format":"standard","meta":{"footnotes":""},"categories":[1,79],"tags":[90,91,24],"class_list":["post-119","post","type-post","status-publish","format-standard","hentry","category-oflokkad","category-haskolamal","tag-helgi-ass-gretasson","tag-lagastofnun-hi","tag-liu"],"yoast_head":"<!-- This site is optimized with the Yoast SEO plugin v27.5 - https:\/\/yoast.com\/product\/yoast-seo-wordpress\/ -->\n<title>Svar Helga \u00c1ss um h\u00e1sk\u00f3la og kostun - Einar<\/title>\n<meta name=\"robots\" content=\"index, follow, max-snippet:-1, max-image-preview:large, max-video-preview:-1\" \/>\n<link rel=\"canonical\" href=\"https:\/\/www.norn.is\/einar\/2011\/08\/12\/svar-helga-ass-um-haskola-og-kostun\/\" \/>\n<meta property=\"og:locale\" content=\"is_IS\" \/>\n<meta property=\"og:type\" content=\"article\" \/>\n<meta property=\"og:title\" content=\"Svar Helga \u00c1ss um h\u00e1sk\u00f3la og kostun - Einar\" \/>\n<meta property=\"og:description\" content=\"\u00deann 26. j\u00fan\u00ed skrifa\u00f0i \u00e9g\u00a0bloggf\u00e6rslu\u00a0um kostun hagsmunaa\u00f0ila \u00e1 akadem\u00edskum st\u00f6\u00f0um vi\u00f0 h\u00e1sk\u00f3la, og um \u00fej\u00f3nkun h\u00e1sk\u00f3la vi\u00f0 hagsmunaa\u00f0ila.\u00a0 \u00dear nefndi \u00e9g st\u00f6\u00f0u Helga \u00c1ss Gr\u00e9tarssonar vi\u00f0 Lagastofnun H\u00e1sk\u00f3la \u00cdslands, sem kostu\u00f0 er af L\u00cd\u00da.\u00a0 Vi\u00f0 Helgi h\u00f6fum s\u00ed\u00f0an r\u00e6tt \u00feessi &hellip; Halda \u00e1fram a\u00f0 lesa &rarr;\" \/>\n<meta property=\"og:url\" content=\"https:\/\/www.norn.is\/einar\/2011\/08\/12\/svar-helga-ass-um-haskola-og-kostun\/\" \/>\n<meta property=\"og:site_name\" content=\"Einar\" \/>\n<meta property=\"article:published_time\" content=\"2011-08-12T13:54:44+00:00\" \/>\n<meta property=\"article:modified_time\" content=\"2017-09-24T11:05:09+00:00\" \/>\n<meta name=\"author\" content=\"einar\" \/>\n<meta name=\"twitter:card\" content=\"summary_large_image\" \/>\n<meta name=\"twitter:label1\" content=\"Written by\" \/>\n\t<meta name=\"twitter:data1\" content=\"\" \/>\n\t<meta name=\"twitter:label2\" content=\"Est. reading time\" \/>\n\t<meta name=\"twitter:data2\" content=\"7 minutes\" \/>\n<script type=\"application\/ld+json\" class=\"yoast-schema-graph\">{\"@context\":\"https:\\\/\\\/schema.org\",\"@graph\":[{\"@type\":\"Article\",\"@id\":\"https:\\\/\\\/www.norn.is\\\/einar\\\/2011\\\/08\\\/12\\\/svar-helga-ass-um-haskola-og-kostun\\\/#article\",\"isPartOf\":{\"@id\":\"https:\\\/\\\/www.norn.is\\\/einar\\\/2011\\\/08\\\/12\\\/svar-helga-ass-um-haskola-og-kostun\\\/\"},\"author\":{\"name\":\"einar\",\"@id\":\"https:\\\/\\\/www.norn.is\\\/einar\\\/#\\\/schema\\\/person\\\/19affadb841a22f7bfd4bdcd72a862d0\"},\"headline\":\"Svar Helga \u00c1ss um h\u00e1sk\u00f3la og kostun\",\"datePublished\":\"2011-08-12T13:54:44+00:00\",\"dateModified\":\"2017-09-24T11:05:09+00:00\",\"mainEntityOfPage\":{\"@id\":\"https:\\\/\\\/www.norn.is\\\/einar\\\/2011\\\/08\\\/12\\\/svar-helga-ass-um-haskola-og-kostun\\\/\"},\"wordCount\":1427,\"commentCount\":0,\"keywords\":[\"Helgi \u00c1ss Gr\u00e9tasson\",\"Lagastofnun H\u00cd\",\"L\u00cd\u00da\"],\"articleSection\":[\"Allt efni\",\"H\u00e1sk\u00f3lam\u00e1l\"],\"inLanguage\":\"is\",\"potentialAction\":[{\"@type\":\"CommentAction\",\"name\":\"Comment\",\"target\":[\"https:\\\/\\\/www.norn.is\\\/einar\\\/2011\\\/08\\\/12\\\/svar-helga-ass-um-haskola-og-kostun\\\/#respond\"]}]},{\"@type\":\"WebPage\",\"@id\":\"https:\\\/\\\/www.norn.is\\\/einar\\\/2011\\\/08\\\/12\\\/svar-helga-ass-um-haskola-og-kostun\\\/\",\"url\":\"https:\\\/\\\/www.norn.is\\\/einar\\\/2011\\\/08\\\/12\\\/svar-helga-ass-um-haskola-og-kostun\\\/\",\"name\":\"Svar Helga \u00c1ss um h\u00e1sk\u00f3la og kostun - Einar\",\"isPartOf\":{\"@id\":\"https:\\\/\\\/www.norn.is\\\/einar\\\/#website\"},\"datePublished\":\"2011-08-12T13:54:44+00:00\",\"dateModified\":\"2017-09-24T11:05:09+00:00\",\"author\":{\"@id\":\"https:\\\/\\\/www.norn.is\\\/einar\\\/#\\\/schema\\\/person\\\/19affadb841a22f7bfd4bdcd72a862d0\"},\"breadcrumb\":{\"@id\":\"https:\\\/\\\/www.norn.is\\\/einar\\\/2011\\\/08\\\/12\\\/svar-helga-ass-um-haskola-og-kostun\\\/#breadcrumb\"},\"inLanguage\":\"is\",\"potentialAction\":[{\"@type\":\"ReadAction\",\"target\":[\"https:\\\/\\\/www.norn.is\\\/einar\\\/2011\\\/08\\\/12\\\/svar-helga-ass-um-haskola-og-kostun\\\/\"]}]},{\"@type\":\"BreadcrumbList\",\"@id\":\"https:\\\/\\\/www.norn.is\\\/einar\\\/2011\\\/08\\\/12\\\/svar-helga-ass-um-haskola-og-kostun\\\/#breadcrumb\",\"itemListElement\":[{\"@type\":\"ListItem\",\"position\":1,\"name\":\"Home\",\"item\":\"https:\\\/\\\/www.norn.is\\\/einar\\\/\"},{\"@type\":\"ListItem\",\"position\":2,\"name\":\"Svar Helga \u00c1ss um h\u00e1sk\u00f3la og kostun\"}]},{\"@type\":\"WebSite\",\"@id\":\"https:\\\/\\\/www.norn.is\\\/einar\\\/#website\",\"url\":\"https:\\\/\\\/www.norn.is\\\/einar\\\/\",\"name\":\"Einar\",\"description\":\"Pistlar Einars Steingr\u00edmssonar\",\"potentialAction\":[{\"@type\":\"SearchAction\",\"target\":{\"@type\":\"EntryPoint\",\"urlTemplate\":\"https:\\\/\\\/www.norn.is\\\/einar\\\/?s={search_term_string}\"},\"query-input\":{\"@type\":\"PropertyValueSpecification\",\"valueRequired\":true,\"valueName\":\"search_term_string\"}}],\"inLanguage\":\"is\"},{\"@type\":\"Person\",\"@id\":\"https:\\\/\\\/www.norn.is\\\/einar\\\/#\\\/schema\\\/person\\\/19affadb841a22f7bfd4bdcd72a862d0\",\"name\":\"einar\",\"image\":{\"@type\":\"ImageObject\",\"inLanguage\":\"is\",\"@id\":\"https:\\\/\\\/secure.gravatar.com\\\/avatar\\\/6f5f5592f3cc45e338376db24f1672c636582d9c27d855e8f077f13ef13b17fd?s=96&d=mm&r=g\",\"url\":\"https:\\\/\\\/secure.gravatar.com\\\/avatar\\\/6f5f5592f3cc45e338376db24f1672c636582d9c27d855e8f077f13ef13b17fd?s=96&d=mm&r=g\",\"contentUrl\":\"https:\\\/\\\/secure.gravatar.com\\\/avatar\\\/6f5f5592f3cc45e338376db24f1672c636582d9c27d855e8f077f13ef13b17fd?s=96&d=mm&r=g\",\"caption\":\"einar\"},\"url\":\"https:\\\/\\\/www.norn.is\\\/einar\\\/author\\\/einarsteingrimsson\\\/\"}]}<\/script>\n<!-- \/ Yoast SEO plugin. -->","yoast_head_json":{"title":"Svar Helga \u00c1ss um h\u00e1sk\u00f3la og kostun - Einar","robots":{"index":"index","follow":"follow","max-snippet":"max-snippet:-1","max-image-preview":"max-image-preview:large","max-video-preview":"max-video-preview:-1"},"canonical":"https:\/\/www.norn.is\/einar\/2011\/08\/12\/svar-helga-ass-um-haskola-og-kostun\/","og_locale":"is_IS","og_type":"article","og_title":"Svar Helga \u00c1ss um h\u00e1sk\u00f3la og kostun - Einar","og_description":"\u00deann 26. j\u00fan\u00ed skrifa\u00f0i \u00e9g\u00a0bloggf\u00e6rslu\u00a0um kostun hagsmunaa\u00f0ila \u00e1 akadem\u00edskum st\u00f6\u00f0um vi\u00f0 h\u00e1sk\u00f3la, og um \u00fej\u00f3nkun h\u00e1sk\u00f3la vi\u00f0 hagsmunaa\u00f0ila.\u00a0 \u00dear nefndi \u00e9g st\u00f6\u00f0u Helga \u00c1ss Gr\u00e9tarssonar vi\u00f0 Lagastofnun H\u00e1sk\u00f3la \u00cdslands, sem kostu\u00f0 er af L\u00cd\u00da.\u00a0 Vi\u00f0 Helgi h\u00f6fum s\u00ed\u00f0an r\u00e6tt \u00feessi &hellip; Halda \u00e1fram a\u00f0 lesa &rarr;","og_url":"https:\/\/www.norn.is\/einar\/2011\/08\/12\/svar-helga-ass-um-haskola-og-kostun\/","og_site_name":"Einar","article_published_time":"2011-08-12T13:54:44+00:00","article_modified_time":"2017-09-24T11:05:09+00:00","author":"einar","twitter_card":"summary_large_image","twitter_misc":{"Written by":false,"Est. reading time":"7 minutes"},"schema":{"@context":"https:\/\/schema.org","@graph":[{"@type":"Article","@id":"https:\/\/www.norn.is\/einar\/2011\/08\/12\/svar-helga-ass-um-haskola-og-kostun\/#article","isPartOf":{"@id":"https:\/\/www.norn.is\/einar\/2011\/08\/12\/svar-helga-ass-um-haskola-og-kostun\/"},"author":{"name":"einar","@id":"https:\/\/www.norn.is\/einar\/#\/schema\/person\/19affadb841a22f7bfd4bdcd72a862d0"},"headline":"Svar Helga \u00c1ss um h\u00e1sk\u00f3la og kostun","datePublished":"2011-08-12T13:54:44+00:00","dateModified":"2017-09-24T11:05:09+00:00","mainEntityOfPage":{"@id":"https:\/\/www.norn.is\/einar\/2011\/08\/12\/svar-helga-ass-um-haskola-og-kostun\/"},"wordCount":1427,"commentCount":0,"keywords":["Helgi \u00c1ss Gr\u00e9tasson","Lagastofnun H\u00cd","L\u00cd\u00da"],"articleSection":["Allt efni","H\u00e1sk\u00f3lam\u00e1l"],"inLanguage":"is","potentialAction":[{"@type":"CommentAction","name":"Comment","target":["https:\/\/www.norn.is\/einar\/2011\/08\/12\/svar-helga-ass-um-haskola-og-kostun\/#respond"]}]},{"@type":"WebPage","@id":"https:\/\/www.norn.is\/einar\/2011\/08\/12\/svar-helga-ass-um-haskola-og-kostun\/","url":"https:\/\/www.norn.is\/einar\/2011\/08\/12\/svar-helga-ass-um-haskola-og-kostun\/","name":"Svar Helga \u00c1ss um h\u00e1sk\u00f3la og kostun - Einar","isPartOf":{"@id":"https:\/\/www.norn.is\/einar\/#website"},"datePublished":"2011-08-12T13:54:44+00:00","dateModified":"2017-09-24T11:05:09+00:00","author":{"@id":"https:\/\/www.norn.is\/einar\/#\/schema\/person\/19affadb841a22f7bfd4bdcd72a862d0"},"breadcrumb":{"@id":"https:\/\/www.norn.is\/einar\/2011\/08\/12\/svar-helga-ass-um-haskola-og-kostun\/#breadcrumb"},"inLanguage":"is","potentialAction":[{"@type":"ReadAction","target":["https:\/\/www.norn.is\/einar\/2011\/08\/12\/svar-helga-ass-um-haskola-og-kostun\/"]}]},{"@type":"BreadcrumbList","@id":"https:\/\/www.norn.is\/einar\/2011\/08\/12\/svar-helga-ass-um-haskola-og-kostun\/#breadcrumb","itemListElement":[{"@type":"ListItem","position":1,"name":"Home","item":"https:\/\/www.norn.is\/einar\/"},{"@type":"ListItem","position":2,"name":"Svar Helga \u00c1ss um h\u00e1sk\u00f3la og kostun"}]},{"@type":"WebSite","@id":"https:\/\/www.norn.is\/einar\/#website","url":"https:\/\/www.norn.is\/einar\/","name":"Einar","description":"Pistlar Einars Steingr\u00edmssonar","potentialAction":[{"@type":"SearchAction","target":{"@type":"EntryPoint","urlTemplate":"https:\/\/www.norn.is\/einar\/?s={search_term_string}"},"query-input":{"@type":"PropertyValueSpecification","valueRequired":true,"valueName":"search_term_string"}}],"inLanguage":"is"},{"@type":"Person","@id":"https:\/\/www.norn.is\/einar\/#\/schema\/person\/19affadb841a22f7bfd4bdcd72a862d0","name":"einar","image":{"@type":"ImageObject","inLanguage":"is","@id":"https:\/\/secure.gravatar.com\/avatar\/6f5f5592f3cc45e338376db24f1672c636582d9c27d855e8f077f13ef13b17fd?s=96&d=mm&r=g","url":"https:\/\/secure.gravatar.com\/avatar\/6f5f5592f3cc45e338376db24f1672c636582d9c27d855e8f077f13ef13b17fd?s=96&d=mm&r=g","contentUrl":"https:\/\/secure.gravatar.com\/avatar\/6f5f5592f3cc45e338376db24f1672c636582d9c27d855e8f077f13ef13b17fd?s=96&d=mm&r=g","caption":"einar"},"url":"https:\/\/www.norn.is\/einar\/author\/einarsteingrimsson\/"}]}},"_links":{"self":[{"href":"https:\/\/www.norn.is\/einar\/wp-json\/wp\/v2\/posts\/119","targetHints":{"allow":["GET"]}}],"collection":[{"href":"https:\/\/www.norn.is\/einar\/wp-json\/wp\/v2\/posts"}],"about":[{"href":"https:\/\/www.norn.is\/einar\/wp-json\/wp\/v2\/types\/post"}],"author":[{"embeddable":true,"href":"https:\/\/www.norn.is\/einar\/wp-json\/wp\/v2\/users\/10"}],"replies":[{"embeddable":true,"href":"https:\/\/www.norn.is\/einar\/wp-json\/wp\/v2\/comments?post=119"}],"version-history":[{"count":1,"href":"https:\/\/www.norn.is\/einar\/wp-json\/wp\/v2\/posts\/119\/revisions"}],"predecessor-version":[{"id":120,"href":"https:\/\/www.norn.is\/einar\/wp-json\/wp\/v2\/posts\/119\/revisions\/120"}],"wp:attachment":[{"href":"https:\/\/www.norn.is\/einar\/wp-json\/wp\/v2\/media?parent=119"}],"wp:term":[{"taxonomy":"category","embeddable":true,"href":"https:\/\/www.norn.is\/einar\/wp-json\/wp\/v2\/categories?post=119"},{"taxonomy":"post_tag","embeddable":true,"href":"https:\/\/www.norn.is\/einar\/wp-json\/wp\/v2\/tags?post=119"}],"curies":[{"name":"wp","href":"https:\/\/api.w.org\/{rel}","templated":true}]}}