{"id":115,"date":"2011-07-26T13:46:51","date_gmt":"2011-07-26T13:46:51","guid":{"rendered":"http:\/\/www.norn.is\/einar\/?p=115"},"modified":"2017-09-24T11:05:09","modified_gmt":"2017-09-24T11:05:09","slug":"logfraedi-rettlaeti-og-rettarriki","status":"publish","type":"post","link":"https:\/\/www.norn.is\/einar\/2011\/07\/26\/logfraedi-rettlaeti-og-rettarriki\/","title":{"rendered":"L\u00f6gfr\u00e6\u00f0i, r\u00e9ttl\u00e6ti og r\u00e9ttarr\u00edki"},"content":{"rendered":"<p>H\u00e9r a\u00f0 ne\u00f0an er texti\u00a0<a href=\"http:\/\/www.visir.is\/logfraedi,-rettlaeti-og-rettarriki\/article\/2011707269987?fb_ref=under%3Bunder%3Bunder%3Btop%3Bunder%3Bunder&amp;fb_source=home_oneline\">greinar<\/a>\u00a0eftir mig sem birtist \u00ed Fr\u00e9ttabla\u00f0inu \u00ed dag.<\/p>\n<p>\u00dea\u00f0 er sj\u00e1lfsagt a\u00f0 fara varlega \u00ed a\u00f0 hr\u00f3fla vi\u00f0 r\u00e9ttarkerfinu; \u00fea\u00f0 er mikilv\u00e6gt a\u00f0 leikreglur \u00feess s\u00e9u sk\u00fdrar, og a\u00f0 \u00f6llu j\u00f6fnu eiga ni\u00f0urst\u00f6\u00f0ur H\u00e6star\u00e9ttar a\u00f0 vera endanlegar. \u00a0\u00c1 \u00feessu eru \u00fe\u00f3 undantekningar, \u00fev\u00ed allir geta gert mist\u00f6k. \u00a0\u00cd Geirfinns- og Gu\u00f0mundarm\u00e1linu \u00e6tti \u00f6llum a\u00f0 vera lj\u00f3st a\u00f0 ger\u00f0 voru hryllileg mist\u00f6k, a\u00f0 sakborningar s\u00e6ttu hr\u00e6\u00f0ilegri me\u00f0fer\u00f0, og a\u00f0 yfirv\u00f6ld komu fram me\u00f0 gl\u00e6psamlegum h\u00e6tti.<\/p>\n<p>\u00dat af fyrir sig er \u00feessi me\u00f0fer\u00f0 \u00e1 sakborningum n\u00e6g \u00e1st\u00e6\u00f0a til a\u00f0 rannsaka m\u00e1li\u00f0 ni\u00f0ur \u00ed kj\u00f6linn. \u00a0En \u00fea\u00f0 er auk \u00feess or\u00f0i\u00f0 sl\u00edk mara \u00e1 \u00fej\u00f3\u00f0ars\u00e1linni a\u00f0 nau\u00f0synlegt er a\u00f0 f\u00e1 allt upp \u00e1 yfirbor\u00f0i\u00f0, \u00e1 svo hlutl\u00e6gan og vanda\u00f0an h\u00e1tt a\u00f0 ekki \u00feurfi a\u00f0 efast um ni\u00f0urst\u00f6\u00f0urnar.<\/p>\n<p>\u00deess vegna er dapurlegt a\u00f0 sj\u00e1 \u00a0<a href=\"http:\/\/www.pressan.is\/pressupennar\/Lesa_Brynjar\/vardmenn-rettlaetisins\">formann L\u00f6gmannaf\u00e9lagsins<\/a>\u00a0tala um m\u00e1li\u00f0 eins og l\u00edti\u00f0 hafi \u00fat af bori\u00f0,\u00a0og\u00a0<a href=\"http:\/\/visir.is\/rannsoknarnefndir-og-thrigreining-rikisvalds\/article\/2011707229983\">forseta Lagadeildar H\u00cd<\/a>\u00a0eins og h\u00e9r s\u00e9u formsatri\u00f0in mikilv\u00e6gari en r\u00e9ttl\u00e6ti\u00f0.<\/p>\n<p>\u2014\u2014\u2014\u2014\u2014\u2014\u2014\u2014\u2014\u2014\u2014\u2014<\/p>\n<p>[Fr\u00e9ttabla\u00f0i\u00f0, 26. j\u00fal\u00ed 2011]<\/p>\n<h2>L\u00f6gfr\u00e6\u00f0i, r\u00e9ttl\u00e6ti og r\u00e9ttarr\u00edki<\/h2>\n<p>N\u00fdlega hafa tveir fram\u00e1menn \u00ed l\u00f6gfr\u00e6\u00f0ingast\u00e9tt tj\u00e1\u00f0 sig um kr\u00f6funa um ranns\u00f3knarnefnd sem geri \u00fattekt \u00e1 Geirfinns- og Gu\u00f0mundarm\u00e1lunum svonefndu. \u00deetta eru \u00feeir R\u00f3bert Span\u00f3, sem rita\u00f0i grein \u00ed Fr\u00e9ttabla\u00f0i\u00f0 22. j\u00fal\u00ed, og Brynjar N\u00edelsson sem skrifa\u00f0i um \u00fea\u00f0 pistil \u00e1 pressan.is 20. j\u00fal\u00ed.<\/p>\n<p>R\u00f3bert segir: \u201eEn \u00fea\u00f0 er einmitt \u00ed r\u00e9ttarr\u00edki eins og okkar, bygg\u00f0u \u00e1 \u00fer\u00edgreiningu r\u00edkisvalds, sem opinberar \u00e1kvar\u00f0anir um a\u00f0 skipa s\u00e9rstakar ranns\u00f3knarnefndir ver\u00f0a a\u00f0 taka mi\u00f0 af \u00fev\u00ed kerfi til \u00farlausnar m\u00e1la sem fyrir hendi er l\u00f6gum samkv\u00e6mt.\u201c S\u00ed\u00f0ar segir hann: \u201eL\u00f6ggjafinn \u00e1 ekki a\u00f0 setja \u00e1 laggirnar ranns\u00f3knarnefndir til a\u00f0 yfirfara endanlega \u00farlausn H\u00e6star\u00e9ttar, \u00e6\u00f0sta handhafa hins sj\u00e1lfst\u00e6\u00f0a d\u00f3msvalds.\u201c<\/p>\n<p>Sj\u00e1lfst\u00e6\u00f0i d\u00f3mst\u00f3la er vissulega afar mikilv\u00e6gt \u00ed r\u00e9ttarr\u00edki. H\u00e9r gleymist hins vegar \u00f6nnur hli\u00f0in \u00e1 \u00feeim hugmyndum sem alla jafna liggja til grundvallar \u00fer\u00edgreiningu r\u00edkisvaldsins. Nefnilega a\u00f0 greinarnar \u00ferj\u00e1r veiti hver annarri a\u00f0hald, sem s\u00e9 nau\u00f0synlegt til a\u00f0 koma \u00ed veg fyrir valdn\u00ed\u00f0slu innan einnar \u00feeirra.<\/p>\n<p>Brynjar segir \u00ed sinni grein: \u201e\u00c9g get \u00fe\u00f3 sagt a\u00f0 \u00ed m\u00f6rgum \u00f6\u00f0rum sakam\u00e1lum hafa sakborningar veri\u00f0 sakfelldir \u00e1 veikari s\u00f6nnunarg\u00f6gnum.\u201c L\u00edti Brynjar svo \u00e1 a\u00f0 s\u00e9rhver sakfelling s\u00e9 ford\u00e6misgefandi var\u00f0andi kr\u00f6furnar um s\u00f6nnunarf\u00e6rslu er \u00fea\u00f0 sannarlega n\u00fdst\u00e1rleg s\u00fdn \u00e1 r\u00e9ttarfar. Ef \u00feetta \u00e1 hins vegar a\u00f0 afsaka \u00fe\u00e1 hryllilegu valdn\u00ed\u00f0slu sem \u00e1tti s\u00e9r sta\u00f0 \u00ed umr\u00e6ddum m\u00e1lum er ekki anna\u00f0 a\u00f0 segja en a\u00f0 sl\u00edk afsta\u00f0a s\u00e9 ekki s\u00e6mandi l\u00f6gmanni, hva\u00f0 \u00fe\u00e1 a\u00f0 forma\u00f0ur L\u00f6gmannaf\u00e9lagsins haldi henni \u00e1 lofti.<\/p>\n<p>\u00cd Geirfinns- og Gu\u00f0mundarm\u00e1linu var sakfellt fyrir mor\u00f0, \u00fe\u00f3tt engar v\u00edsbendingar s\u00e9u um a\u00f0 f\u00f3rnarl\u00f6mbin hafi l\u00e1tist, nema j\u00e1tningar sakborninga. Sl\u00edkar j\u00e1tningar v\u00e6ru au\u00f0vita\u00f0 mikilv\u00e6gar ef \u00fe\u00e6r v\u00e6ru tr\u00faver\u00f0ugar. \u00dea\u00f0 eru \u00fe\u00e6r ekki, \u00fev\u00ed n\u00e1kv\u00e6mlega ekkert anna\u00f0 bendir til a\u00f0 gl\u00e6pur hafi veri\u00f0 framinn, auk \u00feess sem \u00f3sannar j\u00e1tningar eru talsvert algengari en \u00e6tla m\u00e6tti, hva\u00f0 \u00fe\u00e1 \u00feegar beitt er jafn sv\u00edvir\u00f0ilegum pyntingum og h\u00e9r var raunin.<\/p>\n<p>Ekki s\u00ed\u00f0ur alvarlegt er a\u00f0 ranns\u00f3knarl\u00f6greglan s\u00fdndi me\u00f0 \u00f3yggjandi h\u00e6tti a\u00f0 h\u00fan gat fengi\u00f0 fram \u00fe\u00e6r j\u00e1tningar sem henni s\u00fdndist, hversu fjarst\u00e6\u00f0ukenndar sem \u00fe\u00e6r voru. \u00c1 me\u00f0an sakborningar voru einangra\u00f0ir hver fr\u00e1 \u00f6\u00f0rum \u00ed g\u00e6sluvar\u00f0haldi f\u00e9kk l\u00f6greglan \u00fe\u00e1 alla til a\u00f0 sta\u00f0festa tiltekna fl\u00f3kna atbur\u00f0ar\u00e1s, sem leiddi til langvarandi g\u00e6sluvar\u00f0halds yfir fj\u00f3rum \u00f6\u00f0rum m\u00f6nnum. S\u00ed\u00f0ar kom \u00ed lj\u00f3s a\u00f0 um algeran uppspuna var a\u00f0 r\u00e6\u00f0a. Me\u00f0 \u00fev\u00ed a\u00f0 f\u00e1 fram j\u00e1tningar \u00e1 sl\u00edkum uppspuna s\u00fdndu rannsakendur m\u00e1lsins \u00ed eitt skipti fyrir \u00f6ll a\u00f0 ni\u00f0urst\u00f6\u00f0ur \u00feeirra voru einskis vir\u00f0i.<\/p>\n<p>Lj\u00f3st er \u00fev\u00ed a\u00f0 l\u00f6greglan og d\u00f3msvaldi\u00f0 brug\u00f0ust ekki bara illilega, heldur fr\u00f6mdu hr\u00e6\u00f0ileg illvirki \u00e1 f\u00f3lki sem \u00e1tti a\u00f0 nj\u00f3ta verndar r\u00e9ttarr\u00edkisins, burts\u00e9\u00f0 fr\u00e1 \u00fev\u00ed hvort \u00fea\u00f0 \u00e1tti nokkra s\u00f6k \u00ed umr\u00e6ddum m\u00e1lum. Af \u00fev\u00ed hversu alvarlegt \u00feetta m\u00e1l er ver\u00f0ur ekki hj\u00e1 \u00fev\u00ed komist a\u00f0 rannsaka \u00fea\u00f0 ni\u00f0ur \u00ed kj\u00f6linn. Til \u00feess \u00e6tti a\u00f0 skipa ranns\u00f3knarnefnd me\u00f0 v\u00ed\u00f0t\u00e6kar heimildir til vitnalei\u00f0slu.<\/p>\n<p>Vi\u00f0 \u00feessar a\u00f0st\u00e6\u00f0ur \u00e6ttu l\u00f6gfr\u00e6\u00f0ingar fremur a\u00f0 velta fyrir s\u00e9r (\u00ed heyranda hlj\u00f3\u00f0i) hvernig h\u00e6gt s\u00e9 a\u00f0 lei\u00f0r\u00e9tta svona alvarleg brot \u00e1 grundvallarreglum r\u00e9ttarr\u00edkisins, og koma \u00ed veg fyrir a\u00f0 \u00feau ver\u00f0i endurtekin. A\u00f0 minnsta kosti \u00feeir l\u00f6gfr\u00e6\u00f0ingar sem vilja l\u00e1ta l\u00edta \u00e1 sig sem hugsu\u00f0i \u00e1 \u00feessu svi\u00f0i en ekki viljalausa \u00fej\u00f3na kerfis sem hefur sv\u00edvirt \u00fe\u00e6r grundvallarreglur sem \u00fea\u00f0 segist byggja \u00e1.<\/p>\n<p>\u00dea\u00f0 er l\u00edka hollt a\u00f0 hafa \u00ed huga a\u00f0 \u00fe\u00f3tt l\u00f6gfr\u00e6\u00f0ingar geti veri\u00f0 s\u00e9rfr\u00e6\u00f0ingar \u00ed \u00fev\u00ed hvernig r\u00e9ttarkerfi\u00f0 virkar \u00fe\u00e1 \u00fer\u00fdtur s\u00e9rfr\u00e6\u00f0ikunn\u00e1ttu \u00feeirra \u00feegar kerfi\u00f0 h\u00e6ttir a\u00f0 virka, eins og \u00fea\u00f0 ger\u00f0i h\u00e9r.<\/p>\n","protected":false},"excerpt":{"rendered":"<p>H\u00e9r a\u00f0 ne\u00f0an er texti\u00a0greinar\u00a0eftir mig sem birtist \u00ed Fr\u00e9ttabla\u00f0inu \u00ed dag. \u00dea\u00f0 er sj\u00e1lfsagt a\u00f0 fara varlega \u00ed a\u00f0 hr\u00f3fla vi\u00f0 r\u00e9ttarkerfinu; \u00fea\u00f0 er mikilv\u00e6gt a\u00f0 leikreglur \u00feess s\u00e9u sk\u00fdrar, og a\u00f0 \u00f6llu j\u00f6fnu eiga ni\u00f0urst\u00f6\u00f0ur H\u00e6star\u00e9ttar a\u00f0 vera &hellip; <a href=\"https:\/\/www.norn.is\/einar\/2011\/07\/26\/logfraedi-rettlaeti-og-rettarriki\/\">Halda \u00e1fram a\u00f0 lesa <span class=\"meta-nav\">&rarr;<\/span><\/a><\/p>\n","protected":false},"author":10,"featured_media":0,"comment_status":"open","ping_status":"open","sticky":false,"template":"","format":"standard","meta":{"footnotes":""},"categories":[1,4],"tags":[116,114,115],"class_list":["post-115","post","type-post","status-publish","format-standard","hentry","category-oflokkad","category-log-og-rettarkerfi","tag-brynjar-nielsson","tag-gudmundar-og-geirfinnsmal","tag-robert-spano"],"yoast_head":"<!-- This site is optimized with the Yoast SEO plugin v27.5 - https:\/\/yoast.com\/product\/yoast-seo-wordpress\/ -->\n<title>L\u00f6gfr\u00e6\u00f0i, r\u00e9ttl\u00e6ti og r\u00e9ttarr\u00edki - Einar<\/title>\n<meta name=\"robots\" content=\"index, follow, max-snippet:-1, max-image-preview:large, max-video-preview:-1\" \/>\n<link rel=\"canonical\" href=\"https:\/\/www.norn.is\/einar\/2011\/07\/26\/logfraedi-rettlaeti-og-rettarriki\/\" \/>\n<meta property=\"og:locale\" content=\"is_IS\" \/>\n<meta property=\"og:type\" content=\"article\" \/>\n<meta property=\"og:title\" content=\"L\u00f6gfr\u00e6\u00f0i, r\u00e9ttl\u00e6ti og r\u00e9ttarr\u00edki - Einar\" \/>\n<meta property=\"og:description\" content=\"H\u00e9r a\u00f0 ne\u00f0an er texti\u00a0greinar\u00a0eftir mig sem birtist \u00ed Fr\u00e9ttabla\u00f0inu \u00ed dag. \u00dea\u00f0 er sj\u00e1lfsagt a\u00f0 fara varlega \u00ed a\u00f0 hr\u00f3fla vi\u00f0 r\u00e9ttarkerfinu; \u00fea\u00f0 er mikilv\u00e6gt a\u00f0 leikreglur \u00feess s\u00e9u sk\u00fdrar, og a\u00f0 \u00f6llu j\u00f6fnu eiga ni\u00f0urst\u00f6\u00f0ur H\u00e6star\u00e9ttar a\u00f0 vera &hellip; Halda \u00e1fram a\u00f0 lesa &rarr;\" \/>\n<meta property=\"og:url\" content=\"https:\/\/www.norn.is\/einar\/2011\/07\/26\/logfraedi-rettlaeti-og-rettarriki\/\" \/>\n<meta property=\"og:site_name\" content=\"Einar\" \/>\n<meta property=\"article:published_time\" content=\"2011-07-26T13:46:51+00:00\" \/>\n<meta property=\"article:modified_time\" content=\"2017-09-24T11:05:09+00:00\" \/>\n<meta name=\"author\" content=\"einar\" \/>\n<meta name=\"twitter:card\" content=\"summary_large_image\" \/>\n<meta name=\"twitter:label1\" content=\"Written by\" \/>\n\t<meta name=\"twitter:data1\" content=\"\" \/>\n\t<meta name=\"twitter:label2\" content=\"Est. reading time\" \/>\n\t<meta name=\"twitter:data2\" content=\"5 minutes\" \/>\n<script type=\"application\/ld+json\" class=\"yoast-schema-graph\">{\"@context\":\"https:\\\/\\\/schema.org\",\"@graph\":[{\"@type\":\"Article\",\"@id\":\"https:\\\/\\\/www.norn.is\\\/einar\\\/2011\\\/07\\\/26\\\/logfraedi-rettlaeti-og-rettarriki\\\/#article\",\"isPartOf\":{\"@id\":\"https:\\\/\\\/www.norn.is\\\/einar\\\/2011\\\/07\\\/26\\\/logfraedi-rettlaeti-og-rettarriki\\\/\"},\"author\":{\"name\":\"einar\",\"@id\":\"https:\\\/\\\/www.norn.is\\\/einar\\\/#\\\/schema\\\/person\\\/19affadb841a22f7bfd4bdcd72a862d0\"},\"headline\":\"L\u00f6gfr\u00e6\u00f0i, r\u00e9ttl\u00e6ti og r\u00e9ttarr\u00edki\",\"datePublished\":\"2011-07-26T13:46:51+00:00\",\"dateModified\":\"2017-09-24T11:05:09+00:00\",\"mainEntityOfPage\":{\"@id\":\"https:\\\/\\\/www.norn.is\\\/einar\\\/2011\\\/07\\\/26\\\/logfraedi-rettlaeti-og-rettarriki\\\/\"},\"wordCount\":920,\"commentCount\":0,\"keywords\":[\"Brynjar N\u00edelsson\",\"Gu\u00f0mundar- og Geirfinnsm\u00e1l\",\"R\u00f3bert Span\u00f3\"],\"articleSection\":[\"Allt efni\",\"L\u00f6g og r\u00e9ttarkerfi\"],\"inLanguage\":\"is\",\"potentialAction\":[{\"@type\":\"CommentAction\",\"name\":\"Comment\",\"target\":[\"https:\\\/\\\/www.norn.is\\\/einar\\\/2011\\\/07\\\/26\\\/logfraedi-rettlaeti-og-rettarriki\\\/#respond\"]}]},{\"@type\":\"WebPage\",\"@id\":\"https:\\\/\\\/www.norn.is\\\/einar\\\/2011\\\/07\\\/26\\\/logfraedi-rettlaeti-og-rettarriki\\\/\",\"url\":\"https:\\\/\\\/www.norn.is\\\/einar\\\/2011\\\/07\\\/26\\\/logfraedi-rettlaeti-og-rettarriki\\\/\",\"name\":\"L\u00f6gfr\u00e6\u00f0i, r\u00e9ttl\u00e6ti og r\u00e9ttarr\u00edki - Einar\",\"isPartOf\":{\"@id\":\"https:\\\/\\\/www.norn.is\\\/einar\\\/#website\"},\"datePublished\":\"2011-07-26T13:46:51+00:00\",\"dateModified\":\"2017-09-24T11:05:09+00:00\",\"author\":{\"@id\":\"https:\\\/\\\/www.norn.is\\\/einar\\\/#\\\/schema\\\/person\\\/19affadb841a22f7bfd4bdcd72a862d0\"},\"breadcrumb\":{\"@id\":\"https:\\\/\\\/www.norn.is\\\/einar\\\/2011\\\/07\\\/26\\\/logfraedi-rettlaeti-og-rettarriki\\\/#breadcrumb\"},\"inLanguage\":\"is\",\"potentialAction\":[{\"@type\":\"ReadAction\",\"target\":[\"https:\\\/\\\/www.norn.is\\\/einar\\\/2011\\\/07\\\/26\\\/logfraedi-rettlaeti-og-rettarriki\\\/\"]}]},{\"@type\":\"BreadcrumbList\",\"@id\":\"https:\\\/\\\/www.norn.is\\\/einar\\\/2011\\\/07\\\/26\\\/logfraedi-rettlaeti-og-rettarriki\\\/#breadcrumb\",\"itemListElement\":[{\"@type\":\"ListItem\",\"position\":1,\"name\":\"Home\",\"item\":\"https:\\\/\\\/www.norn.is\\\/einar\\\/\"},{\"@type\":\"ListItem\",\"position\":2,\"name\":\"L\u00f6gfr\u00e6\u00f0i, r\u00e9ttl\u00e6ti og r\u00e9ttarr\u00edki\"}]},{\"@type\":\"WebSite\",\"@id\":\"https:\\\/\\\/www.norn.is\\\/einar\\\/#website\",\"url\":\"https:\\\/\\\/www.norn.is\\\/einar\\\/\",\"name\":\"Einar\",\"description\":\"Pistlar Einars Steingr\u00edmssonar\",\"potentialAction\":[{\"@type\":\"SearchAction\",\"target\":{\"@type\":\"EntryPoint\",\"urlTemplate\":\"https:\\\/\\\/www.norn.is\\\/einar\\\/?s={search_term_string}\"},\"query-input\":{\"@type\":\"PropertyValueSpecification\",\"valueRequired\":true,\"valueName\":\"search_term_string\"}}],\"inLanguage\":\"is\"},{\"@type\":\"Person\",\"@id\":\"https:\\\/\\\/www.norn.is\\\/einar\\\/#\\\/schema\\\/person\\\/19affadb841a22f7bfd4bdcd72a862d0\",\"name\":\"einar\",\"image\":{\"@type\":\"ImageObject\",\"inLanguage\":\"is\",\"@id\":\"https:\\\/\\\/secure.gravatar.com\\\/avatar\\\/6f5f5592f3cc45e338376db24f1672c636582d9c27d855e8f077f13ef13b17fd?s=96&d=mm&r=g\",\"url\":\"https:\\\/\\\/secure.gravatar.com\\\/avatar\\\/6f5f5592f3cc45e338376db24f1672c636582d9c27d855e8f077f13ef13b17fd?s=96&d=mm&r=g\",\"contentUrl\":\"https:\\\/\\\/secure.gravatar.com\\\/avatar\\\/6f5f5592f3cc45e338376db24f1672c636582d9c27d855e8f077f13ef13b17fd?s=96&d=mm&r=g\",\"caption\":\"einar\"},\"url\":\"https:\\\/\\\/www.norn.is\\\/einar\\\/author\\\/einarsteingrimsson\\\/\"}]}<\/script>\n<!-- \/ Yoast SEO plugin. -->","yoast_head_json":{"title":"L\u00f6gfr\u00e6\u00f0i, r\u00e9ttl\u00e6ti og r\u00e9ttarr\u00edki - Einar","robots":{"index":"index","follow":"follow","max-snippet":"max-snippet:-1","max-image-preview":"max-image-preview:large","max-video-preview":"max-video-preview:-1"},"canonical":"https:\/\/www.norn.is\/einar\/2011\/07\/26\/logfraedi-rettlaeti-og-rettarriki\/","og_locale":"is_IS","og_type":"article","og_title":"L\u00f6gfr\u00e6\u00f0i, r\u00e9ttl\u00e6ti og r\u00e9ttarr\u00edki - Einar","og_description":"H\u00e9r a\u00f0 ne\u00f0an er texti\u00a0greinar\u00a0eftir mig sem birtist \u00ed Fr\u00e9ttabla\u00f0inu \u00ed dag. \u00dea\u00f0 er sj\u00e1lfsagt a\u00f0 fara varlega \u00ed a\u00f0 hr\u00f3fla vi\u00f0 r\u00e9ttarkerfinu; \u00fea\u00f0 er mikilv\u00e6gt a\u00f0 leikreglur \u00feess s\u00e9u sk\u00fdrar, og a\u00f0 \u00f6llu j\u00f6fnu eiga ni\u00f0urst\u00f6\u00f0ur H\u00e6star\u00e9ttar a\u00f0 vera &hellip; Halda \u00e1fram a\u00f0 lesa &rarr;","og_url":"https:\/\/www.norn.is\/einar\/2011\/07\/26\/logfraedi-rettlaeti-og-rettarriki\/","og_site_name":"Einar","article_published_time":"2011-07-26T13:46:51+00:00","article_modified_time":"2017-09-24T11:05:09+00:00","author":"einar","twitter_card":"summary_large_image","twitter_misc":{"Written by":false,"Est. reading time":"5 minutes"},"schema":{"@context":"https:\/\/schema.org","@graph":[{"@type":"Article","@id":"https:\/\/www.norn.is\/einar\/2011\/07\/26\/logfraedi-rettlaeti-og-rettarriki\/#article","isPartOf":{"@id":"https:\/\/www.norn.is\/einar\/2011\/07\/26\/logfraedi-rettlaeti-og-rettarriki\/"},"author":{"name":"einar","@id":"https:\/\/www.norn.is\/einar\/#\/schema\/person\/19affadb841a22f7bfd4bdcd72a862d0"},"headline":"L\u00f6gfr\u00e6\u00f0i, r\u00e9ttl\u00e6ti og r\u00e9ttarr\u00edki","datePublished":"2011-07-26T13:46:51+00:00","dateModified":"2017-09-24T11:05:09+00:00","mainEntityOfPage":{"@id":"https:\/\/www.norn.is\/einar\/2011\/07\/26\/logfraedi-rettlaeti-og-rettarriki\/"},"wordCount":920,"commentCount":0,"keywords":["Brynjar N\u00edelsson","Gu\u00f0mundar- og Geirfinnsm\u00e1l","R\u00f3bert Span\u00f3"],"articleSection":["Allt efni","L\u00f6g og r\u00e9ttarkerfi"],"inLanguage":"is","potentialAction":[{"@type":"CommentAction","name":"Comment","target":["https:\/\/www.norn.is\/einar\/2011\/07\/26\/logfraedi-rettlaeti-og-rettarriki\/#respond"]}]},{"@type":"WebPage","@id":"https:\/\/www.norn.is\/einar\/2011\/07\/26\/logfraedi-rettlaeti-og-rettarriki\/","url":"https:\/\/www.norn.is\/einar\/2011\/07\/26\/logfraedi-rettlaeti-og-rettarriki\/","name":"L\u00f6gfr\u00e6\u00f0i, r\u00e9ttl\u00e6ti og r\u00e9ttarr\u00edki - Einar","isPartOf":{"@id":"https:\/\/www.norn.is\/einar\/#website"},"datePublished":"2011-07-26T13:46:51+00:00","dateModified":"2017-09-24T11:05:09+00:00","author":{"@id":"https:\/\/www.norn.is\/einar\/#\/schema\/person\/19affadb841a22f7bfd4bdcd72a862d0"},"breadcrumb":{"@id":"https:\/\/www.norn.is\/einar\/2011\/07\/26\/logfraedi-rettlaeti-og-rettarriki\/#breadcrumb"},"inLanguage":"is","potentialAction":[{"@type":"ReadAction","target":["https:\/\/www.norn.is\/einar\/2011\/07\/26\/logfraedi-rettlaeti-og-rettarriki\/"]}]},{"@type":"BreadcrumbList","@id":"https:\/\/www.norn.is\/einar\/2011\/07\/26\/logfraedi-rettlaeti-og-rettarriki\/#breadcrumb","itemListElement":[{"@type":"ListItem","position":1,"name":"Home","item":"https:\/\/www.norn.is\/einar\/"},{"@type":"ListItem","position":2,"name":"L\u00f6gfr\u00e6\u00f0i, r\u00e9ttl\u00e6ti og r\u00e9ttarr\u00edki"}]},{"@type":"WebSite","@id":"https:\/\/www.norn.is\/einar\/#website","url":"https:\/\/www.norn.is\/einar\/","name":"Einar","description":"Pistlar Einars Steingr\u00edmssonar","potentialAction":[{"@type":"SearchAction","target":{"@type":"EntryPoint","urlTemplate":"https:\/\/www.norn.is\/einar\/?s={search_term_string}"},"query-input":{"@type":"PropertyValueSpecification","valueRequired":true,"valueName":"search_term_string"}}],"inLanguage":"is"},{"@type":"Person","@id":"https:\/\/www.norn.is\/einar\/#\/schema\/person\/19affadb841a22f7bfd4bdcd72a862d0","name":"einar","image":{"@type":"ImageObject","inLanguage":"is","@id":"https:\/\/secure.gravatar.com\/avatar\/6f5f5592f3cc45e338376db24f1672c636582d9c27d855e8f077f13ef13b17fd?s=96&d=mm&r=g","url":"https:\/\/secure.gravatar.com\/avatar\/6f5f5592f3cc45e338376db24f1672c636582d9c27d855e8f077f13ef13b17fd?s=96&d=mm&r=g","contentUrl":"https:\/\/secure.gravatar.com\/avatar\/6f5f5592f3cc45e338376db24f1672c636582d9c27d855e8f077f13ef13b17fd?s=96&d=mm&r=g","caption":"einar"},"url":"https:\/\/www.norn.is\/einar\/author\/einarsteingrimsson\/"}]}},"_links":{"self":[{"href":"https:\/\/www.norn.is\/einar\/wp-json\/wp\/v2\/posts\/115","targetHints":{"allow":["GET"]}}],"collection":[{"href":"https:\/\/www.norn.is\/einar\/wp-json\/wp\/v2\/posts"}],"about":[{"href":"https:\/\/www.norn.is\/einar\/wp-json\/wp\/v2\/types\/post"}],"author":[{"embeddable":true,"href":"https:\/\/www.norn.is\/einar\/wp-json\/wp\/v2\/users\/10"}],"replies":[{"embeddable":true,"href":"https:\/\/www.norn.is\/einar\/wp-json\/wp\/v2\/comments?post=115"}],"version-history":[{"count":1,"href":"https:\/\/www.norn.is\/einar\/wp-json\/wp\/v2\/posts\/115\/revisions"}],"predecessor-version":[{"id":116,"href":"https:\/\/www.norn.is\/einar\/wp-json\/wp\/v2\/posts\/115\/revisions\/116"}],"wp:attachment":[{"href":"https:\/\/www.norn.is\/einar\/wp-json\/wp\/v2\/media?parent=115"}],"wp:term":[{"taxonomy":"category","embeddable":true,"href":"https:\/\/www.norn.is\/einar\/wp-json\/wp\/v2\/categories?post=115"},{"taxonomy":"post_tag","embeddable":true,"href":"https:\/\/www.norn.is\/einar\/wp-json\/wp\/v2\/tags?post=115"}],"curies":[{"name":"wp","href":"https:\/\/api.w.org\/{rel}","templated":true}]}}