{"id":109,"date":"2011-07-14T13:34:53","date_gmt":"2011-07-14T13:34:53","guid":{"rendered":"http:\/\/www.norn.is\/einar\/?p=109"},"modified":"2017-09-24T11:05:09","modified_gmt":"2017-09-24T11:05:09","slug":"vill-stjornlagarad-flokksraedid-afram","status":"publish","type":"post","link":"https:\/\/www.norn.is\/einar\/2011\/07\/14\/vill-stjornlagarad-flokksraedid-afram\/","title":{"rendered":"Vill Stj\u00f3rnlagar\u00e1\u00f0 flokksr\u00e6\u00f0i\u00f0 \u00e1fram?"},"content":{"rendered":"<p>\u00c1\u00a0<a href=\"http:\/\/stjornlagarad.is\/frettir\/lesa\/item34466\/\">vef<\/a>\u00a0Stj\u00f3rnlagar\u00e1\u00f0s er sagt fr\u00e1 n\u00fdsam\u00feykktum till\u00f6gum \u00feess um l\u00f6ggjafarm\u00e1l og fleira.\u00a0 \u00dear segir me\u00f0al annars:<\/p>\n<blockquote><p>\u00cd till\u00f6gunum kemur fram a\u00f0 vi\u00f0 stj\u00f3rnarmyndun muni Al\u00feingi n\u00fa kj\u00f3sa fors\u00e6tisr\u00e1\u00f0herra, en forseti \u00cdslands ver\u00f0i eins konar verkstj\u00f3ri \u00ed vi\u00f0r\u00e6\u00f0um milli \u00feingflokka, l\u00edkt og veri\u00f0 hefur.<\/p><\/blockquote>\n<p>\u00cd\u00a0<a href=\"http:\/\/stjornlagarad.is\/starfid\/afangaskjal\/#Radherrar_og_rikisstjorn\">till\u00f6gu<\/a>\u00a0r\u00e1\u00f0sins stendur n\u00e1kv\u00e6mlega \u00feetta:<!--more--><\/p>\n<blockquote><p>Eftir a\u00f0 hafa r\u00e1\u00f0f\u00e6rt sig vi\u00f0 \u00feingflokka og \u00feingmenn gerir forseti \u00cdslands till\u00f6gu til \u00feingsins um fors\u00e6tisr\u00e1\u00f0herra.<\/p><\/blockquote>\n<p>\u00deetta er reyndar ekki \u00fea\u00f0 eina sem komi\u00f0 hefur fr\u00e1 Stj\u00f3rnlagar\u00e1\u00f0i sem bendir til a\u00f0 me\u00f0limir \u00feess l\u00edti flestir \u00e1 \u00fea\u00f0 sem sj\u00e1lfsagt m\u00e1l a\u00f0 vi\u00f0 h\u00f6fum \u00e1fram svipa\u00f0 flokkakerfi og vi\u00f0 h\u00f6fum haft.<\/p>\n<p>\u00dea\u00f0 kann a\u00f0 vir\u00f0ast sj\u00e1lfsagt a\u00f0 h\u00e9r starfi \u00e1fram \u00feingflokkar.\u00a0 En ef til vill \u00e6ttum vi\u00f0 a\u00f0 staldra vi\u00f0 og spyrja hvort \u00e1st\u00e6\u00f0a s\u00e9 til a\u00f0 gera r\u00e1\u00f0 fyrir \u00fev\u00ed \u00ed stj\u00f3rnarskr\u00e1.\u00a0 Eftir \u00fev\u00ed sem \u00e9g best veit eru engir s\u00e9rstakir flokkar starfandi innan stj\u00f3rnlagar\u00e1\u00f0s, bara einstaklingar.\u00a0 M\u00e9r s\u00fdnist l\u00edka a\u00f0 starf stj\u00f3rnlagar\u00e1\u00f0s hafi gengi\u00f0 \u00e1g\u00e6tlega, \u00fear hafi fari\u00f0 fram m\u00e1lefnalegar umr\u00e6\u00f0ur, og ni\u00f0ursta\u00f0a fengist \u00far \u00feeim.\u00a0 \u00dea\u00f0 \u00fe\u00fd\u00f0ir au\u00f0vita\u00f0 ekki a\u00f0 allir s\u00e9u \u00e1n\u00e6g\u00f0ir me\u00f0 ni\u00f0urst\u00f6\u00f0una (\u00e9g er, eins og fleiri, \u00f3\u00e1n\u00e6g\u00f0ur me\u00f0 margt), en flest s\u00e6ttum vi\u00f0 okkur vi\u00f0 a\u00f0 lenda \u00ed minnihluta \u00feegar starfa\u00f0 er me\u00f0 gagns\u00e6jum h\u00e6tti, \u00e1n baktjaldamakks og hrossakaupa.\u00a0 A\u00f0 \u00feessu leyti er ekki anna\u00f0 a\u00f0 sj\u00e1 en a\u00f0 stj\u00f3rnlagar\u00e1\u00f0 hafi unni\u00f0 me\u00f0 \u00feeim h\u00e6tti\u00a0 sem Al\u00feingi hefur ekki tekist \u00ed \u00e1ratugi.<\/p>\n<p>Al\u00feingi hefur lengi veri\u00f0 vettvangur fyrir le\u00f0juslag.\u00a0 \u00dea\u00f0 eigum vi\u00f0 a\u00f0 \u00feakka stj\u00f3rnm\u00e1laflokkum sem eru allir a\u00f0 mestu leyti \u00f3f\u00e6rir um a\u00f0 takast \u00e1 vi\u00f0 verkefnin sem \u00feingi\u00f0 \u00e1 a\u00f0 leysa.\u00a0 Auk \u00feeirrar \u00f3ge\u00f0felldu hagsmunag\u00e6slu fyrir \u00fdmis valda\u00f6fl sem ekki \u00e6ttu a\u00f0 hafa \u00feann a\u00f0gang a\u00f0 l\u00f6ggjafarvaldinu sem raun ber vitni, hefur flokkunum sem drottna\u00f0 hafa yfir Al\u00feingi \u00e1 sext\u00edu og fimm \u00e1rum ekki tekist a\u00f0 vinna t\u00edunda hlutann af \u00fev\u00ed verki sem Stj\u00f3rnlagar\u00e1\u00f0 hefur n\u00fa gert \u00e1 fj\u00f3rum m\u00e1nu\u00f0um.<\/p>\n<p>\u00dea\u00f0 er ekki n\u00e1tt\u00farul\u00f6gm\u00e1l a\u00f0 stj\u00f3rnm\u00e1laflokkar r\u00e1\u00f0i l\u00f6gum og lofum \u00e1 Al\u00feingi.\u00a0 \u00dea\u00f0 er ekki n\u00e1tt\u00farul\u00f6gm\u00e1l a\u00f0 vi\u00f0 \u00feurfum a\u00f0 s\u00e6tta okkur vi\u00f0 \u00fe\u00e6r h\u00f6rmungar f\u00fasks og spillingar sem stj\u00f3rnm\u00e1laflokkar landsins hafa f\u00e6rt okkur.\u00a0 \u00cdhaldssemi er skiljanleg p\u00f3lit\u00edsk grundvallarafsta\u00f0a, \u00feegar h\u00fan sn\u00fdst um treg\u00f0u til a\u00f0 breyta hlutum sem virka s\u00e6milega.\u00a0 A\u00f0 vera \u00edhaldssamur \u00e1 n\u00faverandi flokksr\u00e6\u00f0i \u00e1 \u00cdslandi er illskiljanlegt, nema hj\u00e1 \u00feeim sem hafa maka\u00f0 kr\u00f3kinn \u00e1 \u00fev\u00ed, \u00e1 kostna\u00f0 annarra og \u00e1 kostna\u00f0 heilbrig\u00f0ra stj\u00f3rnarh\u00e1tta.<\/p>\n<p>V\u00e6ri ekki n\u00e6r a\u00f0 Stj\u00f3rnlagar\u00e1\u00f0 reyndi a\u00f0 endurskapa Al\u00feingi \u00ed sinni mynd, fremur en a\u00f0 stu\u00f0la a\u00f0 framhaldsl\u00edfi \u00feessa gerspillta flokkakerfis?<\/p>\n","protected":false},"excerpt":{"rendered":"<p>\u00c1\u00a0vef\u00a0Stj\u00f3rnlagar\u00e1\u00f0s er sagt fr\u00e1 n\u00fdsam\u00feykktum till\u00f6gum \u00feess um l\u00f6ggjafarm\u00e1l og fleira.\u00a0 \u00dear segir me\u00f0al annars: \u00cd till\u00f6gunum kemur fram a\u00f0 vi\u00f0 stj\u00f3rnarmyndun muni Al\u00feingi n\u00fa kj\u00f3sa fors\u00e6tisr\u00e1\u00f0herra, en forseti \u00cdslands ver\u00f0i eins konar verkstj\u00f3ri \u00ed vi\u00f0r\u00e6\u00f0um milli \u00feingflokka, l\u00edkt og &hellip; <a href=\"https:\/\/www.norn.is\/einar\/2011\/07\/14\/vill-stjornlagarad-flokksraedid-afram\/\">Halda \u00e1fram a\u00f0 lesa <span class=\"meta-nav\">&rarr;<\/span><\/a><\/p>\n","protected":false},"author":10,"featured_media":0,"comment_status":"open","ping_status":"open","sticky":false,"template":"","format":"standard","meta":{"footnotes":""},"categories":[1,43],"tags":[106,86],"class_list":["post-109","post","type-post","status-publish","format-standard","hentry","category-oflokkad","category-lydraedismal-og-stjornarskra","tag-flokksraedi","tag-stjornlagarad"],"yoast_head":"<!-- This site is optimized with the Yoast SEO plugin v27.5 - https:\/\/yoast.com\/product\/yoast-seo-wordpress\/ -->\n<title>Vill Stj\u00f3rnlagar\u00e1\u00f0 flokksr\u00e6\u00f0i\u00f0 \u00e1fram? - Einar<\/title>\n<meta name=\"robots\" content=\"index, follow, max-snippet:-1, max-image-preview:large, max-video-preview:-1\" \/>\n<link rel=\"canonical\" href=\"https:\/\/www.norn.is\/einar\/2011\/07\/14\/vill-stjornlagarad-flokksraedid-afram\/\" \/>\n<meta property=\"og:locale\" content=\"is_IS\" \/>\n<meta property=\"og:type\" content=\"article\" \/>\n<meta property=\"og:title\" content=\"Vill Stj\u00f3rnlagar\u00e1\u00f0 flokksr\u00e6\u00f0i\u00f0 \u00e1fram? - Einar\" \/>\n<meta property=\"og:description\" content=\"\u00c1\u00a0vef\u00a0Stj\u00f3rnlagar\u00e1\u00f0s er sagt fr\u00e1 n\u00fdsam\u00feykktum till\u00f6gum \u00feess um l\u00f6ggjafarm\u00e1l og fleira.\u00a0 \u00dear segir me\u00f0al annars: \u00cd till\u00f6gunum kemur fram a\u00f0 vi\u00f0 stj\u00f3rnarmyndun muni Al\u00feingi n\u00fa kj\u00f3sa fors\u00e6tisr\u00e1\u00f0herra, en forseti \u00cdslands ver\u00f0i eins konar verkstj\u00f3ri \u00ed vi\u00f0r\u00e6\u00f0um milli \u00feingflokka, l\u00edkt og &hellip; Halda \u00e1fram a\u00f0 lesa &rarr;\" \/>\n<meta property=\"og:url\" content=\"https:\/\/www.norn.is\/einar\/2011\/07\/14\/vill-stjornlagarad-flokksraedid-afram\/\" \/>\n<meta property=\"og:site_name\" content=\"Einar\" \/>\n<meta property=\"article:published_time\" content=\"2011-07-14T13:34:53+00:00\" \/>\n<meta property=\"article:modified_time\" content=\"2017-09-24T11:05:09+00:00\" \/>\n<meta name=\"author\" content=\"einar\" \/>\n<meta name=\"twitter:card\" content=\"summary_large_image\" \/>\n<meta name=\"twitter:label1\" content=\"Written by\" \/>\n\t<meta name=\"twitter:data1\" content=\"\" \/>\n\t<meta name=\"twitter:label2\" content=\"Est. reading time\" \/>\n\t<meta name=\"twitter:data2\" content=\"3 minutes\" \/>\n<script type=\"application\/ld+json\" class=\"yoast-schema-graph\">{\"@context\":\"https:\\\/\\\/schema.org\",\"@graph\":[{\"@type\":\"Article\",\"@id\":\"https:\\\/\\\/www.norn.is\\\/einar\\\/2011\\\/07\\\/14\\\/vill-stjornlagarad-flokksraedid-afram\\\/#article\",\"isPartOf\":{\"@id\":\"https:\\\/\\\/www.norn.is\\\/einar\\\/2011\\\/07\\\/14\\\/vill-stjornlagarad-flokksraedid-afram\\\/\"},\"author\":{\"name\":\"einar\",\"@id\":\"https:\\\/\\\/www.norn.is\\\/einar\\\/#\\\/schema\\\/person\\\/19affadb841a22f7bfd4bdcd72a862d0\"},\"headline\":\"Vill Stj\u00f3rnlagar\u00e1\u00f0 flokksr\u00e6\u00f0i\u00f0 \u00e1fram?\",\"datePublished\":\"2011-07-14T13:34:53+00:00\",\"dateModified\":\"2017-09-24T11:05:09+00:00\",\"mainEntityOfPage\":{\"@id\":\"https:\\\/\\\/www.norn.is\\\/einar\\\/2011\\\/07\\\/14\\\/vill-stjornlagarad-flokksraedid-afram\\\/\"},\"wordCount\":518,\"commentCount\":0,\"keywords\":[\"Flokksr\u00e6\u00f0i\",\"Stj\u00f3rnlagar\u00e1\u00f0\"],\"articleSection\":[\"Allt efni\",\"L\u00fd\u00f0r\u00e6\u00f0ism\u00e1l og stj\u00f3rnarskr\u00e1\"],\"inLanguage\":\"is\",\"potentialAction\":[{\"@type\":\"CommentAction\",\"name\":\"Comment\",\"target\":[\"https:\\\/\\\/www.norn.is\\\/einar\\\/2011\\\/07\\\/14\\\/vill-stjornlagarad-flokksraedid-afram\\\/#respond\"]}]},{\"@type\":\"WebPage\",\"@id\":\"https:\\\/\\\/www.norn.is\\\/einar\\\/2011\\\/07\\\/14\\\/vill-stjornlagarad-flokksraedid-afram\\\/\",\"url\":\"https:\\\/\\\/www.norn.is\\\/einar\\\/2011\\\/07\\\/14\\\/vill-stjornlagarad-flokksraedid-afram\\\/\",\"name\":\"Vill Stj\u00f3rnlagar\u00e1\u00f0 flokksr\u00e6\u00f0i\u00f0 \u00e1fram? - Einar\",\"isPartOf\":{\"@id\":\"https:\\\/\\\/www.norn.is\\\/einar\\\/#website\"},\"datePublished\":\"2011-07-14T13:34:53+00:00\",\"dateModified\":\"2017-09-24T11:05:09+00:00\",\"author\":{\"@id\":\"https:\\\/\\\/www.norn.is\\\/einar\\\/#\\\/schema\\\/person\\\/19affadb841a22f7bfd4bdcd72a862d0\"},\"breadcrumb\":{\"@id\":\"https:\\\/\\\/www.norn.is\\\/einar\\\/2011\\\/07\\\/14\\\/vill-stjornlagarad-flokksraedid-afram\\\/#breadcrumb\"},\"inLanguage\":\"is\",\"potentialAction\":[{\"@type\":\"ReadAction\",\"target\":[\"https:\\\/\\\/www.norn.is\\\/einar\\\/2011\\\/07\\\/14\\\/vill-stjornlagarad-flokksraedid-afram\\\/\"]}]},{\"@type\":\"BreadcrumbList\",\"@id\":\"https:\\\/\\\/www.norn.is\\\/einar\\\/2011\\\/07\\\/14\\\/vill-stjornlagarad-flokksraedid-afram\\\/#breadcrumb\",\"itemListElement\":[{\"@type\":\"ListItem\",\"position\":1,\"name\":\"Home\",\"item\":\"https:\\\/\\\/www.norn.is\\\/einar\\\/\"},{\"@type\":\"ListItem\",\"position\":2,\"name\":\"Vill Stj\u00f3rnlagar\u00e1\u00f0 flokksr\u00e6\u00f0i\u00f0 \u00e1fram?\"}]},{\"@type\":\"WebSite\",\"@id\":\"https:\\\/\\\/www.norn.is\\\/einar\\\/#website\",\"url\":\"https:\\\/\\\/www.norn.is\\\/einar\\\/\",\"name\":\"Einar\",\"description\":\"Pistlar Einars Steingr\u00edmssonar\",\"potentialAction\":[{\"@type\":\"SearchAction\",\"target\":{\"@type\":\"EntryPoint\",\"urlTemplate\":\"https:\\\/\\\/www.norn.is\\\/einar\\\/?s={search_term_string}\"},\"query-input\":{\"@type\":\"PropertyValueSpecification\",\"valueRequired\":true,\"valueName\":\"search_term_string\"}}],\"inLanguage\":\"is\"},{\"@type\":\"Person\",\"@id\":\"https:\\\/\\\/www.norn.is\\\/einar\\\/#\\\/schema\\\/person\\\/19affadb841a22f7bfd4bdcd72a862d0\",\"name\":\"einar\",\"image\":{\"@type\":\"ImageObject\",\"inLanguage\":\"is\",\"@id\":\"https:\\\/\\\/secure.gravatar.com\\\/avatar\\\/6f5f5592f3cc45e338376db24f1672c636582d9c27d855e8f077f13ef13b17fd?s=96&d=mm&r=g\",\"url\":\"https:\\\/\\\/secure.gravatar.com\\\/avatar\\\/6f5f5592f3cc45e338376db24f1672c636582d9c27d855e8f077f13ef13b17fd?s=96&d=mm&r=g\",\"contentUrl\":\"https:\\\/\\\/secure.gravatar.com\\\/avatar\\\/6f5f5592f3cc45e338376db24f1672c636582d9c27d855e8f077f13ef13b17fd?s=96&d=mm&r=g\",\"caption\":\"einar\"},\"url\":\"https:\\\/\\\/www.norn.is\\\/einar\\\/author\\\/einarsteingrimsson\\\/\"}]}<\/script>\n<!-- \/ Yoast SEO plugin. -->","yoast_head_json":{"title":"Vill Stj\u00f3rnlagar\u00e1\u00f0 flokksr\u00e6\u00f0i\u00f0 \u00e1fram? - Einar","robots":{"index":"index","follow":"follow","max-snippet":"max-snippet:-1","max-image-preview":"max-image-preview:large","max-video-preview":"max-video-preview:-1"},"canonical":"https:\/\/www.norn.is\/einar\/2011\/07\/14\/vill-stjornlagarad-flokksraedid-afram\/","og_locale":"is_IS","og_type":"article","og_title":"Vill Stj\u00f3rnlagar\u00e1\u00f0 flokksr\u00e6\u00f0i\u00f0 \u00e1fram? - Einar","og_description":"\u00c1\u00a0vef\u00a0Stj\u00f3rnlagar\u00e1\u00f0s er sagt fr\u00e1 n\u00fdsam\u00feykktum till\u00f6gum \u00feess um l\u00f6ggjafarm\u00e1l og fleira.\u00a0 \u00dear segir me\u00f0al annars: \u00cd till\u00f6gunum kemur fram a\u00f0 vi\u00f0 stj\u00f3rnarmyndun muni Al\u00feingi n\u00fa kj\u00f3sa fors\u00e6tisr\u00e1\u00f0herra, en forseti \u00cdslands ver\u00f0i eins konar verkstj\u00f3ri \u00ed vi\u00f0r\u00e6\u00f0um milli \u00feingflokka, l\u00edkt og &hellip; Halda \u00e1fram a\u00f0 lesa &rarr;","og_url":"https:\/\/www.norn.is\/einar\/2011\/07\/14\/vill-stjornlagarad-flokksraedid-afram\/","og_site_name":"Einar","article_published_time":"2011-07-14T13:34:53+00:00","article_modified_time":"2017-09-24T11:05:09+00:00","author":"einar","twitter_card":"summary_large_image","twitter_misc":{"Written by":false,"Est. reading time":"3 minutes"},"schema":{"@context":"https:\/\/schema.org","@graph":[{"@type":"Article","@id":"https:\/\/www.norn.is\/einar\/2011\/07\/14\/vill-stjornlagarad-flokksraedid-afram\/#article","isPartOf":{"@id":"https:\/\/www.norn.is\/einar\/2011\/07\/14\/vill-stjornlagarad-flokksraedid-afram\/"},"author":{"name":"einar","@id":"https:\/\/www.norn.is\/einar\/#\/schema\/person\/19affadb841a22f7bfd4bdcd72a862d0"},"headline":"Vill Stj\u00f3rnlagar\u00e1\u00f0 flokksr\u00e6\u00f0i\u00f0 \u00e1fram?","datePublished":"2011-07-14T13:34:53+00:00","dateModified":"2017-09-24T11:05:09+00:00","mainEntityOfPage":{"@id":"https:\/\/www.norn.is\/einar\/2011\/07\/14\/vill-stjornlagarad-flokksraedid-afram\/"},"wordCount":518,"commentCount":0,"keywords":["Flokksr\u00e6\u00f0i","Stj\u00f3rnlagar\u00e1\u00f0"],"articleSection":["Allt efni","L\u00fd\u00f0r\u00e6\u00f0ism\u00e1l og stj\u00f3rnarskr\u00e1"],"inLanguage":"is","potentialAction":[{"@type":"CommentAction","name":"Comment","target":["https:\/\/www.norn.is\/einar\/2011\/07\/14\/vill-stjornlagarad-flokksraedid-afram\/#respond"]}]},{"@type":"WebPage","@id":"https:\/\/www.norn.is\/einar\/2011\/07\/14\/vill-stjornlagarad-flokksraedid-afram\/","url":"https:\/\/www.norn.is\/einar\/2011\/07\/14\/vill-stjornlagarad-flokksraedid-afram\/","name":"Vill Stj\u00f3rnlagar\u00e1\u00f0 flokksr\u00e6\u00f0i\u00f0 \u00e1fram? - Einar","isPartOf":{"@id":"https:\/\/www.norn.is\/einar\/#website"},"datePublished":"2011-07-14T13:34:53+00:00","dateModified":"2017-09-24T11:05:09+00:00","author":{"@id":"https:\/\/www.norn.is\/einar\/#\/schema\/person\/19affadb841a22f7bfd4bdcd72a862d0"},"breadcrumb":{"@id":"https:\/\/www.norn.is\/einar\/2011\/07\/14\/vill-stjornlagarad-flokksraedid-afram\/#breadcrumb"},"inLanguage":"is","potentialAction":[{"@type":"ReadAction","target":["https:\/\/www.norn.is\/einar\/2011\/07\/14\/vill-stjornlagarad-flokksraedid-afram\/"]}]},{"@type":"BreadcrumbList","@id":"https:\/\/www.norn.is\/einar\/2011\/07\/14\/vill-stjornlagarad-flokksraedid-afram\/#breadcrumb","itemListElement":[{"@type":"ListItem","position":1,"name":"Home","item":"https:\/\/www.norn.is\/einar\/"},{"@type":"ListItem","position":2,"name":"Vill Stj\u00f3rnlagar\u00e1\u00f0 flokksr\u00e6\u00f0i\u00f0 \u00e1fram?"}]},{"@type":"WebSite","@id":"https:\/\/www.norn.is\/einar\/#website","url":"https:\/\/www.norn.is\/einar\/","name":"Einar","description":"Pistlar Einars Steingr\u00edmssonar","potentialAction":[{"@type":"SearchAction","target":{"@type":"EntryPoint","urlTemplate":"https:\/\/www.norn.is\/einar\/?s={search_term_string}"},"query-input":{"@type":"PropertyValueSpecification","valueRequired":true,"valueName":"search_term_string"}}],"inLanguage":"is"},{"@type":"Person","@id":"https:\/\/www.norn.is\/einar\/#\/schema\/person\/19affadb841a22f7bfd4bdcd72a862d0","name":"einar","image":{"@type":"ImageObject","inLanguage":"is","@id":"https:\/\/secure.gravatar.com\/avatar\/6f5f5592f3cc45e338376db24f1672c636582d9c27d855e8f077f13ef13b17fd?s=96&d=mm&r=g","url":"https:\/\/secure.gravatar.com\/avatar\/6f5f5592f3cc45e338376db24f1672c636582d9c27d855e8f077f13ef13b17fd?s=96&d=mm&r=g","contentUrl":"https:\/\/secure.gravatar.com\/avatar\/6f5f5592f3cc45e338376db24f1672c636582d9c27d855e8f077f13ef13b17fd?s=96&d=mm&r=g","caption":"einar"},"url":"https:\/\/www.norn.is\/einar\/author\/einarsteingrimsson\/"}]}},"_links":{"self":[{"href":"https:\/\/www.norn.is\/einar\/wp-json\/wp\/v2\/posts\/109","targetHints":{"allow":["GET"]}}],"collection":[{"href":"https:\/\/www.norn.is\/einar\/wp-json\/wp\/v2\/posts"}],"about":[{"href":"https:\/\/www.norn.is\/einar\/wp-json\/wp\/v2\/types\/post"}],"author":[{"embeddable":true,"href":"https:\/\/www.norn.is\/einar\/wp-json\/wp\/v2\/users\/10"}],"replies":[{"embeddable":true,"href":"https:\/\/www.norn.is\/einar\/wp-json\/wp\/v2\/comments?post=109"}],"version-history":[{"count":1,"href":"https:\/\/www.norn.is\/einar\/wp-json\/wp\/v2\/posts\/109\/revisions"}],"predecessor-version":[{"id":110,"href":"https:\/\/www.norn.is\/einar\/wp-json\/wp\/v2\/posts\/109\/revisions\/110"}],"wp:attachment":[{"href":"https:\/\/www.norn.is\/einar\/wp-json\/wp\/v2\/media?parent=109"}],"wp:term":[{"taxonomy":"category","embeddable":true,"href":"https:\/\/www.norn.is\/einar\/wp-json\/wp\/v2\/categories?post=109"},{"taxonomy":"post_tag","embeddable":true,"href":"https:\/\/www.norn.is\/einar\/wp-json\/wp\/v2\/tags?post=109"}],"curies":[{"name":"wp","href":"https:\/\/api.w.org\/{rel}","templated":true}]}}