{"id":1081,"date":"2018-05-30T14:57:14","date_gmt":"2018-05-30T14:57:14","guid":{"rendered":"http:\/\/www.norn.is\/einar\/?p=1081"},"modified":"2020-05-08T21:29:40","modified_gmt":"2020-05-08T21:29:40","slug":"eru-piratar-kerfisflokkur","status":"publish","type":"post","link":"https:\/\/www.norn.is\/einar\/2018\/05\/30\/eru-piratar-kerfisflokkur\/","title":{"rendered":"Eru P\u00edratar kerfisflokkur?"},"content":{"rendered":"<p><a href=\"http:\/\/www.norn.is\/einar\/?attachment_id=1084\"><img loading=\"lazy\" decoding=\"async\" class=\"aligncenter wp-image-1084 size-full\" src=\"http:\/\/www.norn.is\/einar\/wp-content\/uploads\/sites\/29\/2018\/05\/kerfid.jpg\" alt=\"\" width=\"500\" height=\"358\" srcset=\"https:\/\/www.norn.is\/einar\/wp-content\/uploads\/sites\/29\/2018\/05\/kerfid.jpg 500w, https:\/\/www.norn.is\/einar\/wp-content\/uploads\/sites\/29\/2018\/05\/kerfid-300x215.jpg 300w, https:\/\/www.norn.is\/einar\/wp-content\/uploads\/sites\/29\/2018\/05\/kerfid-419x300.jpg 419w\" sizes=\"auto, (max-width: 500px) 100vw, 500px\" \/><\/a>Borgarfulltr\u00fai S\u00f3s\u00edalistflokksins, Sanna Magdalena M\u00f6rtud\u00f3ttir, l\u00fdsti \u00fev\u00ed yfir \u00ed g\u00e6r a\u00f0 h\u00fan hyg\u00f0ist ekki taka \u00fe\u00e1tt \u00ed myndun meirihluta \u00ed borgarstj\u00f3rn. Vi\u00f0br\u00f6g\u00f0 margra, \u00fear \u00e1 me\u00f0al margra P\u00edrata, voru a\u00f0 \u00feetta v\u00e6ri sl\u00e6mt, me\u00f0al annars af \u00fev\u00ed a\u00f0 \u00feannig v\u00e6ri h\u00fan a\u00f0 styrkja st\u00f6\u00f0u Vi\u00f0reisnar var\u00f0andi meirihlutamyndun.<\/p>\n<p>F\u00e1um vir\u00f0ist detta \u00ed hug, jafnvel me\u00f0al P\u00edrata, a\u00f0 velta fyrir s\u00e9r hvort \u00e1st\u00e6\u00f0a er til a\u00f0 mynda fastan meirihluta \u00ed borginni, sem semji fyrirfram um samst\u00f6\u00f0u allt kj\u00f6rt\u00edmabili\u00f0. Samt er n\u00e1kv\u00e6mlega ekkert sem krefst \u00feess; \u00feetta hefur bara veri\u00f0 venjan me\u00f0al \u00feeirra valdaflokka sem l\u00edta \u00e1 v\u00f6ld yfir almannahagsmunum sem herfang sitt, alveg eins og gerist vi\u00f0 r\u00edkisstj\u00f3rnarmyndun.<\/p>\n<p>\u00dea\u00f0 er \u00fe\u00f3 r\u00e9tt a\u00f0 geta \u00feess a\u00f0 Helgi Hrafn Gunnarsson hefur oftar en einu sinni bent \u00e1 a\u00f0 minnihlutar\u00edkisstj\u00f3rnir g\u00e6tu veri\u00f0 betri fyrir l\u00fd\u00f0r\u00e6\u00f0i\u00f0 en hinar klass\u00edsku meirihlutastj\u00f3rnir, og sumir P\u00edratar hafa teki\u00f0 undir \u00fe\u00e6r p\u00e6lingar, \u00fe\u00f3tt aldrei hafi veri\u00f0 m\u00f3tu\u00f0 stefna af h\u00e1lfu hreyfingarinnar hva\u00f0 \u00fea\u00f0 var\u00f0ar. Kosturinn vi\u00f0 minnihlutastj\u00f3rnir eins og \u00fe\u00e6r sem hafa t\u00ed\u00f0kast mj\u00f6g \u00ed Danm\u00f6rku er a\u00f0 \u00fe\u00e6r \u00feurfa a\u00f0 semja sitt \u00e1 hva\u00f0 vi\u00f0 a\u00f0ra flokka um m\u00e1l sem \u00fearf a\u00f0 koma gegnum \u00feingi\u00f0. \u00deannig ver\u00f0a meiri l\u00edkur \u00e1 a\u00f0 raunverulegur meirihluti s\u00e9 \u00e1 bak vi\u00f0 sl\u00edkar \u00e1kvar\u00f0anir, sem oft er ekki tilfelli\u00f0 me\u00f0 meirihlutastj\u00f3rnir \u00e1 \u00cdslandi, \u00fear sem \u00feingmenn &#8222;kyngja \u00e6lunni&#8220; til a\u00f0 breg\u00f0a ekki f\u00e6ti fyrir m\u00e1l sem samstarfsflokkar vilja f\u00e1 \u00ed gegn, og sem sami\u00f0 hefur veri\u00f0 um \u00ed hrossakaupum stj\u00f3rnarflokka.<\/p>\n<p>\u00cd borgarstj\u00f3rn er enn\u00fe\u00e1 minni \u00e1st\u00e6\u00f0a til a\u00f0 mynda fastan meirihluta, \u00fev\u00ed \u00fear er ekki myndu\u00f0 nein &#8222;r\u00edkisstj\u00f3rn&#8220; sem \u00feurfi a\u00f0 nj\u00f3ta stu\u00f0nings sl\u00edks meirihluta. (Auk \u00feess tel \u00e9g a\u00f0 leggja \u00e6tti borgarstj\u00f3raemb\u00e6tti\u00f0 ni\u00f0ur, \u00ed nafni valddrefingar og til a\u00f0 koma \u00ed veg fyrir a\u00f0 \u00fea\u00f0 s\u00e9 \u00e1fram misnota\u00f0 af \u00feeim sem \u00ed \u00fev\u00ed situr til a\u00f0 augl\u00fdsa sj\u00e1lfan sig pers\u00f3nulega. \u00dea\u00f0 \u00e6tti a\u00f0 vera n\u00f3g a\u00f0 hafa, eins og n\u00fa er, svi\u00f0sstj\u00f3ra yfir \u00f3l\u00edkum svi\u00f0um borgarinnar, sem eigi a\u00f0 starfa \u00ed samr\u00e6mi vi\u00f0 \u00fe\u00e6r l\u00ednur sem borgarstj\u00f3rn leggur \u00ed hverju m\u00e1li.)<\/p>\n<p>P\u00edratar h\u00f3fu g\u00f6ngu s\u00edna sem hreyfing me\u00f0 \u00fea\u00f0 markmi\u00f0 a\u00f0 b\u00e6ta stj\u00f3rnkerfi\u00f0, til a\u00f0 \u00fea\u00f0 \u00fej\u00f3na\u00f0i betur hagsmunum borgaranna. Au\u00f0vita\u00f0 getur veri\u00f0 skynsamlegt a\u00f0 taka \u00fe\u00e1tt \u00ed meirihlutasamstarfi, hvort sem er \u00ed r\u00edkisstj\u00f3rn e\u00f0a sveitarstj\u00f3rnum, til a\u00f0 koma sl\u00edku til lei\u00f0ar. En \u00fea\u00f0 getur varla veri\u00f0 skynsamlegt a\u00f0 ganga inn \u00ed sl\u00edkt samstarf \u00e1n \u00feess a\u00f0 velta vandlega fyrir s\u00e9r hvort h\u00e6gt s\u00e9 a\u00f0 laga kerfi\u00f0 \u00e1n \u00feess a\u00f0 binda sig heilt kj\u00f6rt\u00edmabil eins og g\u00f6mlu flokkarnir vilja a\u00f0 gert s\u00e9. \u00dea\u00f0 tel \u00e9g a\u00f0 fari \u00ed b\u00e1ga vi\u00f0 fyrstu tv\u00e6r greinarnar \u00ed <a href=\"https:\/\/piratar.is\/stefna\/grunnstefna\/\">grunnstefnu P\u00edrata<\/a>:<\/p>\n<blockquote><p>1.1 P\u00edratar leggja \u00e1herslu \u00e1 gagnr\u00fdna hugsun og vel uppl\u00fdstar \u00e1kvar\u00f0anir.<\/p>\n<p>1.2 \u00cd \u00feessu felst a\u00f0 P\u00edratar m\u00f3ti stefnu s\u00edna \u00ed lj\u00f3si gagna og \u00feekkingar sem er afla\u00f0 \u00f3h\u00e1\u00f0 \u00fev\u00ed hvort tillaga vir\u00f0ist \u00ed fyrstu \u00e6skileg e\u00f0a ekki. Afsta\u00f0a P\u00edrata til hugmynda er \u00f3h\u00e1\u00f0 \u00fev\u00ed hverjir talsmenn hennar eru.<\/p><\/blockquote>\n<p>Ekki svo a\u00f0 skilja a\u00f0 me\u00f0 \u00fev\u00ed a\u00f0 taka \u00fe\u00e1tt \u00ed f\u00f6stum meirihluta s\u00e9 veri\u00f0 a\u00f0 afsala s\u00e9r \u00f3afturkr\u00e6ft allt kj\u00f6rt\u00edmabili\u00f0 m\u00f6guleikanum \u00e1 a\u00f0 fara gegn \u00f6\u00f0rum flokkum \u00ed sama meirihluta \u00ed tilteknum m\u00e1lum. En \u00fea\u00f0 er hins vegar lj\u00f3st, vegna \u00feess a\u00f0 vi\u00f0 erum \u00f6ll manneskjur, a\u00f0 me\u00f0 \u00fev\u00ed a\u00f0 mynda \u00ed upphafi &#8222;li\u00f0&#8220; sem \u00e6tli a\u00f0 standa saman allt kj\u00f6rt\u00edmabili\u00f0, er h\u00e6tt vi\u00f0 a\u00f0 &#8222;li\u00f0shugsunin&#8220; liti starf \u00feeirra sem tilheyra \u00fev\u00ed.<\/p>\n<p>\u00c9g tel a\u00f0 P\u00edratar \u00e6ttu a\u00f0 byrja \u00e1 \u00fev\u00ed a\u00f0 setja spurningarmerki vi\u00f0 afst\u00f6\u00f0u &#8222;kerfisflokkanna&#8220; \u00ed \u00feessum m\u00e1lum. Og \u00e9g tel a\u00f0 \u00fea\u00f0 v\u00e6ri frekar \u00ed anda grunnstefnu P\u00edrata a\u00f0 beita s\u00e9r fyrir \u00fev\u00ed a\u00f0 ekki ver\u00f0i mynda\u00f0ur fastur meirihluti \u00ed borginni, heldur ver\u00f0i sami\u00f0 um mikilv\u00e6g m\u00e1l hvert fyrir sig, \u00e1n \u00feess a\u00f0 skipta \u00ed fastan meirihluta og minnihluta.<\/p>\n<p>Mynd h\u00e9\u00f0an:\u00a0<a href=\"https:\/\/www.smashingmagazine.com\/2010\/09\/fight-the-system-battling-bureaucracy\/\">https:\/\/www.smashingmagazine.com\/2010\/09\/fight-the-system-battling-bureaucracy\/<\/a><\/p>\n","protected":false},"excerpt":{"rendered":"<p>Borgarfulltr\u00fai S\u00f3s\u00edalistflokksins, Sanna Magdalena M\u00f6rtud\u00f3ttir, l\u00fdsti \u00fev\u00ed yfir \u00ed g\u00e6r a\u00f0 h\u00fan hyg\u00f0ist ekki taka \u00fe\u00e1tt \u00ed myndun meirihluta \u00ed borgarstj\u00f3rn. Vi\u00f0br\u00f6g\u00f0 margra, \u00fear \u00e1 me\u00f0al margra P\u00edrata, voru a\u00f0 \u00feetta v\u00e6ri sl\u00e6mt, me\u00f0al annars af \u00fev\u00ed a\u00f0 \u00feannig v\u00e6ri &hellip; <a href=\"https:\/\/www.norn.is\/einar\/2018\/05\/30\/eru-piratar-kerfisflokkur\/\">Halda \u00e1fram a\u00f0 lesa <span class=\"meta-nav\">&rarr;<\/span><\/a><\/p>\n","protected":false},"author":10,"featured_media":0,"comment_status":"closed","ping_status":"closed","sticky":false,"template":"","format":"standard","meta":{"footnotes":""},"categories":[1,474],"tags":[448,511],"class_list":["post-1081","post","type-post","status-publish","format-standard","hentry","category-oflokkad","category-piratar","tag-piratar","tag-stjornmal"],"yoast_head":"<!-- This site is optimized with the Yoast SEO plugin v27.4 - https:\/\/yoast.com\/product\/yoast-seo-wordpress\/ -->\n<title>Eru P\u00edratar kerfisflokkur? - Einar<\/title>\n<meta name=\"robots\" content=\"index, follow, max-snippet:-1, max-image-preview:large, max-video-preview:-1\" \/>\n<link rel=\"canonical\" href=\"https:\/\/www.norn.is\/einar\/2018\/05\/30\/eru-piratar-kerfisflokkur\/\" \/>\n<meta property=\"og:locale\" content=\"is_IS\" \/>\n<meta property=\"og:type\" content=\"article\" \/>\n<meta property=\"og:title\" content=\"Eru P\u00edratar kerfisflokkur? - Einar\" \/>\n<meta property=\"og:description\" content=\"Borgarfulltr\u00fai S\u00f3s\u00edalistflokksins, Sanna Magdalena M\u00f6rtud\u00f3ttir, l\u00fdsti \u00fev\u00ed yfir \u00ed g\u00e6r a\u00f0 h\u00fan hyg\u00f0ist ekki taka \u00fe\u00e1tt \u00ed myndun meirihluta \u00ed borgarstj\u00f3rn. Vi\u00f0br\u00f6g\u00f0 margra, \u00fear \u00e1 me\u00f0al margra P\u00edrata, voru a\u00f0 \u00feetta v\u00e6ri sl\u00e6mt, me\u00f0al annars af \u00fev\u00ed a\u00f0 \u00feannig v\u00e6ri &hellip; Halda \u00e1fram a\u00f0 lesa &rarr;\" \/>\n<meta property=\"og:url\" content=\"https:\/\/www.norn.is\/einar\/2018\/05\/30\/eru-piratar-kerfisflokkur\/\" \/>\n<meta property=\"og:site_name\" content=\"Einar\" \/>\n<meta property=\"article:published_time\" content=\"2018-05-30T14:57:14+00:00\" \/>\n<meta property=\"article:modified_time\" content=\"2020-05-08T21:29:40+00:00\" \/>\n<meta property=\"og:image\" content=\"http:\/\/www.norn.is\/einar\/wp-content\/uploads\/sites\/29\/2018\/05\/kerfid.jpg\" \/>\n<meta name=\"author\" content=\"einar\" \/>\n<meta name=\"twitter:card\" content=\"summary_large_image\" \/>\n<meta name=\"twitter:label1\" content=\"Written by\" \/>\n\t<meta name=\"twitter:data1\" content=\"\" \/>\n\t<meta name=\"twitter:label2\" content=\"Est. reading time\" \/>\n\t<meta name=\"twitter:data2\" content=\"4 minutes\" \/>\n<script type=\"application\/ld+json\" class=\"yoast-schema-graph\">{\"@context\":\"https:\\\/\\\/schema.org\",\"@graph\":[{\"@type\":\"Article\",\"@id\":\"https:\\\/\\\/www.norn.is\\\/einar\\\/2018\\\/05\\\/30\\\/eru-piratar-kerfisflokkur\\\/#article\",\"isPartOf\":{\"@id\":\"https:\\\/\\\/www.norn.is\\\/einar\\\/2018\\\/05\\\/30\\\/eru-piratar-kerfisflokkur\\\/\"},\"author\":{\"name\":\"einar\",\"@id\":\"https:\\\/\\\/www.norn.is\\\/einar\\\/#\\\/schema\\\/person\\\/19affadb841a22f7bfd4bdcd72a862d0\"},\"headline\":\"Eru P\u00edratar kerfisflokkur?\",\"datePublished\":\"2018-05-30T14:57:14+00:00\",\"dateModified\":\"2020-05-08T21:29:40+00:00\",\"mainEntityOfPage\":{\"@id\":\"https:\\\/\\\/www.norn.is\\\/einar\\\/2018\\\/05\\\/30\\\/eru-piratar-kerfisflokkur\\\/\"},\"wordCount\":722,\"image\":{\"@id\":\"https:\\\/\\\/www.norn.is\\\/einar\\\/2018\\\/05\\\/30\\\/eru-piratar-kerfisflokkur\\\/#primaryimage\"},\"thumbnailUrl\":\"http:\\\/\\\/www.norn.is\\\/einar\\\/wp-content\\\/uploads\\\/sites\\\/29\\\/2018\\\/05\\\/kerfid.jpg\",\"keywords\":[\"P\u00edratar\",\"stj\u00f3rnm\u00e1l\"],\"articleSection\":[\"Allt efni\",\"P\u00edratar\"],\"inLanguage\":\"is\"},{\"@type\":\"WebPage\",\"@id\":\"https:\\\/\\\/www.norn.is\\\/einar\\\/2018\\\/05\\\/30\\\/eru-piratar-kerfisflokkur\\\/\",\"url\":\"https:\\\/\\\/www.norn.is\\\/einar\\\/2018\\\/05\\\/30\\\/eru-piratar-kerfisflokkur\\\/\",\"name\":\"Eru P\u00edratar kerfisflokkur? - Einar\",\"isPartOf\":{\"@id\":\"https:\\\/\\\/www.norn.is\\\/einar\\\/#website\"},\"primaryImageOfPage\":{\"@id\":\"https:\\\/\\\/www.norn.is\\\/einar\\\/2018\\\/05\\\/30\\\/eru-piratar-kerfisflokkur\\\/#primaryimage\"},\"image\":{\"@id\":\"https:\\\/\\\/www.norn.is\\\/einar\\\/2018\\\/05\\\/30\\\/eru-piratar-kerfisflokkur\\\/#primaryimage\"},\"thumbnailUrl\":\"http:\\\/\\\/www.norn.is\\\/einar\\\/wp-content\\\/uploads\\\/sites\\\/29\\\/2018\\\/05\\\/kerfid.jpg\",\"datePublished\":\"2018-05-30T14:57:14+00:00\",\"dateModified\":\"2020-05-08T21:29:40+00:00\",\"author\":{\"@id\":\"https:\\\/\\\/www.norn.is\\\/einar\\\/#\\\/schema\\\/person\\\/19affadb841a22f7bfd4bdcd72a862d0\"},\"breadcrumb\":{\"@id\":\"https:\\\/\\\/www.norn.is\\\/einar\\\/2018\\\/05\\\/30\\\/eru-piratar-kerfisflokkur\\\/#breadcrumb\"},\"inLanguage\":\"is\",\"potentialAction\":[{\"@type\":\"ReadAction\",\"target\":[\"https:\\\/\\\/www.norn.is\\\/einar\\\/2018\\\/05\\\/30\\\/eru-piratar-kerfisflokkur\\\/\"]}]},{\"@type\":\"ImageObject\",\"inLanguage\":\"is\",\"@id\":\"https:\\\/\\\/www.norn.is\\\/einar\\\/2018\\\/05\\\/30\\\/eru-piratar-kerfisflokkur\\\/#primaryimage\",\"url\":\"https:\\\/\\\/www.norn.is\\\/einar\\\/wp-content\\\/uploads\\\/sites\\\/29\\\/2018\\\/05\\\/kerfid.jpg\",\"contentUrl\":\"https:\\\/\\\/www.norn.is\\\/einar\\\/wp-content\\\/uploads\\\/sites\\\/29\\\/2018\\\/05\\\/kerfid.jpg\",\"width\":500,\"height\":358},{\"@type\":\"BreadcrumbList\",\"@id\":\"https:\\\/\\\/www.norn.is\\\/einar\\\/2018\\\/05\\\/30\\\/eru-piratar-kerfisflokkur\\\/#breadcrumb\",\"itemListElement\":[{\"@type\":\"ListItem\",\"position\":1,\"name\":\"Home\",\"item\":\"https:\\\/\\\/www.norn.is\\\/einar\\\/\"},{\"@type\":\"ListItem\",\"position\":2,\"name\":\"Eru P\u00edratar kerfisflokkur?\"}]},{\"@type\":\"WebSite\",\"@id\":\"https:\\\/\\\/www.norn.is\\\/einar\\\/#website\",\"url\":\"https:\\\/\\\/www.norn.is\\\/einar\\\/\",\"name\":\"Einar\",\"description\":\"Pistlar Einars Steingr\u00edmssonar\",\"potentialAction\":[{\"@type\":\"SearchAction\",\"target\":{\"@type\":\"EntryPoint\",\"urlTemplate\":\"https:\\\/\\\/www.norn.is\\\/einar\\\/?s={search_term_string}\"},\"query-input\":{\"@type\":\"PropertyValueSpecification\",\"valueRequired\":true,\"valueName\":\"search_term_string\"}}],\"inLanguage\":\"is\"},{\"@type\":\"Person\",\"@id\":\"https:\\\/\\\/www.norn.is\\\/einar\\\/#\\\/schema\\\/person\\\/19affadb841a22f7bfd4bdcd72a862d0\",\"name\":\"einar\",\"image\":{\"@type\":\"ImageObject\",\"inLanguage\":\"is\",\"@id\":\"https:\\\/\\\/secure.gravatar.com\\\/avatar\\\/6f5f5592f3cc45e338376db24f1672c636582d9c27d855e8f077f13ef13b17fd?s=96&d=mm&r=g\",\"url\":\"https:\\\/\\\/secure.gravatar.com\\\/avatar\\\/6f5f5592f3cc45e338376db24f1672c636582d9c27d855e8f077f13ef13b17fd?s=96&d=mm&r=g\",\"contentUrl\":\"https:\\\/\\\/secure.gravatar.com\\\/avatar\\\/6f5f5592f3cc45e338376db24f1672c636582d9c27d855e8f077f13ef13b17fd?s=96&d=mm&r=g\",\"caption\":\"einar\"},\"url\":\"https:\\\/\\\/www.norn.is\\\/einar\\\/author\\\/einarsteingrimsson\\\/\"}]}<\/script>\n<!-- \/ Yoast SEO plugin. -->","yoast_head_json":{"title":"Eru P\u00edratar kerfisflokkur? - Einar","robots":{"index":"index","follow":"follow","max-snippet":"max-snippet:-1","max-image-preview":"max-image-preview:large","max-video-preview":"max-video-preview:-1"},"canonical":"https:\/\/www.norn.is\/einar\/2018\/05\/30\/eru-piratar-kerfisflokkur\/","og_locale":"is_IS","og_type":"article","og_title":"Eru P\u00edratar kerfisflokkur? - Einar","og_description":"Borgarfulltr\u00fai S\u00f3s\u00edalistflokksins, Sanna Magdalena M\u00f6rtud\u00f3ttir, l\u00fdsti \u00fev\u00ed yfir \u00ed g\u00e6r a\u00f0 h\u00fan hyg\u00f0ist ekki taka \u00fe\u00e1tt \u00ed myndun meirihluta \u00ed borgarstj\u00f3rn. Vi\u00f0br\u00f6g\u00f0 margra, \u00fear \u00e1 me\u00f0al margra P\u00edrata, voru a\u00f0 \u00feetta v\u00e6ri sl\u00e6mt, me\u00f0al annars af \u00fev\u00ed a\u00f0 \u00feannig v\u00e6ri &hellip; Halda \u00e1fram a\u00f0 lesa &rarr;","og_url":"https:\/\/www.norn.is\/einar\/2018\/05\/30\/eru-piratar-kerfisflokkur\/","og_site_name":"Einar","article_published_time":"2018-05-30T14:57:14+00:00","article_modified_time":"2020-05-08T21:29:40+00:00","og_image":[{"url":"http:\/\/www.norn.is\/einar\/wp-content\/uploads\/sites\/29\/2018\/05\/kerfid.jpg","type":"","width":"","height":""}],"author":"einar","twitter_card":"summary_large_image","twitter_misc":{"Written by":false,"Est. reading time":"4 minutes"},"schema":{"@context":"https:\/\/schema.org","@graph":[{"@type":"Article","@id":"https:\/\/www.norn.is\/einar\/2018\/05\/30\/eru-piratar-kerfisflokkur\/#article","isPartOf":{"@id":"https:\/\/www.norn.is\/einar\/2018\/05\/30\/eru-piratar-kerfisflokkur\/"},"author":{"name":"einar","@id":"https:\/\/www.norn.is\/einar\/#\/schema\/person\/19affadb841a22f7bfd4bdcd72a862d0"},"headline":"Eru P\u00edratar kerfisflokkur?","datePublished":"2018-05-30T14:57:14+00:00","dateModified":"2020-05-08T21:29:40+00:00","mainEntityOfPage":{"@id":"https:\/\/www.norn.is\/einar\/2018\/05\/30\/eru-piratar-kerfisflokkur\/"},"wordCount":722,"image":{"@id":"https:\/\/www.norn.is\/einar\/2018\/05\/30\/eru-piratar-kerfisflokkur\/#primaryimage"},"thumbnailUrl":"http:\/\/www.norn.is\/einar\/wp-content\/uploads\/sites\/29\/2018\/05\/kerfid.jpg","keywords":["P\u00edratar","stj\u00f3rnm\u00e1l"],"articleSection":["Allt efni","P\u00edratar"],"inLanguage":"is"},{"@type":"WebPage","@id":"https:\/\/www.norn.is\/einar\/2018\/05\/30\/eru-piratar-kerfisflokkur\/","url":"https:\/\/www.norn.is\/einar\/2018\/05\/30\/eru-piratar-kerfisflokkur\/","name":"Eru P\u00edratar kerfisflokkur? - Einar","isPartOf":{"@id":"https:\/\/www.norn.is\/einar\/#website"},"primaryImageOfPage":{"@id":"https:\/\/www.norn.is\/einar\/2018\/05\/30\/eru-piratar-kerfisflokkur\/#primaryimage"},"image":{"@id":"https:\/\/www.norn.is\/einar\/2018\/05\/30\/eru-piratar-kerfisflokkur\/#primaryimage"},"thumbnailUrl":"http:\/\/www.norn.is\/einar\/wp-content\/uploads\/sites\/29\/2018\/05\/kerfid.jpg","datePublished":"2018-05-30T14:57:14+00:00","dateModified":"2020-05-08T21:29:40+00:00","author":{"@id":"https:\/\/www.norn.is\/einar\/#\/schema\/person\/19affadb841a22f7bfd4bdcd72a862d0"},"breadcrumb":{"@id":"https:\/\/www.norn.is\/einar\/2018\/05\/30\/eru-piratar-kerfisflokkur\/#breadcrumb"},"inLanguage":"is","potentialAction":[{"@type":"ReadAction","target":["https:\/\/www.norn.is\/einar\/2018\/05\/30\/eru-piratar-kerfisflokkur\/"]}]},{"@type":"ImageObject","inLanguage":"is","@id":"https:\/\/www.norn.is\/einar\/2018\/05\/30\/eru-piratar-kerfisflokkur\/#primaryimage","url":"https:\/\/www.norn.is\/einar\/wp-content\/uploads\/sites\/29\/2018\/05\/kerfid.jpg","contentUrl":"https:\/\/www.norn.is\/einar\/wp-content\/uploads\/sites\/29\/2018\/05\/kerfid.jpg","width":500,"height":358},{"@type":"BreadcrumbList","@id":"https:\/\/www.norn.is\/einar\/2018\/05\/30\/eru-piratar-kerfisflokkur\/#breadcrumb","itemListElement":[{"@type":"ListItem","position":1,"name":"Home","item":"https:\/\/www.norn.is\/einar\/"},{"@type":"ListItem","position":2,"name":"Eru P\u00edratar kerfisflokkur?"}]},{"@type":"WebSite","@id":"https:\/\/www.norn.is\/einar\/#website","url":"https:\/\/www.norn.is\/einar\/","name":"Einar","description":"Pistlar Einars Steingr\u00edmssonar","potentialAction":[{"@type":"SearchAction","target":{"@type":"EntryPoint","urlTemplate":"https:\/\/www.norn.is\/einar\/?s={search_term_string}"},"query-input":{"@type":"PropertyValueSpecification","valueRequired":true,"valueName":"search_term_string"}}],"inLanguage":"is"},{"@type":"Person","@id":"https:\/\/www.norn.is\/einar\/#\/schema\/person\/19affadb841a22f7bfd4bdcd72a862d0","name":"einar","image":{"@type":"ImageObject","inLanguage":"is","@id":"https:\/\/secure.gravatar.com\/avatar\/6f5f5592f3cc45e338376db24f1672c636582d9c27d855e8f077f13ef13b17fd?s=96&d=mm&r=g","url":"https:\/\/secure.gravatar.com\/avatar\/6f5f5592f3cc45e338376db24f1672c636582d9c27d855e8f077f13ef13b17fd?s=96&d=mm&r=g","contentUrl":"https:\/\/secure.gravatar.com\/avatar\/6f5f5592f3cc45e338376db24f1672c636582d9c27d855e8f077f13ef13b17fd?s=96&d=mm&r=g","caption":"einar"},"url":"https:\/\/www.norn.is\/einar\/author\/einarsteingrimsson\/"}]}},"_links":{"self":[{"href":"https:\/\/www.norn.is\/einar\/wp-json\/wp\/v2\/posts\/1081","targetHints":{"allow":["GET"]}}],"collection":[{"href":"https:\/\/www.norn.is\/einar\/wp-json\/wp\/v2\/posts"}],"about":[{"href":"https:\/\/www.norn.is\/einar\/wp-json\/wp\/v2\/types\/post"}],"author":[{"embeddable":true,"href":"https:\/\/www.norn.is\/einar\/wp-json\/wp\/v2\/users\/10"}],"replies":[{"embeddable":true,"href":"https:\/\/www.norn.is\/einar\/wp-json\/wp\/v2\/comments?post=1081"}],"version-history":[{"count":7,"href":"https:\/\/www.norn.is\/einar\/wp-json\/wp\/v2\/posts\/1081\/revisions"}],"predecessor-version":[{"id":1089,"href":"https:\/\/www.norn.is\/einar\/wp-json\/wp\/v2\/posts\/1081\/revisions\/1089"}],"wp:attachment":[{"href":"https:\/\/www.norn.is\/einar\/wp-json\/wp\/v2\/media?parent=1081"}],"wp:term":[{"taxonomy":"category","embeddable":true,"href":"https:\/\/www.norn.is\/einar\/wp-json\/wp\/v2\/categories?post=1081"},{"taxonomy":"post_tag","embeddable":true,"href":"https:\/\/www.norn.is\/einar\/wp-json\/wp\/v2\/tags?post=1081"}],"curies":[{"name":"wp","href":"https:\/\/api.w.org\/{rel}","templated":true}]}}