{"id":1076,"date":"2018-05-28T11:07:38","date_gmt":"2018-05-28T11:07:38","guid":{"rendered":"http:\/\/www.norn.is\/einar\/?p=1076"},"modified":"2018-05-28T11:07:38","modified_gmt":"2018-05-28T11:07:38","slug":"of-margar-konur-i-borgarstjorn","status":"publish","type":"post","link":"https:\/\/www.norn.is\/einar\/2018\/05\/28\/of-margar-konur-i-borgarstjorn\/","title":{"rendered":"Of margar konur \u00ed borgarstj\u00f3rn?"},"content":{"rendered":"<p><img loading=\"lazy\" decoding=\"async\" class=\"aligncenter size-full wp-image-1079\" src=\"http:\/\/www.norn.is\/einar\/wp-content\/uploads\/sites\/29\/2018\/05\/ggi-1200x800.jpg\" alt=\"\" width=\"1200\" height=\"800\" srcset=\"https:\/\/www.norn.is\/einar\/wp-content\/uploads\/sites\/29\/2018\/05\/ggi-1200x800.jpg 1200w, https:\/\/www.norn.is\/einar\/wp-content\/uploads\/sites\/29\/2018\/05\/ggi-1200x800-300x200.jpg 300w, https:\/\/www.norn.is\/einar\/wp-content\/uploads\/sites\/29\/2018\/05\/ggi-1200x800-768x512.jpg 768w, https:\/\/www.norn.is\/einar\/wp-content\/uploads\/sites\/29\/2018\/05\/ggi-1200x800-1024x683.jpg 1024w, https:\/\/www.norn.is\/einar\/wp-content\/uploads\/sites\/29\/2018\/05\/ggi-1200x800-450x300.jpg 450w\" sizes=\"auto, (max-width: 1200px) 100vw, 1200px\" \/>\u00cd borgarstj\u00f3rnarkosningunum um helgina n\u00e1\u00f0u fimmt\u00e1n konur og \u00e1tta karlar kj\u00f6ri. Konurnar eru \u00fev\u00ed 65% kj\u00f6rinna og karlarnir 35%. Sex af \u00e1tta oddvitum flokka sem n\u00e1\u00f0u inn eru konur, e\u00f0a 75%.<\/p>\n<p>Hef\u00f0u s\u00f6mu reglur gilt um \u00feessar kosningar og giltu um kosninguna til Stj\u00f3rnlaga\u00feings hausti\u00f0 2010, \u00fea\u00f0 er a\u00f0 segja a\u00f0 me\u00f0al kj\u00f6rinna skyldu vera a\u00f0 minnsta kosti 40% af hvoru kyni, \u00fe\u00e1 hef\u00f0i \u00feurft a\u00f0 henda \u00fat tveim af \u00feeim konum sem kj\u00f6rnar voru, og setja \u00ed sta\u00f0inn inn tvo karla me\u00f0 minna fylgi en umr\u00e6ddar konur.<\/p>\n<p>V\u00e6ri \u00fea\u00f0 \u00e1s\u00e6ttanlegt \u00ed l\u00fd\u00f0r\u00e6\u00f0isr\u00edki a\u00f0 vilji kj\u00f3senda v\u00e6ri \u00feannig f\u00f3tum tro\u00f0inn?<\/p>\n<p>V\u00e6ri \u00fea\u00f0 \u00ed lagi a\u00f0 manneskju v\u00e6ri hent \u00far borgarstj\u00f3rn af \u00fev\u00ed a\u00f0 h\u00fan v\u00e6ri me\u00f0 ranga tegund af kynf\u00e6rum?<\/p>\n","protected":false},"excerpt":{"rendered":"<p>\u00cd borgarstj\u00f3rnarkosningunum um helgina n\u00e1\u00f0u fimmt\u00e1n konur og \u00e1tta karlar kj\u00f6ri. Konurnar eru \u00fev\u00ed 65% kj\u00f6rinna og karlarnir 35%. Sex af \u00e1tta oddvitum flokka sem n\u00e1\u00f0u inn eru konur, e\u00f0a 75%. Hef\u00f0u s\u00f6mu reglur gilt um \u00feessar kosningar og giltu &hellip; <a href=\"https:\/\/www.norn.is\/einar\/2018\/05\/28\/of-margar-konur-i-borgarstjorn\/\">Halda \u00e1fram a\u00f0 lesa <span class=\"meta-nav\">&rarr;<\/span><\/a><\/p>\n","protected":false},"author":10,"featured_media":0,"comment_status":"closed","ping_status":"closed","sticky":false,"template":"","format":"standard","meta":{"footnotes":""},"categories":[1,190],"tags":[491],"class_list":["post-1076","post","type-post","status-publish","format-standard","hentry","category-oflokkad","category-kynjapolitik","tag-sveitastjornarkosningar"],"yoast_head":"<!-- This site is optimized with the Yoast SEO plugin v27.4 - https:\/\/yoast.com\/product\/yoast-seo-wordpress\/ -->\n<title>Of margar konur \u00ed borgarstj\u00f3rn? - Einar<\/title>\n<meta name=\"robots\" content=\"index, follow, max-snippet:-1, max-image-preview:large, max-video-preview:-1\" \/>\n<link rel=\"canonical\" href=\"https:\/\/www.norn.is\/einar\/2018\/05\/28\/of-margar-konur-i-borgarstjorn\/\" \/>\n<meta property=\"og:locale\" content=\"is_IS\" \/>\n<meta property=\"og:type\" content=\"article\" \/>\n<meta property=\"og:title\" content=\"Of margar konur \u00ed borgarstj\u00f3rn? - Einar\" \/>\n<meta property=\"og:description\" content=\"\u00cd borgarstj\u00f3rnarkosningunum um helgina n\u00e1\u00f0u fimmt\u00e1n konur og \u00e1tta karlar kj\u00f6ri. Konurnar eru \u00fev\u00ed 65% kj\u00f6rinna og karlarnir 35%. Sex af \u00e1tta oddvitum flokka sem n\u00e1\u00f0u inn eru konur, e\u00f0a 75%. Hef\u00f0u s\u00f6mu reglur gilt um \u00feessar kosningar og giltu &hellip; Halda \u00e1fram a\u00f0 lesa &rarr;\" \/>\n<meta property=\"og:url\" content=\"https:\/\/www.norn.is\/einar\/2018\/05\/28\/of-margar-konur-i-borgarstjorn\/\" \/>\n<meta property=\"og:site_name\" content=\"Einar\" \/>\n<meta property=\"article:published_time\" content=\"2018-05-28T11:07:38+00:00\" \/>\n<meta property=\"og:image\" content=\"http:\/\/www.norn.is\/einar\/wp-content\/uploads\/sites\/29\/2018\/05\/ggi-1200x800.jpg\" \/>\n<meta name=\"author\" content=\"einar\" \/>\n<meta name=\"twitter:card\" content=\"summary_large_image\" \/>\n<meta name=\"twitter:label1\" content=\"Written by\" \/>\n\t<meta name=\"twitter:data1\" content=\"\" \/>\n\t<meta name=\"twitter:label2\" content=\"Est. reading time\" \/>\n\t<meta name=\"twitter:data2\" content=\"1 minute\" \/>\n<script type=\"application\/ld+json\" class=\"yoast-schema-graph\">{\"@context\":\"https:\\\/\\\/schema.org\",\"@graph\":[{\"@type\":\"Article\",\"@id\":\"https:\\\/\\\/www.norn.is\\\/einar\\\/2018\\\/05\\\/28\\\/of-margar-konur-i-borgarstjorn\\\/#article\",\"isPartOf\":{\"@id\":\"https:\\\/\\\/www.norn.is\\\/einar\\\/2018\\\/05\\\/28\\\/of-margar-konur-i-borgarstjorn\\\/\"},\"author\":{\"name\":\"einar\",\"@id\":\"https:\\\/\\\/www.norn.is\\\/einar\\\/#\\\/schema\\\/person\\\/19affadb841a22f7bfd4bdcd72a862d0\"},\"headline\":\"Of margar konur \u00ed borgarstj\u00f3rn?\",\"datePublished\":\"2018-05-28T11:07:38+00:00\",\"mainEntityOfPage\":{\"@id\":\"https:\\\/\\\/www.norn.is\\\/einar\\\/2018\\\/05\\\/28\\\/of-margar-konur-i-borgarstjorn\\\/\"},\"wordCount\":147,\"image\":{\"@id\":\"https:\\\/\\\/www.norn.is\\\/einar\\\/2018\\\/05\\\/28\\\/of-margar-konur-i-borgarstjorn\\\/#primaryimage\"},\"thumbnailUrl\":\"http:\\\/\\\/www.norn.is\\\/einar\\\/wp-content\\\/uploads\\\/sites\\\/29\\\/2018\\\/05\\\/ggi-1200x800.jpg\",\"keywords\":[\"Sveitastj\u00f3rnarkosningar\"],\"articleSection\":[\"Allt efni\",\"Kynjap\u00f3lit\u00edk og jafnr\u00e9ttism\u00e1l\"],\"inLanguage\":\"is\"},{\"@type\":\"WebPage\",\"@id\":\"https:\\\/\\\/www.norn.is\\\/einar\\\/2018\\\/05\\\/28\\\/of-margar-konur-i-borgarstjorn\\\/\",\"url\":\"https:\\\/\\\/www.norn.is\\\/einar\\\/2018\\\/05\\\/28\\\/of-margar-konur-i-borgarstjorn\\\/\",\"name\":\"Of margar konur \u00ed borgarstj\u00f3rn? - Einar\",\"isPartOf\":{\"@id\":\"https:\\\/\\\/www.norn.is\\\/einar\\\/#website\"},\"primaryImageOfPage\":{\"@id\":\"https:\\\/\\\/www.norn.is\\\/einar\\\/2018\\\/05\\\/28\\\/of-margar-konur-i-borgarstjorn\\\/#primaryimage\"},\"image\":{\"@id\":\"https:\\\/\\\/www.norn.is\\\/einar\\\/2018\\\/05\\\/28\\\/of-margar-konur-i-borgarstjorn\\\/#primaryimage\"},\"thumbnailUrl\":\"http:\\\/\\\/www.norn.is\\\/einar\\\/wp-content\\\/uploads\\\/sites\\\/29\\\/2018\\\/05\\\/ggi-1200x800.jpg\",\"datePublished\":\"2018-05-28T11:07:38+00:00\",\"author\":{\"@id\":\"https:\\\/\\\/www.norn.is\\\/einar\\\/#\\\/schema\\\/person\\\/19affadb841a22f7bfd4bdcd72a862d0\"},\"breadcrumb\":{\"@id\":\"https:\\\/\\\/www.norn.is\\\/einar\\\/2018\\\/05\\\/28\\\/of-margar-konur-i-borgarstjorn\\\/#breadcrumb\"},\"inLanguage\":\"is\",\"potentialAction\":[{\"@type\":\"ReadAction\",\"target\":[\"https:\\\/\\\/www.norn.is\\\/einar\\\/2018\\\/05\\\/28\\\/of-margar-konur-i-borgarstjorn\\\/\"]}]},{\"@type\":\"ImageObject\",\"inLanguage\":\"is\",\"@id\":\"https:\\\/\\\/www.norn.is\\\/einar\\\/2018\\\/05\\\/28\\\/of-margar-konur-i-borgarstjorn\\\/#primaryimage\",\"url\":\"http:\\\/\\\/www.norn.is\\\/einar\\\/wp-content\\\/uploads\\\/sites\\\/29\\\/2018\\\/05\\\/ggi-1200x800.jpg\",\"contentUrl\":\"http:\\\/\\\/www.norn.is\\\/einar\\\/wp-content\\\/uploads\\\/sites\\\/29\\\/2018\\\/05\\\/ggi-1200x800.jpg\"},{\"@type\":\"BreadcrumbList\",\"@id\":\"https:\\\/\\\/www.norn.is\\\/einar\\\/2018\\\/05\\\/28\\\/of-margar-konur-i-borgarstjorn\\\/#breadcrumb\",\"itemListElement\":[{\"@type\":\"ListItem\",\"position\":1,\"name\":\"Home\",\"item\":\"https:\\\/\\\/www.norn.is\\\/einar\\\/\"},{\"@type\":\"ListItem\",\"position\":2,\"name\":\"Of margar konur \u00ed borgarstj\u00f3rn?\"}]},{\"@type\":\"WebSite\",\"@id\":\"https:\\\/\\\/www.norn.is\\\/einar\\\/#website\",\"url\":\"https:\\\/\\\/www.norn.is\\\/einar\\\/\",\"name\":\"Einar\",\"description\":\"Pistlar Einars Steingr\u00edmssonar\",\"potentialAction\":[{\"@type\":\"SearchAction\",\"target\":{\"@type\":\"EntryPoint\",\"urlTemplate\":\"https:\\\/\\\/www.norn.is\\\/einar\\\/?s={search_term_string}\"},\"query-input\":{\"@type\":\"PropertyValueSpecification\",\"valueRequired\":true,\"valueName\":\"search_term_string\"}}],\"inLanguage\":\"is\"},{\"@type\":\"Person\",\"@id\":\"https:\\\/\\\/www.norn.is\\\/einar\\\/#\\\/schema\\\/person\\\/19affadb841a22f7bfd4bdcd72a862d0\",\"name\":\"einar\",\"image\":{\"@type\":\"ImageObject\",\"inLanguage\":\"is\",\"@id\":\"https:\\\/\\\/secure.gravatar.com\\\/avatar\\\/6f5f5592f3cc45e338376db24f1672c636582d9c27d855e8f077f13ef13b17fd?s=96&d=mm&r=g\",\"url\":\"https:\\\/\\\/secure.gravatar.com\\\/avatar\\\/6f5f5592f3cc45e338376db24f1672c636582d9c27d855e8f077f13ef13b17fd?s=96&d=mm&r=g\",\"contentUrl\":\"https:\\\/\\\/secure.gravatar.com\\\/avatar\\\/6f5f5592f3cc45e338376db24f1672c636582d9c27d855e8f077f13ef13b17fd?s=96&d=mm&r=g\",\"caption\":\"einar\"},\"url\":\"https:\\\/\\\/www.norn.is\\\/einar\\\/author\\\/einarsteingrimsson\\\/\"}]}<\/script>\n<!-- \/ Yoast SEO plugin. -->","yoast_head_json":{"title":"Of margar konur \u00ed borgarstj\u00f3rn? - Einar","robots":{"index":"index","follow":"follow","max-snippet":"max-snippet:-1","max-image-preview":"max-image-preview:large","max-video-preview":"max-video-preview:-1"},"canonical":"https:\/\/www.norn.is\/einar\/2018\/05\/28\/of-margar-konur-i-borgarstjorn\/","og_locale":"is_IS","og_type":"article","og_title":"Of margar konur \u00ed borgarstj\u00f3rn? - Einar","og_description":"\u00cd borgarstj\u00f3rnarkosningunum um helgina n\u00e1\u00f0u fimmt\u00e1n konur og \u00e1tta karlar kj\u00f6ri. Konurnar eru \u00fev\u00ed 65% kj\u00f6rinna og karlarnir 35%. Sex af \u00e1tta oddvitum flokka sem n\u00e1\u00f0u inn eru konur, e\u00f0a 75%. Hef\u00f0u s\u00f6mu reglur gilt um \u00feessar kosningar og giltu &hellip; Halda \u00e1fram a\u00f0 lesa &rarr;","og_url":"https:\/\/www.norn.is\/einar\/2018\/05\/28\/of-margar-konur-i-borgarstjorn\/","og_site_name":"Einar","article_published_time":"2018-05-28T11:07:38+00:00","og_image":[{"url":"http:\/\/www.norn.is\/einar\/wp-content\/uploads\/sites\/29\/2018\/05\/ggi-1200x800.jpg","type":"","width":"","height":""}],"author":"einar","twitter_card":"summary_large_image","twitter_misc":{"Written by":false,"Est. reading time":"1 minute"},"schema":{"@context":"https:\/\/schema.org","@graph":[{"@type":"Article","@id":"https:\/\/www.norn.is\/einar\/2018\/05\/28\/of-margar-konur-i-borgarstjorn\/#article","isPartOf":{"@id":"https:\/\/www.norn.is\/einar\/2018\/05\/28\/of-margar-konur-i-borgarstjorn\/"},"author":{"name":"einar","@id":"https:\/\/www.norn.is\/einar\/#\/schema\/person\/19affadb841a22f7bfd4bdcd72a862d0"},"headline":"Of margar konur \u00ed borgarstj\u00f3rn?","datePublished":"2018-05-28T11:07:38+00:00","mainEntityOfPage":{"@id":"https:\/\/www.norn.is\/einar\/2018\/05\/28\/of-margar-konur-i-borgarstjorn\/"},"wordCount":147,"image":{"@id":"https:\/\/www.norn.is\/einar\/2018\/05\/28\/of-margar-konur-i-borgarstjorn\/#primaryimage"},"thumbnailUrl":"http:\/\/www.norn.is\/einar\/wp-content\/uploads\/sites\/29\/2018\/05\/ggi-1200x800.jpg","keywords":["Sveitastj\u00f3rnarkosningar"],"articleSection":["Allt efni","Kynjap\u00f3lit\u00edk og jafnr\u00e9ttism\u00e1l"],"inLanguage":"is"},{"@type":"WebPage","@id":"https:\/\/www.norn.is\/einar\/2018\/05\/28\/of-margar-konur-i-borgarstjorn\/","url":"https:\/\/www.norn.is\/einar\/2018\/05\/28\/of-margar-konur-i-borgarstjorn\/","name":"Of margar konur \u00ed borgarstj\u00f3rn? - Einar","isPartOf":{"@id":"https:\/\/www.norn.is\/einar\/#website"},"primaryImageOfPage":{"@id":"https:\/\/www.norn.is\/einar\/2018\/05\/28\/of-margar-konur-i-borgarstjorn\/#primaryimage"},"image":{"@id":"https:\/\/www.norn.is\/einar\/2018\/05\/28\/of-margar-konur-i-borgarstjorn\/#primaryimage"},"thumbnailUrl":"http:\/\/www.norn.is\/einar\/wp-content\/uploads\/sites\/29\/2018\/05\/ggi-1200x800.jpg","datePublished":"2018-05-28T11:07:38+00:00","author":{"@id":"https:\/\/www.norn.is\/einar\/#\/schema\/person\/19affadb841a22f7bfd4bdcd72a862d0"},"breadcrumb":{"@id":"https:\/\/www.norn.is\/einar\/2018\/05\/28\/of-margar-konur-i-borgarstjorn\/#breadcrumb"},"inLanguage":"is","potentialAction":[{"@type":"ReadAction","target":["https:\/\/www.norn.is\/einar\/2018\/05\/28\/of-margar-konur-i-borgarstjorn\/"]}]},{"@type":"ImageObject","inLanguage":"is","@id":"https:\/\/www.norn.is\/einar\/2018\/05\/28\/of-margar-konur-i-borgarstjorn\/#primaryimage","url":"http:\/\/www.norn.is\/einar\/wp-content\/uploads\/sites\/29\/2018\/05\/ggi-1200x800.jpg","contentUrl":"http:\/\/www.norn.is\/einar\/wp-content\/uploads\/sites\/29\/2018\/05\/ggi-1200x800.jpg"},{"@type":"BreadcrumbList","@id":"https:\/\/www.norn.is\/einar\/2018\/05\/28\/of-margar-konur-i-borgarstjorn\/#breadcrumb","itemListElement":[{"@type":"ListItem","position":1,"name":"Home","item":"https:\/\/www.norn.is\/einar\/"},{"@type":"ListItem","position":2,"name":"Of margar konur \u00ed borgarstj\u00f3rn?"}]},{"@type":"WebSite","@id":"https:\/\/www.norn.is\/einar\/#website","url":"https:\/\/www.norn.is\/einar\/","name":"Einar","description":"Pistlar Einars Steingr\u00edmssonar","potentialAction":[{"@type":"SearchAction","target":{"@type":"EntryPoint","urlTemplate":"https:\/\/www.norn.is\/einar\/?s={search_term_string}"},"query-input":{"@type":"PropertyValueSpecification","valueRequired":true,"valueName":"search_term_string"}}],"inLanguage":"is"},{"@type":"Person","@id":"https:\/\/www.norn.is\/einar\/#\/schema\/person\/19affadb841a22f7bfd4bdcd72a862d0","name":"einar","image":{"@type":"ImageObject","inLanguage":"is","@id":"https:\/\/secure.gravatar.com\/avatar\/6f5f5592f3cc45e338376db24f1672c636582d9c27d855e8f077f13ef13b17fd?s=96&d=mm&r=g","url":"https:\/\/secure.gravatar.com\/avatar\/6f5f5592f3cc45e338376db24f1672c636582d9c27d855e8f077f13ef13b17fd?s=96&d=mm&r=g","contentUrl":"https:\/\/secure.gravatar.com\/avatar\/6f5f5592f3cc45e338376db24f1672c636582d9c27d855e8f077f13ef13b17fd?s=96&d=mm&r=g","caption":"einar"},"url":"https:\/\/www.norn.is\/einar\/author\/einarsteingrimsson\/"}]}},"_links":{"self":[{"href":"https:\/\/www.norn.is\/einar\/wp-json\/wp\/v2\/posts\/1076","targetHints":{"allow":["GET"]}}],"collection":[{"href":"https:\/\/www.norn.is\/einar\/wp-json\/wp\/v2\/posts"}],"about":[{"href":"https:\/\/www.norn.is\/einar\/wp-json\/wp\/v2\/types\/post"}],"author":[{"embeddable":true,"href":"https:\/\/www.norn.is\/einar\/wp-json\/wp\/v2\/users\/10"}],"replies":[{"embeddable":true,"href":"https:\/\/www.norn.is\/einar\/wp-json\/wp\/v2\/comments?post=1076"}],"version-history":[{"count":2,"href":"https:\/\/www.norn.is\/einar\/wp-json\/wp\/v2\/posts\/1076\/revisions"}],"predecessor-version":[{"id":1080,"href":"https:\/\/www.norn.is\/einar\/wp-json\/wp\/v2\/posts\/1076\/revisions\/1080"}],"wp:attachment":[{"href":"https:\/\/www.norn.is\/einar\/wp-json\/wp\/v2\/media?parent=1076"}],"wp:term":[{"taxonomy":"category","embeddable":true,"href":"https:\/\/www.norn.is\/einar\/wp-json\/wp\/v2\/categories?post=1076"},{"taxonomy":"post_tag","embeddable":true,"href":"https:\/\/www.norn.is\/einar\/wp-json\/wp\/v2\/tags?post=1076"}],"curies":[{"name":"wp","href":"https:\/\/api.w.org\/{rel}","templated":true}]}}