{"id":102,"date":"2011-06-26T13:21:23","date_gmt":"2011-06-26T13:21:23","guid":{"rendered":"http:\/\/www.norn.is\/einar\/?p=102"},"modified":"2017-09-24T11:05:09","modified_gmt":"2017-09-24T11:05:09","slug":"thjonkun-haskola-vid-valda-og-hagsmunaadila","status":"publish","type":"post","link":"https:\/\/www.norn.is\/einar\/2011\/06\/26\/thjonkun-haskola-vid-valda-og-hagsmunaadila\/","title":{"rendered":"\u00dej\u00f3nkun h\u00e1sk\u00f3la vi\u00f0 valda- og hagsmunaa\u00f0ila"},"content":{"rendered":"<p>\u00cd n\u00fdlegri\u00a0<a href=\"http:\/\/www.ruv.is\/node\/159424\">fr\u00e9tt<\/a>\u00a0\u00e1 R\u00daV er sagt fr\u00e1 athugasemdum\u00a0<a href=\"http:\/\/blog.eyjan.is\/olinath\/2011\/06\/22\/hver-er-herra-oecd\/\">\u00d3l\u00ednu \u00deorvar\u00f0ard\u00f3ttur<\/a>\u00a0vi\u00f0 kostun \u00e1 st\u00f6\u00f0um starfsmanna h\u00e1sk\u00f3la, en h\u00fan nefndi s\u00e9rstaklega st\u00f6\u00f0u Helga \u00c1ss Gr\u00e9tarssonar vi\u00f0 Lagastofnun H\u00cd, sem kostu\u00f0 er af L\u00cd\u00da.\u00a0 H\u00e9r ver\u00f0ur ekki raki\u00f0 \u00fea\u00f0 sem Helgi hefur l\u00e1ti\u00f0 fr\u00e1 s\u00e9r fara um \u00feessi m\u00e1l \u00ed fj\u00f6lmi\u00f0lum, en auglj\u00f3st er a\u00f0 \u00fdmsar sta\u00f0h\u00e6fingar hans um \u00feau eru ekki bygg\u00f0ar \u00e1 \u00f3yggjandi ni\u00f0urst\u00f6\u00f0um \u00far ranns\u00f3knum.<!--more--><\/p>\n<p>\u00cd umr\u00e6ddri fr\u00e9tt er vitna\u00f0 \u00ed forseta F\u00e9lagsv\u00edsindavsvi\u00f0s H\u00cd, \u00d3laf \u00de. Har\u00f0arson, en hann \u201esegir sk\u00f3lann huga vel a\u00f0 \u00feessum m\u00e1lum, mestu m\u00e1li skipti a\u00f0 fyrirkomulagi\u00f0 s\u00e9 gagns\u00e6tt.\u201c\u00a0 \u00dea\u00f0 \u00fe\u00e6tti \u00fe\u00f3 varla n\u00f3g \u00ed h\u00e1sk\u00f3lum sem annt er um or\u00f0st\u00edr sinn sem sj\u00e1lfst\u00e6\u00f0ra ranns\u00f3knastofnana.<\/p>\n<p>\u00dea\u00f0 \u00e6tti t.d. a\u00f0 vera auglj\u00f3st a\u00f0 framganga Helga \u00c1ss, sem L\u00cd\u00da grei\u00f0ir fyrir, hl\u00fdtur a\u00f0 sker\u00f0a trausti\u00f0 \u00e1 sj\u00e1lfst\u00e6\u00f0i H\u00cd og or\u00f0st\u00edr sj\u00e1lfst\u00e6\u00f0ra ranns\u00f3kna vi\u00f0 sk\u00f3lann.\u00a0 \u00c9g spur\u00f0i forst\u00f6\u00f0umann Lagastofnunar, Mar\u00edu Thejll, hvort stofnunin hef\u00f0i reglur um kostun utana\u00f0komandi a\u00f0ila.\u00a0 Svar hennar var svohlj\u00f3\u00f0andi (auk v\u00edsunar \u00ed 3. mgr. 26. gr.\u00a0<a href=\"http:\/\/www.althingi.is\/lagas\/nuna\/2008085.html\">laga nr. 85\/2008<\/a>, um a\u00f0 h\u00e1sk\u00f3lar megi semja vi\u00f0 a\u00f0rar stofnanir og fyrirt\u00e6ki um r\u00e1\u00f0ningu kennara og annarra starfsmanna):<\/p>\n<blockquote><p>Lagastofnun hefur ekki sett s\u00e9rstakar reglur um kosta\u00f0ar st\u00f6\u00f0ur og er ekki kunnugt um sl\u00edkar reglur \u00e1 vegum H\u00e1sk\u00f3la \u00cdslands. Starfsmenn \u00ed kostu\u00f0um st\u00f6\u00f0um eru r\u00e1\u00f0nir \u00ed samr\u00e6mi vi\u00f0 r\u00e1\u00f0ingarferli samkv\u00e6mt reglum H\u00e1sk\u00f3la \u00cdslands og l\u00fata n\u00e1kv\u00e6mlega s\u00f6mu reglum og starfsskilyr\u00f0um og a\u00f0rir starfsmenn h\u00e1sk\u00f3lans vi\u00f0 st\u00f6rf s\u00edn.<\/p><\/blockquote>\n<p>En \u00fea\u00f0 eru fleiri d\u00e6mi um blyg\u00f0unarlausa (skilningsvana?) samtvinnun H\u00cd og valda- og hagsmunaa\u00f0ila.\u00a0 \u00c1 vef\u00a0<a href=\"http:\/\/stofnanir.hi.is\/ams\/samstarf_2\">Al\u00fej\u00f3\u00f0am\u00e1lastofnunar<\/a>\u00a0H\u00cd stendur me\u00f0al annars \u00feetta:<\/p>\n<blockquote><p>Markmi\u00f0 Al\u00fej\u00f3\u00f0am\u00e1lastofnunar er a\u00f0 vera lei\u00f0andi \u00ed ranns\u00f3knum um al\u00fej\u00f3\u00f0am\u00e1l og sm\u00e1r\u00edki \u00ed heiminum, a\u00f0 auka g\u00e6\u00f0i og frambo\u00f0 n\u00e1ms um al\u00fej\u00f3\u00f0am\u00e1l og sm\u00e1r\u00edki \u00ed grunn- og framhaldsn\u00e1mi \u00e1 h\u00e1sk\u00f3lastigi, og a\u00f0 vera \u00fej\u00f3nustustofnun vi\u00f0 atvinnul\u00edfi\u00f0 og hi\u00f0 opinbera. Stofnunin starfar me\u00f0 utanr\u00edkisr\u00e1\u00f0uneytinu, Varnarm\u00e1lastofnun \u00cdslands, Samt\u00f6kum i\u00f0na\u00f0arins og Samt\u00f6kum atvinnul\u00edfsins.<\/p><\/blockquote>\n<p>A\u00f0 vera \u201e\u00fej\u00f3nustustofnun vi\u00f0 atvinnul\u00edfi\u00f0 og hi\u00f0 opinbera\u201c fer\u00a0 auglj\u00f3slega \u00ed b\u00e1ga vi\u00f0 hugmyndina um sj\u00e1lfst\u00e6\u00f0a ranns\u00f3knastofnun, og um \u00fea\u00f0 \u00e6tti ekki a\u00f0 \u00feurfa a\u00f0 deila.\u00a0 Enda segir \u00d3lafur \u00de., \u00ed ofangreindri fr\u00e9tt R\u00daV:<\/p>\n<blockquote><p>En hins vegar hefur \u00fea\u00f0 i\u00f0ulega gerst var\u00f0andi starfsmenn sem eru \u00ed st\u00f6\u00f0um sem eru kosta\u00f0ar af r\u00edkinu, og \u00fe\u00e1 eru \u00fea\u00f0 stj\u00f3rnm\u00e1lamenn sem eru a\u00f0 gera athugasemdir vi\u00f0 umm\u00e6li e\u00f0a ni\u00f0urst\u00f6\u00f0ur einstakra fr\u00e6\u00f0imanna vi\u00f0 H\u00e1sk\u00f3lann.<\/p><\/blockquote>\n<p>\u00dea\u00f0 er e.t.v. ekki skr\u00edti\u00f0, \u00fev\u00ed sumar deildir H\u00cd vir\u00f0ast lengi hafa liti\u00f0 \u00e1 sig sem \u00fej\u00f3nustustofnanir vi\u00f0 r\u00edkisvaldi\u00f0 (og jafnvel hi\u00f0 svokalla\u00f0a \u201eatvinnul\u00edf\u201c, \u00fe.e.a.s. atvinnurekendur af \u00fdmsu tagi).\u00a0 Starfsmenn Lagadeildar H\u00cd hafa margir eytt g\u00edfurlegum t\u00edma \u00ed vinnu fyrir hi\u00f0 opinbera (eins og fram hefur komi\u00f0 \u00ed fr\u00e9ttum n\u00fdlega, sj\u00e1 t.d.\u00a0<a href=\"http:\/\/www.althingi.is\/altext\/139\/s\/0488.html\">h\u00e9r<\/a>), og vands\u00e9\u00f0 a\u00f0 \u00feeir stundi \u00e1 me\u00f0an miki\u00f0 af \u00feeim fr\u00e6\u00f0ist\u00f6rfum sem h\u00e1sk\u00f3laf\u00f3lki er \u00e6tla\u00f0 (og sem \u00fea\u00f0 f\u00e6r greitt fyrir st\u00f3ran hluta af launum s\u00ednum vi\u00f0 r\u00edkish\u00e1sk\u00f3lana).<\/p>\n<p>\u00dea\u00f0 l\u00fdsir l\u00edka s\u00e9rkennilegri afst\u00f6\u00f0u til h\u00e1sk\u00f3laranns\u00f3kna a\u00f0 forst\u00f6\u00f0umenn \u201eranns\u00f3knastofnana\u201c vi\u00f0 H\u00cd eru gjarnan f\u00f3lk sem hefur l\u00edtinn e\u00f0a engan ranns\u00f3knaferil a\u00f0 baki.\u00a0 \u00dea\u00f0 gildir t.d. um ofangreinda Al\u00fej\u00f3\u00f0am\u00e1lastofnun, en einnig, a\u00f0 \u00fev\u00ed er vir\u00f0ist, um Lagastofnun og sama gilti til skamms t\u00edma um F\u00e9lagsv\u00edsindastofnun, en algengt hefur veri\u00f0 a\u00f0 forst\u00f6\u00f0umenn \u00feessara stofnana hafi ekki einu sinn loki\u00f0 doktorspr\u00f3fi, hva\u00f0 \u00fe\u00e1 a\u00f0 \u00feeir hafi hasla\u00f0 s\u00e9r v\u00f6ll sem \u00f6flugir fr\u00e6\u00f0imenn.<\/p>\n<p>\u00dea\u00f0 er \u00e1st\u00e6\u00f0a fyrir \u00fev\u00ed a\u00f0 g\u00f3\u00f0um h\u00e1sk\u00f3lum erlendis dettur ekki \u00ed hug a\u00f0 setja \u00ed akadem\u00edskar forystust\u00f6\u00f0ur f\u00f3lk sem ekki hefur a\u00f0 baki umtalsver\u00f0an feril sem h\u00e1sk\u00f3la- og fr\u00e6\u00f0af\u00f3lk.\u00a0 \u00deetta vita allir sem kynnst hafa s\u00e6milegu h\u00e1sk\u00f3lastarfi \u00e1 al\u00fej\u00f3\u00f0avettvangi, en \u00e1 \u00feessu svi\u00f0i eins og svo m\u00f6rgum \u00f6\u00f0rum vir\u00f0ist valdaf\u00f3lk \u00ed \u00edslensku h\u00e1sk\u00f3lunum enn halda \u00ed hugmyndina a\u00f0 \u00cdsland s\u00e9 svo \u201es\u00e9rstakt\u201c og \u00cdslendingar svo miklir snillingar a\u00f0 h\u00e9r geti hver sem er leitt h\u00e1sk\u00f3lastarf sem s\u00f3mi s\u00e9r me\u00f0al bestu h\u00e1sk\u00f3la heims.\u00a0 \u00dea\u00f0 er v\u00e6ntanlega af s\u00f6mu \u00e1st\u00e6\u00f0u a\u00f0 me\u00f0al \u00e6\u00f0stu forystumanna H\u00cd og HR (um fimmt\u00e1n talsins) er a\u00f0eins ein manneskja sem hefur reynslu af starfi \u00e1 \u00feeim al\u00fej\u00f3\u00f0avettvangi \u00fear sem \u00feessir sk\u00f3lar segjast \u00e6tla a\u00f0 skara fram \u00far.<\/p>\n<p>Til a\u00f0 \u00fej\u00f3na \u00feeim sem me\u00f0 v\u00f6ldin fara \u00e1 \u00cdslandi, b\u00e6\u00f0i \u00ed stj\u00f3rnkerfinu og efnahagsl\u00edfinu, \u00fearf hins vegar ekki anna\u00f0 en s\u00e6milega \u00fej\u00f3nslund, og raunveruleg fr\u00e6\u00f0imennska og gagnr\u00fdnin hugsun er \u00fear bara til trafala.<\/p>\n<p>PS.\u00a0 R\u00e9tt er og skylt a\u00f0 geta \u00feess a\u00f0 innan H\u00cd og HR (og e.t.v. fleiri h\u00e1sk\u00f3la h\u00e9r) er a\u00f0 finna talsvert af g\u00f3\u00f0u v\u00edsindaf\u00f3lki, sem margt stendur framarlega \u00e1 al\u00fej\u00f3\u00f0avettvangi h\u00e1sk\u00f3lasamf\u00e9lagsins.\u00a0 \u00deetta f\u00f3lk \u00e1 hins vegar gjarnan undir h\u00f6gg a\u00f0 s\u00e6kja, enda er starf \u00feessara sk\u00f3la meira og minna skipulagt me\u00f0 anna\u00f0 fyrir augum en a\u00f0 efla v\u00edsindastarf.\u00a0 \u00dear er oftar l\u00f6g\u00f0 \u00e1hersla \u00e1 a\u00f0 styggja ekki \u00fe\u00e1 sem ekki n\u00e1 m\u00e1li \u00ed \u00fev\u00ed al\u00fej\u00f3\u00f0asamf\u00e9lagi sem v\u00edsindastarf er.\u00a0 Um \u00fea\u00f0 var l\u00edtillega fjalla\u00f0\u00a0<a href=\"http:\/\/blog.eyjan.is\/einar\/2011\/06\/07\/ranghugmyndir-um-haskolastarf-og-2007\/\">h\u00e9r<\/a>, og meira ver\u00f0ur e.t.v. gert af \u00fev\u00ed \u00ed \u00feessu bloggi s\u00ed\u00f0ar.<\/p>\n","protected":false},"excerpt":{"rendered":"<p>\u00cd n\u00fdlegri\u00a0fr\u00e9tt\u00a0\u00e1 R\u00daV er sagt fr\u00e1 athugasemdum\u00a0\u00d3l\u00ednu \u00deorvar\u00f0ard\u00f3ttur\u00a0vi\u00f0 kostun \u00e1 st\u00f6\u00f0um starfsmanna h\u00e1sk\u00f3la, en h\u00fan nefndi s\u00e9rstaklega st\u00f6\u00f0u Helga \u00c1ss Gr\u00e9tarssonar vi\u00f0 Lagastofnun H\u00cd, sem kostu\u00f0 er af L\u00cd\u00da.\u00a0 H\u00e9r ver\u00f0ur ekki raki\u00f0 \u00fea\u00f0 sem Helgi hefur l\u00e1ti\u00f0 fr\u00e1 s\u00e9r &hellip; <a href=\"https:\/\/www.norn.is\/einar\/2011\/06\/26\/thjonkun-haskola-vid-valda-og-hagsmunaadila\/\">Halda \u00e1fram a\u00f0 lesa <span class=\"meta-nav\">&rarr;<\/span><\/a><\/p>\n","protected":false},"author":10,"featured_media":0,"comment_status":"open","ping_status":"open","sticky":false,"template":"","format":"standard","meta":{"footnotes":""},"categories":[1,79],"tags":[94,113,84,90,91,24,93,92,101],"class_list":["post-102","post","type-post","status-publish","format-standard","hentry","category-oflokkad","category-haskolamal","tag-althjodamalastofnun","tag-gagnsaei-og-leyndarhyggja","tag-haskoli-islands","tag-helgi-ass-gretasson","tag-lagastofnun-hi","tag-liu","tag-olafur-th-hardarson","tag-olina-thorvardardottir","tag-valdaklikur-og-spilling"],"yoast_head":"<!-- This site is optimized with the Yoast SEO plugin v27.5 - https:\/\/yoast.com\/product\/yoast-seo-wordpress\/ -->\n<title>\u00dej\u00f3nkun h\u00e1sk\u00f3la vi\u00f0 valda- og hagsmunaa\u00f0ila - Einar<\/title>\n<meta name=\"robots\" content=\"index, follow, max-snippet:-1, max-image-preview:large, max-video-preview:-1\" \/>\n<link rel=\"canonical\" href=\"https:\/\/www.norn.is\/einar\/2011\/06\/26\/thjonkun-haskola-vid-valda-og-hagsmunaadila\/\" \/>\n<meta property=\"og:locale\" content=\"is_IS\" \/>\n<meta property=\"og:type\" content=\"article\" \/>\n<meta property=\"og:title\" content=\"\u00dej\u00f3nkun h\u00e1sk\u00f3la vi\u00f0 valda- og hagsmunaa\u00f0ila - Einar\" \/>\n<meta property=\"og:description\" content=\"\u00cd n\u00fdlegri\u00a0fr\u00e9tt\u00a0\u00e1 R\u00daV er sagt fr\u00e1 athugasemdum\u00a0\u00d3l\u00ednu \u00deorvar\u00f0ard\u00f3ttur\u00a0vi\u00f0 kostun \u00e1 st\u00f6\u00f0um starfsmanna h\u00e1sk\u00f3la, en h\u00fan nefndi s\u00e9rstaklega st\u00f6\u00f0u Helga \u00c1ss Gr\u00e9tarssonar vi\u00f0 Lagastofnun H\u00cd, sem kostu\u00f0 er af L\u00cd\u00da.\u00a0 H\u00e9r ver\u00f0ur ekki raki\u00f0 \u00fea\u00f0 sem Helgi hefur l\u00e1ti\u00f0 fr\u00e1 s\u00e9r &hellip; Halda \u00e1fram a\u00f0 lesa &rarr;\" \/>\n<meta property=\"og:url\" content=\"https:\/\/www.norn.is\/einar\/2011\/06\/26\/thjonkun-haskola-vid-valda-og-hagsmunaadila\/\" \/>\n<meta property=\"og:site_name\" content=\"Einar\" \/>\n<meta property=\"article:published_time\" content=\"2011-06-26T13:21:23+00:00\" \/>\n<meta property=\"article:modified_time\" content=\"2017-09-24T11:05:09+00:00\" \/>\n<meta name=\"author\" content=\"einar\" \/>\n<meta name=\"twitter:card\" content=\"summary_large_image\" \/>\n<meta name=\"twitter:label1\" content=\"Written by\" \/>\n\t<meta name=\"twitter:data1\" content=\"\" \/>\n\t<meta name=\"twitter:label2\" content=\"Est. reading time\" \/>\n\t<meta name=\"twitter:data2\" content=\"5 minutes\" \/>\n<script type=\"application\/ld+json\" class=\"yoast-schema-graph\">{\"@context\":\"https:\\\/\\\/schema.org\",\"@graph\":[{\"@type\":\"Article\",\"@id\":\"https:\\\/\\\/www.norn.is\\\/einar\\\/2011\\\/06\\\/26\\\/thjonkun-haskola-vid-valda-og-hagsmunaadila\\\/#article\",\"isPartOf\":{\"@id\":\"https:\\\/\\\/www.norn.is\\\/einar\\\/2011\\\/06\\\/26\\\/thjonkun-haskola-vid-valda-og-hagsmunaadila\\\/\"},\"author\":{\"name\":\"einar\",\"@id\":\"https:\\\/\\\/www.norn.is\\\/einar\\\/#\\\/schema\\\/person\\\/19affadb841a22f7bfd4bdcd72a862d0\"},\"headline\":\"\u00dej\u00f3nkun h\u00e1sk\u00f3la vi\u00f0 valda- og hagsmunaa\u00f0ila\",\"datePublished\":\"2011-06-26T13:21:23+00:00\",\"dateModified\":\"2017-09-24T11:05:09+00:00\",\"mainEntityOfPage\":{\"@id\":\"https:\\\/\\\/www.norn.is\\\/einar\\\/2011\\\/06\\\/26\\\/thjonkun-haskola-vid-valda-og-hagsmunaadila\\\/\"},\"wordCount\":1026,\"commentCount\":0,\"keywords\":[\"Al\u00fej\u00f3\u00f0am\u00e1lastofnun\",\"Gagns\u00e6i og leyndarhyggja\",\"H\u00e1sk\u00f3li \u00cdslands\",\"Helgi \u00c1ss Gr\u00e9tasson\",\"Lagastofnun H\u00cd\",\"L\u00cd\u00da\",\"\u00d3lafur \u00de. Har\u00f0arson\",\"\u00d3l\u00edna \u00deorvar\u00f0ard\u00f3ttir\",\"Valdakl\u00edkur og spilling\"],\"articleSection\":[\"Allt efni\",\"H\u00e1sk\u00f3lam\u00e1l\"],\"inLanguage\":\"is\",\"potentialAction\":[{\"@type\":\"CommentAction\",\"name\":\"Comment\",\"target\":[\"https:\\\/\\\/www.norn.is\\\/einar\\\/2011\\\/06\\\/26\\\/thjonkun-haskola-vid-valda-og-hagsmunaadila\\\/#respond\"]}]},{\"@type\":\"WebPage\",\"@id\":\"https:\\\/\\\/www.norn.is\\\/einar\\\/2011\\\/06\\\/26\\\/thjonkun-haskola-vid-valda-og-hagsmunaadila\\\/\",\"url\":\"https:\\\/\\\/www.norn.is\\\/einar\\\/2011\\\/06\\\/26\\\/thjonkun-haskola-vid-valda-og-hagsmunaadila\\\/\",\"name\":\"\u00dej\u00f3nkun h\u00e1sk\u00f3la vi\u00f0 valda- og hagsmunaa\u00f0ila - Einar\",\"isPartOf\":{\"@id\":\"https:\\\/\\\/www.norn.is\\\/einar\\\/#website\"},\"datePublished\":\"2011-06-26T13:21:23+00:00\",\"dateModified\":\"2017-09-24T11:05:09+00:00\",\"author\":{\"@id\":\"https:\\\/\\\/www.norn.is\\\/einar\\\/#\\\/schema\\\/person\\\/19affadb841a22f7bfd4bdcd72a862d0\"},\"breadcrumb\":{\"@id\":\"https:\\\/\\\/www.norn.is\\\/einar\\\/2011\\\/06\\\/26\\\/thjonkun-haskola-vid-valda-og-hagsmunaadila\\\/#breadcrumb\"},\"inLanguage\":\"is\",\"potentialAction\":[{\"@type\":\"ReadAction\",\"target\":[\"https:\\\/\\\/www.norn.is\\\/einar\\\/2011\\\/06\\\/26\\\/thjonkun-haskola-vid-valda-og-hagsmunaadila\\\/\"]}]},{\"@type\":\"BreadcrumbList\",\"@id\":\"https:\\\/\\\/www.norn.is\\\/einar\\\/2011\\\/06\\\/26\\\/thjonkun-haskola-vid-valda-og-hagsmunaadila\\\/#breadcrumb\",\"itemListElement\":[{\"@type\":\"ListItem\",\"position\":1,\"name\":\"Home\",\"item\":\"https:\\\/\\\/www.norn.is\\\/einar\\\/\"},{\"@type\":\"ListItem\",\"position\":2,\"name\":\"\u00dej\u00f3nkun h\u00e1sk\u00f3la vi\u00f0 valda- og hagsmunaa\u00f0ila\"}]},{\"@type\":\"WebSite\",\"@id\":\"https:\\\/\\\/www.norn.is\\\/einar\\\/#website\",\"url\":\"https:\\\/\\\/www.norn.is\\\/einar\\\/\",\"name\":\"Einar\",\"description\":\"Pistlar Einars Steingr\u00edmssonar\",\"potentialAction\":[{\"@type\":\"SearchAction\",\"target\":{\"@type\":\"EntryPoint\",\"urlTemplate\":\"https:\\\/\\\/www.norn.is\\\/einar\\\/?s={search_term_string}\"},\"query-input\":{\"@type\":\"PropertyValueSpecification\",\"valueRequired\":true,\"valueName\":\"search_term_string\"}}],\"inLanguage\":\"is\"},{\"@type\":\"Person\",\"@id\":\"https:\\\/\\\/www.norn.is\\\/einar\\\/#\\\/schema\\\/person\\\/19affadb841a22f7bfd4bdcd72a862d0\",\"name\":\"einar\",\"image\":{\"@type\":\"ImageObject\",\"inLanguage\":\"is\",\"@id\":\"https:\\\/\\\/secure.gravatar.com\\\/avatar\\\/6f5f5592f3cc45e338376db24f1672c636582d9c27d855e8f077f13ef13b17fd?s=96&d=mm&r=g\",\"url\":\"https:\\\/\\\/secure.gravatar.com\\\/avatar\\\/6f5f5592f3cc45e338376db24f1672c636582d9c27d855e8f077f13ef13b17fd?s=96&d=mm&r=g\",\"contentUrl\":\"https:\\\/\\\/secure.gravatar.com\\\/avatar\\\/6f5f5592f3cc45e338376db24f1672c636582d9c27d855e8f077f13ef13b17fd?s=96&d=mm&r=g\",\"caption\":\"einar\"},\"url\":\"https:\\\/\\\/www.norn.is\\\/einar\\\/author\\\/einarsteingrimsson\\\/\"}]}<\/script>\n<!-- \/ Yoast SEO plugin. -->","yoast_head_json":{"title":"\u00dej\u00f3nkun h\u00e1sk\u00f3la vi\u00f0 valda- og hagsmunaa\u00f0ila - Einar","robots":{"index":"index","follow":"follow","max-snippet":"max-snippet:-1","max-image-preview":"max-image-preview:large","max-video-preview":"max-video-preview:-1"},"canonical":"https:\/\/www.norn.is\/einar\/2011\/06\/26\/thjonkun-haskola-vid-valda-og-hagsmunaadila\/","og_locale":"is_IS","og_type":"article","og_title":"\u00dej\u00f3nkun h\u00e1sk\u00f3la vi\u00f0 valda- og hagsmunaa\u00f0ila - Einar","og_description":"\u00cd n\u00fdlegri\u00a0fr\u00e9tt\u00a0\u00e1 R\u00daV er sagt fr\u00e1 athugasemdum\u00a0\u00d3l\u00ednu \u00deorvar\u00f0ard\u00f3ttur\u00a0vi\u00f0 kostun \u00e1 st\u00f6\u00f0um starfsmanna h\u00e1sk\u00f3la, en h\u00fan nefndi s\u00e9rstaklega st\u00f6\u00f0u Helga \u00c1ss Gr\u00e9tarssonar vi\u00f0 Lagastofnun H\u00cd, sem kostu\u00f0 er af L\u00cd\u00da.\u00a0 H\u00e9r ver\u00f0ur ekki raki\u00f0 \u00fea\u00f0 sem Helgi hefur l\u00e1ti\u00f0 fr\u00e1 s\u00e9r &hellip; Halda \u00e1fram a\u00f0 lesa &rarr;","og_url":"https:\/\/www.norn.is\/einar\/2011\/06\/26\/thjonkun-haskola-vid-valda-og-hagsmunaadila\/","og_site_name":"Einar","article_published_time":"2011-06-26T13:21:23+00:00","article_modified_time":"2017-09-24T11:05:09+00:00","author":"einar","twitter_card":"summary_large_image","twitter_misc":{"Written by":false,"Est. reading time":"5 minutes"},"schema":{"@context":"https:\/\/schema.org","@graph":[{"@type":"Article","@id":"https:\/\/www.norn.is\/einar\/2011\/06\/26\/thjonkun-haskola-vid-valda-og-hagsmunaadila\/#article","isPartOf":{"@id":"https:\/\/www.norn.is\/einar\/2011\/06\/26\/thjonkun-haskola-vid-valda-og-hagsmunaadila\/"},"author":{"name":"einar","@id":"https:\/\/www.norn.is\/einar\/#\/schema\/person\/19affadb841a22f7bfd4bdcd72a862d0"},"headline":"\u00dej\u00f3nkun h\u00e1sk\u00f3la vi\u00f0 valda- og hagsmunaa\u00f0ila","datePublished":"2011-06-26T13:21:23+00:00","dateModified":"2017-09-24T11:05:09+00:00","mainEntityOfPage":{"@id":"https:\/\/www.norn.is\/einar\/2011\/06\/26\/thjonkun-haskola-vid-valda-og-hagsmunaadila\/"},"wordCount":1026,"commentCount":0,"keywords":["Al\u00fej\u00f3\u00f0am\u00e1lastofnun","Gagns\u00e6i og leyndarhyggja","H\u00e1sk\u00f3li \u00cdslands","Helgi \u00c1ss Gr\u00e9tasson","Lagastofnun H\u00cd","L\u00cd\u00da","\u00d3lafur \u00de. Har\u00f0arson","\u00d3l\u00edna \u00deorvar\u00f0ard\u00f3ttir","Valdakl\u00edkur og spilling"],"articleSection":["Allt efni","H\u00e1sk\u00f3lam\u00e1l"],"inLanguage":"is","potentialAction":[{"@type":"CommentAction","name":"Comment","target":["https:\/\/www.norn.is\/einar\/2011\/06\/26\/thjonkun-haskola-vid-valda-og-hagsmunaadila\/#respond"]}]},{"@type":"WebPage","@id":"https:\/\/www.norn.is\/einar\/2011\/06\/26\/thjonkun-haskola-vid-valda-og-hagsmunaadila\/","url":"https:\/\/www.norn.is\/einar\/2011\/06\/26\/thjonkun-haskola-vid-valda-og-hagsmunaadila\/","name":"\u00dej\u00f3nkun h\u00e1sk\u00f3la vi\u00f0 valda- og hagsmunaa\u00f0ila - Einar","isPartOf":{"@id":"https:\/\/www.norn.is\/einar\/#website"},"datePublished":"2011-06-26T13:21:23+00:00","dateModified":"2017-09-24T11:05:09+00:00","author":{"@id":"https:\/\/www.norn.is\/einar\/#\/schema\/person\/19affadb841a22f7bfd4bdcd72a862d0"},"breadcrumb":{"@id":"https:\/\/www.norn.is\/einar\/2011\/06\/26\/thjonkun-haskola-vid-valda-og-hagsmunaadila\/#breadcrumb"},"inLanguage":"is","potentialAction":[{"@type":"ReadAction","target":["https:\/\/www.norn.is\/einar\/2011\/06\/26\/thjonkun-haskola-vid-valda-og-hagsmunaadila\/"]}]},{"@type":"BreadcrumbList","@id":"https:\/\/www.norn.is\/einar\/2011\/06\/26\/thjonkun-haskola-vid-valda-og-hagsmunaadila\/#breadcrumb","itemListElement":[{"@type":"ListItem","position":1,"name":"Home","item":"https:\/\/www.norn.is\/einar\/"},{"@type":"ListItem","position":2,"name":"\u00dej\u00f3nkun h\u00e1sk\u00f3la vi\u00f0 valda- og hagsmunaa\u00f0ila"}]},{"@type":"WebSite","@id":"https:\/\/www.norn.is\/einar\/#website","url":"https:\/\/www.norn.is\/einar\/","name":"Einar","description":"Pistlar Einars Steingr\u00edmssonar","potentialAction":[{"@type":"SearchAction","target":{"@type":"EntryPoint","urlTemplate":"https:\/\/www.norn.is\/einar\/?s={search_term_string}"},"query-input":{"@type":"PropertyValueSpecification","valueRequired":true,"valueName":"search_term_string"}}],"inLanguage":"is"},{"@type":"Person","@id":"https:\/\/www.norn.is\/einar\/#\/schema\/person\/19affadb841a22f7bfd4bdcd72a862d0","name":"einar","image":{"@type":"ImageObject","inLanguage":"is","@id":"https:\/\/secure.gravatar.com\/avatar\/6f5f5592f3cc45e338376db24f1672c636582d9c27d855e8f077f13ef13b17fd?s=96&d=mm&r=g","url":"https:\/\/secure.gravatar.com\/avatar\/6f5f5592f3cc45e338376db24f1672c636582d9c27d855e8f077f13ef13b17fd?s=96&d=mm&r=g","contentUrl":"https:\/\/secure.gravatar.com\/avatar\/6f5f5592f3cc45e338376db24f1672c636582d9c27d855e8f077f13ef13b17fd?s=96&d=mm&r=g","caption":"einar"},"url":"https:\/\/www.norn.is\/einar\/author\/einarsteingrimsson\/"}]}},"_links":{"self":[{"href":"https:\/\/www.norn.is\/einar\/wp-json\/wp\/v2\/posts\/102","targetHints":{"allow":["GET"]}}],"collection":[{"href":"https:\/\/www.norn.is\/einar\/wp-json\/wp\/v2\/posts"}],"about":[{"href":"https:\/\/www.norn.is\/einar\/wp-json\/wp\/v2\/types\/post"}],"author":[{"embeddable":true,"href":"https:\/\/www.norn.is\/einar\/wp-json\/wp\/v2\/users\/10"}],"replies":[{"embeddable":true,"href":"https:\/\/www.norn.is\/einar\/wp-json\/wp\/v2\/comments?post=102"}],"version-history":[{"count":1,"href":"https:\/\/www.norn.is\/einar\/wp-json\/wp\/v2\/posts\/102\/revisions"}],"predecessor-version":[{"id":103,"href":"https:\/\/www.norn.is\/einar\/wp-json\/wp\/v2\/posts\/102\/revisions\/103"}],"wp:attachment":[{"href":"https:\/\/www.norn.is\/einar\/wp-json\/wp\/v2\/media?parent=102"}],"wp:term":[{"taxonomy":"category","embeddable":true,"href":"https:\/\/www.norn.is\/einar\/wp-json\/wp\/v2\/categories?post=102"},{"taxonomy":"post_tag","embeddable":true,"href":"https:\/\/www.norn.is\/einar\/wp-json\/wp\/v2\/tags?post=102"}],"curies":[{"name":"wp","href":"https:\/\/api.w.org\/{rel}","templated":true}]}}