{"id":1271,"date":"1985-04-19T11:37:54","date_gmt":"1985-04-19T11:37:54","guid":{"rendered":"http:\/\/www.norn.is\/birta\/?p=1271"},"modified":"2017-08-28T14:47:04","modified_gmt":"2017-08-28T14:47:04","slug":"elskan-litla-thykjustusaga-um-alvoruleiki","status":"publish","type":"post","link":"https:\/\/www.norn.is\/birta\/elskan-litla-thykjustusaga-um-alvoruleiki\/","title":{"rendered":"Elskan litla (\u00feykjustusaga um alv\u00f6ruleiki)"},"content":{"rendered":"<p><a href=\"http:\/\/www.norn.is\/birta\/wp-content\/uploads\/sites\/4\/1985\/04\/green-692444_960_720.jpg\"><img loading=\"lazy\" decoding=\"async\" class=\"aligncenter size-full wp-image-1309\" src=\"http:\/\/www.norn.is\/birta\/wp-content\/uploads\/sites\/4\/1985\/04\/green-692444_960_720.jpg\" alt=\"\" width=\"960\" height=\"472\" srcset=\"https:\/\/www.norn.is\/birta\/wp-content\/uploads\/sites\/4\/1985\/04\/green-692444_960_720.jpg 960w, https:\/\/www.norn.is\/birta\/wp-content\/uploads\/sites\/4\/1985\/04\/green-692444_960_720-300x148.jpg 300w, https:\/\/www.norn.is\/birta\/wp-content\/uploads\/sites\/4\/1985\/04\/green-692444_960_720-768x378.jpg 768w, https:\/\/www.norn.is\/birta\/wp-content\/uploads\/sites\/4\/1985\/04\/green-692444_960_720-500x246.jpg 500w\" sizes=\"auto, (max-width: 960px) 100vw, 960px\" \/><\/a>\u00de\u00fa segir \u00e1st \u00fe\u00edna beisla\u00f0a, stillta.<br \/>\nSegist elska mig sem g\u00f3\u00f0an vin.<\/p>\n<p>Anna\u00f0 segja vorbj\u00f6rt augu \u00fe\u00edn.<br \/>\nSem \u00fe\u00fa lokar<br \/>\n\u00feegar hjarta \u00feitt tekur a\u00f0 titra.<\/p>\n<p><!--more--><br \/>\n<em>***<\/em><\/p>\n<p><em>Situr kyrr \u00ed b\u00edlnum litla stund<\/em><\/p>\n<p>L\u00edtill b\u00e6r. \u00cd \u00fatja\u00f0ri hans hv\u00edtt rish\u00fas me\u00f0 bl\u00e1u \u00feaki og umhverfis \u00fea\u00f0 gar\u00f0ur me\u00f0 trj\u00e1m. \u00cd b\u00e6num mi\u00f0jum barnask\u00f3li og \u00ed stofu \u00e1 jar\u00f0h\u00e6\u00f0, myndmenntakennari a\u00f0 \u00fatsk\u00fdra strauma og stefnur fyrir l\u00edtt \u00e1hugas\u00f6mum 9. bekk. Fremst \u00ed stofunni, \u00fati vi\u00f0 glugga, h\u00fan.<\/p>\n<p><em>Opnar b\u00edldyrnar, st\u00edgur \u00fat, lokar.<\/em><\/p>\n<p>Einn \u00f3ve\u00f0ursdag b\u00fd\u00f0ur hann henni far heim \u00far sk\u00f3lanum. Upp fr\u00e1 \u00fev\u00ed, oft. Hann b\u00fd\u00f0ur henni vin\u00e1ttu s\u00edna, \u00feiggur hennar vin\u00e1ttu \u00ed sta\u00f0inn og h\u00fan vekur honum eitthva\u00f0 skylt gle\u00f0i, sem hann kann \u00fe\u00f3 ekki a\u00f0 nefna.<\/p>\n<p><em>Gengur rau\u00f0an malarst\u00edginn heim a\u00f0 h\u00fasinu.<\/em><\/p>\n<p>H\u00fan gefur miki\u00f0 og \u00feiggur miki\u00f0, ein \u00feeirra sjaldg\u00e6fu mannvera sem \u00fer\u00e1tt fyrir allt gera starf kennarans \u00feess vir\u00f0i a\u00f0 sinna \u00fev\u00ed af al\u00fa\u00f0. \u00d6rlyndi hennar og \u00e1str\u00ed\u00f0ufullur \u00e1hugi \u00e1 myndlist heilla hann og barnsleg einl\u00e6gni hennar hr\u00edfur. \u00c1 \u00e1rsh\u00e1t\u00ed\u00f0 barnask\u00f3lans hleypur einhver vitleysa \u00ed hann og hann tekur r\u00f3s \u00far vasa og r\u00e9ttir henni; &#8222;r\u00f3s handa r\u00f3s&#8220;. Og skilur a\u00f0 augnar\u00e1\u00f0i\u00f0 sem h\u00fan sendir honum merkir a\u00f0 h\u00fan skilur.<\/p>\n<p><em>N\u00e1lgast h\u00fasi\u00f0, s\u00e9r henni breg\u00f0a fyrir bak vi\u00f0 gullregn \u00ed bl\u00f3ma.<\/em><\/p>\n<p>L\u00f6ngu s\u00ed\u00f0ar birtist h\u00fan \u00e1 vinnustofunni hans. &#8222;Langa\u00f0i bara a\u00f0 sko\u00f0a.&#8220; Me\u00f0 lj\u00f3st h\u00e1ri\u00f0 flaksandi. Hann bindur \u00fea\u00f0 \u00ed tagl til a\u00f0 for\u00f0a \u00fev\u00ed fr\u00e1 ol\u00edulitnum.<\/p>\n<p>***<\/p>\n<p>Sumar. Og gullregni\u00f0 fari\u00f0 a\u00f0 bl\u00f3mstra. \u00c9g stend vi\u00f0 gluggann og b\u00ed\u00f0 &#8211; lengi. En \u00e9g gefst ekki upp. \u00c9g veit \u00fe\u00fa kemur.<\/p>\n<p>Gullregn og lykt af sumri og \u00e9g stend vi\u00f0 gluggann og s\u00e9 \u00feig koma. S\u00e9 \u00feig koma! Sumar, og heyri h\u00f6ggin \u00ed dyrahamrinum og hleyp til dyranna og opna. &#8222;H\u00e6!&#8220; og langar a\u00f0 henda m\u00e9r \u00ed fangi\u00f0 \u00e1 \u00fe\u00e9r. \u00de\u00fa kemur inn og \u00e9g laga kaffi. Eys kaffinu \u00ed papp\u00edrspokann \u00e1 me\u00f0an \u00fe\u00fa horfir \u00e1 sumari\u00f0 \u00fat um gluggann.<\/p>\n<p><em>Stendur vi\u00f0 gluggann, horfir \u00e1 tr\u00e9. Ilmur af kaffi \u00ed loftinu. Veltir erindi s\u00ednu fyrir s\u00e9r, reynir a\u00f0 hugsa upp eitthva\u00f0 til a\u00f0 segja.<\/em><\/p>\n<p>***<\/p>\n<p><em>Horfir \u00e1 hana handleika pensilinn. Segist ver\u00f0a ein heima. Og tagli\u00f0 hoppar, dansar. Finnur \u00f3stj\u00f3rnlega l\u00f6ngun til a\u00f0 renna fingurg\u00f3munum upp f\u00ednger\u00f0an hnakkann og \u00f3skar \u00feess a\u00f0 hafa kynnst henni 10 \u00e1rum fyrr.<\/em><\/p>\n<p>***<\/p>\n<p>Vi\u00f0 setjumst vi\u00f0 eldh\u00fassbor\u00f0i\u00f0. Drekkum kaffi. \u00deegjum. Ver\u00f0 a\u00f0 rj\u00fafa \u00fe\u00f6gnina.<br \/>\n&#8222;\u00c9g vissi a\u00f0 \u00fe\u00fa k\u00e6mir&#8220; segi \u00e9g, me\u00f0 svip sem \u00e9g held a\u00f0 l\u00fdsi sj\u00e1lfs\u00f6ryggi.<br \/>\n&#8222;J\u00e6ja?&#8220; H\u00e1lfvandr\u00e6\u00f0alegur og b\u00e6tir kaffi \u00ed bollann sem \u00fe\u00f3 er n\u00e6stum fullur. &#8222;Hvernig vissir\u00f0u \u00fea\u00f0?&#8220;<br \/>\nEn \u00fe\u00fa \u00fearft ekki a\u00f0 spyrja. Vissir a\u00f0 \u00e9g yr\u00f0i ein. Svo \u00e9g svara a\u00f0eins me\u00f0 svipbrig\u00f0um; heimskonan og s\u00e6ta stelpan \u00ed einni ringulrei\u00f0.<\/p>\n<p>&#8222;\u00c9g \u00e6tla\u00f0i a\u00f0 bj\u00f3\u00f0a \u00fe\u00e9r \u00ed b\u00edlt\u00far. Bara keyra eitthva\u00f0 um. Ef \u00feig langar?&#8220; Ha,ha,ha! Segi ekkert en l\u00e6t augu m\u00edn um a\u00f0 tala. H\u00e1lfvandr\u00e6\u00f0asvipurinn ver\u00f0ur alger. \u00c1kve\u00f0 a\u00f0 svara sk\u00fdrar.<br \/>\n&#8222;Veistu &#8230; \u00e9g held a\u00f0 \u00feig langi ekkert \u00fat a\u00f0 keyra. \u00c9g held a\u00f0 \u00fea\u00f0 s\u00e9 allt anna\u00f0 sem \u00fe\u00fa vilt.&#8220; (Da\u00f0randi.)<br \/>\n&#8222;N\u00fa? Eins og hva\u00f0?&#8220; Endurheimt \u00f6ryggi og \u00fe\u00fa sn\u00fdr\u00f0 v\u00f6rn \u00ed s\u00f3kn. \u00d3key, \u00fe\u00e1 sn\u00fd \u00e9g bara aftur, eins oft og \u00e9g \u00fearf.<br \/>\n&#8222;Kannski a\u00f0 koma \u00ed skjaldb\u00f6kuleik?&#8220;<br \/>\n&#8222;Hva\u00f0 \u00e1ttu vi\u00f0?&#8220;<br \/>\n&#8222;Svona leikur bara. Vi\u00f0 skr\u00ed\u00f0um undir \u00fevottabala og \u00feykjumst vera skjaldb\u00f6kur.&#8220;<br \/>\n&#8222;Til hvers?&#8220; (Spenntur.)<br \/>\n&#8222;Bara. Svamla innan um vatnaliljur og eitthva\u00f0 svolei\u00f0is. \u00c9g meina &#8211; til hvers a\u00f0 fara \u00fat a\u00f0 keyra? \u00c6tli tilgangurinn yr\u00f0i ekki alltaf s\u00e1 sami.&#8220; Set upp heimskonu-frekju-g\u00e1fusvipinn.<\/p>\n<p>\u00de\u00fa hellir \u00ed bollann, hr\u00e6rir lengi og horfir ofan \u00ed svart kaffi\u00f0. &#8222;J\u00e6ja \u00fe\u00e1,&#8220; (Blandi\u00f0 lei\u00f0a og kv\u00ed\u00f0a og hamingju og sektarkennd.) &#8222;\u00e9g b\u00fdst vi\u00f0 a\u00f0 mig hafi langa\u00f0 til a\u00f0 sj\u00e1 \u00feig.&#8220;<br \/>\nOg \u00e9g finn eitthva\u00f0 hl\u00fdtt inni \u00ed m\u00e9r og \u00fea\u00f0 byrjar a\u00f0 renna og fl\u00e6\u00f0a og streyma um mig alla; hendur m\u00ednar ver\u00f0a heitar.<\/p>\n<p>Geng \u00fat a\u00f0 glugganum. \u00de\u00fa stendur upp og kemur til m\u00edn. Stendur bak vi\u00f0 mig og vi\u00f0 horfum \u00fat.<br \/>\n&#8222;Gullregn&#8220; segir \u00fe\u00fa og snertir h\u00e1ri\u00f0 \u00e1 m\u00e9r, bundi\u00f0 \u00ed tagl. Fingurg\u00f3marnir nema vi\u00f0 h\u00e1lsinn aftanver\u00f0an og hjarta\u00f0 \u00ed m\u00e9r \u00f3lmast, hamast, ba\u00f0ar \u00fat v\u00e6ngjunum eins og fugl sem leitar \u00fatg\u00f6ngulei\u00f0ar \u00far allt of litlu r\u00fdmi.<br \/>\n&#8222;Eigum vi\u00f0 a\u00f0 klifra upp \u00ed \u00fea\u00f0 og kyssast?&#8220; segi \u00e9g.<br \/>\n&#8222;Ert\u00b4 eitthva\u00f0 verri!&#8220; segir \u00fe\u00fa hneyksla\u00f0ur.<br \/>\n&#8222;J\u00e1!&#8220; Og \u00e9g hleyp \u00fat og klifra upp \u00ed \u00ed gullregni\u00f0. Veit \u00e9g m\u00e1 \u00fea\u00f0 eiginlega ekki. Mamma segir a\u00f0 \u00fea\u00f0 s\u00e9 eitra\u00f0 en m\u00e9r er nokk sama. \u00de\u00fa kemur \u00fat og sest \u00e1 ver\u00f6ndina.<br \/>\n&#8222;Komdu!&#8220;<br \/>\nEn \u00fe\u00fa kemur ekki og \u00e9g klifra aftur ni\u00f0ur \u00far tr\u00e9nu og sest hj\u00e1 \u00fe\u00e9r.<br \/>\n&#8222;Viltu ekki kyssa mig?&#8220; (Hissast\u00farin.)<br \/>\n&#8222;Ert\u00b4 ekki \u00ed lagi. \u00dea\u00f0 g\u00e6ti einhver s\u00e9\u00f0 okkur.&#8220;<br \/>\n&#8222;Komdu \u00fe\u00e1 inn.&#8220;<br \/>\n&#8222;Nei. \u00dea\u00f0 gengur ekki. Allt skemmist. M\u00e1 ekki.&#8220;<br \/>\n&#8222;H\u00ed \u00e1 \u00f0ig! \u00deorir ekki. Heldur a\u00f0 \u00e9g breytist \u00ed frosk. St\u00f3ran og gr\u00e6nan og sl\u00edmugan og segi ribbid.&#8220; (G\u00e1skas\u00e1r. Kannski barnskona e\u00f0a konubarn, veit ekki hvort.)<br \/>\n&#8222;Ertu f\u00fal?&#8220; (N\u00e6stum hv\u00edslandi.)<br \/>\n\u201cNei!\u201d Og geri mig s\u00e6ta.<br \/>\n&#8222;Allt yr\u00f0i s\u00e1rara. Leiktu frekar vi\u00f0 vatnaliljur.\u201c<\/p>\n<p>&#8222;Til hvers komstu \u00fe\u00e1?&#8220;<br \/>\n&#8222;\u00c9g h\u00e6tti vi\u00f0. Ma\u00f0ur m\u00e1 h\u00e6tta vi\u00f0,&#8220; segir \u00fe\u00fa og gerir \u00feig g\u00e1fulegan.<br \/>\n&#8222;Akk\u00farat. Allt \u00ed lagi a\u00f0 da\u00f0ra vi\u00f0 krakkaf\u00edfl e\u00f0a hva\u00f0? Allt \u00ed lagi a\u00f0 leika s\u00e9r, bara ekki sleppa lausu? Ekki taka \u00e1h\u00e6ttu vegna svona unglingsr\u00e6fils, st\u00edga bara \u00e1 mann?&#8220; Ofsarei\u00f0 og hef alveg misst stj\u00f3rnina. \u00d6ll vel \u00e6f\u00f0u svipbrig\u00f0in t\u00fdnd og s\u00e1rsaukinn nakinn.<\/p>\n<p>&#8222;Ekki vera vond vi\u00f0 mig.&#8220; (Bi\u00f0jandi og r\u00e9ttir h\u00f6ndina. S\u00e9 h\u00fan er hl\u00fd.)<br \/>\nOg \u00fe\u00fa tekur um hendur m\u00ednar b\u00e1\u00f0ar og \u00e9g ver\u00f0 aftur heit inni \u00ed m\u00e9r. Og \u00fe\u00fa ert skr\u00fdtinn \u00e1 svipinn og \u00fea\u00f0 er sumar og \u00fea\u00f0 er gullregn og litlir dropar detta \u00far loftinu og tylla s\u00e9r \u00e1 h\u00e1r mitt og hendur.<br \/>\n&#8222;Vi\u00f0 skulum ekki fara inn&#8220; segir \u00fe\u00fa.<br \/>\n&#8222;F\u00f6rum frekar \u00ed g\u00f6ngufer\u00f0,&#8220; segi \u00e9g. &#8222;M\u00e9r er sama \u00fe\u00f3tt \u00fea\u00f0 sj\u00e1ist.&#8220;<\/p>\n<p>Vi\u00f0 g\u00f6ngum saman eftir rau\u00f0um malarst\u00edgnum og vot m\u00f6lin brakar undir f\u00f3tum okkar. \u00de\u00fa ert \u00ed gr\u00e6na regnfrakkanum hans pabba m\u00edns og st\u00edgv\u00e9lunum hans l\u00edka. \u00c9g tek \u00ed h\u00f6nd \u00fe\u00edna og vi\u00f0 lei\u00f0umst. Lei\u00f0umst \u00ed rigningunni, ni\u00f0ur malarst\u00edginn og \u00fat \u00e1 \u00fej\u00f3\u00f0veginn. G\u00f6ngum eftir gangst\u00e9ttinni og g\u00e6tum \u00feess a\u00f0 st\u00edga ekki \u00e1 strik. Alveg \u00fear til gangst\u00e9ttin endar.<\/p>\n<p>Og vi\u00f0 f\u00f6rum \u00fat af veginum og v\u00f6\u00f0um \u00ed grunnum skur\u00f0um og horfum \u00e1 regndropana renna s\u00e9r eftir gr\u00e6num str\u00e1um, h\u00e6gt og h\u00e6gt og hverfa ofan \u00ed j\u00f6r\u00f0ina. \u00c9g segi \u00fe\u00e9r fr\u00e1 hundinum m\u00ednum sem d\u00f3 og \u00fe\u00fa segir m\u00e9r fr\u00e1 besta vini \u00fe\u00ednum sem flutti til \u00fatlanda og skrifar aldrei. \u00c9g skrifa me\u00f0 brotinni tr\u00e1grein \u00ed le\u00f0juna; F + \u00de og dreg hjarta utan um. \u00de\u00fa hl\u00e6r\u00f0 og r\u00f3tar yfir aftur.<\/p>\n<p>Og svo kyssumst vi\u00f0. St\u00f6ndum \u00ed drullupolli og kyssumst \u00ed rigningu og \u00e9g er me\u00f0 blautt h\u00e1r og \u00fe\u00fa kreistir dropa \u00far h\u00e1rinu \u00e1 m\u00e9r svo \u00feeir renna ni\u00f0ur hnakkann, ni\u00f0ur \u00ed h\u00e1lsm\u00e1li\u00f0 og kitla. Og \u00e1 heimlei\u00f0inni brakar m\u00f6lin og skrj\u00e1far, vot og rau\u00f0 undir f\u00f3tum \u00ed st\u00edgv\u00e9lum.<\/p>\n<p>***<\/p>\n<p>Herbergi\u00f0 mitt. L\u00edtill upp\u00e1haldssta\u00f0ur uppi \u00ed risinu. Varla manngengt, me\u00f0 skotum og kvistum. Vi\u00f0 sitjum \u00e1 r\u00faminu m\u00ednu og \u00fe\u00fa hr\u00e6rir \u00feegjandi \u00ed kaffibolla.<\/p>\n<p>&#8222;Eigum vi\u00f0 a\u00f0 koma a\u00f0 \u00feykjast a\u00f0 vi\u00f0 s\u00e9um sard\u00ednur?&#8220; (S\u00e6t)<br \/>\n&#8222;Hvernig er \u00fea\u00f0?&#8220; (Ekki hissa og heldur ekki hneyksla\u00f0ur.)<br \/>\n&#8222;Vi\u00f0 fyllum ba\u00f0keri\u00f0 af ol\u00edu og h\u00f6fum \u00fea\u00f0 fyrir sard\u00ednud\u00f3s.&#8220;<br \/>\n&#8222;Og ver\u00f0um sard\u00ednur \u00ed ol\u00edu?&#8220;<br \/>\n&#8222;Aha!&#8220;<br \/>\n&#8222;\u00c1ttu svo mikla ol\u00edu?&#8220;<br \/>\n&#8222;Nei, en vi\u00f0 g\u00e6tum dr\u00fdgt hana me\u00f0 vatni.&#8220;<br \/>\n&#8222;Bullustertur!&#8220;<\/p>\n<p>\u00de\u00fa stendur upp og sko\u00f0ar herbergi\u00f0 betur. Vatnslitamyndirnar \u00e1 veggnum. Spyr\u00f0 hvort \u00e9g hafi gert \u00fe\u00e6r. \u00c9g j\u00e1ta. Spyr\u00f0 hvort \u00e9g vilji m\u00e1la mynd handa \u00fe\u00e9r. Kinka kolli og segist skulu &#8222;m\u00e1la \u00feig&#8220;. S\u00e6ki litina.<\/p>\n<p>Ligg \u00e1 hnj\u00e1num \u00e1 r\u00faminu og hneppi skyrtunni fr\u00e1 \u00fe\u00e9r. M\u00e1la brj\u00f3st \u00feitt og her\u00f0ar og h\u00e1ls. M\u00e1la fugla og fi\u00f0rildi og gullregn \u00ed bl\u00f3ma. \u00de\u00fa flissar \u00feegar pensillinn kitlar.<br \/>\n&#8222;N\u00fa \u00fe\u00fa&#8220; segi \u00e9g og r\u00e9tti \u00fe\u00e9r pensilinn. \u00de\u00fa tekur vi\u00f0 honum og heldur honum milli tannanna me\u00f0an \u00fe\u00fa togar af m\u00e9r peysuna, klaufalega \u00e1n er\u00f3t\u00edskra til\u00ferifa. D\u00fdfir penslinum \u00ed vatni\u00f0 og ber\u00f0 rau\u00f0an lit \u00e1 geirv\u00f6rtuna og gult \u00ed kringum. Barnsleg mynd af brosandi bl\u00f3mi. \u00dea\u00f0 hefur s\u00edtt h\u00e1r og r\u00e6tur sem minna \u00e1 t\u00e6r og standa langt upp \u00far moldinni. \u00datsk\u00fdrir.<\/p>\n<p>&#8222;Mynd af \u00fe\u00e9r. \u00c6vint\u00fdrar\u00f3s&#8220;. Hl\u00e6r\u00f0 og str\u00fdkur tveimur fingrum yfir aftanver\u00f0an h\u00e1lsinn. Byrjar \u00e1 bakinu og m\u00e1lar st\u00f3ra fleti me\u00f0 sv\u00f6rtum lit og bl\u00e1um.<br \/>\n&#8222;Hva\u00f0 ertu a\u00f0 m\u00e1la?&#8220;<br \/>\n&#8222;Ol\u00eduborpall.&#8220;<\/p>\n<p>Litirnir eru flj\u00f3tir a\u00f0 \u00feorna. Vi\u00f0 liggjum \u00e1 hnj\u00e1num og \u00fe\u00fa fa\u00f0mar mig. Og vi\u00f0 erum eldsp\u00fdtur \u00ed eldsp\u00fdtnastokki og \u00fea\u00f0 er g\u00f3\u00f0 lykt af \u00fe\u00e9r og m\u00e9r er hl\u00fdtt. Og \u00fea\u00f0 kviknar \u00ed m\u00e9r. Hendur m\u00ednar leitandi eins og \u00fe\u00e6r b\u00fai yfir sj\u00e1lfst\u00e6\u00f0um vilja. En \u00fe\u00fa tekur \u00fe\u00e6r og heldur fast utan um \u00fe\u00e6r b\u00e1\u00f0ar.<br \/>\n&#8222;Nei. \u00dea\u00f0 m\u00e1 ekki gerast.&#8220; Stendur svo upp og kl\u00e6\u00f0ir \u00feig.<\/p>\n<p>\u00c9g fylgi \u00fe\u00e9r til dyra og horfi \u00e1 \u00feig fara \u00ed sk\u00f3na \u00fe\u00edna.<br \/>\n&#8222;Kannski skil \u00e9g vi\u00f0 hana,&#8220; segir\u00f0u og leggur h\u00f6nd \u00e1 \u00f6xl m\u00edna.<br \/>\n&#8222;Nei-hei, \u00fea\u00f0 gerir\u00f0u sko \u00e1rei\u00f0anlega ekki,&#8220; segi \u00e9g og reyni a\u00f0 l\u00e1ta r\u00f6ddina hlj\u00f3ma k\u00e6ruleysislega en \u00fea\u00f0 mistekst gersamlega.<br \/>\n&#8222;Nei. \u00c9g b\u00fdst ekki vi\u00f0 \u00fev\u00ed.&#8220;<br \/>\n&#8222;M\u00e1 \u00e9g samt koma til \u00fe\u00edn \u00e1 vinnustofuna aftur? Bara til a\u00f0 sj\u00e1?&#8220; (Seg\u00f0u j\u00e1, \u00fe\u00fa ver\u00f0ur a\u00f0 segja j\u00e1.)<br \/>\n&#8222;\u00c9g held \u00fea\u00f0 s\u00e9 ekki g\u00f3\u00f0 hugmynd.&#8220;<\/p>\n<p>\u00de\u00f6gn.<\/p>\n<p>&#8222;Nei, \u00e9g held \u00ed alv\u00f6ru a\u00f0 \u00fea\u00f0 v\u00e6ri ekki g\u00f3\u00f0 hugmynd en ef \u00e9g \u00e6tti a\u00f0 vera bl\u00f3m \u00fe\u00e1 vildi \u00e9g vera vatnalilja.&#8220;<\/p>\n<p>\u00c9g segi ekki or\u00f0. \u00de\u00fa horfir \u00e1 mig. Augu \u00fe\u00edn t\u00f3m. Hendur \u00fe\u00ednar \u00e1 \u00f6xlum m\u00ednum. Kyssir h\u00e1r mitt. &#8222;Elskan litla &#8230;&#8220; og \u00fea\u00f0 er sorg \u00ed r\u00f6ddinni.<\/p>\n<p>Heyri b\u00edlinn fara \u00ed gang og aka burtu. S\u00e9 \u00feig fyrir m\u00e9r \u00fear sem \u00fe\u00fa situr \u00ed b\u00edlnum og sp\u00e6nir upp malbiki\u00f0 \u00e1 150 km. hra\u00f0a, heim. Heim til konunnar \u00feinnar.<\/p>\n<p>***<\/p>\n<p>Sumar. Og bleik morgunsk\u00fd \u00e1 bl\u00e1um himni. Og d\u00f6gg \u00ed grasinu og gullregn \u00ed bl\u00f3ma. Og \u00e9g &#8211; \u00e9g er aftur ein. Stend fyrir framan st\u00f3ra spegilinn \u00e1 ba\u00f0inu og pr\u00f3fa bit rakbla\u00f0sins \u00e1 n\u00f6gl.<\/p>\n<p>\u00dea\u00f0 er \u00e6vint\u00fdrabl\u00f3m \u00e1 brj\u00f3stinu \u00e1 m\u00e9r. Geirvartan rau\u00f0 eins og l\u00edti\u00f0 nef. Tek fram aukaspegil til a\u00f0 sj\u00e1 baki\u00f0. Ol\u00eduborpallurinn er st\u00f3r og lj\u00f3t klessa. Sv\u00f6rt me\u00f0 bl\u00e1u \u00ed kring. Og fyrir ne\u00f0an &#8211; l\u00edti\u00f0 rautt hjarta me\u00f0 sv\u00f6rtum st\u00f6fum F + \u00de. Brosi me\u00f0 sj\u00e1lfri m\u00e9r og skr\u00fafa fr\u00e1 sturtunni. Renni bla\u00f0inu m\u00f3ti r\u00f3tinni og raka h\u00e1rin \u00far handarkrikanum.<\/p>\n<p>Vatni\u00f0 er hl\u00fdtt. \u00c1 morgun kemur n\u00fdr dagur &#8211; og enginn veit. Enginn veit a\u00f0 vi\u00f0 h\u00f6fum fari\u00f0 \u00ed g\u00f6ngufer\u00f0 \u00ed rigningu og kysst \u00ed drullupolli. Vatni\u00f0 er hl\u00fdtt. Og enginn veit a\u00f0 \u00fe\u00fa hefur m\u00e1la\u00f0 \u00e1 mig hjarta.<\/p>\n<p>Vatni\u00f0 er hl\u00fdtt. \u00dea\u00f0 er mj\u00fakt og \u00fea\u00f0 er hreint og \u00fea\u00f0 fa\u00f0mar mig og streymir um mig alla. Og m\u00e1lverkin sem \u00fe\u00fa skreyttir mig me\u00f0 leysast upp og hverfa. Renna \u00ed mj\u00f3um taumum ni\u00f0ur l\u00edkama minn og hverfa ofan \u00ed ni\u00f0urfalli\u00f0.<br \/>\nSv\u00f6rt.<br \/>\nOg gul.<br \/>\nOg rau\u00f0.<\/p>\n","protected":false},"excerpt":{"rendered":"<p>\u00de\u00fa segir \u00e1st \u00fe\u00edna beisla\u00f0a, stillta. Segist elska mig sem g\u00f3\u00f0an vin. Anna\u00f0 segja vorbj\u00f6rt augu \u00fe\u00edn. Sem \u00fe\u00fa lokar \u00feegar hjarta \u00feitt tekur a\u00f0 titra.<\/p>\n","protected":false},"author":2,"featured_media":0,"comment_status":"closed","ping_status":"closed","sticky":false,"template":"","format":"standard","meta":{"footnotes":""},"categories":[1,3],"tags":[],"class_list":["post-1271","post","type-post","status-publish","format-standard","hentry","category-allt-efni","category-sogur"],"yoast_head":"<!-- This site is optimized with the Yoast SEO plugin v27.4 - https:\/\/yoast.com\/product\/yoast-seo-wordpress\/ -->\n<title>Elskan litla (\u00feykjustusaga um alv\u00f6ruleiki) - Birta<\/title>\n<meta name=\"robots\" content=\"index, follow, max-snippet:-1, max-image-preview:large, max-video-preview:-1\" \/>\n<link rel=\"canonical\" href=\"https:\/\/www.norn.is\/birta\/elskan-litla-thykjustusaga-um-alvoruleiki\/\" \/>\n<meta property=\"og:locale\" content=\"is_IS\" \/>\n<meta property=\"og:type\" content=\"article\" \/>\n<meta property=\"og:title\" content=\"Elskan litla (\u00feykjustusaga um alv\u00f6ruleiki) - Birta\" \/>\n<meta property=\"og:description\" content=\"\u00de\u00fa segir \u00e1st \u00fe\u00edna beisla\u00f0a, stillta. Segist elska mig sem g\u00f3\u00f0an vin. Anna\u00f0 segja vorbj\u00f6rt augu \u00fe\u00edn. Sem \u00fe\u00fa lokar \u00feegar hjarta \u00feitt tekur a\u00f0 titra.\" \/>\n<meta property=\"og:url\" content=\"https:\/\/www.norn.is\/birta\/elskan-litla-thykjustusaga-um-alvoruleiki\/\" \/>\n<meta property=\"og:site_name\" content=\"Birta\" \/>\n<meta property=\"article:published_time\" content=\"1985-04-19T11:37:54+00:00\" \/>\n<meta property=\"article:modified_time\" content=\"2017-08-28T14:47:04+00:00\" \/>\n<meta property=\"og:image\" content=\"http:\/\/www.norn.is\/birta\/wp-content\/uploads\/sites\/4\/1985\/04\/green-692444_960_720.jpg\" \/>\n<meta name=\"author\" content=\"Eva Hauksd\u00f3ttir\" \/>\n<meta name=\"twitter:card\" content=\"summary_large_image\" \/>\n<meta name=\"twitter:label1\" content=\"Written by\" \/>\n\t<meta name=\"twitter:data1\" content=\"\" \/>\n\t<meta name=\"twitter:label2\" content=\"Est. reading time\" \/>\n\t<meta name=\"twitter:data2\" content=\"10 minutes\" \/>\n<script type=\"application\/ld+json\" class=\"yoast-schema-graph\">{\"@context\":\"https:\\\/\\\/schema.org\",\"@graph\":[{\"@type\":\"Article\",\"@id\":\"https:\\\/\\\/www.norn.is\\\/birta\\\/elskan-litla-thykjustusaga-um-alvoruleiki\\\/#article\",\"isPartOf\":{\"@id\":\"https:\\\/\\\/www.norn.is\\\/birta\\\/elskan-litla-thykjustusaga-um-alvoruleiki\\\/\"},\"author\":{\"name\":\"Eva Hauksd\u00f3ttir\",\"@id\":\"https:\\\/\\\/www.norn.is\\\/birta\\\/#\\\/schema\\\/person\\\/2eb0fcae9e1ecc61987f7ed9c878531c\"},\"headline\":\"Elskan litla (\u00feykjustusaga um alv\u00f6ruleiki)\",\"datePublished\":\"1985-04-19T11:37:54+00:00\",\"dateModified\":\"2017-08-28T14:47:04+00:00\",\"mainEntityOfPage\":{\"@id\":\"https:\\\/\\\/www.norn.is\\\/birta\\\/elskan-litla-thykjustusaga-um-alvoruleiki\\\/\"},\"wordCount\":1997,\"image\":{\"@id\":\"https:\\\/\\\/www.norn.is\\\/birta\\\/elskan-litla-thykjustusaga-um-alvoruleiki\\\/#primaryimage\"},\"thumbnailUrl\":\"http:\\\/\\\/www.norn.is\\\/birta\\\/wp-content\\\/uploads\\\/sites\\\/4\\\/1985\\\/04\\\/green-692444_960_720.jpg\",\"articleSection\":[\"Allt efni\",\"S\u00f6gur\"],\"inLanguage\":\"is\"},{\"@type\":\"WebPage\",\"@id\":\"https:\\\/\\\/www.norn.is\\\/birta\\\/elskan-litla-thykjustusaga-um-alvoruleiki\\\/\",\"url\":\"https:\\\/\\\/www.norn.is\\\/birta\\\/elskan-litla-thykjustusaga-um-alvoruleiki\\\/\",\"name\":\"Elskan litla (\u00feykjustusaga um alv\u00f6ruleiki) - Birta\",\"isPartOf\":{\"@id\":\"https:\\\/\\\/www.norn.is\\\/birta\\\/#website\"},\"primaryImageOfPage\":{\"@id\":\"https:\\\/\\\/www.norn.is\\\/birta\\\/elskan-litla-thykjustusaga-um-alvoruleiki\\\/#primaryimage\"},\"image\":{\"@id\":\"https:\\\/\\\/www.norn.is\\\/birta\\\/elskan-litla-thykjustusaga-um-alvoruleiki\\\/#primaryimage\"},\"thumbnailUrl\":\"http:\\\/\\\/www.norn.is\\\/birta\\\/wp-content\\\/uploads\\\/sites\\\/4\\\/1985\\\/04\\\/green-692444_960_720.jpg\",\"datePublished\":\"1985-04-19T11:37:54+00:00\",\"dateModified\":\"2017-08-28T14:47:04+00:00\",\"author\":{\"@id\":\"https:\\\/\\\/www.norn.is\\\/birta\\\/#\\\/schema\\\/person\\\/2eb0fcae9e1ecc61987f7ed9c878531c\"},\"breadcrumb\":{\"@id\":\"https:\\\/\\\/www.norn.is\\\/birta\\\/elskan-litla-thykjustusaga-um-alvoruleiki\\\/#breadcrumb\"},\"inLanguage\":\"is\",\"potentialAction\":[{\"@type\":\"ReadAction\",\"target\":[\"https:\\\/\\\/www.norn.is\\\/birta\\\/elskan-litla-thykjustusaga-um-alvoruleiki\\\/\"]}]},{\"@type\":\"ImageObject\",\"inLanguage\":\"is\",\"@id\":\"https:\\\/\\\/www.norn.is\\\/birta\\\/elskan-litla-thykjustusaga-um-alvoruleiki\\\/#primaryimage\",\"url\":\"http:\\\/\\\/www.norn.is\\\/birta\\\/wp-content\\\/uploads\\\/sites\\\/4\\\/1985\\\/04\\\/green-692444_960_720.jpg\",\"contentUrl\":\"http:\\\/\\\/www.norn.is\\\/birta\\\/wp-content\\\/uploads\\\/sites\\\/4\\\/1985\\\/04\\\/green-692444_960_720.jpg\"},{\"@type\":\"BreadcrumbList\",\"@id\":\"https:\\\/\\\/www.norn.is\\\/birta\\\/elskan-litla-thykjustusaga-um-alvoruleiki\\\/#breadcrumb\",\"itemListElement\":[{\"@type\":\"ListItem\",\"position\":1,\"name\":\"Home\",\"item\":\"https:\\\/\\\/www.norn.is\\\/birta\\\/\"},{\"@type\":\"ListItem\",\"position\":2,\"name\":\"Elskan litla (\u00feykjustusaga um alv\u00f6ruleiki)\"}]},{\"@type\":\"WebSite\",\"@id\":\"https:\\\/\\\/www.norn.is\\\/birta\\\/#website\",\"url\":\"https:\\\/\\\/www.norn.is\\\/birta\\\/\",\"name\":\"Birta\",\"description\":\"Evukv\u00e6\u00f0i\",\"potentialAction\":[{\"@type\":\"SearchAction\",\"target\":{\"@type\":\"EntryPoint\",\"urlTemplate\":\"https:\\\/\\\/www.norn.is\\\/birta\\\/?s={search_term_string}\"},\"query-input\":{\"@type\":\"PropertyValueSpecification\",\"valueRequired\":true,\"valueName\":\"search_term_string\"}}],\"inLanguage\":\"is\"},{\"@type\":\"Person\",\"@id\":\"https:\\\/\\\/www.norn.is\\\/birta\\\/#\\\/schema\\\/person\\\/2eb0fcae9e1ecc61987f7ed9c878531c\",\"name\":\"Eva Hauksd\u00f3ttir\",\"image\":{\"@type\":\"ImageObject\",\"inLanguage\":\"is\",\"@id\":\"https:\\\/\\\/secure.gravatar.com\\\/avatar\\\/8f1d4f3f379bbe5cdcc53fac0b01db372008abff552bfdb18e597a370bfe1d4b?s=96&r=g\",\"url\":\"https:\\\/\\\/secure.gravatar.com\\\/avatar\\\/8f1d4f3f379bbe5cdcc53fac0b01db372008abff552bfdb18e597a370bfe1d4b?s=96&r=g\",\"contentUrl\":\"https:\\\/\\\/secure.gravatar.com\\\/avatar\\\/8f1d4f3f379bbe5cdcc53fac0b01db372008abff552bfdb18e597a370bfe1d4b?s=96&r=g\",\"caption\":\"Eva Hauksd\u00f3ttir\"},\"sameAs\":[\"http:\\\/\\\/www.norn.is\"],\"url\":\"https:\\\/\\\/www.norn.is\\\/birta\\\/author\\\/eva\\\/\"}]}<\/script>\n<!-- \/ Yoast SEO plugin. -->","yoast_head_json":{"title":"Elskan litla (\u00feykjustusaga um alv\u00f6ruleiki) - Birta","robots":{"index":"index","follow":"follow","max-snippet":"max-snippet:-1","max-image-preview":"max-image-preview:large","max-video-preview":"max-video-preview:-1"},"canonical":"https:\/\/www.norn.is\/birta\/elskan-litla-thykjustusaga-um-alvoruleiki\/","og_locale":"is_IS","og_type":"article","og_title":"Elskan litla (\u00feykjustusaga um alv\u00f6ruleiki) - Birta","og_description":"\u00de\u00fa segir \u00e1st \u00fe\u00edna beisla\u00f0a, stillta. Segist elska mig sem g\u00f3\u00f0an vin. Anna\u00f0 segja vorbj\u00f6rt augu \u00fe\u00edn. Sem \u00fe\u00fa lokar \u00feegar hjarta \u00feitt tekur a\u00f0 titra.","og_url":"https:\/\/www.norn.is\/birta\/elskan-litla-thykjustusaga-um-alvoruleiki\/","og_site_name":"Birta","article_published_time":"1985-04-19T11:37:54+00:00","article_modified_time":"2017-08-28T14:47:04+00:00","og_image":[{"url":"http:\/\/www.norn.is\/birta\/wp-content\/uploads\/sites\/4\/1985\/04\/green-692444_960_720.jpg","type":"","width":"","height":""}],"author":"Eva Hauksd\u00f3ttir","twitter_card":"summary_large_image","twitter_misc":{"Written by":false,"Est. reading time":"10 minutes"},"schema":{"@context":"https:\/\/schema.org","@graph":[{"@type":"Article","@id":"https:\/\/www.norn.is\/birta\/elskan-litla-thykjustusaga-um-alvoruleiki\/#article","isPartOf":{"@id":"https:\/\/www.norn.is\/birta\/elskan-litla-thykjustusaga-um-alvoruleiki\/"},"author":{"name":"Eva Hauksd\u00f3ttir","@id":"https:\/\/www.norn.is\/birta\/#\/schema\/person\/2eb0fcae9e1ecc61987f7ed9c878531c"},"headline":"Elskan litla (\u00feykjustusaga um alv\u00f6ruleiki)","datePublished":"1985-04-19T11:37:54+00:00","dateModified":"2017-08-28T14:47:04+00:00","mainEntityOfPage":{"@id":"https:\/\/www.norn.is\/birta\/elskan-litla-thykjustusaga-um-alvoruleiki\/"},"wordCount":1997,"image":{"@id":"https:\/\/www.norn.is\/birta\/elskan-litla-thykjustusaga-um-alvoruleiki\/#primaryimage"},"thumbnailUrl":"http:\/\/www.norn.is\/birta\/wp-content\/uploads\/sites\/4\/1985\/04\/green-692444_960_720.jpg","articleSection":["Allt efni","S\u00f6gur"],"inLanguage":"is"},{"@type":"WebPage","@id":"https:\/\/www.norn.is\/birta\/elskan-litla-thykjustusaga-um-alvoruleiki\/","url":"https:\/\/www.norn.is\/birta\/elskan-litla-thykjustusaga-um-alvoruleiki\/","name":"Elskan litla (\u00feykjustusaga um alv\u00f6ruleiki) - Birta","isPartOf":{"@id":"https:\/\/www.norn.is\/birta\/#website"},"primaryImageOfPage":{"@id":"https:\/\/www.norn.is\/birta\/elskan-litla-thykjustusaga-um-alvoruleiki\/#primaryimage"},"image":{"@id":"https:\/\/www.norn.is\/birta\/elskan-litla-thykjustusaga-um-alvoruleiki\/#primaryimage"},"thumbnailUrl":"http:\/\/www.norn.is\/birta\/wp-content\/uploads\/sites\/4\/1985\/04\/green-692444_960_720.jpg","datePublished":"1985-04-19T11:37:54+00:00","dateModified":"2017-08-28T14:47:04+00:00","author":{"@id":"https:\/\/www.norn.is\/birta\/#\/schema\/person\/2eb0fcae9e1ecc61987f7ed9c878531c"},"breadcrumb":{"@id":"https:\/\/www.norn.is\/birta\/elskan-litla-thykjustusaga-um-alvoruleiki\/#breadcrumb"},"inLanguage":"is","potentialAction":[{"@type":"ReadAction","target":["https:\/\/www.norn.is\/birta\/elskan-litla-thykjustusaga-um-alvoruleiki\/"]}]},{"@type":"ImageObject","inLanguage":"is","@id":"https:\/\/www.norn.is\/birta\/elskan-litla-thykjustusaga-um-alvoruleiki\/#primaryimage","url":"http:\/\/www.norn.is\/birta\/wp-content\/uploads\/sites\/4\/1985\/04\/green-692444_960_720.jpg","contentUrl":"http:\/\/www.norn.is\/birta\/wp-content\/uploads\/sites\/4\/1985\/04\/green-692444_960_720.jpg"},{"@type":"BreadcrumbList","@id":"https:\/\/www.norn.is\/birta\/elskan-litla-thykjustusaga-um-alvoruleiki\/#breadcrumb","itemListElement":[{"@type":"ListItem","position":1,"name":"Home","item":"https:\/\/www.norn.is\/birta\/"},{"@type":"ListItem","position":2,"name":"Elskan litla (\u00feykjustusaga um alv\u00f6ruleiki)"}]},{"@type":"WebSite","@id":"https:\/\/www.norn.is\/birta\/#website","url":"https:\/\/www.norn.is\/birta\/","name":"Birta","description":"Evukv\u00e6\u00f0i","potentialAction":[{"@type":"SearchAction","target":{"@type":"EntryPoint","urlTemplate":"https:\/\/www.norn.is\/birta\/?s={search_term_string}"},"query-input":{"@type":"PropertyValueSpecification","valueRequired":true,"valueName":"search_term_string"}}],"inLanguage":"is"},{"@type":"Person","@id":"https:\/\/www.norn.is\/birta\/#\/schema\/person\/2eb0fcae9e1ecc61987f7ed9c878531c","name":"Eva Hauksd\u00f3ttir","image":{"@type":"ImageObject","inLanguage":"is","@id":"https:\/\/secure.gravatar.com\/avatar\/8f1d4f3f379bbe5cdcc53fac0b01db372008abff552bfdb18e597a370bfe1d4b?s=96&r=g","url":"https:\/\/secure.gravatar.com\/avatar\/8f1d4f3f379bbe5cdcc53fac0b01db372008abff552bfdb18e597a370bfe1d4b?s=96&r=g","contentUrl":"https:\/\/secure.gravatar.com\/avatar\/8f1d4f3f379bbe5cdcc53fac0b01db372008abff552bfdb18e597a370bfe1d4b?s=96&r=g","caption":"Eva Hauksd\u00f3ttir"},"sameAs":["http:\/\/www.norn.is"],"url":"https:\/\/www.norn.is\/birta\/author\/eva\/"}]}},"_links":{"self":[{"href":"https:\/\/www.norn.is\/birta\/wp-json\/wp\/v2\/posts\/1271","targetHints":{"allow":["GET"]}}],"collection":[{"href":"https:\/\/www.norn.is\/birta\/wp-json\/wp\/v2\/posts"}],"about":[{"href":"https:\/\/www.norn.is\/birta\/wp-json\/wp\/v2\/types\/post"}],"author":[{"embeddable":true,"href":"https:\/\/www.norn.is\/birta\/wp-json\/wp\/v2\/users\/2"}],"replies":[{"embeddable":true,"href":"https:\/\/www.norn.is\/birta\/wp-json\/wp\/v2\/comments?post=1271"}],"version-history":[{"count":6,"href":"https:\/\/www.norn.is\/birta\/wp-json\/wp\/v2\/posts\/1271\/revisions"}],"predecessor-version":[{"id":1449,"href":"https:\/\/www.norn.is\/birta\/wp-json\/wp\/v2\/posts\/1271\/revisions\/1449"}],"wp:attachment":[{"href":"https:\/\/www.norn.is\/birta\/wp-json\/wp\/v2\/media?parent=1271"}],"wp:term":[{"taxonomy":"category","embeddable":true,"href":"https:\/\/www.norn.is\/birta\/wp-json\/wp\/v2\/categories?post=1271"},{"taxonomy":"post_tag","embeddable":true,"href":"https:\/\/www.norn.is\/birta\/wp-json\/wp\/v2\/tags?post=1271"}],"curies":[{"name":"wp","href":"https:\/\/api.w.org\/{rel}","templated":true}]}}